{"id":3653,"date":"2025-06-25T10:03:37","date_gmt":"2025-06-25T08:03:37","guid":{"rendered":"https:\/\/www.todobudapest.com\/budapesti-keruletei-kozelebbrol-iv-kerulet-ujpest-ipari-multja-es-urbanus-jovoje\/"},"modified":"2025-06-25T10:13:54","modified_gmt":"2025-06-25T08:13:54","slug":"budapesti-keruletei-kozelebbrol-iv-kerulet-ujpest-ipari-multja-es-urbanus-jovoje","status":"publish","type":"post","link":"https:\/\/www.todobudapest.com\/hu\/budapesti-keruletei-kozelebbrol-iv-kerulet-ujpest-ipari-multja-es-urbanus-jovoje\/","title":{"rendered":"Budapesti ker\u00fcletei k\u00f6zelebbr\u0151l: IV. Ker\u00fclet \u2013 \u00dajpest ipari m\u00faltja \u00e9s urb\u00e1nus j\u00f6v\u0151je"},"content":{"rendered":"<p>A IV. ker\u00fclet, m\u00e1s n\u00e9ven \u00dajpest, Budapest egyik leg\u00e9rdekesebb \u00e9s legv\u00e1ltozatosabb v\u00e1rosr\u00e9sze, ahol az ipari m\u00falt \u00e9s az urb\u00e1nus j\u00f6v\u0151 izgalmasan keveredik. Az \u00e9szaki v\u00e1rosr\u00e9sz, amely hossz\u00fa ideig a munk\u00e1snegyedek k\u00f6zpontja volt, ma m\u00e1r \u00faj ir\u00e1nyt vesz: az ipari \u00f6r\u00f6ks\u00e9g mellett egyre ink\u00e1bb a modern \u00e9letform\u00e1k, innov\u00e1ci\u00f3k \u00e9s a kultur\u00e1lis dinamizmus jellemzik. Ebben a bejegyz\u00e9sben \u00dajpest t\u00f6rt\u00e9nelmi gy\u00f6kereit\u0151l kezdve a modern \u00e1talakul\u00e1sig mutatjuk be a ker\u00fcletet, valamint a j\u00f6v\u0151ben r\u00e1nk v\u00e1r\u00f3 lehet\u0151s\u00e9geket.<\/p>\n<p><img decoding=\"async\" class=\"size-large wp-image-3638 aligncenter\" src=\"https:\/\/www.todobudapest.com\/wp-content\/uploads\/2025\/06\/szallas.hu_-1024x682.jpg\" alt=\"\" width=\"1024\" height=\"682\" srcset=\"https:\/\/www.todobudapest.com\/wp-content\/uploads\/2025\/06\/szallas.hu_-1024x682.jpg 1024w, https:\/\/www.todobudapest.com\/wp-content\/uploads\/2025\/06\/szallas.hu_-300x200.jpg 300w, https:\/\/www.todobudapest.com\/wp-content\/uploads\/2025\/06\/szallas.hu_-768x512.jpg 768w, https:\/\/www.todobudapest.com\/wp-content\/uploads\/2025\/06\/szallas.hu_-1536x1023.jpg 1536w, https:\/\/www.todobudapest.com\/wp-content\/uploads\/2025\/06\/szallas.hu_-600x400.jpg 600w, https:\/\/www.todobudapest.com\/wp-content\/uploads\/2025\/06\/szallas.hu_.jpg 2048w\" sizes=\"(max-width: 1024px) 100vw, 1024px\" \/><\/p>\n<p style=\"text-align: center;\">Fot\u00f3 \u2013 szallas.hu<\/p>\n<h3>\u00dajpest ipari \u00f6r\u00f6ks\u00e9ge<\/h3>\n<p>A V\u00e1ci \u00fat ma modern irodah\u00e1zair\u00f3l ismert, de m\u00e1r a r\u00f3mai korban is fontos kereskedelmi \u00fatvonal volt. A Megyeri cs\u00e1rda k\u00f6zel\u00e9ben egykori \u0151rtorony \u00e1llt, \u00e9s a honfoglal\u00e1s ut\u00e1n a Megyer t\u00f6rzs telepedett meg itt. A Megyeri r\u00e9v kulcsfontoss\u00e1g\u00fa \u00e1tkel\u0151hely volt, m\u00edg K\u00e1poszt\u00e1smegyer nev\u00e9t m\u00e1r a 15. sz\u00e1zadban is eml\u00edtik, utalva az itt tal\u00e1lhat\u00f3 k\u00e1posztaf\u00f6ldekre.<\/p>\n<p>\u00dajpest alap\u00edt\u00f3level\u00e9t 1840-ben K\u00e1rolyi Istv\u00e1n adta ki, aki el\u0151seg\u00edtette az iparosod\u00e1st \u00e9s a vall\u00e1si t\u00fcrelmet. A 19. sz\u00e1zad v\u00e9g\u00e9re a V\u00e1ci \u00fat ment\u00e9n gy\u00e1rak sora \u00e9p\u00fclt, meghat\u00e1rozva a ker\u00fclet arculat\u00e1t. A fa-, b\u0151r- \u00e9s b\u00fatoripar vir\u00e1gzott, olyan neves csal\u00e1dok ir\u00e1ny\u00edt\u00e1s\u00e1val, mint a Neuschloss \u00e9s a L\u00f6wy. A n\u00e9pszigeti t\u00e9li kik\u00f6t\u0151 a haj\u00f3gy\u00e1rt\u00e1s k\u00f6zpontj\u00e1v\u00e1 v\u00e1lt.<\/p>\n<p>\u00dajpest t\u00f6rt\u00e9nete szorosan \u00f6sszefon\u00f3dik Magyarorsz\u00e1g ipari forradalm\u00e1val. A 19. sz\u00e1zad v\u00e9g\u00e9n a ter\u00fclet a gy\u00e1rak, malmok \u00e9s m\u0171helyek k\u00f6zpontj\u00e1v\u00e1 v\u00e1lt, \u00e9s rohamosan fejl\u0151d\u00f6tt. A Duna k\u00f6zels\u00e9ge lehet\u0151v\u00e9 tette az \u00e1ruk \u00e9s nyersanyagok gyors sz\u00e1ll\u00edt\u00e1s\u00e1t, \u00edgy az ipari \u00fczemek a ker\u00fclet gazdas\u00e1gi \u00e9let\u00e9nek alapj\u00e1v\u00e1 v\u00e1ltak.<\/p>\n<p><img decoding=\"async\" class=\"size-large wp-image-3632 aligncenter\" src=\"https:\/\/www.todobudapest.com\/wp-content\/uploads\/2025\/06\/fortepan-1024x637.jpg\" alt=\"\" width=\"1024\" height=\"637\" srcset=\"https:\/\/www.todobudapest.com\/wp-content\/uploads\/2025\/06\/fortepan-1024x637.jpg 1024w, https:\/\/www.todobudapest.com\/wp-content\/uploads\/2025\/06\/fortepan-300x187.jpg 300w, https:\/\/www.todobudapest.com\/wp-content\/uploads\/2025\/06\/fortepan-768x478.jpg 768w, https:\/\/www.todobudapest.com\/wp-content\/uploads\/2025\/06\/fortepan-1536x956.jpg 1536w, https:\/\/www.todobudapest.com\/wp-content\/uploads\/2025\/06\/fortepan-600x374.jpg 600w, https:\/\/www.todobudapest.com\/wp-content\/uploads\/2025\/06\/fortepan.jpg 1600w\" sizes=\"(max-width: 1024px) 100vw, 1024px\" \/><\/p>\n<p style=\"text-align: center;\">Forr\u00e1s &#8211; fortepan<\/p>\n<p>A legfontosabb ipari \u00f6r\u00f6ks\u00e9g, amely \u00dajpest t\u00f6rt\u00e9net\u00e9ben kulcsszerepet j\u00e1tszott, az \u00dajpesti Vasgy\u00e1r volt, amely az egyik legnagyobb \u00e9s legjelent\u0151sebb ironworks-nek sz\u00e1m\u00edtott az osztr\u00e1k-magyar monarchia idej\u00e9n. A gy\u00e1r nemcsak a munk\u00e1sok ezreit vonzotta a v\u00e1rosba, hanem hozz\u00e1j\u00e1rult ahhoz is, hogy a ker\u00fcletet szorosabban \u00f6sszekapcsolj\u00e1k a dolgoz\u00f3 oszt\u00e1lyok hagyom\u00e1ny\u00e1val. Ma az egykori ipari ter\u00fcletek egy r\u00e9sze m\u00e1r megsz\u0171nt, vagy \u00e1tform\u00e1l\u00f3dott, de az ipari m\u00falt \u00e9p\u00edt\u00e9szeti nyomai m\u00e9g mindig ott vannak a k\u00f6rny\u00e9ken.<\/p>\n<p>A 70-es \u00e9vek hozt\u00e1k el \u00dajpest f\u00e9nykor\u00e1t, amikor modern panelh\u00e1zak \u00e9p\u00fcltek teljes infrastrukt\u00far\u00e1val: iskol\u00e1kkal, mozikal, sportl\u00e9tes\u00edtm\u00e9nyekkel. Az \u00e9letforma egys\u00e9ges volt: mindenki hasonl\u00f3 lak\u00e1sban \u00e9lt, azonos aut\u00f3t vezetett, \u00e9s sokan ugyanott dolgoztak, ahol a sz\u00fcleik. Azonban a rendszerv\u00e1lt\u00e1s ut\u00e1n a privatiz\u00e1ci\u00f3 az egykor vir\u00e1gz\u00f3 ipar hanyatl\u00e1s\u00e1t hozta mag\u00e1val.<\/p>\n<p><img decoding=\"async\" class=\"size-large wp-image-3642 aligncenter\" src=\"https:\/\/www.todobudapest.com\/wp-content\/uploads\/2025\/06\/ujpest-media-1024x683.jpg\" alt=\"\" width=\"1024\" height=\"683\" srcset=\"https:\/\/www.todobudapest.com\/wp-content\/uploads\/2025\/06\/ujpest-media-1024x683.jpg 1024w, https:\/\/www.todobudapest.com\/wp-content\/uploads\/2025\/06\/ujpest-media-300x200.jpg 300w, https:\/\/www.todobudapest.com\/wp-content\/uploads\/2025\/06\/ujpest-media-768x512.jpg 768w, https:\/\/www.todobudapest.com\/wp-content\/uploads\/2025\/06\/ujpest-media-1536x1024.jpg 1536w, https:\/\/www.todobudapest.com\/wp-content\/uploads\/2025\/06\/ujpest-media-600x400.jpg 600w, https:\/\/www.todobudapest.com\/wp-content\/uploads\/2025\/06\/ujpest-media.jpg 2048w\" sizes=\"(max-width: 1024px) 100vw, 1024px\" \/><\/p>\n<p style=\"text-align: center;\">Forr\u00e1s \u2013 \u00dajpest M\u00e9dia<\/p>\n<p>A ker\u00fcletben j\u00e1rva ma is l\u00e1thatjuk az egykori gy\u00e1rak, rakt\u00e1rak \u00e9s ipari \u00e9p\u00fcletek maradv\u00e1nyait, amelyek most m\u00e1r kultur\u00e1lis k\u00f6zpontokk\u00e9nt, irodah\u00e1zakk\u00e9nt, vagy lak\u00f3\u00e9p\u00fcletekk\u00e9nt funkcion\u00e1lnak. Az ipari m\u00falt teh\u00e1t nemcsak a t\u00f6rt\u00e9nelem r\u00e9sze, hanem a ker\u00fclet jelen\u00e9ben is fontos szerepet j\u00e1tszik, hiszen az egyes \u00e9p\u00fcletek meg\u0151rz\u00e9s\u00e9vel \u00e9s funkci\u00f3v\u00e1lt\u00e1sukkal a r\u00e9gi \u00dajpest identit\u00e1s\u00e1t is tiszteletben tartj\u00e1k.<\/p>\n<h3>\u00dajpest \u00e1talakul\u00e1sa: A j\u00f6v\u0151 fel\u00e9<\/h3>\n<p>Ahogy Budapest eg\u00e9sz\u00e9ben, \u00fagy \u00dajpesten is egyre ink\u00e1bb az urb\u00e1nus meg\u00fajul\u00e1s \u00e9s a moderniz\u00e1ci\u00f3 a f\u0151 ir\u00e1nyvonal. A ker\u00fclet az ut\u00f3bbi \u00e9vekben hatalmas v\u00e1ltoz\u00e1sokon ment kereszt\u00fcl, \u00e9s sz\u00e1mos \u00faj lak\u00f3negyed, irodah\u00e1z, valamint kultur\u00e1lis k\u00f6zpont jelent meg itt.<\/p>\n<p><img decoding=\"async\" class=\"size-full wp-image-3636 aligncenter\" src=\"https:\/\/www.todobudapest.com\/wp-content\/uploads\/2025\/06\/optikafoto.jpg\" alt=\"\" width=\"810\" height=\"540\" srcset=\"https:\/\/www.todobudapest.com\/wp-content\/uploads\/2025\/06\/optikafoto.jpg 810w, https:\/\/www.todobudapest.com\/wp-content\/uploads\/2025\/06\/optikafoto-300x200.jpg 300w, https:\/\/www.todobudapest.com\/wp-content\/uploads\/2025\/06\/optikafoto-768x512.jpg 768w, https:\/\/www.todobudapest.com\/wp-content\/uploads\/2025\/06\/optikafoto-600x400.jpg 600w\" sizes=\"(max-width: 810px) 100vw, 810px\" \/><\/p>\n<p style=\"text-align: center;\">Forr\u00e1s &#8211; optikafot\u00f3<\/p>\n<p>A meg\u00fajult k\u00f6zleked\u00e9si infrastrukt\u00fara, k\u00fcl\u00f6n\u00f6sen a M3 metr\u00f3vonal meghosszabb\u00edt\u00e1sa, egyre k\u00f6nnyebb\u00e9 \u00e9s gyorsabb\u00e1 teszi \u00dajpest el\u00e9rhet\u0151s\u00e9g\u00e9t, \u00edgy nemcsak a ker\u00fclet lak\u00f3i, hanem a k\u00f6rnyez\u0151 v\u00e1rosr\u00e9szekb\u0151l \u00e9rkez\u0151 emberek sz\u00e1m\u00e1ra is vonz\u00f3 helysz\u00ednt k\u00edn\u00e1l.<\/p>\n<p>A ker\u00fclet bels\u0151 \u00e1talakul\u00e1sa az \u00faj \u00e9p\u00edtkez\u00e9sek \u00e9s a modern lak\u00f3parkok fejl\u0151d\u00e9s\u00e9vel egy\u00e9rtelm\u0171en a fiatalok, a fiatal csal\u00e1dok \u00e9s a dolgoz\u00f3 emberek k\u00f6r\u00e9ben keresett\u00e9 tette \u00dajpestet. A sokak \u00e1ltal keresett z\u00f6ldter\u00fcletek \u00e9s a Duna k\u00f6zels\u00e9ge egyed\u00fcl\u00e1ll\u00f3 egyens\u00falyt biztos\u00edtanak a v\u00e1rosi \u00e9let \u00e9s a term\u00e9szet k\u00f6zels\u00e9ge k\u00f6z\u00f6tt.<\/p>\n<h3>L\u00e1tnival\u00f3k \u00dajpesten<\/h3>\n<p>B\u00e1r \u00dajpest nem tartozik Budapest legismertebb turisztikai c\u00e9lpontjai k\u00f6z\u00e9, a 4. ker\u00fcletben barangolva m\u00e9gis sz\u00e1mos k\u00fcl\u00f6nleges helysz\u00ednt fedezhet\u00fcnk fel, ahol a t\u00f6rt\u00e9nelem \u00e9s a moderniz\u00e1ci\u00f3 harmonikusan tal\u00e1lkozik.<br \/>\nA ker\u00fclet sz\u00edve, az \u00dajpesti F\u0151t\u00e9r, az ut\u00f3bbi \u00e9vekben teljesen meg\u00fajult: rendezett z\u00f6ldfel\u00fcletek, k\u00e1v\u00e9z\u00f3k \u00e9s k\u00f6zt\u00e9ri m\u0171alkot\u00e1sok teszik bar\u00e1ts\u00e1goss\u00e1 a hangulatot. Itt magasodik az 1900-ban \u00e9p\u00fclt V\u00e1rosh\u00e1za, amely eklektikus-szecesszi\u00f3s st\u00edlus\u00e1val igaz\u00e1n figyelemfelkelt\u0151 l\u00e1tv\u00e1ny \u2013 k\u00fcl\u00f6n \u00e9rdekess\u00e9g, hogy egykor m\u00e9g b\u00f6rt\u00f6n is m\u0171k\u00f6d\u00f6tt az \u00e9p\u00fclet alagsor\u00e1ban.<\/p>\n<p><img decoding=\"async\" class=\"size-large wp-image-3648 aligncenter\" src=\"https:\/\/www.todobudapest.com\/wp-content\/uploads\/2025\/06\/ujpestmedia-1024x512.jpg\" alt=\"\" width=\"1024\" height=\"512\" srcset=\"https:\/\/www.todobudapest.com\/wp-content\/uploads\/2025\/06\/ujpestmedia-1024x512.jpg 1024w, https:\/\/www.todobudapest.com\/wp-content\/uploads\/2025\/06\/ujpestmedia-300x150.jpg 300w, https:\/\/www.todobudapest.com\/wp-content\/uploads\/2025\/06\/ujpestmedia-768x384.jpg 768w, https:\/\/www.todobudapest.com\/wp-content\/uploads\/2025\/06\/ujpestmedia-600x300.jpg 600w, https:\/\/www.todobudapest.com\/wp-content\/uploads\/2025\/06\/ujpestmedia.jpg 1200w\" sizes=\"(max-width: 1024px) 100vw, 1024px\" \/><\/p>\n<p style=\"text-align: center;\">Forr\u00e1s \u2013 \u00dajpest M\u00e9dia<\/p>\n<p>A V\u00e1rosh\u00e1za m\u00f6g\u00f6tt tal\u00e1lhat\u00f3 a Szent Istv\u00e1n t\u00e9r, k\u00f6zep\u00e9n az Egek Kir\u00e1lyn\u00e9ja F\u0151pl\u00e9b\u00e1nia templommal, amely meghat\u00e1roz\u00f3 \u00e9p\u00edt\u00e9szeti \u00e9s spiritu\u00e1lis pontja \u00dajpestnek.<\/p>\n<p><img decoding=\"async\" class=\"size-large wp-image-3634 aligncenter\" src=\"https:\/\/www.todobudapest.com\/wp-content\/uploads\/2025\/06\/index-1024x382.jpg\" alt=\"\" width=\"1024\" height=\"382\" srcset=\"https:\/\/www.todobudapest.com\/wp-content\/uploads\/2025\/06\/index-1024x382.jpg 1024w, https:\/\/www.todobudapest.com\/wp-content\/uploads\/2025\/06\/index-300x112.jpg 300w, https:\/\/www.todobudapest.com\/wp-content\/uploads\/2025\/06\/index-768x286.jpg 768w, https:\/\/www.todobudapest.com\/wp-content\/uploads\/2025\/06\/index-600x224.jpg 600w, https:\/\/www.todobudapest.com\/wp-content\/uploads\/2025\/06\/index.jpg 1108w\" sizes=\"(max-width: 1024px) 100vw, 1024px\" \/><\/p>\n<p style=\"text-align: center;\">Forr\u00e1s &#8211; index<\/p>\n<p>A ker\u00fclet egyik legismertebb jelk\u00e9pe az \u00dajpesti v\u00edztorony, amely ma m\u00e1r ipari m\u0171eml\u00e9kk\u00e9nt \u00e9s nosztalgikus l\u00e1tv\u00e1nyoss\u00e1gk\u00e9nt is fontos szerepet t\u00f6lt be. Ha m\u00e1r a vall\u00e1si \u00e9p\u00fcletekn\u00e9l j\u00e1runk, ne hagyjuk ki az \u00dajpesti Zsinag\u00f3g\u00e1t sem, amely visszafogott, de m\u00e9lt\u00f3s\u00e1gteljes kialak\u00edt\u00e1s\u00e1val k\u00fcl\u00f6nleges sz\u00ednfoltja a ker\u00fcletnek.<\/p>\n<p><img decoding=\"async\" class=\"size-large wp-image-3640\" src=\"https:\/\/www.todobudapest.com\/wp-content\/uploads\/2025\/06\/ujpest-hirek-1024x683.jpg\" alt=\"\" width=\"1024\" height=\"683\" srcset=\"https:\/\/www.todobudapest.com\/wp-content\/uploads\/2025\/06\/ujpest-hirek-1024x683.jpg 1024w, https:\/\/www.todobudapest.com\/wp-content\/uploads\/2025\/06\/ujpest-hirek-300x200.jpg 300w, https:\/\/www.todobudapest.com\/wp-content\/uploads\/2025\/06\/ujpest-hirek-768x512.jpg 768w, https:\/\/www.todobudapest.com\/wp-content\/uploads\/2025\/06\/ujpest-hirek-1536x1024.jpg 1536w, https:\/\/www.todobudapest.com\/wp-content\/uploads\/2025\/06\/ujpest-hirek-2048x1365.jpg 2048w, https:\/\/www.todobudapest.com\/wp-content\/uploads\/2025\/06\/ujpest-hirek-600x400.jpg 600w\" sizes=\"(max-width: 1024px) 100vw, 1024px\" \/><\/p>\n<p style=\"text-align: center;\">Forr\u00e1s \u2013 \u00dajpest H\u00edrek<\/p>\n<p>Aki pedig hosszabb s\u00e9t\u00e1ra vagy biciklit\u00far\u00e1ra v\u00e1gyik, \u00e9rdemes felkeresnie a Megyeri hidat is. Ez a modern m\u00e9rn\u00f6ki csoda nemcsak \u00dajpest \u00e9s Buda k\u00f6z\u00f6tt teremt kapcsolatot, de kivil\u00e1g\u00edtott esti f\u00e9nyeiben remek fot\u00f3t\u00e9ma is \u2013 nem mellesleg, egy 2006-os internetes szavaz\u00e1s sor\u00e1n kis h\u00edj\u00e1n Stephen Colbert-h\u00edd lett a neve.<\/p>\n<h3>Kultur\u00e1lis \u00e9bred\u00e9s<\/h3>\n<p>\u00dajpest, amely egykor a munk\u00e1snegyedek k\u00f6zpontja volt, ma egyre ink\u00e1bb a kult\u00fara \u00e9s a m\u0171v\u00e9szetek fellegv\u00e1ra. A ter\u00fclet lassan, de biztosan egyre t\u00f6bb kreat\u00edv k\u00f6zpontot, gal\u00e9ri\u00e1t \u00e9s m\u0171v\u00e9szeti rendezv\u00e9nyt vonz, amelyek sz\u00ednes\u00edtik a ker\u00fclet napi \u00e9let\u00e9t.<\/p>\n<p>Az egyik legismertebb kultur\u00e1lis k\u00f6zpont a \u00dajpesti M\u0171vel\u0151d\u00e9si H\u00e1z, ahol sz\u00ednh\u00e1zi el\u0151ad\u00e1sok, koncertek \u00e9s ki\u00e1ll\u00edt\u00e1sok v\u00e1rj\u00e1k a l\u00e1togat\u00f3kat. A m\u0171v\u00e9szetek ir\u00e1nti ig\u00e9nyek egyre nagyobb teret h\u00f3d\u00edtanak, \u00e9s az egyre b\u0151v\u00fcl\u0151 rendezv\u00e9nyk\u00edn\u00e1latnak k\u00f6sz\u00f6nhet\u0151en \u00dajpest egy olyan hely, ahol a kult\u00fara \u00e9lvezete \u00e9s a k\u00f6z\u00f6ss\u00e9gi esem\u00e9nyek egyre ink\u00e1bb a k\u00f6z\u00e9ppontba ker\u00fclnek. Ezen k\u00edv\u00fcl az \u00dajpesti Gal\u00e9ria is helyet ad a kort\u00e1rs m\u0171v\u00e9szeteknek, ahol a helyi \u00e9s nemzetk\u00f6zi m\u0171v\u00e9szek is bemutatkozhatnak.<\/p>\n<p>A kultur\u00e1lis esem\u00e9nyek k\u00f6z\u00fcl eml\u00edt\u00e9st \u00e9rdemel az \u00dajpesti B\u00facs\u00fa, mely egy hagyom\u00e1nyos fesztiv\u00e1l, ahol a helyi kult\u00fara, a zene \u00e9s a k\u00f6z\u00f6ss\u00e9g ereje mind egyszerre jelen van. Az ilyen rendezv\u00e9nyek szorosabb kapcsolatot teremtenek a ker\u00fclet lak\u00f3i \u00e9s a l\u00e1togat\u00f3k k\u00f6z\u00f6tt, \u00e9s hozz\u00e1j\u00e1rulnak ahhoz, hogy \u00dajpest sz\u00ednesebb \u00e9s soksz\u00edn\u0171bb v\u00e1rosr\u00e9ssz\u00e9 v\u00e1ljon.<\/p>\n<h3>Z\u00f6ld terek \u00e9s a Duna: A term\u00e9szet az urb\u00e1nus k\u00f6rnyezetben<\/h3>\n<p>B\u00e1r \u00dajpest ipari \u00f6r\u00f6ks\u00e9ge meghat\u00e1roz\u00f3, a ker\u00fcletben sz\u00e1mos z\u00f6ldter\u00fclet is tal\u00e1lhat\u00f3, amelyek lehet\u0151s\u00e9get adnak a pihen\u00e9sre \u00e9s a kikapcsol\u00f3d\u00e1sra. A K\u00e1poszt\u00e1smegyeri Park p\u00e9ld\u00e1ul egy nagy kiterjed\u00e9s\u0171 z\u00f6ld o\u00e1zis, ahol csal\u00e1dok, sportol\u00f3k \u00e9s term\u00e9szetkedvel\u0151k egyar\u00e1nt megtal\u00e1lj\u00e1k sz\u00e1m\u00edt\u00e1saikat. Az \u00dajpesthez k\u00f6zeli Duna-parti s\u00e9t\u00e1nyok pedig lehet\u0151s\u00e9get adnak arra, hogy a Duna hull\u00e1mait figyelve s\u00e9t\u00e1lgassunk, pihenj\u00fcnk, vagy ak\u00e1r biciklizz\u00fcnk.<\/p>\n<p><img decoding=\"async\" class=\"size-large wp-image-3644 aligncenter\" src=\"https:\/\/www.todobudapest.com\/wp-content\/uploads\/2025\/06\/ujpest-media2-1024x512.jpg\" alt=\"\" width=\"1024\" height=\"512\" srcset=\"https:\/\/www.todobudapest.com\/wp-content\/uploads\/2025\/06\/ujpest-media2-1024x512.jpg 1024w, https:\/\/www.todobudapest.com\/wp-content\/uploads\/2025\/06\/ujpest-media2-300x150.jpg 300w, https:\/\/www.todobudapest.com\/wp-content\/uploads\/2025\/06\/ujpest-media2-768x384.jpg 768w, https:\/\/www.todobudapest.com\/wp-content\/uploads\/2025\/06\/ujpest-media2-600x300.jpg 600w, https:\/\/www.todobudapest.com\/wp-content\/uploads\/2025\/06\/ujpest-media2.jpg 1200w\" sizes=\"(max-width: 1024px) 100vw, 1024px\" \/><\/p>\n<p style=\"text-align: center;\">Forr\u00e1s \u2013 \u00dajpest M\u00e9dia<\/p>\n<p>\u00dajpest \u00e9s a Duna k\u00f6zels\u00e9ge teh\u00e1t nemcsak egyed\u00fcl\u00e1ll\u00f3 l\u00e1tv\u00e1nyt k\u00edn\u00e1l, hanem seg\u00edt egyens\u00falyt teremteni a v\u00e1rosi \u00e9let zaj\u00e1val szemben, lehet\u0151s\u00e9get adva a lak\u00f3knak a kikapcsol\u00f3d\u00e1sra. A z\u00f6ld terek \u00e9s a v\u00e1rosi fejleszt\u00e9sek \u00f6sszhangja egy k\u00fcl\u00f6nleges atmoszf\u00e9r\u00e1t teremt a ker\u00fcletben, amely mind a helyiek, mind a l\u00e1togat\u00f3k sz\u00e1m\u00e1ra vonz\u00f3.<\/p>\n<h3>Modern \u00e9p\u00edt\u00e9szet \u00e9s v\u00e1rosk\u00e9p<\/h3>\n<p>\u00dajpestet nemcsak az ipari m\u00faltja, hanem a modern \u00e9p\u00edtkez\u00e9sek is form\u00e1lj\u00e1k. Az \u00faj lak\u00f3negyedek, irodah\u00e1zak \u00e9s k\u00f6zint\u00e9zm\u00e9nyek a ker\u00fcletet egyre ink\u00e1bb Budapest egyik modern, fiatalos v\u00e1rosr\u00e9sz\u00e9v\u00e9 var\u00e1zsolj\u00e1k. A \u00dajpest Center egyike azoknak a fejleszt\u00e9seknek, amelyek ezt az \u00faj ir\u00e1nyvonalat k\u00e9pviselik: a kevered\u0151 funkci\u00f3k \u2013 lak\u00e1sok, irod\u00e1k \u00e9s \u00fczletek \u2013 \u00faj v\u00e1rosk\u00e9pet alkotnak, \u00e9s megmutatj\u00e1k, hogy a ker\u00fclet nemcsak a m\u00falt, hanem a j\u00f6v\u0151 v\u00e1rosr\u00e9sze is.<\/p>\n<p><img decoding=\"async\" class=\"size-full wp-image-3630 aligncenter\" src=\"https:\/\/www.todobudapest.com\/wp-content\/uploads\/2025\/06\/eumies-awards.jpeg\" alt=\"\" width=\"1000\" height=\"707\" srcset=\"https:\/\/www.todobudapest.com\/wp-content\/uploads\/2025\/06\/eumies-awards.jpeg 1000w, https:\/\/www.todobudapest.com\/wp-content\/uploads\/2025\/06\/eumies-awards-300x212.jpeg 300w, https:\/\/www.todobudapest.com\/wp-content\/uploads\/2025\/06\/eumies-awards-768x543.jpeg 768w, https:\/\/www.todobudapest.com\/wp-content\/uploads\/2025\/06\/eumies-awards-600x424.jpeg 600w\" sizes=\"(max-width: 1000px) 100vw, 1000px\" \/><\/p>\n<p style=\"text-align: center;\">Forr\u00e1s \u2013 Eumies Awards<\/p>\n<p>A r\u00e9gi ipari \u00e9p\u00fcletek \u00e9s a modern lak\u00f3parkok harmonikus egy\u00fctt\u00e9l\u00e9se val\u00f3ban egyediv\u00e9 teszi \u00dajpest v\u00e1rosk\u00e9p\u00e9t. Az \u00faj \u00e9s r\u00e9gi \u00e9p\u00fcletek k\u00f6z\u00f6tti k\u00fcl\u00f6nbs\u00e9gek kiemelik a ker\u00fclet k\u00fcl\u00f6nleges karakter\u00e9t \u00e9s lehet\u0151s\u00e9get adnak arra, hogy a m\u00falt \u00e9s a j\u00f6v\u0151 egyszerre jelen legyen a v\u00e1ros \u00e9let\u00e9ben.<\/p>\n<h3>\u00dajpest j\u00f6v\u0151je: Dinamikusan fejl\u0151d\u0151 v\u00e1rosr\u00e9sz<\/h3>\n<p>\u00dajpest az elk\u00f6vetkez\u0151 \u00e9vekben tov\u00e1bbra is kulcsfontoss\u00e1g\u00fa szerepet fog j\u00e1tszani Budapest v\u00e1rosfejl\u0151d\u00e9s\u00e9ben. Az ipari \u00f6r\u00f6ks\u00e9g tiszteletben tart\u00e1sa mellett a ker\u00fclet szinte minden aspektus\u00e1t moderniz\u00e1lj\u00e1k: lak\u00e1sok, kereskedelmi fejleszt\u00e9sek \u00e9s kultur\u00e1lis k\u00f6zpontok egyar\u00e1nt meg\u00fajulnak.<\/p>\n<p>A metr\u00f3vonal meghosszabb\u00edt\u00e1sa, az \u00faj lak\u00f3parkok \u00e9p\u00edt\u00e9se \u00e9s a z\u00f6ldter\u00fcletek b\u0151v\u00edt\u00e9se mind azt mutatja, hogy \u00dajpest val\u00f3ban egy modern, vonz\u00f3 v\u00e1rosr\u00e9ssz\u00e9 v\u00e1lik. A j\u00f6v\u0151 \u00dajpestj\u00e9ben a t\u00f6rt\u00e9nelmi \u00e9p\u00fcletek \u00e9s a kort\u00e1rs \u00e9letform\u00e1k t\u00f6k\u00e9letes harm\u00f3ni\u00e1ban m\u0171k\u00f6dnek, \u00e9s egy olyan k\u00f6z\u00f6ss\u00e9get form\u00e1lnak, amely a munk\u00e1snegyedekb\u0151l egy dinamikusan fejl\u0151d\u0151, \u00e9lettel teli v\u00e1rosr\u00e9ssz\u00e9 alakul.<\/p>\n<p><img decoding=\"async\" class=\"size-large wp-image-3646\" src=\"https:\/\/www.todobudapest.com\/wp-content\/uploads\/2025\/06\/ujpest-media3-1024x576.jpg\" alt=\"\" width=\"1024\" height=\"576\" srcset=\"https:\/\/www.todobudapest.com\/wp-content\/uploads\/2025\/06\/ujpest-media3-1024x576.jpg 1024w, https:\/\/www.todobudapest.com\/wp-content\/uploads\/2025\/06\/ujpest-media3-300x169.jpg 300w, https:\/\/www.todobudapest.com\/wp-content\/uploads\/2025\/06\/ujpest-media3-768x432.jpg 768w, https:\/\/www.todobudapest.com\/wp-content\/uploads\/2025\/06\/ujpest-media3-1536x864.jpg 1536w, https:\/\/www.todobudapest.com\/wp-content\/uploads\/2025\/06\/ujpest-media3-2048x1152.jpg 2048w, https:\/\/www.todobudapest.com\/wp-content\/uploads\/2025\/06\/ujpest-media3-600x338.jpg 600w\" sizes=\"(max-width: 1024px) 100vw, 1024px\" \/><\/p>\n<p style=\"text-align: center;\">Forr\u00e1s \u2013 \u00dajpest M\u00e9dia<\/p>\n<p>\u00dajpest a m\u00falt \u00e9s a j\u00f6v\u0151 t\u00f6k\u00e9letes kever\u00e9ke: az ipari hagyom\u00e1nyokkal rendelkez\u0151 v\u00e1rosr\u00e9sz egyre ink\u00e1bb a modern \u00e9letform\u00e1k \u00e9s a kultur\u00e1lis dinamizmus fellegv\u00e1ra. A ker\u00fclet fejl\u0151d\u00e9se lehet\u0151s\u00e9get biztos\u00edt a lak\u00f3knak \u00e9s l\u00e1togat\u00f3knak egyar\u00e1nt, hogy egy igaz\u00e1n k\u00fcl\u00f6nleges v\u00e1rosi \u00e9lm\u00e9nyt tapasztaljanak meg. Ha szeretn\u00e9d felfedezni Budapest ezen izgalmas v\u00e1rosr\u00e9sz\u00e9t, \u00dajpest egy olyan hely, ahol biztosan nem fogsz csal\u00f3dni!<\/p>\n","protected":false},"excerpt":{"rendered":"<p>A IV. ker\u00fclet, m\u00e1s n\u00e9ven \u00dajpest, Budapest egyik leg\u00e9rdekesebb \u00e9s legv\u00e1ltozatosabb v\u00e1rosr\u00e9sze, ahol az ipari m\u00falt \u00e9s az urb\u00e1nus j\u00f6v\u0151 izgalmasan keveredik. Az \u00e9szaki v\u00e1rosr\u00e9sz, amely hossz\u00fa ideig a munk\u00e1snegyedek k\u00f6zpontja volt, ma m\u00e1r \u00faj ir\u00e1nyt vesz: az ipari \u00f6r\u00f6ks\u00e9g mellett egyre ink\u00e1bb a modern \u00e9letform\u00e1k, innov\u00e1ci\u00f3k \u00e9s a kultur\u00e1lis dinamizmus jellemzik. Ebben a bejegyz\u00e9sben [&hellip;]<\/p>\n","protected":false},"author":1,"featured_media":3629,"comment_status":"closed","ping_status":"closed","sticky":false,"template":"","format":"standard","meta":{"footnotes":""},"categories":[16],"tags":[],"class_list":["post-3653","post","type-post","status-publish","format-standard","has-post-thumbnail","hentry","category-uncategorized-hu"],"acf":[],"yoast_head":"<!-- This site is optimized with the Yoast SEO plugin v20.3 - https:\/\/yoast.com\/wordpress\/plugins\/seo\/ -->\n<title>Budapesti ker\u00fcletei k\u00f6zelebbr\u0151l: IV. Ker\u00fclet \u2013 \u00dajpest ipari m\u00faltja \u00e9s urb\u00e1nus j\u00f6v\u0151je - To Do Budapest<\/title>\n<meta name=\"description\" content=\"A IV. ker\u00fclet, m\u00e1s n\u00e9ven \u00dajpest, Budapest egyik leg\u00e9rdekesebb \u00e9s legv\u00e1ltozatosabb v\u00e1rosr\u00e9sze, ahol az ipari m\u00falt \u00e9s az urb\u00e1nus j\u00f6v\u0151 izgalmasan keveredik.\" \/>\n<meta name=\"robots\" content=\"index, follow, max-snippet:-1, max-image-preview:large, max-video-preview:-1\" \/>\n<link rel=\"canonical\" href=\"https:\/\/www.todobudapest.com\/hu\/budapesti-keruletei-kozelebbrol-iv-kerulet-ujpest-ipari-multja-es-urbanus-jovoje\/\" \/>\n<meta property=\"og:locale\" content=\"hu_HU\" \/>\n<meta property=\"og:type\" content=\"article\" \/>\n<meta property=\"og:title\" content=\"Budapesti ker\u00fcletei k\u00f6zelebbr\u0151l: IV. Ker\u00fclet \u2013 \u00dajpest ipari m\u00faltja \u00e9s urb\u00e1nus j\u00f6v\u0151je\" \/>\n<meta property=\"og:description\" content=\"A IV. ker\u00fclet, m\u00e1s n\u00e9ven \u00dajpest, Budapest egyik leg\u00e9rdekesebb \u00e9s legv\u00e1ltozatosabb v\u00e1rosr\u00e9sze, ahol az ipari m\u00falt \u00e9s az urb\u00e1nus j\u00f6v\u0151 izgalmasan keveredik.\" \/>\n<meta property=\"og:url\" content=\"https:\/\/www.todobudapest.com\/hu\/budapesti-keruletei-kozelebbrol-iv-kerulet-ujpest-ipari-multja-es-urbanus-jovoje\/\" \/>\n<meta property=\"og:site_name\" content=\"To Do Budapest\" \/>\n<meta property=\"article:published_time\" content=\"2025-06-25T08:03:37+00:00\" \/>\n<meta property=\"article:modified_time\" content=\"2025-06-25T08:13:54+00:00\" \/>\n<meta property=\"og:image\" content=\"https:\/\/www.todobudapest.com\/wp-content\/uploads\/2025\/06\/COVER-kultura.hu_.jpg\" \/>\n\t<meta property=\"og:image:width\" content=\"1199\" \/>\n\t<meta property=\"og:image:height\" content=\"765\" \/>\n\t<meta property=\"og:image:type\" content=\"image\/jpeg\" \/>\n<meta name=\"author\" content=\"todoadmin\" \/>\n<meta name=\"twitter:card\" content=\"summary_large_image\" \/>\n<meta name=\"twitter:label1\" content=\"Szerz\u0151:\" \/>\n\t<meta name=\"twitter:data1\" content=\"todoadmin\" \/>\n\t<meta name=\"twitter:label2\" content=\"Becs\u00fclt olvas\u00e1si id\u0151\" \/>\n\t<meta name=\"twitter:data2\" content=\"8 perc\" \/>\n<script type=\"application\/ld+json\" class=\"yoast-schema-graph\">{\"@context\":\"https:\/\/schema.org\",\"@graph\":[{\"@type\":\"WebPage\",\"@id\":\"https:\/\/www.todobudapest.com\/hu\/budapesti-keruletei-kozelebbrol-iv-kerulet-ujpest-ipari-multja-es-urbanus-jovoje\/\",\"url\":\"https:\/\/www.todobudapest.com\/hu\/budapesti-keruletei-kozelebbrol-iv-kerulet-ujpest-ipari-multja-es-urbanus-jovoje\/\",\"name\":\"Budapesti ker\u00fcletei k\u00f6zelebbr\u0151l: IV. Ker\u00fclet \u2013 \u00dajpest ipari m\u00faltja \u00e9s urb\u00e1nus j\u00f6v\u0151je - To Do Budapest\",\"isPartOf\":{\"@id\":\"https:\/\/www.todobudapest.com\/#website\"},\"datePublished\":\"2025-06-25T08:03:37+00:00\",\"dateModified\":\"2025-06-25T08:13:54+00:00\",\"author\":{\"@id\":\"https:\/\/www.todobudapest.com\/#\/schema\/person\/de4e8287b713a319b6f46d729747d3eb\"},\"description\":\"A IV. ker\u00fclet, m\u00e1s n\u00e9ven \u00dajpest, Budapest egyik leg\u00e9rdekesebb \u00e9s legv\u00e1ltozatosabb v\u00e1rosr\u00e9sze, ahol az ipari m\u00falt \u00e9s az urb\u00e1nus j\u00f6v\u0151 izgalmasan keveredik.\",\"breadcrumb\":{\"@id\":\"https:\/\/www.todobudapest.com\/hu\/budapesti-keruletei-kozelebbrol-iv-kerulet-ujpest-ipari-multja-es-urbanus-jovoje\/#breadcrumb\"},\"inLanguage\":\"hu\",\"potentialAction\":[{\"@type\":\"ReadAction\",\"target\":[\"https:\/\/www.todobudapest.com\/hu\/budapesti-keruletei-kozelebbrol-iv-kerulet-ujpest-ipari-multja-es-urbanus-jovoje\/\"]}]},{\"@type\":\"BreadcrumbList\",\"@id\":\"https:\/\/www.todobudapest.com\/hu\/budapesti-keruletei-kozelebbrol-iv-kerulet-ujpest-ipari-multja-es-urbanus-jovoje\/#breadcrumb\",\"itemListElement\":[{\"@type\":\"ListItem\",\"position\":1,\"name\":\"Home\",\"item\":\"https:\/\/www.todobudapest.com\/hu\/\"},{\"@type\":\"ListItem\",\"position\":2,\"name\":\"Budapesti ker\u00fcletei k\u00f6zelebbr\u0151l: IV. Ker\u00fclet \u2013 \u00dajpest ipari m\u00faltja \u00e9s urb\u00e1nus j\u00f6v\u0151je\"}]},{\"@type\":\"WebSite\",\"@id\":\"https:\/\/www.todobudapest.com\/#website\",\"url\":\"https:\/\/www.todobudapest.com\/\",\"name\":\"To Do Budapest\",\"description\":\"\",\"potentialAction\":[{\"@type\":\"SearchAction\",\"target\":{\"@type\":\"EntryPoint\",\"urlTemplate\":\"https:\/\/www.todobudapest.com\/?s={search_term_string}\"},\"query-input\":\"required name=search_term_string\"}],\"inLanguage\":\"hu\"},{\"@type\":\"Person\",\"@id\":\"https:\/\/www.todobudapest.com\/#\/schema\/person\/de4e8287b713a319b6f46d729747d3eb\",\"name\":\"todoadmin\",\"image\":{\"@type\":\"ImageObject\",\"inLanguage\":\"hu\",\"@id\":\"https:\/\/www.todobudapest.com\/#\/schema\/person\/image\/\",\"url\":\"https:\/\/secure.gravatar.com\/avatar\/c7b35cdf2ecbcae38ae3cea42de138be68173a0ac75ca4799c2374ddcf1af4da?s=96&d=mm&r=g\",\"contentUrl\":\"https:\/\/secure.gravatar.com\/avatar\/c7b35cdf2ecbcae38ae3cea42de138be68173a0ac75ca4799c2374ddcf1af4da?s=96&d=mm&r=g\",\"caption\":\"todoadmin\"},\"sameAs\":[\"http:\/\/local.todobudapest.com\"],\"url\":\"https:\/\/www.todobudapest.com\/hu\/author\/todoadmin\/\"}]}<\/script>\n<!-- \/ Yoast SEO plugin. -->","yoast_head_json":{"title":"Budapesti ker\u00fcletei k\u00f6zelebbr\u0151l: IV. Ker\u00fclet \u2013 \u00dajpest ipari m\u00faltja \u00e9s urb\u00e1nus j\u00f6v\u0151je - To Do Budapest","description":"A IV. ker\u00fclet, m\u00e1s n\u00e9ven \u00dajpest, Budapest egyik leg\u00e9rdekesebb \u00e9s legv\u00e1ltozatosabb v\u00e1rosr\u00e9sze, ahol az ipari m\u00falt \u00e9s az urb\u00e1nus j\u00f6v\u0151 izgalmasan keveredik.","robots":{"index":"index","follow":"follow","max-snippet":"max-snippet:-1","max-image-preview":"max-image-preview:large","max-video-preview":"max-video-preview:-1"},"canonical":"https:\/\/www.todobudapest.com\/hu\/budapesti-keruletei-kozelebbrol-iv-kerulet-ujpest-ipari-multja-es-urbanus-jovoje\/","og_locale":"hu_HU","og_type":"article","og_title":"Budapesti ker\u00fcletei k\u00f6zelebbr\u0151l: IV. Ker\u00fclet \u2013 \u00dajpest ipari m\u00faltja \u00e9s urb\u00e1nus j\u00f6v\u0151je","og_description":"A IV. ker\u00fclet, m\u00e1s n\u00e9ven \u00dajpest, Budapest egyik leg\u00e9rdekesebb \u00e9s legv\u00e1ltozatosabb v\u00e1rosr\u00e9sze, ahol az ipari m\u00falt \u00e9s az urb\u00e1nus j\u00f6v\u0151 izgalmasan keveredik.","og_url":"https:\/\/www.todobudapest.com\/hu\/budapesti-keruletei-kozelebbrol-iv-kerulet-ujpest-ipari-multja-es-urbanus-jovoje\/","og_site_name":"To Do Budapest","article_published_time":"2025-06-25T08:03:37+00:00","article_modified_time":"2025-06-25T08:13:54+00:00","og_image":[{"width":1199,"height":765,"url":"https:\/\/www.todobudapest.com\/wp-content\/uploads\/2025\/06\/COVER-kultura.hu_.jpg","type":"image\/jpeg"}],"author":"todoadmin","twitter_card":"summary_large_image","twitter_misc":{"Szerz\u0151:":"todoadmin","Becs\u00fclt olvas\u00e1si id\u0151":"8 perc"},"schema":{"@context":"https:\/\/schema.org","@graph":[{"@type":"WebPage","@id":"https:\/\/www.todobudapest.com\/hu\/budapesti-keruletei-kozelebbrol-iv-kerulet-ujpest-ipari-multja-es-urbanus-jovoje\/","url":"https:\/\/www.todobudapest.com\/hu\/budapesti-keruletei-kozelebbrol-iv-kerulet-ujpest-ipari-multja-es-urbanus-jovoje\/","name":"Budapesti ker\u00fcletei k\u00f6zelebbr\u0151l: IV. Ker\u00fclet \u2013 \u00dajpest ipari m\u00faltja \u00e9s urb\u00e1nus j\u00f6v\u0151je - To Do Budapest","isPartOf":{"@id":"https:\/\/www.todobudapest.com\/#website"},"datePublished":"2025-06-25T08:03:37+00:00","dateModified":"2025-06-25T08:13:54+00:00","author":{"@id":"https:\/\/www.todobudapest.com\/#\/schema\/person\/de4e8287b713a319b6f46d729747d3eb"},"description":"A IV. ker\u00fclet, m\u00e1s n\u00e9ven \u00dajpest, Budapest egyik leg\u00e9rdekesebb \u00e9s legv\u00e1ltozatosabb v\u00e1rosr\u00e9sze, ahol az ipari m\u00falt \u00e9s az urb\u00e1nus j\u00f6v\u0151 izgalmasan keveredik.","breadcrumb":{"@id":"https:\/\/www.todobudapest.com\/hu\/budapesti-keruletei-kozelebbrol-iv-kerulet-ujpest-ipari-multja-es-urbanus-jovoje\/#breadcrumb"},"inLanguage":"hu","potentialAction":[{"@type":"ReadAction","target":["https:\/\/www.todobudapest.com\/hu\/budapesti-keruletei-kozelebbrol-iv-kerulet-ujpest-ipari-multja-es-urbanus-jovoje\/"]}]},{"@type":"BreadcrumbList","@id":"https:\/\/www.todobudapest.com\/hu\/budapesti-keruletei-kozelebbrol-iv-kerulet-ujpest-ipari-multja-es-urbanus-jovoje\/#breadcrumb","itemListElement":[{"@type":"ListItem","position":1,"name":"Home","item":"https:\/\/www.todobudapest.com\/hu\/"},{"@type":"ListItem","position":2,"name":"Budapesti ker\u00fcletei k\u00f6zelebbr\u0151l: IV. Ker\u00fclet \u2013 \u00dajpest ipari m\u00faltja \u00e9s urb\u00e1nus j\u00f6v\u0151je"}]},{"@type":"WebSite","@id":"https:\/\/www.todobudapest.com\/#website","url":"https:\/\/www.todobudapest.com\/","name":"To Do Budapest","description":"","potentialAction":[{"@type":"SearchAction","target":{"@type":"EntryPoint","urlTemplate":"https:\/\/www.todobudapest.com\/?s={search_term_string}"},"query-input":"required name=search_term_string"}],"inLanguage":"hu"},{"@type":"Person","@id":"https:\/\/www.todobudapest.com\/#\/schema\/person\/de4e8287b713a319b6f46d729747d3eb","name":"todoadmin","image":{"@type":"ImageObject","inLanguage":"hu","@id":"https:\/\/www.todobudapest.com\/#\/schema\/person\/image\/","url":"https:\/\/secure.gravatar.com\/avatar\/c7b35cdf2ecbcae38ae3cea42de138be68173a0ac75ca4799c2374ddcf1af4da?s=96&d=mm&r=g","contentUrl":"https:\/\/secure.gravatar.com\/avatar\/c7b35cdf2ecbcae38ae3cea42de138be68173a0ac75ca4799c2374ddcf1af4da?s=96&d=mm&r=g","caption":"todoadmin"},"sameAs":["http:\/\/local.todobudapest.com"],"url":"https:\/\/www.todobudapest.com\/hu\/author\/todoadmin\/"}]}},"_links":{"self":[{"href":"https:\/\/www.todobudapest.com\/hu\/wp-json\/wp\/v2\/posts\/3653","targetHints":{"allow":["GET"]}}],"collection":[{"href":"https:\/\/www.todobudapest.com\/hu\/wp-json\/wp\/v2\/posts"}],"about":[{"href":"https:\/\/www.todobudapest.com\/hu\/wp-json\/wp\/v2\/types\/post"}],"author":[{"embeddable":true,"href":"https:\/\/www.todobudapest.com\/hu\/wp-json\/wp\/v2\/users\/1"}],"replies":[{"embeddable":true,"href":"https:\/\/www.todobudapest.com\/hu\/wp-json\/wp\/v2\/comments?post=3653"}],"version-history":[{"count":1,"href":"https:\/\/www.todobudapest.com\/hu\/wp-json\/wp\/v2\/posts\/3653\/revisions"}],"predecessor-version":[{"id":3654,"href":"https:\/\/www.todobudapest.com\/hu\/wp-json\/wp\/v2\/posts\/3653\/revisions\/3654"}],"wp:featuredmedia":[{"embeddable":true,"href":"https:\/\/www.todobudapest.com\/hu\/wp-json\/wp\/v2\/media\/3629"}],"wp:attachment":[{"href":"https:\/\/www.todobudapest.com\/hu\/wp-json\/wp\/v2\/media?parent=3653"}],"wp:term":[{"taxonomy":"category","embeddable":true,"href":"https:\/\/www.todobudapest.com\/hu\/wp-json\/wp\/v2\/categories?post=3653"},{"taxonomy":"post_tag","embeddable":true,"href":"https:\/\/www.todobudapest.com\/hu\/wp-json\/wp\/v2\/tags?post=3653"}],"curies":[{"name":"wp","href":"https:\/\/api.w.org\/{rel}","templated":true}]}}