{"id":3590,"date":"2025-06-11T11:26:37","date_gmt":"2025-06-11T09:26:37","guid":{"rendered":"https:\/\/www.todobudapest.com\/budapesti-keruletei-kozelebbrol-iii-kerulet-romai-romok-duna-parti-setak-es-rejtett-kincsek\/"},"modified":"2025-06-11T11:33:03","modified_gmt":"2025-06-11T09:33:03","slug":"budapesti-keruletei-kozelebbrol-iii-kerulet-romai-romok-duna-parti-setak-es-rejtett-kincsek","status":"publish","type":"post","link":"https:\/\/www.todobudapest.com\/hu\/budapesti-keruletei-kozelebbrol-iii-kerulet-romai-romok-duna-parti-setak-es-rejtett-kincsek\/","title":{"rendered":"Budapesti Ker\u00fcletei k\u00f6zelebbr\u0151l: III. Ker\u00fclet \u2013 R\u00f3mai Romok, Duna-parti S\u00e9t\u00e1k \u00e9s Rejtett Kincsek"},"content":{"rendered":"<p>A III. ker\u00fclet, m\u00e1s n\u00e9ven \u00d3buda, Budapest egyik legvar\u00e1zslatosabb \u00e9s t\u00f6rt\u00e9nelmileg leggazdagabb v\u00e1rosr\u00e9sze. A Duna partj\u00e1n elter\u00fcl\u0151 ker\u00fclet sz\u00e1mos k\u00fcl\u00f6nleges l\u00e1tnival\u00f3t k\u00edn\u00e1l, amelyek egyszerre id\u00e9zik meg a m\u00faltat \u00e9s mutatj\u00e1k be a mai Budapest dinamikus fejl\u0151d\u00e9s\u00e9t. A r\u00f3mai kori romokt\u00f3l kezdve a csod\u00e1latos Duna-parti s\u00e9t\u00e1nyokig \u00e9s a rejtett kis \u00e9kszerdobozokig a III. ker\u00fclet minden sark\u00e1ban \u00faj \u00e9lm\u00e9ny v\u00e1r. Legyen sz\u00f3 t\u00f6rt\u00e9nelemr\u0151l, term\u00e9szetr\u0151l, vagy \u00e9pp egy kellemes v\u00e1rosi s\u00e9t\u00e1r\u00f3l, \u00d3buda mindent tud.<\/p>\n<h3>\u00d3buda T\u00f6rt\u00e9nelme: Aquincumt\u00f3l a panelrengetegig<\/h3>\n<p>A III. ker\u00fclet, \u00e9s k\u00fcl\u00f6n\u00f6sen \u00d3buda, Budapest sz\u00edve, hiszen itt tal\u00e1lhat\u00f3 a r\u00f3mai Aquincum, amely Pannonia r\u00f3mai provincia f\u0151v\u00e1rosa volt. A ker\u00fclet ter\u00fclet\u00e9n sz\u00e1mos r\u00f3mai kori eml\u00e9k tal\u00e1lhat\u00f3, melyek az \u00f3kori \u00e9let k\u00fcl\u00f6nb\u00f6z\u0151 aspektusait eleven\u00edtik meg.<\/p>\n<p>Az Aquincumi M\u00fazeum kiv\u00e1l\u00f3 lehet\u0151s\u00e9get ad arra, hogy egy id\u0151utaz\u00e1sra induljunk. A r\u00f3mai katonai v\u00e1ros romjai, a h\u00e1zak, templomok, f\u00fcrd\u0151k \u00e9s a nagym\u00e9ret\u0171 amfite\u00e1trum ma m\u00e1r egy rendk\u00edv\u00fcl \u00e9rdekes l\u00e1tv\u00e1nyoss\u00e1got alkotnak. A Aquincumi F\u00fcrd\u0151k ny\u00fajtanak betekint\u00e9st a r\u00f3maiak pihen\u00e9sbe \u00e9s higi\u00e9niai szok\u00e1saiba, mik\u00f6zben az amfite\u00e1trum tov\u00e1bbra is elb\u0171v\u00f6l\u0151, \u00e9s a r\u00f3mai sz\u00f3rakoz\u00e1st id\u00e9zi.<\/p>\n<p><img decoding=\"async\" class=\"size-large wp-image-3573 aligncenter\" src=\"https:\/\/www.todobudapest.com\/wp-content\/uploads\/2025\/06\/budapestinfo-1024x682.jpg\" alt=\"\" width=\"1024\" height=\"682\" srcset=\"https:\/\/www.todobudapest.com\/wp-content\/uploads\/2025\/06\/budapestinfo-1024x682.jpg 1024w, https:\/\/www.todobudapest.com\/wp-content\/uploads\/2025\/06\/budapestinfo-300x200.jpg 300w, https:\/\/www.todobudapest.com\/wp-content\/uploads\/2025\/06\/budapestinfo-768x511.jpg 768w, https:\/\/www.todobudapest.com\/wp-content\/uploads\/2025\/06\/budapestinfo-1536x1022.jpg 1536w, https:\/\/www.todobudapest.com\/wp-content\/uploads\/2025\/06\/budapestinfo-600x399.jpg 600w, https:\/\/www.todobudapest.com\/wp-content\/uploads\/2025\/06\/budapestinfo.jpg 2048w\" sizes=\"(max-width: 1024px) 100vw, 1024px\" \/><\/p>\n<p style=\"text-align: center;\">Fot\u00f3 &#8211; budapestinfo<\/p>\n<p>\u00d3buda legimpoz\u00e1nsabb r\u00f3mai eml\u00e9ke, a R\u00f3mai Sz\u00ednh\u00e1z pedig a legjobb \u00e1llapotban megmaradt r\u00f3mai \u00e9p\u00fcletek k\u00f6z\u00e9 tartozik Magyarorsz\u00e1gon. A sz\u00ednh\u00e1z egykoron 5000 n\u00e9z\u0151t tudott befogadni, \u00e9s ma is csod\u00e1latos helysz\u00ednt ad a t\u00f6rt\u00e9nelem ir\u00e1nt \u00e9rdekl\u0151d\u0151knek. A r\u00e9gi el\u0151ad\u00e1sok hangulata ma m\u00e1r csak k\u00e9pzeletben \u00e9l, de a romok k\u00f6z\u00f6tt val\u00f3 s\u00e9t\u00e1l\u00e1s sor\u00e1n a t\u00f6rt\u00e9nelem szinte \u00e9letre kel.<\/p>\n<p>Budapest leg\u0151sibb r\u00e9sze k\u00e9ts\u00e9gtelen\u00fcl a III. ker\u00fclet, hiszen k\u00f6zel 2,000 \u00e9vvel ezel\u0151tt itt \u00e1llt Pann\u00f3nia f\u0151v\u00e1rosa, Aquincum. Ak\u00e1rcsak London, P\u00e1rizs vagy B\u00e9cs, Budapest is egy r\u00f3mai kori telep\u00fcl\u00e9sre \u00e9p\u00fclt. Fl\u00f3ri\u00e1n t\u00e9ren, az \u00c1rp\u00e1d h\u00edd budai h\u00eddf\u0151j\u00e9n\u00e9l ma is l\u00e1that\u00f3k az egykori 6,000 f\u0151s l\u00e9gi\u00f3st\u00e1bor romjai, valamint a Thermae Maiores f\u00fcrd\u0151komplexum maradv\u00e1nyai, amelynek padl\u00f3f\u0171t\u00e9se \u00e9s csatornarendszere is volt.<\/p>\n<p><img decoding=\"async\" class=\"size-full wp-image-3587 aligncenter\" src=\"https:\/\/www.todobudapest.com\/wp-content\/uploads\/2025\/06\/urtrips.jpg\" alt=\"\" width=\"640\" height=\"480\" srcset=\"https:\/\/www.todobudapest.com\/wp-content\/uploads\/2025\/06\/urtrips.jpg 640w, https:\/\/www.todobudapest.com\/wp-content\/uploads\/2025\/06\/urtrips-300x225.jpg 300w, https:\/\/www.todobudapest.com\/wp-content\/uploads\/2025\/06\/urtrips-600x450.jpg 600w\" sizes=\"(max-width: 640px) 100vw, 640px\" \/><\/p>\n<p style=\"text-align: center;\">Fot\u00f3 &#8211; urtrips<\/p>\n<p>A r\u00f3mai kor ut\u00e1n \u00d3buda a sz\u0151l\u0151termeszt\u00e9s, a t\u00e9glaipar \u00e9s a textilipar fellegv\u00e1ra lett, amelyr\u0151l a Goldberger Textilipari Gy\u0171jtem\u00e9ny is tan\u00faskodik. A v\u00e1rosegyes\u00edt\u00e9s sor\u00e1n, 1873-ban csatlakozott Budapesthez, majd 1950-ben B\u00e9k\u00e1smegyer \u00e9s Csillaghegy is a f\u0151v\u00e1ros r\u00e9sze lett.<\/p>\n<p>A legnagyobb \u00e1talakul\u00e1st az \u00c1rp\u00e1d h\u00edd hozta, amely t\u00f6bb mint t\u00edz \u00e9v alatt k\u00e9sz\u00fclt el, k\u00f6zvetlen \u00f6sszek\u00f6ttet\u00e9st teremtve Pesttel. 1968-ban megkezd\u0151d\u00f6tt a lak\u00f3telepek \u00e9p\u00edt\u00e9se, amelyek a mai napig meghat\u00e1rozz\u00e1k a ker\u00fclet l\u00e1tk\u00e9p\u00e9t.<\/p>\n<h3>Duna-parti S\u00e9t\u00e1k: A Duna Sz\u00e9ps\u00e9ge<\/h3>\n<p>A III. ker\u00fclet nemcsak t\u00f6rt\u00e9nelme, hanem a Duna-parti panor\u00e1m\u00e1k \u00e9s a pihen\u0151helyek miatt is k\u00fcl\u00f6nleges. Az \u00d3buda partja a Duna ment\u00e9n h\u00faz\u00f3d\u00f3 promen\u00e1dokkal, parkokkal \u00e9s k\u00e1v\u00e9z\u00f3kkal cs\u00e1b\u00edt. A Szentendrei-sziget, amely k\u00f6zvetlen\u00fcl a ker\u00fclet mellett tal\u00e1lhat\u00f3, igazi z\u00f6ld o\u00e1zis, remek hely a s\u00e9t\u00e1l\u00e1sra \u00e9s a bicikliz\u00e9sre.<\/p>\n<p>A Duna-parti s\u00e9t\u00e1nyok ment\u00e9n haladva csod\u00e1latos kil\u00e1t\u00e1sban lehet r\u00e9sz\u00fcnk, hiszen az \u00d3budai-sziget, a Buda-hegys\u00e9g \u00e9s a v\u00e1ros nevezetess\u00e9gei mind itt l\u00e1that\u00f3ak. Az \u00dajlip\u00f3tv\u00e1ros \u00e9s Margitsziget panor\u00e1m\u00e1ja mellett a III. ker\u00fcletben tal\u00e1lhat\u00f3 Duna-part k\u00fcl\u00f6n\u00f6sen sz\u00e9p, ahol a foly\u00f3 ment\u00e9n \u00e9lvezhetj\u00fck a term\u00e9szet k\u00f6zels\u00e9g\u00e9t, mik\u00f6zben a v\u00e1ros ny\u00fczsg\u00e9s\u00e9t\u0151l is elt\u00e1volodunk.<\/p>\n<p>A R\u00f3mai-part vagy m\u00e1s n\u00e9ven a &#8222;R\u00f3mai strand&#8221; a ker\u00fclet legn\u00e9pszer\u0171bb ny\u00e1ri helysz\u00edne. A Duna partj\u00e1n fekv\u0151 t\u00e1gas z\u00f6ld ter\u00fcletek, homokos r\u00e9szek, \u00e9s a helyi \u00e9ttermek \u00e9s k\u00e1v\u00e9z\u00f3k teszik ide\u00e1lis pihen\u0151helly\u00e9, ahol a helyiek pihennek, bar\u00e1taikkal tal\u00e1lkoznak, vagy csak \u00e9lvezik a foly\u00f3 k\u00f6zels\u00e9g\u00e9t.<\/p>\n<p><img decoding=\"async\" class=\"size-large wp-image-3585 aligncenter\" src=\"https:\/\/www.todobudapest.com\/wp-content\/uploads\/2025\/06\/szallashu-1024x588.jpg\" alt=\"\" width=\"1024\" height=\"588\" srcset=\"https:\/\/www.todobudapest.com\/wp-content\/uploads\/2025\/06\/szallashu-1024x588.jpg 1024w, https:\/\/www.todobudapest.com\/wp-content\/uploads\/2025\/06\/szallashu-300x172.jpg 300w, https:\/\/www.todobudapest.com\/wp-content\/uploads\/2025\/06\/szallashu-768x441.jpg 768w, https:\/\/www.todobudapest.com\/wp-content\/uploads\/2025\/06\/szallashu-1536x882.jpg 1536w, https:\/\/www.todobudapest.com\/wp-content\/uploads\/2025\/06\/szallashu-600x345.jpg 600w, https:\/\/www.todobudapest.com\/wp-content\/uploads\/2025\/06\/szallashu.jpg 2048w\" sizes=\"(max-width: 1024px) 100vw, 1024px\" \/><\/p>\n<p style=\"text-align: center;\">Fot\u00f3 \u2013 szallas.hu<\/p>\n<ul>\n<li>L\u00e9pj be Aquincum vil\u00e1g\u00e1ba: Az Aquincumi M\u00fazeum \u00e9s R\u00e9g\u00e9szeti Park Budapest egyik legink\u00e1bb alul\u00e9rt\u00e9kelt l\u00e1tv\u00e1nyoss\u00e1ga. Az \u00e1sat\u00e1sok sor\u00e1n felt\u00e1rt r\u00f3mai utc\u00e1k, templomok, mozaikok \u00e9s a meglep\u0151en interakt\u00edv belt\u00e9ri ki\u00e1ll\u00edt\u00e1s egyed\u00fcl\u00e1ll\u00f3 bepillant\u00e1st engednek az \u00f3kori mindennapokba.<\/li>\n<li>Sz\u00edvd magadba \u00d3buda f\u0151ter\u00e9nek hangulat\u00e1t: A F\u0151 t\u00e9r olyan, mintha egy kisv\u00e1rosba cs\u00f6ppenn\u00e9l. A barokk sz\u00ednes h\u00e1zak \u00f6lel\u00e9s\u00e9ben m\u0171k\u00f6dik az \u00d3budai M\u00fazeum, hangulatos k\u00e1v\u00e9z\u00f3k, \u00e9s itt rendezik minden tavasszal az \u00d3budai Napokat is.<\/li>\n<li>Duna-parti lazul\u00e1s a R\u00f3main: A helyiek kedvenc s\u00e9t\u00e1l\u00f3helye a R\u00f3mai-part, ahol ny\u00e1ron egym\u00e1st \u00e9rik a l\u00e1ngosos b\u00f3d\u00e9k, fr\u00f6ccs\u00f6z\u0151k \u00e9s biciklik\u00f6lcs\u00f6nz\u0151k. K\u00e1nikul\u00e1ban szinte nyaral\u00e1s-\u00e9rz\u00e9st ad, pedig m\u00e9g mindig Budapest hat\u00e1rain bel\u00fcl j\u00e1rsz.<\/li>\n<li>Ipar- \u00e9s diz\u00e1jnrajong\u00f3knak: Goldberger Textilm\u00fazeum: A r\u00e9gi k\u00e9kfest\u0151gy\u00e1r t\u00f6rt\u00e9net\u00e9t \u00e9s a Goldberger csal\u00e1d \u00f6r\u00f6ks\u00e9g\u00e9t mes\u00e9li el ez a k\u00fcl\u00f6nleges m\u00fazeum \u2013 egy k\u00f6telez\u0151 hely azoknak, akiket \u00e9rdekel a diz\u00e1jn, a textilipar \u00e9s a helyi ipart\u00f6rt\u00e9nelem.<\/li>\n<li>Evezz, tekerj, piknikezz! A Duna-part ebben a ker\u00fcletben k\u00fcl\u00f6n\u00f6sen z\u00f6ld \u00e9s \u00e9lhet\u0151: v\u00edzit\u00far\u00e1k, j\u00f3ga\u00f3r\u00e1k, erdei s\u00e9t\u00e1k vagy bring\u00e1s kir\u00e1ndul\u00e1sok v\u00e1rnak, k\u00fcl\u00f6n\u00f6sen a B\u00e9k\u00e1smegyeri erd\u0151n\u00e9l \u00e9s az \u00d3budai-sziget tan\u00f6sv\u00e9ny\u00e9n.<\/li>\n<\/ul>\n<h3>Rejtett Kincsek: \u00d3buda Var\u00e1zsa<\/h3>\n<p>\u00d3buda nemcsak a r\u00f3mai romok \u00e9s a Duna-part miatt k\u00fcl\u00f6nleges, hanem olyan rejtett kincseket is rejt, amelyeket a turist\u00e1k gyakran elker\u00fclnek. Az \u00d3buda \u00d3v\u00e1ros hangulatos, macskak\u00f6ves utc\u00e1kkal, sz\u00ednes \u00e9p\u00fcletekkel \u00e9s bar\u00e1ts\u00e1gos k\u00e1v\u00e9z\u00f3kkal v\u00e1rja a felfedez\u0151ket. A kis terek \u00e9s a r\u00e9gi h\u00e1zak k\u00fcl\u00f6nleges hangulata szinte var\u00e1zslatos, ide\u00e1lis hely egy hossz\u00fa s\u00e9ta megt\u00e9tel\u00e9hez.<\/p>\n<p><img decoding=\"async\" class=\"size-full wp-image-3583 aligncenter\" src=\"https:\/\/www.todobudapest.com\/wp-content\/uploads\/2025\/06\/study-in-hungary.jpg\" alt=\"\" width=\"900\" height=\"601\" srcset=\"https:\/\/www.todobudapest.com\/wp-content\/uploads\/2025\/06\/study-in-hungary.jpg 900w, https:\/\/www.todobudapest.com\/wp-content\/uploads\/2025\/06\/study-in-hungary-300x200.jpg 300w, https:\/\/www.todobudapest.com\/wp-content\/uploads\/2025\/06\/study-in-hungary-768x513.jpg 768w, https:\/\/www.todobudapest.com\/wp-content\/uploads\/2025\/06\/study-in-hungary-600x401.jpg 600w\" sizes=\"(max-width: 900px) 100vw, 900px\" \/><\/p>\n<p style=\"text-align: center;\">Fot\u00f3 \u2013 study in hungary<\/p>\n<p>A Kiscelli M\u00fazeum egykori karmelita kolostor\u00e1ban tal\u00e1lhat\u00f3. A m\u00fazeum az \u00d3buda t\u00f6rt\u00e9nelm\u00e9t \u00e9s annak fejl\u0151d\u00e9s\u00e9t mutatja be, mik\u00f6zben az \u00e9p\u00fclet atmoszf\u00e9r\u00e1ja t\u00f6k\u00e9letes helysz\u00ednt ad a t\u00f6rt\u00e9nelmi felfedez\u00e9sekhez. A kolostor k\u00f6rny\u00e9ke nyugodt, csendes, \u00edgy egy remek mened\u00e9ket ad a v\u00e1ros zaj\u00e1t\u00f3l.<\/p>\n<p>A M\u00e1ty\u00e1s-hegy Budapest tal\u00e1n legkevesebb figyelmet kapott, de egyik legszebb helye. Az onnan ny\u00edl\u00f3 panor\u00e1ma a Budai V\u00e1rra, \u00e9s a v\u00e1rosra igaz\u00e1n k\u00fcl\u00f6nleges \u00e9lm\u00e9nyt ad. A hegyet bor\u00edt\u00f3 sz\u0151l\u0151k \u00e9s a k\u00f6rnyez\u0151 bor\u00e1szatok hozz\u00e1j\u00e1rulnak \u00d3buda egyed\u00fcl\u00e1ll\u00f3 bor\u00e1szati hagyom\u00e1nyaihoz. Itt sz\u00e1mos bor\u00e1szat v\u00e1rja az \u00e9rdekl\u0151d\u0151ket, ahol megismerhetj\u00fck a helyi borokat \u00e9s \u00e9lvezhetj\u00fck a friss leveg\u0151t.<\/p>\n<p>A \u00d3buda-sziget is egy csod\u00e1latos, m\u00e9g felfedez\u00e9sre v\u00e1r\u00f3 helysz\u00edn. A sziget pihen\u0151helyekkel, z\u00f6ld ter\u00fcletekkel, \u00e9s sz\u00e1mos szabadt\u00e9ri programmal v\u00e1rja a csal\u00e1dokat \u00e9s a term\u00e9szetkedvel\u0151ket.<\/p>\n<p><img decoding=\"async\" class=\"size-large wp-image-3579 aligncenter\" src=\"https:\/\/www.todobudapest.com\/wp-content\/uploads\/2025\/06\/epiteszforum-1024x647.png\" alt=\"\" width=\"1024\" height=\"647\" srcset=\"https:\/\/www.todobudapest.com\/wp-content\/uploads\/2025\/06\/epiteszforum-1024x647.png 1024w, https:\/\/www.todobudapest.com\/wp-content\/uploads\/2025\/06\/epiteszforum-300x190.png 300w, https:\/\/www.todobudapest.com\/wp-content\/uploads\/2025\/06\/epiteszforum-768x485.png 768w, https:\/\/www.todobudapest.com\/wp-content\/uploads\/2025\/06\/epiteszforum-1536x970.png 1536w, https:\/\/www.todobudapest.com\/wp-content\/uploads\/2025\/06\/epiteszforum-600x379.png 600w, https:\/\/www.todobudapest.com\/wp-content\/uploads\/2025\/06\/epiteszforum.png 1920w\" sizes=\"(max-width: 1024px) 100vw, 1024px\" \/><\/p>\n<p style=\"text-align: center;\">Fot\u00f3 &#8211; \u00e9p\u00edt\u00e9szf\u00f3rum<\/p>\n<h3>Kultur\u00e1lis \u00c9let \u00e9s K\u00f6z\u00f6ss\u00e9gi T\u00e9r<\/h3>\n<p>A III. ker\u00fclet nemcsak term\u00e9szeti sz\u00e9ps\u00e9gekkel, hanem egy vir\u00e1gz\u00f3 kultur\u00e1lis \u00e9lettel is b\u00fcszk\u00e9lkedhet. A Klebelsberg Kult\u00fark\u00faria sz\u00e1mos kultur\u00e1lis esem\u00e9nyt k\u00edn\u00e1l, a klasszikus zen\u00e9t\u0151l kezdve a kort\u00e1rs m\u0171v\u00e9szetekig.<\/p>\n<p>A k\u00f6rny\u00e9ken sz\u00e1mos m\u0171v\u00e9szeti gal\u00e9ria \u00e9s kreat\u00edv t\u00e9r tal\u00e1lhat\u00f3, amely lehet\u0151s\u00e9get biztos\u00edt a helyi m\u0171v\u00e9szeknek, hogy bemutass\u00e1k munk\u00e1ikat. A Pesti M\u0171hely kort\u00e1rs m\u0171v\u00e9szetekkel \u00e9s magyar kult\u00far\u00e1val foglalkoz\u00f3 ki\u00e1ll\u00edt\u00e1sokat k\u00edn\u00e1l, \u00edgy az \u00e9rdekl\u0151d\u0151k mindig tal\u00e1lhatnak valami izgalmasat.<\/p>\n<p><img decoding=\"async\" class=\"size-full wp-image-3581 aligncenter\" src=\"https:\/\/www.todobudapest.com\/wp-content\/uploads\/2025\/06\/pestbuda.jpg\" alt=\"\" width=\"900\" height=\"468\" srcset=\"https:\/\/www.todobudapest.com\/wp-content\/uploads\/2025\/06\/pestbuda.jpg 900w, https:\/\/www.todobudapest.com\/wp-content\/uploads\/2025\/06\/pestbuda-300x156.jpg 300w, https:\/\/www.todobudapest.com\/wp-content\/uploads\/2025\/06\/pestbuda-768x399.jpg 768w, https:\/\/www.todobudapest.com\/wp-content\/uploads\/2025\/06\/pestbuda-600x312.jpg 600w\" sizes=\"(max-width: 900px) 100vw, 900px\" \/><\/p>\n<p style=\"text-align: center;\">Fot\u00f3 &#8211; PestBuda<\/p>\n<h3>Z\u00f6ld Terek \u00e9s Szabadid\u0151s Lehet\u0151s\u00e9gek<\/h3>\n<p>A III. ker\u00fclet z\u00f6ldter\u00fcletei \u00e9s szabadid\u0151s lehet\u0151s\u00e9gei kiv\u00e1l\u00f3 helysz\u00ednt adnak azoknak, akik a term\u00e9szetben szeretn\u00e9nek pihenni. A Duna-parti s\u00e9t\u00e1nyokon k\u00edv\u00fcl a Lupa-t\u00f3 ide\u00e1lis helysz\u00edn a ny\u00e1ri pihen\u00e9shez. A mesters\u00e9ges t\u00f3 kiv\u00e1l\u00f3 lehet\u0151s\u00e9get ad a f\u00fcrd\u00e9sre, v\u00edzi sportokra, \u00e9s napoz\u00e1sra. A t\u00f3 k\u00f6r\u00fcl sz\u00e1mos \u00e9tterem \u00e9s k\u00e1v\u00e9z\u00f3 k\u00edn\u00e1l finom falatokat \u00e9s friss\u00edt\u0151 italokat.<\/p>\n<p><img decoding=\"async\" class=\"size-large wp-image-3575 aligncenter\" src=\"https:\/\/www.todobudapest.com\/wp-content\/uploads\/2025\/06\/budapestinfo2-1024x682.jpg\" alt=\"\" width=\"1024\" height=\"682\" srcset=\"https:\/\/www.todobudapest.com\/wp-content\/uploads\/2025\/06\/budapestinfo2-1024x682.jpg 1024w, https:\/\/www.todobudapest.com\/wp-content\/uploads\/2025\/06\/budapestinfo2-300x200.jpg 300w, https:\/\/www.todobudapest.com\/wp-content\/uploads\/2025\/06\/budapestinfo2-768x512.jpg 768w, https:\/\/www.todobudapest.com\/wp-content\/uploads\/2025\/06\/budapestinfo2-1536x1023.jpg 1536w, https:\/\/www.todobudapest.com\/wp-content\/uploads\/2025\/06\/budapestinfo2-2048x1364.jpg 2048w, https:\/\/www.todobudapest.com\/wp-content\/uploads\/2025\/06\/budapestinfo2-600x400.jpg 600w\" sizes=\"(max-width: 1024px) 100vw, 1024px\" \/><\/p>\n<p style=\"text-align: center;\">Fot\u00f3 &#8211; budapestinfo<\/p>\n<p>A V\u00e9csey-kert egy nyugodt, z\u00f6ld park, amely a helyiek kedvenc pihen\u0151helye. A park s\u00e9t\u00e1nyai \u00e9s f\u00e1k alatt elrejtett padjai t\u00f6k\u00e9letesek egy csendes d\u00e9lut\u00e1ni olvas\u00e1shoz vagy egy kis pihen\u00e9shez.<\/p>\n<h3>Gasztron\u00f3miai \u00c9lm\u00e9nyek \u00d3bud\u00e1n<\/h3>\n<p>A III. ker\u00fclet a gasztron\u00f3mia ter\u00e9n is remek v\u00e1laszt\u00e9kot k\u00edn\u00e1l. Az \u00d3buda k\u00f6rny\u00e9ki \u00e9ttermek, k\u00e1v\u00e9z\u00f3k \u00e9s bor\u00e1szatok a legjobb helyek, ahol a helyi \u00edzeket \u00e9s tradicion\u00e1lis magyar \u00e9teleket \u00e9lvezhetj\u00fck. A R\u00f3mai-part k\u00f6rny\u00e9k\u00e9n tal\u00e1lhat\u00f3 \u00e9ttermek k\u00fcl\u00f6nleges helysz\u00ednt adnak a Dun\u00e1ra n\u00e9z\u0151 \u00e9tkez\u00e9sekhez.<\/p>\n<p>Az \u00d3buda Piac is egy izgalmas helysz\u00edn, ahol friss term\u00e9nyeket, helyi \u00e9teleket \u00e9s k\u00e9zm\u0171ves term\u00e9keket tal\u00e1lunk. A piac nemcsak egy v\u00e1s\u00e1rl\u00e1si \u00e9lm\u00e9nyt ad, hanem egyben bepillant\u00e1st ny\u00fajt Budapest helyi \u00edzeibe is.<\/p>\n<p><img decoding=\"async\" class=\"size-full wp-image-3571 aligncenter\" src=\"https:\/\/www.todobudapest.com\/wp-content\/uploads\/2025\/06\/24.hu_.jpg\" alt=\"\" width=\"1024\" height=\"683\" srcset=\"https:\/\/www.todobudapest.com\/wp-content\/uploads\/2025\/06\/24.hu_.jpg 1024w, https:\/\/www.todobudapest.com\/wp-content\/uploads\/2025\/06\/24.hu_-300x200.jpg 300w, https:\/\/www.todobudapest.com\/wp-content\/uploads\/2025\/06\/24.hu_-768x512.jpg 768w, https:\/\/www.todobudapest.com\/wp-content\/uploads\/2025\/06\/24.hu_-600x400.jpg 600w\" sizes=\"(max-width: 1024px) 100vw, 1024px\" \/><\/p>\n<p style=\"text-align: center;\">Fot\u00f3 \u2013 24.hu<\/p>\n<p>A III. ker\u00fclet, vagyis \u00d3buda, Budapest egyik legsz\u00ednesebb \u00e9s legink\u00e1bb sokoldal\u00fa v\u00e1rosr\u00e9sze. A r\u00f3mai kori romokt\u00f3l kezdve a Duna-parti s\u00e9t\u00e1kig, a z\u00f6ld ter\u00fcletek \u00e9s kultur\u00e1lis k\u00f6zpontok mind hozz\u00e1j\u00e1rulnak ahhoz, hogy \u00d3buda Budapest egyik rejtett gy\u00f6ngyszeme legyen. Ha t\u00f6rt\u00e9nelmet, term\u00e9szetet, vagy egy kis v\u00e1rosi pihen\u00e9st keresel, \u00d3buda minden ig\u00e9nyt kiel\u00e9g\u00edt. Ha m\u00e9g nem j\u00e1rt\u00e1l itt, mindenk\u00e9ppen fedezd fel a III. ker\u00fclet var\u00e1zslatos vil\u00e1g\u00e1t, \u00e9s hagyd, hogy mag\u00e1val ragadjon a m\u00falt \u00e9s a jelen csod\u00e1latos harm\u00f3ni\u00e1ja.<\/p>\n","protected":false},"excerpt":{"rendered":"<p>A III. ker\u00fclet, m\u00e1s n\u00e9ven \u00d3buda, Budapest egyik legvar\u00e1zslatosabb \u00e9s t\u00f6rt\u00e9nelmileg leggazdagabb v\u00e1rosr\u00e9sze. A Duna partj\u00e1n elter\u00fcl\u0151 ker\u00fclet sz\u00e1mos k\u00fcl\u00f6nleges l\u00e1tnival\u00f3t k\u00edn\u00e1l, amelyek egyszerre id\u00e9zik meg a m\u00faltat \u00e9s mutatj\u00e1k be a mai Budapest dinamikus fejl\u0151d\u00e9s\u00e9t. A r\u00f3mai kori romokt\u00f3l kezdve a csod\u00e1latos Duna-parti s\u00e9t\u00e1nyokig \u00e9s a rejtett kis \u00e9kszerdobozokig a III. ker\u00fclet minden sark\u00e1ban [&hellip;]<\/p>\n","protected":false},"author":1,"featured_media":3578,"comment_status":"closed","ping_status":"closed","sticky":false,"template":"","format":"standard","meta":{"footnotes":""},"categories":[16],"tags":[],"class_list":["post-3590","post","type-post","status-publish","format-standard","has-post-thumbnail","hentry","category-uncategorized-hu"],"acf":[],"yoast_head":"<!-- This site is optimized with the Yoast SEO plugin v20.3 - https:\/\/yoast.com\/wordpress\/plugins\/seo\/ -->\n<title>Budapesti Ker\u00fcletei k\u00f6zelebbr\u0151l: III. Ker\u00fclet \u2013 R\u00f3mai Romok, Duna-parti S\u00e9t\u00e1k \u00e9s Rejtett Kincsek - To Do Budapest<\/title>\n<meta name=\"description\" content=\"A III. ker\u00fclet, m\u00e1s n\u00e9ven \u00d3buda, Budapest egyik legvar\u00e1zslatosabb \u00e9s t\u00f6rt\u00e9nelmileg leggazdagabb v\u00e1rosr\u00e9sze.\" \/>\n<meta name=\"robots\" content=\"index, follow, max-snippet:-1, max-image-preview:large, max-video-preview:-1\" \/>\n<link rel=\"canonical\" href=\"https:\/\/www.todobudapest.com\/hu\/budapesti-keruletei-kozelebbrol-iii-kerulet-romai-romok-duna-parti-setak-es-rejtett-kincsek\/\" \/>\n<meta property=\"og:locale\" content=\"hu_HU\" \/>\n<meta property=\"og:type\" content=\"article\" \/>\n<meta property=\"og:title\" content=\"Budapesti Ker\u00fcletei k\u00f6zelebbr\u0151l: III. Ker\u00fclet \u2013 R\u00f3mai Romok, Duna-parti S\u00e9t\u00e1k \u00e9s Rejtett Kincsek\" \/>\n<meta property=\"og:description\" content=\"A III. ker\u00fclet, m\u00e1s n\u00e9ven \u00d3buda, Budapest egyik legvar\u00e1zslatosabb \u00e9s t\u00f6rt\u00e9nelmileg leggazdagabb v\u00e1rosr\u00e9sze.\" \/>\n<meta property=\"og:url\" content=\"https:\/\/www.todobudapest.com\/hu\/budapesti-keruletei-kozelebbrol-iii-kerulet-romai-romok-duna-parti-setak-es-rejtett-kincsek\/\" \/>\n<meta property=\"og:site_name\" content=\"To Do Budapest\" \/>\n<meta property=\"article:published_time\" content=\"2025-06-11T09:26:37+00:00\" \/>\n<meta property=\"article:modified_time\" content=\"2025-06-11T09:33:03+00:00\" \/>\n<meta property=\"og:image\" content=\"https:\/\/www.todobudapest.com\/wp-content\/uploads\/2025\/06\/COVER-iiikerulet.jpg\" \/>\n<meta name=\"author\" content=\"todoadmin\" \/>\n<meta name=\"twitter:card\" content=\"summary_large_image\" \/>\n<meta name=\"twitter:label1\" content=\"Szerz\u0151:\" \/>\n\t<meta name=\"twitter:data1\" content=\"todoadmin\" \/>\n\t<meta name=\"twitter:label2\" content=\"Becs\u00fclt olvas\u00e1si id\u0151\" \/>\n\t<meta name=\"twitter:data2\" content=\"7 perc\" \/>\n<script type=\"application\/ld+json\" class=\"yoast-schema-graph\">{\"@context\":\"https:\/\/schema.org\",\"@graph\":[{\"@type\":\"WebPage\",\"@id\":\"https:\/\/www.todobudapest.com\/hu\/budapesti-keruletei-kozelebbrol-iii-kerulet-romai-romok-duna-parti-setak-es-rejtett-kincsek\/\",\"url\":\"https:\/\/www.todobudapest.com\/hu\/budapesti-keruletei-kozelebbrol-iii-kerulet-romai-romok-duna-parti-setak-es-rejtett-kincsek\/\",\"name\":\"Budapesti Ker\u00fcletei k\u00f6zelebbr\u0151l: III. Ker\u00fclet \u2013 R\u00f3mai Romok, Duna-parti S\u00e9t\u00e1k \u00e9s Rejtett Kincsek - To Do Budapest\",\"isPartOf\":{\"@id\":\"https:\/\/www.todobudapest.com\/#website\"},\"datePublished\":\"2025-06-11T09:26:37+00:00\",\"dateModified\":\"2025-06-11T09:33:03+00:00\",\"author\":{\"@id\":\"https:\/\/www.todobudapest.com\/#\/schema\/person\/de4e8287b713a319b6f46d729747d3eb\"},\"description\":\"A III. ker\u00fclet, m\u00e1s n\u00e9ven \u00d3buda, Budapest egyik legvar\u00e1zslatosabb \u00e9s t\u00f6rt\u00e9nelmileg leggazdagabb v\u00e1rosr\u00e9sze.\",\"breadcrumb\":{\"@id\":\"https:\/\/www.todobudapest.com\/hu\/budapesti-keruletei-kozelebbrol-iii-kerulet-romai-romok-duna-parti-setak-es-rejtett-kincsek\/#breadcrumb\"},\"inLanguage\":\"hu\",\"potentialAction\":[{\"@type\":\"ReadAction\",\"target\":[\"https:\/\/www.todobudapest.com\/hu\/budapesti-keruletei-kozelebbrol-iii-kerulet-romai-romok-duna-parti-setak-es-rejtett-kincsek\/\"]}]},{\"@type\":\"BreadcrumbList\",\"@id\":\"https:\/\/www.todobudapest.com\/hu\/budapesti-keruletei-kozelebbrol-iii-kerulet-romai-romok-duna-parti-setak-es-rejtett-kincsek\/#breadcrumb\",\"itemListElement\":[{\"@type\":\"ListItem\",\"position\":1,\"name\":\"Home\",\"item\":\"https:\/\/www.todobudapest.com\/hu\/\"},{\"@type\":\"ListItem\",\"position\":2,\"name\":\"Budapesti Ker\u00fcletei k\u00f6zelebbr\u0151l: III. Ker\u00fclet \u2013 R\u00f3mai Romok, Duna-parti S\u00e9t\u00e1k \u00e9s Rejtett Kincsek\"}]},{\"@type\":\"WebSite\",\"@id\":\"https:\/\/www.todobudapest.com\/#website\",\"url\":\"https:\/\/www.todobudapest.com\/\",\"name\":\"To Do Budapest\",\"description\":\"\",\"potentialAction\":[{\"@type\":\"SearchAction\",\"target\":{\"@type\":\"EntryPoint\",\"urlTemplate\":\"https:\/\/www.todobudapest.com\/?s={search_term_string}\"},\"query-input\":\"required name=search_term_string\"}],\"inLanguage\":\"hu\"},{\"@type\":\"Person\",\"@id\":\"https:\/\/www.todobudapest.com\/#\/schema\/person\/de4e8287b713a319b6f46d729747d3eb\",\"name\":\"todoadmin\",\"image\":{\"@type\":\"ImageObject\",\"inLanguage\":\"hu\",\"@id\":\"https:\/\/www.todobudapest.com\/#\/schema\/person\/image\/\",\"url\":\"https:\/\/secure.gravatar.com\/avatar\/c7b35cdf2ecbcae38ae3cea42de138be68173a0ac75ca4799c2374ddcf1af4da?s=96&d=mm&r=g\",\"contentUrl\":\"https:\/\/secure.gravatar.com\/avatar\/c7b35cdf2ecbcae38ae3cea42de138be68173a0ac75ca4799c2374ddcf1af4da?s=96&d=mm&r=g\",\"caption\":\"todoadmin\"},\"sameAs\":[\"http:\/\/local.todobudapest.com\"],\"url\":\"https:\/\/www.todobudapest.com\/hu\/author\/todoadmin\/\"}]}<\/script>\n<!-- \/ Yoast SEO plugin. -->","yoast_head_json":{"title":"Budapesti Ker\u00fcletei k\u00f6zelebbr\u0151l: III. Ker\u00fclet \u2013 R\u00f3mai Romok, Duna-parti S\u00e9t\u00e1k \u00e9s Rejtett Kincsek - To Do Budapest","description":"A III. ker\u00fclet, m\u00e1s n\u00e9ven \u00d3buda, Budapest egyik legvar\u00e1zslatosabb \u00e9s t\u00f6rt\u00e9nelmileg leggazdagabb v\u00e1rosr\u00e9sze.","robots":{"index":"index","follow":"follow","max-snippet":"max-snippet:-1","max-image-preview":"max-image-preview:large","max-video-preview":"max-video-preview:-1"},"canonical":"https:\/\/www.todobudapest.com\/hu\/budapesti-keruletei-kozelebbrol-iii-kerulet-romai-romok-duna-parti-setak-es-rejtett-kincsek\/","og_locale":"hu_HU","og_type":"article","og_title":"Budapesti Ker\u00fcletei k\u00f6zelebbr\u0151l: III. Ker\u00fclet \u2013 R\u00f3mai Romok, Duna-parti S\u00e9t\u00e1k \u00e9s Rejtett Kincsek","og_description":"A III. ker\u00fclet, m\u00e1s n\u00e9ven \u00d3buda, Budapest egyik legvar\u00e1zslatosabb \u00e9s t\u00f6rt\u00e9nelmileg leggazdagabb v\u00e1rosr\u00e9sze.","og_url":"https:\/\/www.todobudapest.com\/hu\/budapesti-keruletei-kozelebbrol-iii-kerulet-romai-romok-duna-parti-setak-es-rejtett-kincsek\/","og_site_name":"To Do Budapest","article_published_time":"2025-06-11T09:26:37+00:00","article_modified_time":"2025-06-11T09:33:03+00:00","og_image":[{"url":"https:\/\/www.todobudapest.com\/wp-content\/uploads\/2025\/06\/COVER-iiikerulet.jpg"}],"author":"todoadmin","twitter_card":"summary_large_image","twitter_misc":{"Szerz\u0151:":"todoadmin","Becs\u00fclt olvas\u00e1si id\u0151":"7 perc"},"schema":{"@context":"https:\/\/schema.org","@graph":[{"@type":"WebPage","@id":"https:\/\/www.todobudapest.com\/hu\/budapesti-keruletei-kozelebbrol-iii-kerulet-romai-romok-duna-parti-setak-es-rejtett-kincsek\/","url":"https:\/\/www.todobudapest.com\/hu\/budapesti-keruletei-kozelebbrol-iii-kerulet-romai-romok-duna-parti-setak-es-rejtett-kincsek\/","name":"Budapesti Ker\u00fcletei k\u00f6zelebbr\u0151l: III. Ker\u00fclet \u2013 R\u00f3mai Romok, Duna-parti S\u00e9t\u00e1k \u00e9s Rejtett Kincsek - To Do Budapest","isPartOf":{"@id":"https:\/\/www.todobudapest.com\/#website"},"datePublished":"2025-06-11T09:26:37+00:00","dateModified":"2025-06-11T09:33:03+00:00","author":{"@id":"https:\/\/www.todobudapest.com\/#\/schema\/person\/de4e8287b713a319b6f46d729747d3eb"},"description":"A III. ker\u00fclet, m\u00e1s n\u00e9ven \u00d3buda, Budapest egyik legvar\u00e1zslatosabb \u00e9s t\u00f6rt\u00e9nelmileg leggazdagabb v\u00e1rosr\u00e9sze.","breadcrumb":{"@id":"https:\/\/www.todobudapest.com\/hu\/budapesti-keruletei-kozelebbrol-iii-kerulet-romai-romok-duna-parti-setak-es-rejtett-kincsek\/#breadcrumb"},"inLanguage":"hu","potentialAction":[{"@type":"ReadAction","target":["https:\/\/www.todobudapest.com\/hu\/budapesti-keruletei-kozelebbrol-iii-kerulet-romai-romok-duna-parti-setak-es-rejtett-kincsek\/"]}]},{"@type":"BreadcrumbList","@id":"https:\/\/www.todobudapest.com\/hu\/budapesti-keruletei-kozelebbrol-iii-kerulet-romai-romok-duna-parti-setak-es-rejtett-kincsek\/#breadcrumb","itemListElement":[{"@type":"ListItem","position":1,"name":"Home","item":"https:\/\/www.todobudapest.com\/hu\/"},{"@type":"ListItem","position":2,"name":"Budapesti Ker\u00fcletei k\u00f6zelebbr\u0151l: III. Ker\u00fclet \u2013 R\u00f3mai Romok, Duna-parti S\u00e9t\u00e1k \u00e9s Rejtett Kincsek"}]},{"@type":"WebSite","@id":"https:\/\/www.todobudapest.com\/#website","url":"https:\/\/www.todobudapest.com\/","name":"To Do Budapest","description":"","potentialAction":[{"@type":"SearchAction","target":{"@type":"EntryPoint","urlTemplate":"https:\/\/www.todobudapest.com\/?s={search_term_string}"},"query-input":"required name=search_term_string"}],"inLanguage":"hu"},{"@type":"Person","@id":"https:\/\/www.todobudapest.com\/#\/schema\/person\/de4e8287b713a319b6f46d729747d3eb","name":"todoadmin","image":{"@type":"ImageObject","inLanguage":"hu","@id":"https:\/\/www.todobudapest.com\/#\/schema\/person\/image\/","url":"https:\/\/secure.gravatar.com\/avatar\/c7b35cdf2ecbcae38ae3cea42de138be68173a0ac75ca4799c2374ddcf1af4da?s=96&d=mm&r=g","contentUrl":"https:\/\/secure.gravatar.com\/avatar\/c7b35cdf2ecbcae38ae3cea42de138be68173a0ac75ca4799c2374ddcf1af4da?s=96&d=mm&r=g","caption":"todoadmin"},"sameAs":["http:\/\/local.todobudapest.com"],"url":"https:\/\/www.todobudapest.com\/hu\/author\/todoadmin\/"}]}},"_links":{"self":[{"href":"https:\/\/www.todobudapest.com\/hu\/wp-json\/wp\/v2\/posts\/3590","targetHints":{"allow":["GET"]}}],"collection":[{"href":"https:\/\/www.todobudapest.com\/hu\/wp-json\/wp\/v2\/posts"}],"about":[{"href":"https:\/\/www.todobudapest.com\/hu\/wp-json\/wp\/v2\/types\/post"}],"author":[{"embeddable":true,"href":"https:\/\/www.todobudapest.com\/hu\/wp-json\/wp\/v2\/users\/1"}],"replies":[{"embeddable":true,"href":"https:\/\/www.todobudapest.com\/hu\/wp-json\/wp\/v2\/comments?post=3590"}],"version-history":[{"count":1,"href":"https:\/\/www.todobudapest.com\/hu\/wp-json\/wp\/v2\/posts\/3590\/revisions"}],"predecessor-version":[{"id":3591,"href":"https:\/\/www.todobudapest.com\/hu\/wp-json\/wp\/v2\/posts\/3590\/revisions\/3591"}],"wp:featuredmedia":[{"embeddable":true,"href":"https:\/\/www.todobudapest.com\/hu\/wp-json\/wp\/v2\/media\/3578"}],"wp:attachment":[{"href":"https:\/\/www.todobudapest.com\/hu\/wp-json\/wp\/v2\/media?parent=3590"}],"wp:term":[{"taxonomy":"category","embeddable":true,"href":"https:\/\/www.todobudapest.com\/hu\/wp-json\/wp\/v2\/categories?post=3590"},{"taxonomy":"post_tag","embeddable":true,"href":"https:\/\/www.todobudapest.com\/hu\/wp-json\/wp\/v2\/tags?post=3590"}],"curies":[{"name":"wp","href":"https:\/\/api.w.org\/{rel}","templated":true}]}}