{"id":3403,"date":"2025-04-01T11:03:26","date_gmt":"2025-04-01T09:03:26","guid":{"rendered":"https:\/\/www.todobudapest.com\/budapest-madartavlatbol-a-legszebb-panoramak-a-varos-felett\/"},"modified":"2025-04-01T11:38:10","modified_gmt":"2025-04-01T09:38:10","slug":"budapest-madartavlatbol-a-legszebb-panoramak-a-varos-felett","status":"publish","type":"post","link":"https:\/\/www.todobudapest.com\/hu\/budapest-madartavlatbol-a-legszebb-panoramak-a-varos-felett\/","title":{"rendered":"Budapest mad\u00e1rt\u00e1vlatb\u00f3l: A legszebb panor\u00e1m\u00e1k a v\u00e1ros felett"},"content":{"rendered":"<p>Budapest a magasb\u00f3l n\u00e9zve mutatja meg igaz\u00e1n a sz\u00e9ps\u00e9g\u00e9t. A Duna kanyarulatai, a hidak, a t\u00f6rt\u00e9nelmi \u00e9p\u00fcletek \u00e9s a Budai-hegys\u00e9g vonulatai olyan l\u00e1tv\u00e1nyt ny\u00fajtanak, amely minden \u00e9vszakban leny\u0171g\u00f6z\u0151. Ha szereted a v\u00e1rosi panor\u00e1m\u00e1kat, a rejtett kil\u00e1t\u00f3pontokat vagy a fot\u00f3z\u00e1sra t\u00f6k\u00e9letes helysz\u00edneket, akkor ezeket a budapesti magaslati pontokat mindenk\u00e9pp \u00e9rdemes felkeresned.<\/p>\n<h3>Gell\u00e9rt-hegy \u2013 A klasszikus budapesti panor\u00e1ma<\/h3>\n<p>Ha Budapest ikonikus kil\u00e1t\u00f3pontj\u00e1r\u00f3l van sz\u00f3, akkor a Gell\u00e9rt-hegy az egyik els\u0151 hely, ami esz\u00fcnkbe jut. A 235 m\u00e9teres magass\u00e1g\u00e1b\u00f3l t\u00f6k\u00e9letes kil\u00e1t\u00e1s ny\u00edlik a Dun\u00e1ra, a L\u00e1nch\u00eddra, a Parlamentre \u00e9s a budai v\u00e1rnegyedre.<\/p>\n<p>A hegytet\u0151n \u00e1ll\u00f3 Citadella \u00e9s a Szabads\u00e1g-szobor t\u00f6rt\u00e9nelmi hangulatot ad a helynek, de az igazi \u00e9lm\u00e9ny az, amikor a naplemente narancsos f\u00e9nyei aranyba bor\u00edtj\u00e1k a v\u00e1rost. Ak\u00e1r egy esti s\u00e9ta, ak\u00e1r egy kora reggeli kir\u00e1ndul\u00e1s sor\u00e1n, ez a hely mindig leny\u0171g\u00f6z\u0151 l\u00e1tv\u00e1nyt ny\u00fajt.<\/p>\n<p><img decoding=\"async\" class=\"alignnone size-large wp-image-3398 aligncenter\" src=\"https:\/\/www.todobudapest.com\/wp-content\/uploads\/2025\/04\/IMG_2623-1024x640.jpg\" alt=\"\" width=\"1024\" height=\"640\" srcset=\"https:\/\/www.todobudapest.com\/wp-content\/uploads\/2025\/04\/IMG_2623-1024x640.jpg 1024w, https:\/\/www.todobudapest.com\/wp-content\/uploads\/2025\/04\/IMG_2623-300x188.jpg 300w, https:\/\/www.todobudapest.com\/wp-content\/uploads\/2025\/04\/IMG_2623-768x480.jpg 768w, https:\/\/www.todobudapest.com\/wp-content\/uploads\/2025\/04\/IMG_2623-1536x960.jpg 1536w, https:\/\/www.todobudapest.com\/wp-content\/uploads\/2025\/04\/IMG_2623-2048x1280.jpg 2048w, https:\/\/www.todobudapest.com\/wp-content\/uploads\/2025\/04\/IMG_2623-600x375.jpg 600w\" sizes=\"(max-width: 1024px) 100vw, 1024px\" \/><\/p>\n<p style=\"text-align: center;\">Photo by\u00a0<a href=\"https:\/\/www.instagram.com\/norbertlepsik\/\" target=\"_blank\" rel=\"noopener\">Norbert Lepsik<\/a><\/p>\n<h3>Hal\u00e1szb\u00e1stya \u2013 A mesebeli panor\u00e1ma<\/h3>\n<p>Ha Budapest egyik legromantikusabb kil\u00e1t\u00f3j\u00e1t keresed, akkor a Hal\u00e1szb\u00e1stya kihagyhatatlan. A neorom\u00e1n tornyok, a feh\u00e9r m\u00e9szk\u0151oszlopok \u00e9s a l\u00e9legzetel\u00e1ll\u00edt\u00f3 kil\u00e1t\u00e1s egyed\u00fcl\u00e1ll\u00f3 hangulatot teremtenek. Innen a Parlament \u00e9p\u00fclete \u00e9s a Duna panor\u00e1m\u00e1ja a legszebb.<\/p>\n<p>B\u00e1r a turist\u00e1k egyik kedvenc c\u00e9lpontja, ha hajnalban vagy k\u00e9s\u0151 este l\u00e1togatsz el ide, elker\u00fclheted a nagy t\u00f6meget, \u00e9s nyugodtan \u00e9lvezheted a kil\u00e1t\u00e1st.<\/p>\n<p><img decoding=\"async\" class=\"size-large wp-image-3394 aligncenter\" src=\"https:\/\/www.todobudapest.com\/wp-content\/uploads\/2025\/04\/IMG_2289-1024x640.jpg\" alt=\"\" width=\"1024\" height=\"640\" srcset=\"https:\/\/www.todobudapest.com\/wp-content\/uploads\/2025\/04\/IMG_2289-1024x640.jpg 1024w, https:\/\/www.todobudapest.com\/wp-content\/uploads\/2025\/04\/IMG_2289-300x187.jpg 300w, https:\/\/www.todobudapest.com\/wp-content\/uploads\/2025\/04\/IMG_2289-768x480.jpg 768w, https:\/\/www.todobudapest.com\/wp-content\/uploads\/2025\/04\/IMG_2289-1536x960.jpg 1536w, https:\/\/www.todobudapest.com\/wp-content\/uploads\/2025\/04\/IMG_2289-2048x1280.jpg 2048w, https:\/\/www.todobudapest.com\/wp-content\/uploads\/2025\/04\/IMG_2289-600x375.jpg 600w\" sizes=\"(max-width: 1024px) 100vw, 1024px\" \/><\/p>\n<p style=\"text-align: center;\">Photo by\u00a0<a href=\"https:\/\/www.instagram.com\/norbertlepsik\/\" target=\"_blank\" rel=\"noopener\">Norbert Lepsik<\/a><\/p>\n<h3>Szent Istv\u00e1n Bazilika kupol\u00e1ja \u2013 A belv\u00e1ros tetej\u00e9n<\/h3>\n<p>Ha Budapest belv\u00e1ros\u00e1nak tet\u0151i f\u00f6l\u00e9 szeretn\u00e9l emelkedni, akkor a Szent Istv\u00e1n Bazilika kupol\u00e1ja t\u00f6k\u00e9letes v\u00e1laszt\u00e1s. A 364 l\u00e9pcs\u0151fok (vagy a lift) megm\u00e1sz\u00e1sa ut\u00e1n egy 360 fokos panor\u00e1ma t\u00e1rul el\u00e9d. A kupola kil\u00e1t\u00f3j\u00e1b\u00f3l a Nagyk\u00f6r\u00fat, a Parlament \u00e9s a budai dombok is j\u00f3l l\u00e1that\u00f3k.<\/p>\n<p>A bazilika tetej\u00e9r\u0151l a v\u00e1ros egy teljesen \u00faj arc\u00e1t mutatja meg \u2013 \u00e9rdemes egy napos d\u00e9lut\u00e1n vagy az esti f\u00e9nyekben megcsod\u00e1lni.<\/p>\n<p><img decoding=\"async\" class=\"size-large wp-image-3390 aligncenter\" src=\"https:\/\/www.todobudapest.com\/wp-content\/uploads\/2025\/04\/20211121_152548-1024x640.jpg\" alt=\"\" width=\"1024\" height=\"640\" srcset=\"https:\/\/www.todobudapest.com\/wp-content\/uploads\/2025\/04\/20211121_152548-1024x640.jpg 1024w, https:\/\/www.todobudapest.com\/wp-content\/uploads\/2025\/04\/20211121_152548-300x188.jpg 300w, https:\/\/www.todobudapest.com\/wp-content\/uploads\/2025\/04\/20211121_152548-768x480.jpg 768w, https:\/\/www.todobudapest.com\/wp-content\/uploads\/2025\/04\/20211121_152548-1536x960.jpg 1536w, https:\/\/www.todobudapest.com\/wp-content\/uploads\/2025\/04\/20211121_152548-2048x1280.jpg 2048w, https:\/\/www.todobudapest.com\/wp-content\/uploads\/2025\/04\/20211121_152548-600x375.jpg 600w\" sizes=\"(max-width: 1024px) 100vw, 1024px\" \/><\/p>\n<p style=\"text-align: center;\">Photo by\u00a0<a href=\"https:\/\/www.instagram.com\/norbertlepsik\/\" target=\"_blank\" rel=\"noopener\">Norbert Lepsik<\/a><\/p>\n<h3>Erzs\u00e9bet-kil\u00e1t\u00f3 \u2013 A term\u00e9szet \u00f6lel\u00e9s\u00e9ben<\/h3>\n<p>Ha egy kis kir\u00e1ndul\u00e1ssal is \u00f6sszek\u00f6tn\u00e9d a panor\u00e1man\u00e9z\u00e9st, akkor az Erzs\u00e9bet-kil\u00e1t\u00f3 a J\u00e1nos-hegyen t\u00f6k\u00e9letes c\u00e9lpont. Budapest legmagasabb pontj\u00e1n, 527 m\u00e9teres tengerszint feletti magass\u00e1gban \u00e1ll ez a gy\u00f6ny\u00f6r\u0171 k\u0151torony, ahonnan tiszta id\u0151ben m\u00e9g a Pilis \u00e9s a M\u00e1tra vonulatai is l\u00e1tszanak.<\/p>\n<p>A kil\u00e1t\u00f3hoz vezet\u0151 \u00fat is \u00e9lm\u00e9ny: v\u00e1laszthatod a Libeg\u0151t, vagy egy kellemes t\u00far\u00e1val is megk\u00f6zel\u00edtheted. Ak\u00e1rhogy is d\u00f6ntesz, a cs\u00facson r\u00e1d v\u00e1r\u00f3 panor\u00e1ma minden f\u00e1rads\u00e1got meg\u00e9r!<\/p>\n<p><img decoding=\"async\" class=\"size-large wp-image-3388 aligncenter\" src=\"https:\/\/www.todobudapest.com\/wp-content\/uploads\/2025\/04\/20180531_190041-1024x640.jpg\" alt=\"\" width=\"1024\" height=\"640\" srcset=\"https:\/\/www.todobudapest.com\/wp-content\/uploads\/2025\/04\/20180531_190041-1024x640.jpg 1024w, https:\/\/www.todobudapest.com\/wp-content\/uploads\/2025\/04\/20180531_190041-300x188.jpg 300w, https:\/\/www.todobudapest.com\/wp-content\/uploads\/2025\/04\/20180531_190041-768x480.jpg 768w, https:\/\/www.todobudapest.com\/wp-content\/uploads\/2025\/04\/20180531_190041-1536x960.jpg 1536w, https:\/\/www.todobudapest.com\/wp-content\/uploads\/2025\/04\/20180531_190041-2048x1280.jpg 2048w, https:\/\/www.todobudapest.com\/wp-content\/uploads\/2025\/04\/20180531_190041-600x375.jpg 600w\" sizes=\"(max-width: 1024px) 100vw, 1024px\" \/><\/p>\n<p style=\"text-align: center;\">Photo by\u00a0<a href=\"https:\/\/www.instagram.com\/norbertlepsik\/\" target=\"_blank\" rel=\"noopener\">Norbert Lepsik<\/a><\/p>\n<h3>M\u00e1ria Magdolna-torony \u2013 Egy elfeledett kil\u00e1t\u00f3 a V\u00e1rnegyedben<\/h3>\n<p>A budai V\u00e1rnegyed egyik kev\u00e9sb\u00e9 ismert, de csod\u00e1s kil\u00e1t\u00e1st ny\u00fajt\u00f3 helysz\u00edne a M\u00e1ria Magdolna-templom tornya. Ez az egykori g\u00f3tikus templom a XIII. sz\u00e1zadban \u00e9p\u00fclt, de m\u00e1ra csak a tornya maradt meg. A fel\u00faj\u00edtott kil\u00e1t\u00f3pont 360 fokos panor\u00e1m\u00e1t k\u00edn\u00e1l a Budai V\u00e1rra \u00e9s k\u00f6rnyezet\u00e9re.<\/p>\n<p>Mivel kev\u00e9sb\u00e9 ismert, mint p\u00e9ld\u00e1ul a Hal\u00e1szb\u00e1stya, itt elker\u00fclheted a nagy t\u00f6meget, \u00e9s nyugodtan \u00e9lvezheted a kil\u00e1t\u00e1st.<\/p>\n<p><img decoding=\"async\" class=\"size-large wp-image-3392 aligncenter\" src=\"https:\/\/www.todobudapest.com\/wp-content\/uploads\/2025\/04\/IMG_1886-1024x640.jpg\" alt=\"\" width=\"1024\" height=\"640\" srcset=\"https:\/\/www.todobudapest.com\/wp-content\/uploads\/2025\/04\/IMG_1886-1024x640.jpg 1024w, https:\/\/www.todobudapest.com\/wp-content\/uploads\/2025\/04\/IMG_1886-300x187.jpg 300w, https:\/\/www.todobudapest.com\/wp-content\/uploads\/2025\/04\/IMG_1886-768x480.jpg 768w, https:\/\/www.todobudapest.com\/wp-content\/uploads\/2025\/04\/IMG_1886-1536x960.jpg 1536w, https:\/\/www.todobudapest.com\/wp-content\/uploads\/2025\/04\/IMG_1886-2048x1280.jpg 2048w, https:\/\/www.todobudapest.com\/wp-content\/uploads\/2025\/04\/IMG_1886-600x375.jpg 600w\" sizes=\"(max-width: 1024px) 100vw, 1024px\" \/><\/p>\n<p style=\"text-align: center;\">Photo by\u00a0<a href=\"https:\/\/www.instagram.com\/norbertlepsik\/\" target=\"_blank\" rel=\"noopener\">Norbert Lepsik<\/a><\/p>\n<h3>Buda V\u00e1r kupol\u00e1ja \u2013 Egy kir\u00e1lyi n\u00e9z\u0151pont<\/h3>\n<p>A Budav\u00e1ri Palota kupol\u00e1ja az egyik legjobb hely, ha a Duna t\u00fals\u00f3 partj\u00e1n fekv\u0151 Pest l\u00e1tk\u00e9p\u00e9t szeretn\u00e9d megcsod\u00e1lni. A kupola a Magyar Nemzeti Gal\u00e9ria \u00e9p\u00fclet\u00e9hez tartozik, \u00e9s csak bizonyos id\u0151szakokban l\u00e1togathat\u00f3, de ha siker\u00fcl feljutnod, akkor eg\u00e9szen a Bazilik\u00e1ig \u00e9s a Parlamentig ell\u00e1thatsz.<\/p>\n<p>Ez a kil\u00e1t\u00f3 nemcsak a panor\u00e1ma miatt k\u00fcl\u00f6nleges, hanem az\u00e9rt is, mert a magyar t\u00f6rt\u00e9nelem egyik legfontosabb helysz\u00edn\u00e9n \u00e1llhatsz.<\/p>\n<p><img decoding=\"async\" class=\"size-large wp-image-3400 aligncenter\" src=\"https:\/\/www.todobudapest.com\/wp-content\/uploads\/2025\/04\/IMG_2666-1024x640.jpg\" alt=\"\" width=\"1024\" height=\"640\" srcset=\"https:\/\/www.todobudapest.com\/wp-content\/uploads\/2025\/04\/IMG_2666-1024x640.jpg 1024w, https:\/\/www.todobudapest.com\/wp-content\/uploads\/2025\/04\/IMG_2666-300x188.jpg 300w, https:\/\/www.todobudapest.com\/wp-content\/uploads\/2025\/04\/IMG_2666-768x480.jpg 768w, https:\/\/www.todobudapest.com\/wp-content\/uploads\/2025\/04\/IMG_2666-1536x960.jpg 1536w, https:\/\/www.todobudapest.com\/wp-content\/uploads\/2025\/04\/IMG_2666-2048x1280.jpg 2048w, https:\/\/www.todobudapest.com\/wp-content\/uploads\/2025\/04\/IMG_2666-600x375.jpg 600w\" sizes=\"(max-width: 1024px) 100vw, 1024px\" \/><\/p>\n<p style=\"text-align: center;\">Photo by\u00a0<a href=\"https:\/\/www.instagram.com\/norbertlepsik\/\" target=\"_blank\" rel=\"noopener\">Norbert Lepsik<\/a><\/p>\n<h3>Moln\u00e1r J\u00e1nos-barlang kil\u00e1t\u00f3 \u2013 Egy meglep\u0151 rejtett gy\u00f6ngyszem<\/h3>\n<p>A Luk\u00e1cs F\u00fcrd\u0151 k\u00f6zel\u00e9ben tal\u00e1lhat\u00f3 Moln\u00e1r J\u00e1nos-barlang feletti kil\u00e1t\u00f3hely egy kev\u00e9ss\u00e9 ismert, de l\u00e1tv\u00e1nyos pontja Budapestnek. Egyed\u00fcl\u00e1ll\u00f3 m\u00f3don \u00f6tv\u00f6zi a term\u00e9szetet \u00e9s a v\u00e1rosi panor\u00e1m\u00e1t, hiszen innen a Margitszigetre \u00e9s a Dun\u00e1ra ny\u00edl\u00f3 kil\u00e1t\u00e1s mellett egy h\u00edres v\u00edz alatti barlangrendszert is felfedezhetsz.<\/p>\n<p>Ha valami igaz\u00e1n k\u00fcl\u00f6nleges helyet keresel, ahol nyugalomban \u00e9lvezheted Budapest l\u00e1tv\u00e1ny\u00e1t, akkor ezt \u00e9rdemes felkeresni.<\/p>\n<p>Budapest l\u00e1tv\u00e1nya a magasb\u00f3l mindig \u00faj \u00e9lm\u00e9nyt ny\u00fajt \u2013 ak\u00e1r a klasszikus Gell\u00e9rt-hegyr\u0151l, ak\u00e1r egy rejtett toronyb\u00f3l, ak\u00e1r egy hegyi kil\u00e1t\u00f3b\u00f3l n\u00e9zed. Minden \u00e9vszakban \u00e9s napszakban m\u00e1s arc\u00e1t mutatja a v\u00e1ros, de ha igaz\u00e1n k\u00fcl\u00f6nleges pillanatokat szeretn\u00e9l elkapni, akkor napfelkeltekor vagy naplementekor \u00e9rdemes felkeresni ezeket a pontokat.<\/p>\n<p>Legyen sz\u00f3 egy romantikus pillanatr\u00f3l, egy fot\u00f3s t\u00far\u00e1r\u00f3l vagy egy nyugodt v\u00e1rosi s\u00e9t\u00e1r\u00f3l, Budapest mad\u00e1rt\u00e1vlatb\u00f3l mindig leny\u0171g\u00f6z\u0151!<\/p>\n<p>&nbsp;<\/p>\n","protected":false},"excerpt":{"rendered":"<p>Budapest a magasb\u00f3l n\u00e9zve mutatja meg igaz\u00e1n a sz\u00e9ps\u00e9g\u00e9t. A Duna kanyarulatai, a hidak, a t\u00f6rt\u00e9nelmi \u00e9p\u00fcletek \u00e9s a Budai-hegys\u00e9g vonulatai olyan l\u00e1tv\u00e1nyt ny\u00fajtanak, amely minden \u00e9vszakban leny\u0171g\u00f6z\u0151. Ha szereted a v\u00e1rosi panor\u00e1m\u00e1kat, a rejtett kil\u00e1t\u00f3pontokat vagy a fot\u00f3z\u00e1sra t\u00f6k\u00e9letes helysz\u00edneket, akkor ezeket a budapesti magaslati pontokat mindenk\u00e9pp \u00e9rdemes felkeresned. Gell\u00e9rt-hegy \u2013 A klasszikus budapesti [&hellip;]<\/p>\n","protected":false},"author":1,"featured_media":3397,"comment_status":"closed","ping_status":"closed","sticky":false,"template":"","format":"standard","meta":{"footnotes":""},"categories":[16],"tags":[],"class_list":["post-3403","post","type-post","status-publish","format-standard","has-post-thumbnail","hentry","category-uncategorized-hu"],"acf":[],"yoast_head":"<!-- This site is optimized with the Yoast SEO plugin v20.3 - https:\/\/yoast.com\/wordpress\/plugins\/seo\/ -->\n<title>Budapest mad\u00e1rt\u00e1vlatb\u00f3l: A legszebb panor\u00e1m\u00e1k a v\u00e1ros felett - To Do Budapest<\/title>\n<meta name=\"description\" content=\"Budapest l\u00e1tv\u00e1nya a magasb\u00f3l mindig \u00faj \u00e9lm\u00e9nyt ny\u00fajt \u2013 ak\u00e1r a klasszikus Gell\u00e9rt-hegyr\u0151l, ak\u00e1r egy rejtett toronyb\u00f3l, ak\u00e1r egy hegyi kil\u00e1t\u00f3b\u00f3l n\u00e9zed.\" \/>\n<meta name=\"robots\" content=\"index, follow, max-snippet:-1, max-image-preview:large, max-video-preview:-1\" \/>\n<link rel=\"canonical\" href=\"https:\/\/www.todobudapest.com\/hu\/budapest-madartavlatbol-a-legszebb-panoramak-a-varos-felett\/\" \/>\n<meta property=\"og:locale\" content=\"hu_HU\" \/>\n<meta property=\"og:type\" content=\"article\" \/>\n<meta property=\"og:title\" content=\"Budapest mad\u00e1rt\u00e1vlatb\u00f3l: A legszebb panor\u00e1m\u00e1k a v\u00e1ros felett\" \/>\n<meta property=\"og:description\" content=\"Budapest l\u00e1tv\u00e1nya a magasb\u00f3l mindig \u00faj \u00e9lm\u00e9nyt ny\u00fajt \u2013 ak\u00e1r a klasszikus Gell\u00e9rt-hegyr\u0151l, ak\u00e1r egy rejtett toronyb\u00f3l, ak\u00e1r egy hegyi kil\u00e1t\u00f3b\u00f3l n\u00e9zed.\" \/>\n<meta property=\"og:url\" content=\"https:\/\/www.todobudapest.com\/hu\/budapest-madartavlatbol-a-legszebb-panoramak-a-varos-felett\/\" \/>\n<meta property=\"og:site_name\" content=\"To Do Budapest\" \/>\n<meta property=\"article:published_time\" content=\"2025-04-01T09:03:26+00:00\" \/>\n<meta property=\"article:modified_time\" content=\"2025-04-01T09:38:10+00:00\" \/>\n<meta property=\"og:image\" content=\"https:\/\/www.todobudapest.com\/wp-content\/uploads\/2025\/04\/IMG_2300-1024x640.jpg\" \/>\n<meta name=\"author\" content=\"todoadmin\" \/>\n<meta name=\"twitter:card\" content=\"summary_large_image\" \/>\n<meta name=\"twitter:label1\" content=\"Szerz\u0151:\" \/>\n\t<meta name=\"twitter:data1\" content=\"todoadmin\" \/>\n\t<meta name=\"twitter:label2\" content=\"Becs\u00fclt olvas\u00e1si id\u0151\" \/>\n\t<meta name=\"twitter:data2\" content=\"4 perc\" \/>\n<script type=\"application\/ld+json\" class=\"yoast-schema-graph\">{\"@context\":\"https:\/\/schema.org\",\"@graph\":[{\"@type\":\"WebPage\",\"@id\":\"https:\/\/www.todobudapest.com\/hu\/budapest-madartavlatbol-a-legszebb-panoramak-a-varos-felett\/\",\"url\":\"https:\/\/www.todobudapest.com\/hu\/budapest-madartavlatbol-a-legszebb-panoramak-a-varos-felett\/\",\"name\":\"Budapest mad\u00e1rt\u00e1vlatb\u00f3l: A legszebb panor\u00e1m\u00e1k a v\u00e1ros felett - To Do Budapest\",\"isPartOf\":{\"@id\":\"https:\/\/www.todobudapest.com\/#website\"},\"datePublished\":\"2025-04-01T09:03:26+00:00\",\"dateModified\":\"2025-04-01T09:38:10+00:00\",\"author\":{\"@id\":\"https:\/\/www.todobudapest.com\/#\/schema\/person\/de4e8287b713a319b6f46d729747d3eb\"},\"description\":\"Budapest l\u00e1tv\u00e1nya a magasb\u00f3l mindig \u00faj \u00e9lm\u00e9nyt ny\u00fajt \u2013 ak\u00e1r a klasszikus Gell\u00e9rt-hegyr\u0151l, ak\u00e1r egy rejtett toronyb\u00f3l, ak\u00e1r egy hegyi kil\u00e1t\u00f3b\u00f3l n\u00e9zed.\",\"breadcrumb\":{\"@id\":\"https:\/\/www.todobudapest.com\/hu\/budapest-madartavlatbol-a-legszebb-panoramak-a-varos-felett\/#breadcrumb\"},\"inLanguage\":\"hu\",\"potentialAction\":[{\"@type\":\"ReadAction\",\"target\":[\"https:\/\/www.todobudapest.com\/hu\/budapest-madartavlatbol-a-legszebb-panoramak-a-varos-felett\/\"]}]},{\"@type\":\"BreadcrumbList\",\"@id\":\"https:\/\/www.todobudapest.com\/hu\/budapest-madartavlatbol-a-legszebb-panoramak-a-varos-felett\/#breadcrumb\",\"itemListElement\":[{\"@type\":\"ListItem\",\"position\":1,\"name\":\"Home\",\"item\":\"https:\/\/www.todobudapest.com\/hu\/\"},{\"@type\":\"ListItem\",\"position\":2,\"name\":\"Budapest mad\u00e1rt\u00e1vlatb\u00f3l: A legszebb panor\u00e1m\u00e1k a v\u00e1ros felett\"}]},{\"@type\":\"WebSite\",\"@id\":\"https:\/\/www.todobudapest.com\/#website\",\"url\":\"https:\/\/www.todobudapest.com\/\",\"name\":\"To Do Budapest\",\"description\":\"\",\"potentialAction\":[{\"@type\":\"SearchAction\",\"target\":{\"@type\":\"EntryPoint\",\"urlTemplate\":\"https:\/\/www.todobudapest.com\/?s={search_term_string}\"},\"query-input\":\"required name=search_term_string\"}],\"inLanguage\":\"hu\"},{\"@type\":\"Person\",\"@id\":\"https:\/\/www.todobudapest.com\/#\/schema\/person\/de4e8287b713a319b6f46d729747d3eb\",\"name\":\"todoadmin\",\"image\":{\"@type\":\"ImageObject\",\"inLanguage\":\"hu\",\"@id\":\"https:\/\/www.todobudapest.com\/#\/schema\/person\/image\/\",\"url\":\"https:\/\/secure.gravatar.com\/avatar\/c7b35cdf2ecbcae38ae3cea42de138be68173a0ac75ca4799c2374ddcf1af4da?s=96&d=mm&r=g\",\"contentUrl\":\"https:\/\/secure.gravatar.com\/avatar\/c7b35cdf2ecbcae38ae3cea42de138be68173a0ac75ca4799c2374ddcf1af4da?s=96&d=mm&r=g\",\"caption\":\"todoadmin\"},\"sameAs\":[\"http:\/\/local.todobudapest.com\"],\"url\":\"https:\/\/www.todobudapest.com\/hu\/author\/todoadmin\/\"}]}<\/script>\n<!-- \/ Yoast SEO plugin. -->","yoast_head_json":{"title":"Budapest mad\u00e1rt\u00e1vlatb\u00f3l: A legszebb panor\u00e1m\u00e1k a v\u00e1ros felett - To Do Budapest","description":"Budapest l\u00e1tv\u00e1nya a magasb\u00f3l mindig \u00faj \u00e9lm\u00e9nyt ny\u00fajt \u2013 ak\u00e1r a klasszikus Gell\u00e9rt-hegyr\u0151l, ak\u00e1r egy rejtett toronyb\u00f3l, ak\u00e1r egy hegyi kil\u00e1t\u00f3b\u00f3l n\u00e9zed.","robots":{"index":"index","follow":"follow","max-snippet":"max-snippet:-1","max-image-preview":"max-image-preview:large","max-video-preview":"max-video-preview:-1"},"canonical":"https:\/\/www.todobudapest.com\/hu\/budapest-madartavlatbol-a-legszebb-panoramak-a-varos-felett\/","og_locale":"hu_HU","og_type":"article","og_title":"Budapest mad\u00e1rt\u00e1vlatb\u00f3l: A legszebb panor\u00e1m\u00e1k a v\u00e1ros felett","og_description":"Budapest l\u00e1tv\u00e1nya a magasb\u00f3l mindig \u00faj \u00e9lm\u00e9nyt ny\u00fajt \u2013 ak\u00e1r a klasszikus Gell\u00e9rt-hegyr\u0151l, ak\u00e1r egy rejtett toronyb\u00f3l, ak\u00e1r egy hegyi kil\u00e1t\u00f3b\u00f3l n\u00e9zed.","og_url":"https:\/\/www.todobudapest.com\/hu\/budapest-madartavlatbol-a-legszebb-panoramak-a-varos-felett\/","og_site_name":"To Do Budapest","article_published_time":"2025-04-01T09:03:26+00:00","article_modified_time":"2025-04-01T09:38:10+00:00","og_image":[{"url":"https:\/\/www.todobudapest.com\/wp-content\/uploads\/2025\/04\/IMG_2300-1024x640.jpg"}],"author":"todoadmin","twitter_card":"summary_large_image","twitter_misc":{"Szerz\u0151:":"todoadmin","Becs\u00fclt olvas\u00e1si id\u0151":"4 perc"},"schema":{"@context":"https:\/\/schema.org","@graph":[{"@type":"WebPage","@id":"https:\/\/www.todobudapest.com\/hu\/budapest-madartavlatbol-a-legszebb-panoramak-a-varos-felett\/","url":"https:\/\/www.todobudapest.com\/hu\/budapest-madartavlatbol-a-legszebb-panoramak-a-varos-felett\/","name":"Budapest mad\u00e1rt\u00e1vlatb\u00f3l: A legszebb panor\u00e1m\u00e1k a v\u00e1ros felett - To Do Budapest","isPartOf":{"@id":"https:\/\/www.todobudapest.com\/#website"},"datePublished":"2025-04-01T09:03:26+00:00","dateModified":"2025-04-01T09:38:10+00:00","author":{"@id":"https:\/\/www.todobudapest.com\/#\/schema\/person\/de4e8287b713a319b6f46d729747d3eb"},"description":"Budapest l\u00e1tv\u00e1nya a magasb\u00f3l mindig \u00faj \u00e9lm\u00e9nyt ny\u00fajt \u2013 ak\u00e1r a klasszikus Gell\u00e9rt-hegyr\u0151l, ak\u00e1r egy rejtett toronyb\u00f3l, ak\u00e1r egy hegyi kil\u00e1t\u00f3b\u00f3l n\u00e9zed.","breadcrumb":{"@id":"https:\/\/www.todobudapest.com\/hu\/budapest-madartavlatbol-a-legszebb-panoramak-a-varos-felett\/#breadcrumb"},"inLanguage":"hu","potentialAction":[{"@type":"ReadAction","target":["https:\/\/www.todobudapest.com\/hu\/budapest-madartavlatbol-a-legszebb-panoramak-a-varos-felett\/"]}]},{"@type":"BreadcrumbList","@id":"https:\/\/www.todobudapest.com\/hu\/budapest-madartavlatbol-a-legszebb-panoramak-a-varos-felett\/#breadcrumb","itemListElement":[{"@type":"ListItem","position":1,"name":"Home","item":"https:\/\/www.todobudapest.com\/hu\/"},{"@type":"ListItem","position":2,"name":"Budapest mad\u00e1rt\u00e1vlatb\u00f3l: A legszebb panor\u00e1m\u00e1k a v\u00e1ros felett"}]},{"@type":"WebSite","@id":"https:\/\/www.todobudapest.com\/#website","url":"https:\/\/www.todobudapest.com\/","name":"To Do Budapest","description":"","potentialAction":[{"@type":"SearchAction","target":{"@type":"EntryPoint","urlTemplate":"https:\/\/www.todobudapest.com\/?s={search_term_string}"},"query-input":"required name=search_term_string"}],"inLanguage":"hu"},{"@type":"Person","@id":"https:\/\/www.todobudapest.com\/#\/schema\/person\/de4e8287b713a319b6f46d729747d3eb","name":"todoadmin","image":{"@type":"ImageObject","inLanguage":"hu","@id":"https:\/\/www.todobudapest.com\/#\/schema\/person\/image\/","url":"https:\/\/secure.gravatar.com\/avatar\/c7b35cdf2ecbcae38ae3cea42de138be68173a0ac75ca4799c2374ddcf1af4da?s=96&d=mm&r=g","contentUrl":"https:\/\/secure.gravatar.com\/avatar\/c7b35cdf2ecbcae38ae3cea42de138be68173a0ac75ca4799c2374ddcf1af4da?s=96&d=mm&r=g","caption":"todoadmin"},"sameAs":["http:\/\/local.todobudapest.com"],"url":"https:\/\/www.todobudapest.com\/hu\/author\/todoadmin\/"}]}},"_links":{"self":[{"href":"https:\/\/www.todobudapest.com\/hu\/wp-json\/wp\/v2\/posts\/3403","targetHints":{"allow":["GET"]}}],"collection":[{"href":"https:\/\/www.todobudapest.com\/hu\/wp-json\/wp\/v2\/posts"}],"about":[{"href":"https:\/\/www.todobudapest.com\/hu\/wp-json\/wp\/v2\/types\/post"}],"author":[{"embeddable":true,"href":"https:\/\/www.todobudapest.com\/hu\/wp-json\/wp\/v2\/users\/1"}],"replies":[{"embeddable":true,"href":"https:\/\/www.todobudapest.com\/hu\/wp-json\/wp\/v2\/comments?post=3403"}],"version-history":[{"count":1,"href":"https:\/\/www.todobudapest.com\/hu\/wp-json\/wp\/v2\/posts\/3403\/revisions"}],"predecessor-version":[{"id":3404,"href":"https:\/\/www.todobudapest.com\/hu\/wp-json\/wp\/v2\/posts\/3403\/revisions\/3404"}],"wp:featuredmedia":[{"embeddable":true,"href":"https:\/\/www.todobudapest.com\/hu\/wp-json\/wp\/v2\/media\/3397"}],"wp:attachment":[{"href":"https:\/\/www.todobudapest.com\/hu\/wp-json\/wp\/v2\/media?parent=3403"}],"wp:term":[{"taxonomy":"category","embeddable":true,"href":"https:\/\/www.todobudapest.com\/hu\/wp-json\/wp\/v2\/categories?post=3403"},{"taxonomy":"post_tag","embeddable":true,"href":"https:\/\/www.todobudapest.com\/hu\/wp-json\/wp\/v2\/tags?post=3403"}],"curies":[{"name":"wp","href":"https:\/\/api.w.org\/{rel}","templated":true}]}}