{"id":3320,"date":"2025-03-27T15:50:15","date_gmt":"2025-03-27T14:50:15","guid":{"rendered":"https:\/\/www.todobudapest.com\/budapesti-tavaszi-kalauz-a-legjobb-helyek-ahol-igazan-atelheted-a-tavasz-varazsat\/"},"modified":"2025-03-27T16:01:05","modified_gmt":"2025-03-27T15:01:05","slug":"budapesti-tavaszi-kalauz-a-legjobb-helyek-ahol-igazan-atelheted-a-tavasz-varazsat","status":"publish","type":"post","link":"https:\/\/www.todobudapest.com\/hu\/budapesti-tavaszi-kalauz-a-legjobb-helyek-ahol-igazan-atelheted-a-tavasz-varazsat\/","title":{"rendered":"Budapesti tavaszi kalauz: A legjobb helyek, ahol igaz\u00e1n \u00e1t\u00e9lheted a tavasz var\u00e1zs\u00e1t"},"content":{"rendered":"<p>Ahogy a t\u00e9l elm\u00falik, Budapest igazi tavaszi pomp\u00e1ba borul. A parkok vir\u00e1gba borulnak, az utc\u00e1k megtelnek \u00e9lettel \u00e9s naps\u00fct\u00e9ssel, \u00e9s az emberek \u00fajra ki\u00fclnek a teraszokra, piacokra \u00e9s foly\u00f3partokra, hogy \u00e9lvezz\u00e9k a term\u00e9szet \u00e9bred\u00e9s\u00e9t. A tavasz Budapesten egyszerre izgalmas \u00e9s meghitt \u2013 a v\u00e1ros tele van b\u00e1jos s\u00e9t\u00e1l\u00f3helyekkel, hangulatos k\u00e1v\u00e9z\u00f3kkal \u00e9s friss szezon\u00e1lis finoms\u00e1gokkal.<\/p>\n<p>Ha k\u00edv\u00e1ncsi vagy, melyek a legszebb vir\u00e1gz\u00f3 parkok, a legjobb k\u00fclt\u00e9ri teraszok, vagy \u00e9ppen a leg\u00edzletesebb tavaszi piacok, akkor ez a budapesti tavaszi \u00fatmutat\u00f3 neked sz\u00f3l!<\/p>\n<h3>Budapest vir\u00e1gz\u00f3 parkjai<\/h3>\n<p>A tavaszi Budapest egyik legvar\u00e1zslatosabb l\u00e1tv\u00e1nya a vir\u00e1gz\u00f3 f\u00e1k \u00e9s parkok. A cseresznyef\u00e1k r\u00f3zsasz\u00edn \u00e1rnyalatokba \u00f6lt\u00f6ztetik a v\u00e1rost, m\u00edg a magn\u00f3li\u00e1k \u00e9s tulip\u00e1nok sz\u00ednt visznek a v\u00e1rosi t\u00e1jba. Ha szeretsz s\u00e9t\u00e1lni, piknikezni vagy egyszer\u0171en csak \u00e9lvezni a term\u00e9szet sz\u00e9ps\u00e9g\u00e9t, Budapest sz\u00e1mos helyet k\u00edn\u00e1l, ahol teljes pomp\u00e1j\u00e1ban \u00e9lvezheted a tavasz \u00e9bred\u00e9s\u00e9t.<\/p>\n<p><img decoding=\"async\" class=\"size-large wp-image-3311 aligncenter\" src=\"https:\/\/www.todobudapest.com\/wp-content\/uploads\/2025\/03\/DCIM_122APPLE_IMG_2039-1024x768.jpg\" alt=\"\" width=\"1024\" height=\"768\" srcset=\"https:\/\/www.todobudapest.com\/wp-content\/uploads\/2025\/03\/DCIM_122APPLE_IMG_2039-1024x768.jpg 1024w, https:\/\/www.todobudapest.com\/wp-content\/uploads\/2025\/03\/DCIM_122APPLE_IMG_2039-300x225.jpg 300w, https:\/\/www.todobudapest.com\/wp-content\/uploads\/2025\/03\/DCIM_122APPLE_IMG_2039-768x576.jpg 768w, https:\/\/www.todobudapest.com\/wp-content\/uploads\/2025\/03\/DCIM_122APPLE_IMG_2039-1536x1152.jpg 1536w, https:\/\/www.todobudapest.com\/wp-content\/uploads\/2025\/03\/DCIM_122APPLE_IMG_2039-2048x1536.jpg 2048w, https:\/\/www.todobudapest.com\/wp-content\/uploads\/2025\/03\/DCIM_122APPLE_IMG_2039-600x450.jpg 600w\" sizes=\"(max-width: 1024px) 100vw, 1024px\" \/><\/p>\n<p style=\"text-align: center;\">F\u00fcv\u00e9szkert &#8211; fot\u00f3: <a href=\"https:\/\/www.instagram.com\/norbertlepsik\/\" target=\"_blank\" rel=\"noopener\">@norbertlepsik<\/a><\/p>\n<ul>\n<li style=\"font-weight: 400;\" aria-level=\"1\"><span style=\"font-weight: 400;\">F\u00fcv\u00e9szkert \u2013 Az ELTE Botanikus Kertje Budapest egyik legszebb tavaszi \u00fati c\u00e9lja, ahol cseresznyef\u00e1k \u00e9s egzotikus n\u00f6v\u00e9nyek k\u00f6z\u00f6tt barangolhatsz. Az \u00e9vente megrendezett Sakura \u00dcnnep pedig igazi jap\u00e1n hanami \u00e9lm\u00e9nyt k\u00edn\u00e1l.<\/span><\/li>\n<li style=\"font-weight: 400;\" aria-level=\"1\"><span style=\"font-weight: 400;\">T\u00f3th \u00c1rp\u00e1d s\u00e9t\u00e1ny \u2013 A Budai V\u00e1r egyik legromantikusabb s\u00e9t\u00e1l\u00f3utc\u00e1ja, amely hatalmas, vir\u00e1gz\u00f3 cseresznyef\u00e1kkal van szeg\u00e9lyezve.<\/span><\/li>\n<li style=\"font-weight: 400;\" aria-level=\"1\"><span style=\"font-weight: 400;\">Margitsziget \u2013 A v\u00e1ros z\u00f6ld sz\u00edve, ahol jap\u00e1nkertek, vir\u00e1g\u00e1gy\u00e1sok \u00e9s hatalmas f\u00e1k biztos\u00edtj\u00e1k a t\u00f6k\u00e9letes tavaszi hangulatot.<\/span><\/li>\n<li style=\"font-weight: 400;\" aria-level=\"1\"><span style=\"font-weight: 400;\">V\u00e1rosliget \u2013 Egy igazi \u00e9lettel teli park, ahol piknikezhetsz, cs\u00f3nak\u00e1zhatsz a tavon, vagy csak \u00e9lvezheted a Vajdahunyad v\u00e1r\u00e1nak mesebeli l\u00e1tv\u00e1ny\u00e1t.<\/span><\/li>\n<\/ul>\n<p><img decoding=\"async\" class=\"size-large wp-image-3303 aligncenter\" src=\"https:\/\/www.todobudapest.com\/wp-content\/uploads\/2025\/03\/20200316_0633000-1-1024x640.jpg\" alt=\"\" width=\"1024\" height=\"640\" srcset=\"https:\/\/www.todobudapest.com\/wp-content\/uploads\/2025\/03\/20200316_0633000-1-1024x640.jpg 1024w, https:\/\/www.todobudapest.com\/wp-content\/uploads\/2025\/03\/20200316_0633000-1-300x188.jpg 300w, https:\/\/www.todobudapest.com\/wp-content\/uploads\/2025\/03\/20200316_0633000-1-768x480.jpg 768w, https:\/\/www.todobudapest.com\/wp-content\/uploads\/2025\/03\/20200316_0633000-1-1536x960.jpg 1536w, https:\/\/www.todobudapest.com\/wp-content\/uploads\/2025\/03\/20200316_0633000-1-2048x1280.jpg 2048w, https:\/\/www.todobudapest.com\/wp-content\/uploads\/2025\/03\/20200316_0633000-1-600x375.jpg 600w\" sizes=\"(max-width: 1024px) 100vw, 1024px\" \/><\/p>\n<p style=\"text-align: center;\">Gell\u00e9rt-hegy, Budapest \u2013 fot\u00f3: <a href=\"https:\/\/www.instagram.com\/norbertlepsik\/\" target=\"_blank\" rel=\"noopener\">@norbertlepsik<\/a><\/p>\n<p><span style=\"font-weight: 400;\">Ezek a helyek garant\u00e1ltan seg\u00edtenek abban, hogy a tavasz minden pillanat\u00e1t \u00e1t\u00e9lhesd Budapesten.<\/span><\/p>\n<h3>Legjobb k\u00fclt\u00e9ri teraszok \u00e9s tavaszi k\u00e1v\u00e9z\u00f3k Budapesten<\/h3>\n<p>Ahogy bek\u00f6sz\u00f6nt a tavaszi naps\u00fct\u00e9s, nincs is jobb, mint egy k\u00e9nyelmes k\u00e1v\u00e9z\u00f3 terasz\u00e1n \u00fclve k\u00e1v\u00e9zni vagy bruncholni. Budapest tele van olyan helyekkel, ahol friss p\u00e9ks\u00fctem\u00e9nyeket, sz\u00ednes reggeliket \u00e9s min\u0151s\u00e9gi k\u00e1v\u00e9kat \u00e9lvezhetsz a szabad \u00e9g alatt.<\/p>\n<p><img decoding=\"async\" class=\"size-large wp-image-3315 aligncenter\" src=\"https:\/\/www.todobudapest.com\/wp-content\/uploads\/2025\/03\/IMG_6855-1024x683.jpg\" alt=\"\" width=\"1024\" height=\"683\" srcset=\"https:\/\/www.todobudapest.com\/wp-content\/uploads\/2025\/03\/IMG_6855-1024x683.jpg 1024w, https:\/\/www.todobudapest.com\/wp-content\/uploads\/2025\/03\/IMG_6855-300x200.jpg 300w, https:\/\/www.todobudapest.com\/wp-content\/uploads\/2025\/03\/IMG_6855-768x512.jpg 768w, https:\/\/www.todobudapest.com\/wp-content\/uploads\/2025\/03\/IMG_6855-1536x1024.jpg 1536w, https:\/\/www.todobudapest.com\/wp-content\/uploads\/2025\/03\/IMG_6855-2048x1365.jpg 2048w, https:\/\/www.todobudapest.com\/wp-content\/uploads\/2025\/03\/IMG_6855-600x400.jpg 600w\" sizes=\"(max-width: 1024px) 100vw, 1024px\" \/><\/p>\n<p style=\"text-align: center;\">LuLu Budapest \u2013 Fot\u00f3: <a href=\"https:\/\/www.instagram.com\/norbertlepsik\/\" target=\"_blank\" rel=\"noopener\">@norbertlepsik<\/a><\/p>\n<ul>\n<li style=\"font-weight: 400;\" aria-level=\"1\"><span style=\"font-weight: 400;\"><a href=\"https:\/\/www.todobudapest.com\/hu\/products\/lulu-budapest-bottomless-brunch-buda-sziveben\/\" target=\"_blank\" rel=\"noopener\">LuLu Budapest<\/a> \u2013 A v\u00e1ros egyik legtrendibb brunch helye, amely nemcsak eg\u00e9szs\u00e9ges \u00e9s l\u00e1tv\u00e1nyos fog\u00e1sokkal v\u00e1r, hanem napf\u00e9nyes terasz\u00e1val is t\u00f6k\u00e9letes tavaszi \u00fati c\u00e9l.<\/span><\/li>\n<li style=\"font-weight: 400;\" aria-level=\"1\"><span style=\"font-weight: 400;\">Gerbeaud K\u00e1v\u00e9h\u00e1z \u2013 Budapest egyik legh\u00edresebb \u00e9s leghangulatosabb k\u00e1v\u00e9z\u00f3ja, ahol egy Dobos torta \u00e9s egy finom k\u00e1v\u00e9 t\u00e1rsas\u00e1g\u00e1ban \u00e9lvezheted a tavaszi pezsg\u00e9st.<\/span><\/li>\n<li style=\"font-weight: 400;\" aria-level=\"1\"><span style=\"font-weight: 400;\">Relative Pozsonyi \u2013 A Pozsonyi \u00fat egyik legjobb reggeliz<\/span><span style=\"font-weight: 400;\">\u0151<\/span><span style=\"font-weight: 400;\">je, ahol <a href=\"https:\/\/www.brunchbudapest.com\/en\/blog\/brunch-budapest-blog\/relative-pozsonyi\/\" target=\"_blank\" rel=\"noopener\">legend\u00e1s eggdrop szendvicseik<\/a> \u00e9s bar\u00e1ts\u00e1gos hangulatuk miatt \u00e9rdemes meg\u00e1llni. A Pozsonyi \u00fat pedig \u00f6nmag\u00e1ban is egy felfedez\u00e9sre \u00e9rdemes hely, hiszen tele van kiv\u00e1l\u00f3 k\u00e1v\u00e9z\u00f3kkal, p\u00e9ks\u00e9gekkel \u00e9s \u00e9ttermekkel.<\/span><\/li>\n<li style=\"font-weight: 400;\" aria-level=\"1\"><span style=\"font-weight: 400;\">Artiz\u00e1n Budapest \u2013 Ha szereted a friss p\u00e9ks\u00fctem\u00e9nyeket \u00e9s k\u00e9zm<\/span><span style=\"font-weight: 400;\">\u0171<\/span><span style=\"font-weight: 400;\">ves kenyereket, akkor ezt a helyet im\u00e1dni fogod. Az illat, a l\u00e1tv\u00e1ny \u00e9s az \u00edzek egyar\u00e1nt elvar\u00e1zsolnak.<\/span><\/li>\n<\/ul>\n<p><span style=\"font-weight: 400;\">A tavaszi Budapest tele van \u00e9lettel \u00e9s fantasztikus gasztron\u00f3miai \u00e9lm\u00e9nyekkel, \u00edgy \u00e9rdemes \u00faj helyeket felfedezni \u00e9s ki\u00e9lvezni a szabadt\u00e9ri k\u00e1v\u00e9z\u00e1s \u00f6r\u00f6m\u00e9t.<\/span><\/p>\n<p><img decoding=\"async\" class=\"size-large wp-image-3317 aligncenter\" src=\"https:\/\/www.todobudapest.com\/wp-content\/uploads\/2025\/03\/IMG_6942-1024x683.jpg\" alt=\"\" width=\"1024\" height=\"683\" srcset=\"https:\/\/www.todobudapest.com\/wp-content\/uploads\/2025\/03\/IMG_6942-1024x683.jpg 1024w, https:\/\/www.todobudapest.com\/wp-content\/uploads\/2025\/03\/IMG_6942-300x200.jpg 300w, https:\/\/www.todobudapest.com\/wp-content\/uploads\/2025\/03\/IMG_6942-768x512.jpg 768w, https:\/\/www.todobudapest.com\/wp-content\/uploads\/2025\/03\/IMG_6942-1536x1024.jpg 1536w, https:\/\/www.todobudapest.com\/wp-content\/uploads\/2025\/03\/IMG_6942-2048x1365.jpg 2048w, https:\/\/www.todobudapest.com\/wp-content\/uploads\/2025\/03\/IMG_6942-600x400.jpg 600w\" sizes=\"(max-width: 1024px) 100vw, 1024px\" \/><\/p>\n<p style=\"text-align: center;\">LuLu Budapest &#8211; Fot\u00f3: <a href=\"https:\/\/www.instagram.com\/norbertlepsik\/\" target=\"_blank\" rel=\"noopener\">@norbertlepsik<\/a><\/p>\n<h3>A legszebb tavaszi s\u00e9t\u00e1k \u00e9s panor\u00e1m\u00e1k Budapesten<\/h3>\n<p>Tavasszal Budapest utc\u00e1in \u00e9s parkjaiban s\u00e9t\u00e1lni egyed\u00fcl\u00e1ll\u00f3 \u00e9lm\u00e9ny. A v\u00e1ros ilyenkor a legszebb arc\u00e1t mutatja, \u00e9s sz\u00e1mos hely k\u00edn\u00e1l l\u00e9legzetel\u00e1ll\u00edt\u00f3 panor\u00e1m\u00e1t vagy meghitt, \u00e1rnyas s\u00e9t\u00e1nyokat.<\/p>\n<p><img decoding=\"async\" class=\"size-large wp-image-3309 aligncenter\" src=\"https:\/\/www.todobudapest.com\/wp-content\/uploads\/2025\/03\/COVER-1-1024x640.jpg\" alt=\"\" width=\"1024\" height=\"640\" srcset=\"https:\/\/www.todobudapest.com\/wp-content\/uploads\/2025\/03\/COVER-1-1024x640.jpg 1024w, https:\/\/www.todobudapest.com\/wp-content\/uploads\/2025\/03\/COVER-1-300x188.jpg 300w, https:\/\/www.todobudapest.com\/wp-content\/uploads\/2025\/03\/COVER-1-768x480.jpg 768w, https:\/\/www.todobudapest.com\/wp-content\/uploads\/2025\/03\/COVER-1-1536x960.jpg 1536w, https:\/\/www.todobudapest.com\/wp-content\/uploads\/2025\/03\/COVER-1-2048x1280.jpg 2048w, https:\/\/www.todobudapest.com\/wp-content\/uploads\/2025\/03\/COVER-1-600x375.jpg 600w\" sizes=\"(max-width: 1024px) 100vw, 1024px\" \/><\/p>\n<p style=\"text-align: center;\">Id. Antall J\u00f3zsef rakpart &#8211; Fot\u00f3: <a href=\"https:\/\/www.instagram.com\/norbertlepsik\/\" target=\"_blank\" rel=\"noopener\">@norbertlepsik<\/a><\/p>\n<ul>\n<li style=\"font-weight: 400;\" aria-level=\"1\"><span style=\"font-weight: 400;\">Gell\u00e9rt-hegy \u2013 Egy klasszikus budapesti kir\u00e1ndul\u00f3hely, ahonnan p\u00e1ratlan kil\u00e1t\u00e1s ny\u00edlik a v\u00e1rosra.<\/span><\/li>\n<li style=\"font-weight: 400;\" aria-level=\"1\"><span style=\"font-weight: 400;\">R\u00f3mai-part \u2013 Egy kev\u00e9sb\u00e9 ismert, de ann\u00e1l hangulatosabb dunaparti s\u00e9tahely, ahol laz\u00edthatsz a parti b\u00e1rokban, vagy ehetsz egy hekk-et frissen s\u00fclt keny\u00e9rrel.<\/span><\/li>\n<li style=\"font-weight: 400;\" aria-level=\"1\"><span style=\"font-weight: 400;\">Normafa \u00e9s J\u00e1nos-hegy \u2013 Ha egy kis v\u00e1roson k\u00edv\u00fcli kir\u00e1ndul\u00e1sra v\u00e1gysz, akkor ez a hely ide\u00e1lis. A tiszta leveg<\/span><span style=\"font-weight: 400;\">\u0151<\/span><span style=\"font-weight: 400;\"> \u00e9s a kil\u00e1t\u00e1s az Erzs\u00e9bet-kil\u00e1t\u00f3b\u00f3l minden f\u00e1rads\u00e1got meg\u00e9r.<\/span><\/li>\n<li style=\"font-weight: 400;\" aria-level=\"1\"><span style=\"font-weight: 400;\">Duna-korz\u00f3 \u2013 A L\u00e1nch\u00edd \u00e9s a Parlament k\u00f6z\u00f6tti s\u00e9t\u00e1ny, ahonnan leny<\/span><span style=\"font-weight: 400;\">\u0171<\/span><span style=\"font-weight: 400;\">g\u00f6z<\/span><span style=\"font-weight: 400;\">\u0151<\/span><span style=\"font-weight: 400;\"> naplement\u00e9s l\u00e1tv\u00e1ny t\u00e1rul el\u00e9d.<\/span><\/li>\n<li style=\"font-weight: 400;\" aria-level=\"1\"><span style=\"font-weight: 400;\"><a href=\"https:\/\/www.todobudapest.com\/hu\/todo-category\/hajos-varosnezes\/\" target=\"_blank\" rel=\"noopener\">Dunai haj\u00f3k\u00e1z\u00e1s<\/a> \u2013 Ha igaz\u00e1n k\u00fcl\u00f6nleges \u00e9lm\u00e9nyre v\u00e1gysz, akkor pr\u00f3b\u00e1ld ki egy naplement\u00e9s haj\u00f3kir\u00e1ndul\u00e1st, \u00e9s gy\u00f6ny\u00f6rk\u00f6dj Budapest l\u00e1tv\u00e1ny\u00e1ban a v\u00edzr<\/span><span style=\"font-weight: 400;\">\u0151<\/span><span style=\"font-weight: 400;\">l.<\/span><\/li>\n<\/ul>\n<p><img decoding=\"async\" class=\"size-large wp-image-3305 aligncenter\" src=\"https:\/\/www.todobudapest.com\/wp-content\/uploads\/2025\/03\/20220721_200828-1024x496.jpg\" alt=\"\" width=\"1024\" height=\"496\" srcset=\"https:\/\/www.todobudapest.com\/wp-content\/uploads\/2025\/03\/20220721_200828-1024x496.jpg 1024w, https:\/\/www.todobudapest.com\/wp-content\/uploads\/2025\/03\/20220721_200828-300x145.jpg 300w, https:\/\/www.todobudapest.com\/wp-content\/uploads\/2025\/03\/20220721_200828-768x372.jpg 768w, https:\/\/www.todobudapest.com\/wp-content\/uploads\/2025\/03\/20220721_200828-1536x744.jpg 1536w, https:\/\/www.todobudapest.com\/wp-content\/uploads\/2025\/03\/20220721_200828-2048x991.jpg 2048w, https:\/\/www.todobudapest.com\/wp-content\/uploads\/2025\/03\/20220721_200828-600x290.jpg 600w\" sizes=\"(max-width: 1024px) 100vw, 1024px\" \/><\/p>\n<p style=\"text-align: center;\">Naplemente panor\u00e1ma a budapesti Duna k\u00f6r\u00fat sor\u00e1n &#8211; Fot\u00f3: <a href=\"https:\/\/www.instagram.com\/norbertlepsik\/\" target=\"_blank\" rel=\"noopener\">@norbertlepsik<\/a><\/p>\n<p>Ezek a helyek garant\u00e1ltan seg\u00edtenek \u00e1t\u00e9lni a tavaszi Budapest var\u00e1zs\u00e1t.<\/p>\n<h3>Budapesti piacok \u00e9s street food \u00e9lm\u00e9nyek<\/h3>\n<p>A tavasz a piacok \u00e9s az utcai \u00e9telek szezonja, hiszen ilyenkor jelennek meg az els\u0151 friss z\u00f6lds\u00e9gek \u00e9s gy\u00fcm\u00f6lcs\u00f6k, valamint a k\u00f6nnyedebb, szezon\u00e1lis fog\u00e1sok. Budapest tele van hangulatos piacokkal \u00e9s street food helyekkel, ahol helyi alapanyagokb\u00f3l k\u00e9sz\u00fclt finoms\u00e1gokat k\u00f3stolhatsz.<\/p>\n<p><img decoding=\"async\" class=\"size-large wp-image-3313 aligncenter\" src=\"https:\/\/www.todobudapest.com\/wp-content\/uploads\/2025\/03\/DCIM_142APPLE_IMG_2063-1024x576.jpg\" alt=\"\" width=\"1024\" height=\"576\" srcset=\"https:\/\/www.todobudapest.com\/wp-content\/uploads\/2025\/03\/DCIM_142APPLE_IMG_2063-1024x576.jpg 1024w, https:\/\/www.todobudapest.com\/wp-content\/uploads\/2025\/03\/DCIM_142APPLE_IMG_2063-300x169.jpg 300w, https:\/\/www.todobudapest.com\/wp-content\/uploads\/2025\/03\/DCIM_142APPLE_IMG_2063-768x432.jpg 768w, https:\/\/www.todobudapest.com\/wp-content\/uploads\/2025\/03\/DCIM_142APPLE_IMG_2063-1536x864.jpg 1536w, https:\/\/www.todobudapest.com\/wp-content\/uploads\/2025\/03\/DCIM_142APPLE_IMG_2063-2048x1152.jpg 2048w, https:\/\/www.todobudapest.com\/wp-content\/uploads\/2025\/03\/DCIM_142APPLE_IMG_2063-600x338.jpg 600w\" sizes=\"(max-width: 1024px) 100vw, 1024px\" \/><\/p>\n<p style=\"text-align: center;\">K\u0151leves ny\u00e1ri placc &#8211; Fot\u00f3: <a href=\"https:\/\/www.instagram.com\/norbertlepsik\/\" target=\"_blank\" rel=\"noopener\">@norbertlepsik<\/a><\/p>\n<ul>\n<li style=\"font-weight: 400;\" aria-level=\"1\"><span style=\"font-weight: 400;\">Nagy V\u00e1s\u00e1rcsarnok \u2013 A v\u00e1ros legikonikusabb piaca, ahol friss termel<\/span><span style=\"font-weight: 400;\">\u0151<\/span><span style=\"font-weight: 400;\">i alapanyagokat \u00e9s tradicion\u00e1lis magyar \u00e9teleket tal\u00e1lhatsz.<\/span><\/li>\n<li style=\"font-weight: 400;\" aria-level=\"1\"><span style=\"font-weight: 400;\">Lehel Piac \u2013 Egy kev\u00e9sb\u00e9 turist\u00e1s, de ann\u00e1l autentikusabb budapesti piac, ahol igazi h\u00e1zi k\u00e9sz\u00edt\u00e9s<\/span><span style=\"font-weight: 400;\">\u0171<\/span><span style=\"font-weight: 400;\"> finoms\u00e1gokat v\u00e1s\u00e1rolhatsz.<\/span><\/li>\n<li style=\"font-weight: 400;\" aria-level=\"1\"><span style=\"font-weight: 400;\">Pancs Gasztroplacc \u2013 Egy modern, alternat\u00edv piac, tele bio z\u00f6lds\u00e9gekkel \u00e9s h\u00e1zi p\u00e9ks\u00fctem\u00e9nyekkel.<\/span><\/li>\n<li style=\"font-weight: 400;\" aria-level=\"1\"><span style=\"font-weight: 400;\">Karav\u00e1n Street Food Udvar \u2013 A v\u00e1ros egyik legjobb street food helye, ahol magyar \u00e9s nemzetk\u00f6zi finoms\u00e1gokat k\u00f3stolhatsz.<\/span><\/li>\n<\/ul>\n<p><img decoding=\"async\" class=\"size-large wp-image-3307 aligncenter\" src=\"https:\/\/www.todobudapest.com\/wp-content\/uploads\/2025\/03\/20230810_143218-1024x705.jpg\" alt=\"\" width=\"1024\" height=\"705\" srcset=\"https:\/\/www.todobudapest.com\/wp-content\/uploads\/2025\/03\/20230810_143218-1024x705.jpg 1024w, https:\/\/www.todobudapest.com\/wp-content\/uploads\/2025\/03\/20230810_143218-300x207.jpg 300w, https:\/\/www.todobudapest.com\/wp-content\/uploads\/2025\/03\/20230810_143218-768x529.jpg 768w, https:\/\/www.todobudapest.com\/wp-content\/uploads\/2025\/03\/20230810_143218-1536x1058.jpg 1536w, https:\/\/www.todobudapest.com\/wp-content\/uploads\/2025\/03\/20230810_143218-2048x1410.jpg 2048w, https:\/\/www.todobudapest.com\/wp-content\/uploads\/2025\/03\/20230810_143218-600x413.jpg 600w\" sizes=\"(max-width: 1024px) 100vw, 1024px\" \/><\/p>\n<p style=\"text-align: center;\">Lehel-t\u00e9ri piac &#8211; Fot\u00f3: <a href=\"https:\/\/www.instagram.com\/norbertlepsik\/\" target=\"_blank\" rel=\"noopener\">@norbertlepsik<\/a><\/p>\n<p>Budapest tavasszal \u00e9lettel telik meg, \u00e9s ez az id\u0151szak t\u00f6k\u00e9letes arra, hogy felfedezd a v\u00e1ros rejtett sz\u00e9ps\u00e9geit. Legyen sz\u00f3 vir\u00e1gz\u00f3 parkokr\u00f3l, hangulatos k\u00e1v\u00e9z\u00f3kr\u00f3l, panor\u00e1m\u00e1s s\u00e9t\u00e1kr\u00f3l vagy gasztron\u00f3miai \u00e9lm\u00e9nyekr\u0151l, a tavaszi Budapest minden \u00e9rz\u00e9kszerv\u00fcnket k\u00e9nyezteti. A Duna csillog\u00f3 vize, a friss tavaszi leveg\u0151, a mad\u00e1rcsicserg\u00e9s \u00e9s a napf\u00e9nyben \u00fasz\u00f3 t\u00f6rt\u00e9nelmi \u00e9p\u00fcletek mind hozz\u00e1j\u00e1rulnak ahhoz, hogy ez az id\u0151szak igaz\u00e1n k\u00fcl\u00f6nleges legyen a f\u0151v\u00e1rosban.<\/p>\n<p>\u00c9rdemes ilyenkor kil\u00e9pni a megszokott \u00fatvonalakr\u00f3l, \u00e9s \u00faj helyeket felfedezni: egy eldugott kiskertet, egy r\u00e9g\u00f3ta kin\u00e9zett reggeliz\u0151t, egy hangulatos utc\u00e1t vagy egy olyan parkot, ahol m\u00e9g sosem j\u00e1rt\u00e1l. Engedd, hogy a v\u00e1ros mag\u00e1val ragadjon, \u00e9s \u00e9lvezd ki a pillanatokat \u2013 legyen az egy nyugodt reggeli k\u00e1v\u00e9 egy naps\u00fct\u00f6tte teraszon, egy spont\u00e1n s\u00e9ta a v\u00e1rnegyedben vagy egy kellemes esteb\u00e9d egy foly\u00f3parti \u00e9tteremben.<\/p>\n<p>Ha pedig igaz\u00e1n felejthetetlen \u00e9lm\u00e9nyre v\u00e1gysz, ne hagyd ki a naplement\u00e9s haj\u00f3kir\u00e1ndul\u00e1st a Dun\u00e1n, amikor Budapest aranyl\u00f3 f\u00e9nyekben ragyog, \u00e9s a v\u00e1ros legikonikusabb l\u00e1tk\u00e9peit a v\u00edzr\u0151l csod\u00e1lhatod meg. A tavasz a meg\u00fajul\u00e1s, a frissess\u00e9g \u00e9s a szabads\u00e1g id\u0151szaka \u2013 fedezd fel Budapestet ebben a csod\u00e1latos \u00e9vszakban, \u00e9s \u00e9lvezd ki minden egyes pillanat\u00e1t!<\/p>\n","protected":false},"excerpt":{"rendered":"<p>Ahogy a t\u00e9l elm\u00falik, Budapest igazi tavaszi pomp\u00e1ba borul. A parkok vir\u00e1gba borulnak, az utc\u00e1k megtelnek \u00e9lettel \u00e9s naps\u00fct\u00e9ssel, \u00e9s az emberek \u00fajra ki\u00fclnek a teraszokra, piacokra \u00e9s foly\u00f3partokra, hogy \u00e9lvezz\u00e9k a term\u00e9szet \u00e9bred\u00e9s\u00e9t. A tavasz Budapesten egyszerre izgalmas \u00e9s meghitt \u2013 a v\u00e1ros tele van b\u00e1jos s\u00e9t\u00e1l\u00f3helyekkel, hangulatos k\u00e1v\u00e9z\u00f3kkal \u00e9s friss szezon\u00e1lis finoms\u00e1gokkal. Ha [&hellip;]<\/p>\n","protected":false},"author":1,"featured_media":3310,"comment_status":"closed","ping_status":"closed","sticky":false,"template":"","format":"standard","meta":{"footnotes":""},"categories":[16],"tags":[],"class_list":["post-3320","post","type-post","status-publish","format-standard","has-post-thumbnail","hentry","category-uncategorized-hu"],"acf":[],"yoast_head":"<!-- This site is optimized with the Yoast SEO plugin v20.3 - https:\/\/yoast.com\/wordpress\/plugins\/seo\/ -->\n<title>Budapesti tavaszi kalauz: A legjobb helyek, ahol igaz\u00e1n \u00e1t\u00e9lheted a tavasz var\u00e1zs\u00e1t - To Do Budapest<\/title>\n<meta name=\"description\" content=\"Sz\u00edvd magadba a naps\u00fct\u00e9st, fedezz felrejtett gy\u00f6ngyszemeket, \u00e9s k\u00e9sz\u00fclj fel a tavasz elb\u0171v\u00f6l\u0151 var\u00e1zs\u00e1ra Budapesten!\" \/>\n<meta name=\"robots\" content=\"index, follow, max-snippet:-1, max-image-preview:large, max-video-preview:-1\" \/>\n<link rel=\"canonical\" href=\"https:\/\/www.todobudapest.com\/hu\/budapesti-tavaszi-kalauz-a-legjobb-helyek-ahol-igazan-atelheted-a-tavasz-varazsat\/\" \/>\n<meta property=\"og:locale\" content=\"hu_HU\" \/>\n<meta property=\"og:type\" content=\"article\" \/>\n<meta property=\"og:title\" content=\"Budapesti tavaszi kalauz: A legjobb helyek, ahol igaz\u00e1n \u00e1t\u00e9lheted a tavasz var\u00e1zs\u00e1t\" \/>\n<meta property=\"og:description\" content=\"Sz\u00edvd magadba a naps\u00fct\u00e9st, fedezz felrejtett gy\u00f6ngyszemeket, \u00e9s k\u00e9sz\u00fclj fel a tavasz elb\u0171v\u00f6l\u0151 var\u00e1zs\u00e1ra Budapesten!\" \/>\n<meta property=\"og:url\" content=\"https:\/\/www.todobudapest.com\/hu\/budapesti-tavaszi-kalauz-a-legjobb-helyek-ahol-igazan-atelheted-a-tavasz-varazsat\/\" \/>\n<meta property=\"og:site_name\" content=\"To Do Budapest\" \/>\n<meta property=\"article:published_time\" content=\"2025-03-27T14:50:15+00:00\" \/>\n<meta property=\"article:modified_time\" content=\"2025-03-27T15:01:05+00:00\" \/>\n<meta property=\"og:image\" content=\"https:\/\/www.todobudapest.com\/wp-content\/uploads\/2025\/03\/COVER-1-1024x640.jpg\" \/>\n<meta name=\"author\" content=\"todoadmin\" \/>\n<meta name=\"twitter:card\" content=\"summary_large_image\" \/>\n<meta name=\"twitter:label1\" content=\"Szerz\u0151:\" \/>\n\t<meta name=\"twitter:data1\" content=\"todoadmin\" \/>\n\t<meta name=\"twitter:label2\" content=\"Becs\u00fclt olvas\u00e1si id\u0151\" \/>\n\t<meta name=\"twitter:data2\" content=\"6 perc\" \/>\n<script type=\"application\/ld+json\" class=\"yoast-schema-graph\">{\"@context\":\"https:\/\/schema.org\",\"@graph\":[{\"@type\":\"WebPage\",\"@id\":\"https:\/\/www.todobudapest.com\/hu\/budapesti-tavaszi-kalauz-a-legjobb-helyek-ahol-igazan-atelheted-a-tavasz-varazsat\/\",\"url\":\"https:\/\/www.todobudapest.com\/hu\/budapesti-tavaszi-kalauz-a-legjobb-helyek-ahol-igazan-atelheted-a-tavasz-varazsat\/\",\"name\":\"Budapesti tavaszi kalauz: A legjobb helyek, ahol igaz\u00e1n \u00e1t\u00e9lheted a tavasz var\u00e1zs\u00e1t - To Do Budapest\",\"isPartOf\":{\"@id\":\"https:\/\/www.todobudapest.com\/#website\"},\"datePublished\":\"2025-03-27T14:50:15+00:00\",\"dateModified\":\"2025-03-27T15:01:05+00:00\",\"author\":{\"@id\":\"https:\/\/www.todobudapest.com\/#\/schema\/person\/de4e8287b713a319b6f46d729747d3eb\"},\"description\":\"Sz\u00edvd magadba a naps\u00fct\u00e9st, fedezz felrejtett gy\u00f6ngyszemeket, \u00e9s k\u00e9sz\u00fclj fel a tavasz elb\u0171v\u00f6l\u0151 var\u00e1zs\u00e1ra Budapesten!\",\"breadcrumb\":{\"@id\":\"https:\/\/www.todobudapest.com\/hu\/budapesti-tavaszi-kalauz-a-legjobb-helyek-ahol-igazan-atelheted-a-tavasz-varazsat\/#breadcrumb\"},\"inLanguage\":\"hu\",\"potentialAction\":[{\"@type\":\"ReadAction\",\"target\":[\"https:\/\/www.todobudapest.com\/hu\/budapesti-tavaszi-kalauz-a-legjobb-helyek-ahol-igazan-atelheted-a-tavasz-varazsat\/\"]}]},{\"@type\":\"BreadcrumbList\",\"@id\":\"https:\/\/www.todobudapest.com\/hu\/budapesti-tavaszi-kalauz-a-legjobb-helyek-ahol-igazan-atelheted-a-tavasz-varazsat\/#breadcrumb\",\"itemListElement\":[{\"@type\":\"ListItem\",\"position\":1,\"name\":\"Home\",\"item\":\"https:\/\/www.todobudapest.com\/hu\/\"},{\"@type\":\"ListItem\",\"position\":2,\"name\":\"Budapesti tavaszi kalauz: A legjobb helyek, ahol igaz\u00e1n \u00e1t\u00e9lheted a tavasz var\u00e1zs\u00e1t\"}]},{\"@type\":\"WebSite\",\"@id\":\"https:\/\/www.todobudapest.com\/#website\",\"url\":\"https:\/\/www.todobudapest.com\/\",\"name\":\"To Do Budapest\",\"description\":\"\",\"potentialAction\":[{\"@type\":\"SearchAction\",\"target\":{\"@type\":\"EntryPoint\",\"urlTemplate\":\"https:\/\/www.todobudapest.com\/?s={search_term_string}\"},\"query-input\":\"required name=search_term_string\"}],\"inLanguage\":\"hu\"},{\"@type\":\"Person\",\"@id\":\"https:\/\/www.todobudapest.com\/#\/schema\/person\/de4e8287b713a319b6f46d729747d3eb\",\"name\":\"todoadmin\",\"image\":{\"@type\":\"ImageObject\",\"inLanguage\":\"hu\",\"@id\":\"https:\/\/www.todobudapest.com\/#\/schema\/person\/image\/\",\"url\":\"https:\/\/secure.gravatar.com\/avatar\/c7b35cdf2ecbcae38ae3cea42de138be68173a0ac75ca4799c2374ddcf1af4da?s=96&d=mm&r=g\",\"contentUrl\":\"https:\/\/secure.gravatar.com\/avatar\/c7b35cdf2ecbcae38ae3cea42de138be68173a0ac75ca4799c2374ddcf1af4da?s=96&d=mm&r=g\",\"caption\":\"todoadmin\"},\"sameAs\":[\"http:\/\/local.todobudapest.com\"],\"url\":\"https:\/\/www.todobudapest.com\/hu\/author\/todoadmin\/\"}]}<\/script>\n<!-- \/ Yoast SEO plugin. -->","yoast_head_json":{"title":"Budapesti tavaszi kalauz: A legjobb helyek, ahol igaz\u00e1n \u00e1t\u00e9lheted a tavasz var\u00e1zs\u00e1t - To Do Budapest","description":"Sz\u00edvd magadba a naps\u00fct\u00e9st, fedezz felrejtett gy\u00f6ngyszemeket, \u00e9s k\u00e9sz\u00fclj fel a tavasz elb\u0171v\u00f6l\u0151 var\u00e1zs\u00e1ra Budapesten!","robots":{"index":"index","follow":"follow","max-snippet":"max-snippet:-1","max-image-preview":"max-image-preview:large","max-video-preview":"max-video-preview:-1"},"canonical":"https:\/\/www.todobudapest.com\/hu\/budapesti-tavaszi-kalauz-a-legjobb-helyek-ahol-igazan-atelheted-a-tavasz-varazsat\/","og_locale":"hu_HU","og_type":"article","og_title":"Budapesti tavaszi kalauz: A legjobb helyek, ahol igaz\u00e1n \u00e1t\u00e9lheted a tavasz var\u00e1zs\u00e1t","og_description":"Sz\u00edvd magadba a naps\u00fct\u00e9st, fedezz felrejtett gy\u00f6ngyszemeket, \u00e9s k\u00e9sz\u00fclj fel a tavasz elb\u0171v\u00f6l\u0151 var\u00e1zs\u00e1ra Budapesten!","og_url":"https:\/\/www.todobudapest.com\/hu\/budapesti-tavaszi-kalauz-a-legjobb-helyek-ahol-igazan-atelheted-a-tavasz-varazsat\/","og_site_name":"To Do Budapest","article_published_time":"2025-03-27T14:50:15+00:00","article_modified_time":"2025-03-27T15:01:05+00:00","og_image":[{"url":"https:\/\/www.todobudapest.com\/wp-content\/uploads\/2025\/03\/COVER-1-1024x640.jpg"}],"author":"todoadmin","twitter_card":"summary_large_image","twitter_misc":{"Szerz\u0151:":"todoadmin","Becs\u00fclt olvas\u00e1si id\u0151":"6 perc"},"schema":{"@context":"https:\/\/schema.org","@graph":[{"@type":"WebPage","@id":"https:\/\/www.todobudapest.com\/hu\/budapesti-tavaszi-kalauz-a-legjobb-helyek-ahol-igazan-atelheted-a-tavasz-varazsat\/","url":"https:\/\/www.todobudapest.com\/hu\/budapesti-tavaszi-kalauz-a-legjobb-helyek-ahol-igazan-atelheted-a-tavasz-varazsat\/","name":"Budapesti tavaszi kalauz: A legjobb helyek, ahol igaz\u00e1n \u00e1t\u00e9lheted a tavasz var\u00e1zs\u00e1t - To Do Budapest","isPartOf":{"@id":"https:\/\/www.todobudapest.com\/#website"},"datePublished":"2025-03-27T14:50:15+00:00","dateModified":"2025-03-27T15:01:05+00:00","author":{"@id":"https:\/\/www.todobudapest.com\/#\/schema\/person\/de4e8287b713a319b6f46d729747d3eb"},"description":"Sz\u00edvd magadba a naps\u00fct\u00e9st, fedezz felrejtett gy\u00f6ngyszemeket, \u00e9s k\u00e9sz\u00fclj fel a tavasz elb\u0171v\u00f6l\u0151 var\u00e1zs\u00e1ra Budapesten!","breadcrumb":{"@id":"https:\/\/www.todobudapest.com\/hu\/budapesti-tavaszi-kalauz-a-legjobb-helyek-ahol-igazan-atelheted-a-tavasz-varazsat\/#breadcrumb"},"inLanguage":"hu","potentialAction":[{"@type":"ReadAction","target":["https:\/\/www.todobudapest.com\/hu\/budapesti-tavaszi-kalauz-a-legjobb-helyek-ahol-igazan-atelheted-a-tavasz-varazsat\/"]}]},{"@type":"BreadcrumbList","@id":"https:\/\/www.todobudapest.com\/hu\/budapesti-tavaszi-kalauz-a-legjobb-helyek-ahol-igazan-atelheted-a-tavasz-varazsat\/#breadcrumb","itemListElement":[{"@type":"ListItem","position":1,"name":"Home","item":"https:\/\/www.todobudapest.com\/hu\/"},{"@type":"ListItem","position":2,"name":"Budapesti tavaszi kalauz: A legjobb helyek, ahol igaz\u00e1n \u00e1t\u00e9lheted a tavasz var\u00e1zs\u00e1t"}]},{"@type":"WebSite","@id":"https:\/\/www.todobudapest.com\/#website","url":"https:\/\/www.todobudapest.com\/","name":"To Do Budapest","description":"","potentialAction":[{"@type":"SearchAction","target":{"@type":"EntryPoint","urlTemplate":"https:\/\/www.todobudapest.com\/?s={search_term_string}"},"query-input":"required name=search_term_string"}],"inLanguage":"hu"},{"@type":"Person","@id":"https:\/\/www.todobudapest.com\/#\/schema\/person\/de4e8287b713a319b6f46d729747d3eb","name":"todoadmin","image":{"@type":"ImageObject","inLanguage":"hu","@id":"https:\/\/www.todobudapest.com\/#\/schema\/person\/image\/","url":"https:\/\/secure.gravatar.com\/avatar\/c7b35cdf2ecbcae38ae3cea42de138be68173a0ac75ca4799c2374ddcf1af4da?s=96&d=mm&r=g","contentUrl":"https:\/\/secure.gravatar.com\/avatar\/c7b35cdf2ecbcae38ae3cea42de138be68173a0ac75ca4799c2374ddcf1af4da?s=96&d=mm&r=g","caption":"todoadmin"},"sameAs":["http:\/\/local.todobudapest.com"],"url":"https:\/\/www.todobudapest.com\/hu\/author\/todoadmin\/"}]}},"_links":{"self":[{"href":"https:\/\/www.todobudapest.com\/hu\/wp-json\/wp\/v2\/posts\/3320","targetHints":{"allow":["GET"]}}],"collection":[{"href":"https:\/\/www.todobudapest.com\/hu\/wp-json\/wp\/v2\/posts"}],"about":[{"href":"https:\/\/www.todobudapest.com\/hu\/wp-json\/wp\/v2\/types\/post"}],"author":[{"embeddable":true,"href":"https:\/\/www.todobudapest.com\/hu\/wp-json\/wp\/v2\/users\/1"}],"replies":[{"embeddable":true,"href":"https:\/\/www.todobudapest.com\/hu\/wp-json\/wp\/v2\/comments?post=3320"}],"version-history":[{"count":1,"href":"https:\/\/www.todobudapest.com\/hu\/wp-json\/wp\/v2\/posts\/3320\/revisions"}],"predecessor-version":[{"id":3321,"href":"https:\/\/www.todobudapest.com\/hu\/wp-json\/wp\/v2\/posts\/3320\/revisions\/3321"}],"wp:featuredmedia":[{"embeddable":true,"href":"https:\/\/www.todobudapest.com\/hu\/wp-json\/wp\/v2\/media\/3310"}],"wp:attachment":[{"href":"https:\/\/www.todobudapest.com\/hu\/wp-json\/wp\/v2\/media?parent=3320"}],"wp:term":[{"taxonomy":"category","embeddable":true,"href":"https:\/\/www.todobudapest.com\/hu\/wp-json\/wp\/v2\/categories?post=3320"},{"taxonomy":"post_tag","embeddable":true,"href":"https:\/\/www.todobudapest.com\/hu\/wp-json\/wp\/v2\/tags?post=3320"}],"curies":[{"name":"wp","href":"https:\/\/api.w.org\/{rel}","templated":true}]}}