{"id":3288,"date":"2025-03-18T11:22:48","date_gmt":"2025-03-18T10:22:48","guid":{"rendered":"https:\/\/www.todobudapest.com\/viragzo-budapest-a-legszebb-tavaszi-helyszinek-a-varosban\/"},"modified":"2025-03-18T11:34:26","modified_gmt":"2025-03-18T10:34:26","slug":"viragzo-budapest-a-legszebb-tavaszi-helyszinek-a-varosban","status":"publish","type":"post","link":"https:\/\/www.todobudapest.com\/hu\/viragzo-budapest-a-legszebb-tavaszi-helyszinek-a-varosban\/","title":{"rendered":"Vir\u00e1gz\u00f3 Budapest: A legszebb tavaszi helysz\u00ednek a v\u00e1rosban"},"content":{"rendered":"<p>Ahogy meg\u00e9rkezik a tavasz, Budapest vir\u00e1gba borul, \u00e9s a v\u00e1ros ikonikus helysz\u00ednei \u00faj \u00e9letre kelnek. A f\u00e1k r\u00f3zsasz\u00edn \u00e9s feh\u00e9r vir\u00e1gokba \u00f6lt\u00f6znek, a parkok sz\u00ednpomp\u00e1s vir\u00e1g\u00e1gy\u00e1sokkal telnek meg, \u00e9s a leveg\u0151ben friss tavaszi illatok keverednek. Ha csod\u00e1s fot\u00f3kat szeretn\u00e9l k\u00e9sz\u00edteni, vagy csak \u00e9lvezn\u00e9d a kellemes s\u00e9t\u00e1kat a term\u00e9szet \u00e9bred\u00e9s\u00e9ben gy\u00f6ny\u00f6rk\u00f6dve, ezek a helyek garant\u00e1ltan elvar\u00e1zsolnak.<\/p>\n<p><img decoding=\"async\" class=\"size-large wp-image-3269 aligncenter\" src=\"https:\/\/www.todobudapest.com\/wp-content\/uploads\/2025\/03\/20230323_082436-1024x819.jpg\" alt=\"\" width=\"1024\" height=\"819\" srcset=\"https:\/\/www.todobudapest.com\/wp-content\/uploads\/2025\/03\/20230323_082436-1024x819.jpg 1024w, https:\/\/www.todobudapest.com\/wp-content\/uploads\/2025\/03\/20230323_082436-300x240.jpg 300w, https:\/\/www.todobudapest.com\/wp-content\/uploads\/2025\/03\/20230323_082436-768x614.jpg 768w, https:\/\/www.todobudapest.com\/wp-content\/uploads\/2025\/03\/20230323_082436-1536x1229.jpg 1536w, https:\/\/www.todobudapest.com\/wp-content\/uploads\/2025\/03\/20230323_082436-2048x1638.jpg 2048w, https:\/\/www.todobudapest.com\/wp-content\/uploads\/2025\/03\/20230323_082436-600x480.jpg 600w\" sizes=\"(max-width: 1024px) 100vw, 1024px\" \/><\/p>\n<p style=\"text-align: center;\">Margit h\u00edd, budai h\u00eddf\u0151 &#8211; photo by\u00a0<a href=\"https:\/\/www.instagram.com\/norbertlepsik\/\" target=\"_blank\" rel=\"noopener\">@norbertlepsik<\/a><\/p>\n<h3>V\u00e1rosliget: Budapest egyik legszebb tavaszi parkja<\/h3>\n<p>A V\u00e1rosliget tavasszal egy igazi vir\u00e1gz\u00f3 o\u00e1ziss\u00e1 v\u00e1lik a f\u0151v\u00e1ros sz\u00edv\u00e9ben. A s\u00e9t\u00e1nyokat d\u00edsz\u00edt\u0151 cseresznyef\u00e1k \u00e9s magn\u00f3li\u00e1k gy\u00f6ny\u00f6r\u0171 sz\u00ednekbe \u00f6lt\u00f6ztetik a parkot, a Vajdahunyad v\u00e1ra mesebeli h\u00e1tteret biztos\u00edt, m\u00edg a t\u00f3 partj\u00e1n kellemesen elid\u0151zhet\u00fcnk egy padon vagy egy pokr\u00f3con pihenve. Egy k\u00f6nnyed piknik, egy k\u00e1v\u00e9 az egyik szabadt\u00e9ri b\u00fcf\u00e9ben vagy ak\u00e1r egy cs\u00f3nak\u00e1z\u00e1s a tavon t\u00f6k\u00e9letes m\u00f3dja a tavasz \u00fcnnepl\u00e9s\u00e9nek.<\/p>\n<p><img decoding=\"async\" class=\"size-large wp-image-3279 aligncenter\" src=\"https:\/\/www.todobudapest.com\/wp-content\/uploads\/2025\/03\/IMG_6972-1024x796.jpg\" alt=\"\" width=\"1024\" height=\"796\" srcset=\"https:\/\/www.todobudapest.com\/wp-content\/uploads\/2025\/03\/IMG_6972-1024x796.jpg 1024w, https:\/\/www.todobudapest.com\/wp-content\/uploads\/2025\/03\/IMG_6972-300x233.jpg 300w, https:\/\/www.todobudapest.com\/wp-content\/uploads\/2025\/03\/IMG_6972-768x597.jpg 768w, https:\/\/www.todobudapest.com\/wp-content\/uploads\/2025\/03\/IMG_6972-1536x1193.jpg 1536w, https:\/\/www.todobudapest.com\/wp-content\/uploads\/2025\/03\/IMG_6972-2048x1591.jpg 2048w, https:\/\/www.todobudapest.com\/wp-content\/uploads\/2025\/03\/IMG_6972-600x466.jpg 600w\" sizes=\"(max-width: 1024px) 100vw, 1024px\" \/><\/p>\n<p style=\"text-align: center;\">Vajdahunyad Castle, V\u00e1rosliget, Budapest &#8211; photo by\u00a0<a href=\"https:\/\/www.instagram.com\/norbertlepsik\/\" target=\"_blank\" rel=\"noopener\">@norbertlepsik<\/a><\/p>\n<h3>Gell\u00e9rt-hegy: Tavaszi panor\u00e1ma \u00e9s vir\u00e1gz\u00f3 f\u00e1k<\/h3>\n<p>A Gell\u00e9rt-hegy minden \u00e9vszakban leny\u0171g\u00f6z\u0151, de tavasszal a s\u00e9t\u00e1nyokat \u00f6vez\u0151 cseresznyef\u00e1k \u00e9s aranyes\u0151k k\u00fcl\u00f6n\u00f6sen hangulatoss\u00e1 teszik a kir\u00e1ndul\u00e1st. A felfel\u00e9 vezet\u0151 \u00f6sv\u00e9nyeken friss tavaszi illatok keverednek a v\u00e1ros t\u00e1voli moraj\u00e1val, \u00e9s a cs\u00facson l\u00e9legzetel\u00e1ll\u00edt\u00f3 panor\u00e1ma fogad. Ha naplemente k\u00f6rny\u00e9k\u00e9n \u00e9rkezel, a narancsos \u00e9gbolt \u00e9s a v\u00e1ros f\u00e9nyei egy\u00fctt teremtik meg a t\u00f6k\u00e9letes budapesti tavaszi pillanatot.<\/p>\n<p><img decoding=\"async\" class=\"size-large wp-image-3277 aligncenter\" src=\"https:\/\/www.todobudapest.com\/wp-content\/uploads\/2025\/03\/IMG_6751-1024x819.jpg\" alt=\"\" width=\"1024\" height=\"819\" srcset=\"https:\/\/www.todobudapest.com\/wp-content\/uploads\/2025\/03\/IMG_6751-1024x819.jpg 1024w, https:\/\/www.todobudapest.com\/wp-content\/uploads\/2025\/03\/IMG_6751-300x240.jpg 300w, https:\/\/www.todobudapest.com\/wp-content\/uploads\/2025\/03\/IMG_6751-768x614.jpg 768w, https:\/\/www.todobudapest.com\/wp-content\/uploads\/2025\/03\/IMG_6751-1536x1229.jpg 1536w, https:\/\/www.todobudapest.com\/wp-content\/uploads\/2025\/03\/IMG_6751-2048x1638.jpg 2048w, https:\/\/www.todobudapest.com\/wp-content\/uploads\/2025\/03\/IMG_6751-600x480.jpg 600w\" sizes=\"(max-width: 1024px) 100vw, 1024px\" \/><\/p>\n<p style=\"text-align: center;\">View from Gell\u00e9rt Hill \u2013 photo by\u00a0<a href=\"https:\/\/www.instagram.com\/norbertlepsik\/\" target=\"_blank\" rel=\"noopener\">@norbertlepsik<\/a><\/p>\n<h3>Szabads\u00e1g t\u00e9r: Z\u00f6ld sziget a belv\u00e1ros sz\u00edv\u00e9ben<\/h3>\n<p>B\u00e1r a belv\u00e1rosban rengeteg sz\u00e9p t\u00e9r tal\u00e1lhat\u00f3, a Szabads\u00e1g t\u00e9r tavasszal k\u00fcl\u00f6n\u00f6sen hangulatos. A gyepet frissen ny\u00edrt f\u0171 \u00e9s sz\u00ednes vir\u00e1gok d\u00edsz\u00edtik, a hatalmas f\u00e1k pedig \u00fcde z\u00f6ld \u00e1rny\u00e9kot ny\u00fajtanak egy kellemes d\u00e9lut\u00e1ni pihen\u00e9shez. A Parlament k\u00f6zels\u00e9ge miatt ide\u00e1lis kiindul\u00f3pont vagy meg\u00e1ll\u00f3 egy hosszabb tavaszi v\u00e1rosn\u00e9z\u0151 s\u00e9ta sor\u00e1n.<\/p>\n<p><img decoding=\"async\" class=\"size-large wp-image-3271 aligncenter\" src=\"https:\/\/www.todobudapest.com\/wp-content\/uploads\/2025\/03\/20230419_143847-1024x576.jpg\" alt=\"\" width=\"1024\" height=\"576\" srcset=\"https:\/\/www.todobudapest.com\/wp-content\/uploads\/2025\/03\/20230419_143847-1024x576.jpg 1024w, https:\/\/www.todobudapest.com\/wp-content\/uploads\/2025\/03\/20230419_143847-300x169.jpg 300w, https:\/\/www.todobudapest.com\/wp-content\/uploads\/2025\/03\/20230419_143847-768x432.jpg 768w, https:\/\/www.todobudapest.com\/wp-content\/uploads\/2025\/03\/20230419_143847-1536x864.jpg 1536w, https:\/\/www.todobudapest.com\/wp-content\/uploads\/2025\/03\/20230419_143847-2048x1152.jpg 2048w, https:\/\/www.todobudapest.com\/wp-content\/uploads\/2025\/03\/20230419_143847-600x338.jpg 600w\" sizes=\"(max-width: 1024px) 100vw, 1024px\" \/><\/p>\n<p style=\"text-align: center;\">Liberty Square, Budapest &#8211; photo by\u00a0<a href=\"https:\/\/www.instagram.com\/norbertlepsik\/\" target=\"_blank\" rel=\"noopener\">@norbertlepsik<\/a><\/p>\n<h3>T\u00f3th \u00c1rp\u00e1d s\u00e9t\u00e1ny: A Budai V\u00e1r romantikus tavaszi \u00fatvonala<\/h3>\n<p>Ha idilli tavaszi s\u00e9t\u00e1ra v\u00e1gysz, a T\u00f3th \u00c1rp\u00e1d s\u00e9t\u00e1ny az egyik legjobb v\u00e1laszt\u00e1s. A V\u00e1rnegyedben tal\u00e1lhat\u00f3, \u00e9s h\u00edres vir\u00e1gz\u00f3 f\u00e1ir\u00f3l, melyek r\u00f3zsasz\u00edn \u00e9s feh\u00e9r szirmaikkal fest\u0151i h\u00e1tteret biztos\u00edtanak. Innen nemcsak a v\u00e1ros panor\u00e1m\u00e1ja csod\u00e1lhat\u00f3 meg, hanem a Budai V\u00e1r t\u00f6rt\u00e9nelmi \u00e9p\u00fcletei is egyed\u00fcl\u00e1ll\u00f3 hangulatot teremtenek. A tavaszi aranyl\u00f3 naplement\u00e9ben ez az egyik legszebb s\u00e9ta\u00fatvonal Budapesten.<\/p>\n<p><img decoding=\"async\" class=\"size-large wp-image-3285 aligncenter\" src=\"https:\/\/www.todobudapest.com\/wp-content\/uploads\/2025\/03\/IMG_9618-1024x819.jpg\" alt=\"\" width=\"1024\" height=\"819\" srcset=\"https:\/\/www.todobudapest.com\/wp-content\/uploads\/2025\/03\/IMG_9618-1024x819.jpg 1024w, https:\/\/www.todobudapest.com\/wp-content\/uploads\/2025\/03\/IMG_9618-300x240.jpg 300w, https:\/\/www.todobudapest.com\/wp-content\/uploads\/2025\/03\/IMG_9618-768x614.jpg 768w, https:\/\/www.todobudapest.com\/wp-content\/uploads\/2025\/03\/IMG_9618-1536x1229.jpg 1536w, https:\/\/www.todobudapest.com\/wp-content\/uploads\/2025\/03\/IMG_9618-2048x1638.jpg 2048w, https:\/\/www.todobudapest.com\/wp-content\/uploads\/2025\/03\/IMG_9618-600x480.jpg 600w\" sizes=\"(max-width: 1024px) 100vw, 1024px\" \/><\/p>\n<p style=\"text-align: center;\">T\u00f3th \u00c1rp\u00e1d promenade, Budapest &#8211; photo by\u00a0<a href=\"https:\/\/www.instagram.com\/norbertlepsik\/\" target=\"_blank\" rel=\"noopener\">@norbertlepsik<\/a><\/p>\n<h3>Duna-parti s\u00e9t\u00e1nyok: Tavaszi s\u00e9ta Budapest ikonikus foly\u00f3partj\u00e1n<\/h3>\n<p>A Duna-part minden \u00e9vszakban k\u00fcl\u00f6nleges, de tavasszal a leg\u00e9l\u00e9nkebb. Az Id. Antall J\u00f3zsef rakparton s\u00e9t\u00e1lva a foly\u00f3part ment\u00e9n vir\u00e1gz\u00f3 f\u00e1k \u00e9s a tavaszi szell\u0151 k\u00eds\u00e9rnek, mik\u00f6zben \u00e9lvezheted a Parlament \u00e9s a Budai V\u00e1r leny\u0171g\u00f6z\u0151 l\u00e1tv\u00e1ny\u00e1t. Egy d\u00e9lut\u00e1ni vagy esti s\u00e9ta a rakparton t\u00f6k\u00e9letes lez\u00e1r\u00e1sa lehet egy tavaszi napnak Budapesten.<\/p>\n<p><img decoding=\"async\" class=\"size-large wp-image-3267 aligncenter\" src=\"https:\/\/www.todobudapest.com\/wp-content\/uploads\/2025\/03\/20230314_092012-1024x640.jpg\" alt=\"\" width=\"1024\" height=\"640\" srcset=\"https:\/\/www.todobudapest.com\/wp-content\/uploads\/2025\/03\/20230314_092012-1024x640.jpg 1024w, https:\/\/www.todobudapest.com\/wp-content\/uploads\/2025\/03\/20230314_092012-300x188.jpg 300w, https:\/\/www.todobudapest.com\/wp-content\/uploads\/2025\/03\/20230314_092012-768x480.jpg 768w, https:\/\/www.todobudapest.com\/wp-content\/uploads\/2025\/03\/20230314_092012-1536x960.jpg 1536w, https:\/\/www.todobudapest.com\/wp-content\/uploads\/2025\/03\/20230314_092012-2048x1280.jpg 2048w, https:\/\/www.todobudapest.com\/wp-content\/uploads\/2025\/03\/20230314_092012-600x375.jpg 600w\" sizes=\"(max-width: 1024px) 100vw, 1024px\" \/><\/p>\n<p style=\"text-align: center;\"><span style=\"font-weight: 400;\">Id. Antall J\u00f3zsef rakpart, Budapest &#8211; photo by\u00a0<a href=\"https:\/\/www.instagram.com\/norbertlepsik\/\" target=\"_blank\" rel=\"noopener\">@norbertlepsik<\/a><\/span><\/p>\n<h3>F\u00fcv\u00e9szkert: Budapest legelb\u0171v\u00f6l\u0151bb botanikus kertje<\/h3>\n<p>Ha igaz\u00e1n k\u00fcl\u00f6nleges helyre v\u00e1gysz, l\u00e1togasd meg a F\u00fcv\u00e9szkertet, Budapest legr\u00e9gebbi botanikus kertj\u00e9t. A ny\u00fczsg\u0151 belv\u00e1rost\u00f3l t\u00e1volabb es\u0151 z\u00f6ld paradicsom t\u00f6k\u00e9letes v\u00e1laszt\u00e1s egy nyugodt tavaszi d\u00e9lut\u00e1nra. A jap\u00e1ncseresznyef\u00e1k vir\u00e1gz\u00e1sa itt k\u00fcl\u00f6n\u00f6sen l\u00e1tv\u00e1nyos, \u00e9s az \u00fcvegh\u00e1zak egzotikus n\u00f6v\u00e9nyei k\u00f6z\u00f6tt is meg\u00e9ri barangolni.<\/p>\n<p><img decoding=\"async\" class=\"size-large wp-image-3275 aligncenter\" src=\"https:\/\/www.todobudapest.com\/wp-content\/uploads\/2025\/03\/DCIM_122APPLE_IMG_2210-1024x819.jpg\" alt=\"\" width=\"1024\" height=\"819\" srcset=\"https:\/\/www.todobudapest.com\/wp-content\/uploads\/2025\/03\/DCIM_122APPLE_IMG_2210-1024x819.jpg 1024w, https:\/\/www.todobudapest.com\/wp-content\/uploads\/2025\/03\/DCIM_122APPLE_IMG_2210-300x240.jpg 300w, https:\/\/www.todobudapest.com\/wp-content\/uploads\/2025\/03\/DCIM_122APPLE_IMG_2210-768x614.jpg 768w, https:\/\/www.todobudapest.com\/wp-content\/uploads\/2025\/03\/DCIM_122APPLE_IMG_2210-1536x1229.jpg 1536w, https:\/\/www.todobudapest.com\/wp-content\/uploads\/2025\/03\/DCIM_122APPLE_IMG_2210-2048x1638.jpg 2048w, https:\/\/www.todobudapest.com\/wp-content\/uploads\/2025\/03\/DCIM_122APPLE_IMG_2210-600x480.jpg 600w\" sizes=\"(max-width: 1024px) 100vw, 1024px\" \/><\/p>\n<p style=\"text-align: center;\">ELTE Botanical Garden &#8211; photo by\u00a0<span style=\"font-weight: 400;\"><a href=\"https:\/\/www.instagram.com\/norbertlepsik\/\" target=\"_blank\" rel=\"noopener\">@norbertlepsik<\/a><\/span><\/p>\n<h3>Vigad\u00f3 t\u00e9r: Vir\u00e1gz\u00f3 park a Duna-parton<\/h3>\n<p>A Vigad\u00f3 t\u00e9r tavasszal az egyik legszebb budapesti k\u00f6zter\u00fclet. A vir\u00e1g\u00e1gy\u00e1sok, a hatalmas f\u00e1k \u00e9s a Duna k\u00f6zels\u00e9ge kellemes atmoszf\u00e9r\u00e1t teremtenek egy r\u00f6vid pihen\u0151h\u00f6z. Ha szereted a szabadt\u00e9ri k\u00e1v\u00e9z\u00f3kat, itt biztosan tal\u00e1lsz egy hangulatos helyet, ahol egy finom k\u00e1v\u00e9 vagy limon\u00e1d\u00e9 mellett \u00e9lvezheted a tavaszi naps\u00fct\u00e9st.<\/p>\n<p><img decoding=\"async\" class=\"size-large wp-image-3265 aligncenter\" src=\"https:\/\/www.todobudapest.com\/wp-content\/uploads\/2025\/03\/20220418_130402-1024x819.jpg\" alt=\"\" width=\"1024\" height=\"819\" srcset=\"https:\/\/www.todobudapest.com\/wp-content\/uploads\/2025\/03\/20220418_130402-1024x819.jpg 1024w, https:\/\/www.todobudapest.com\/wp-content\/uploads\/2025\/03\/20220418_130402-300x240.jpg 300w, https:\/\/www.todobudapest.com\/wp-content\/uploads\/2025\/03\/20220418_130402-768x615.jpg 768w, https:\/\/www.todobudapest.com\/wp-content\/uploads\/2025\/03\/20220418_130402-1536x1229.jpg 1536w, https:\/\/www.todobudapest.com\/wp-content\/uploads\/2025\/03\/20220418_130402-2048x1639.jpg 2048w, https:\/\/www.todobudapest.com\/wp-content\/uploads\/2025\/03\/20220418_130402-600x480.jpg 600w\" sizes=\"(max-width: 1024px) 100vw, 1024px\" \/><\/p>\n<p style=\"text-align: center;\">V\u00edgad\u00f3 t\u00e9r, Budapest &#8211; photo by\u00a0<span style=\"font-weight: 400;\"><a href=\"https:\/\/www.instagram.com\/norbertlepsik\/\" target=\"_blank\" rel=\"noopener\">@norbertlepsik<\/a><\/span><\/p>\n<h3>Fot\u00f3sok \u00e1lma: A vir\u00e1gz\u00f3 fa a Margit h\u00eddn\u00e1l<\/h3>\n<p>Ha egy igaz\u00e1n egyedi tavaszi fot\u00f3t szeretn\u00e9l Budapestr\u0151l, keresd fel a Margit h\u00edd budai h\u00eddf\u0151j\u00e9n\u00e9l tal\u00e1lhat\u00f3 mag\u00e1nyos vir\u00e1gz\u00f3 f\u00e1t. A t\u00f6k\u00e9letes kompoz\u00edci\u00f3t a Parlament \u00e9p\u00fclete \u00e9s a Duna biztos\u00edtja, mik\u00f6zben az el\u0151t\u00e9rben a fa r\u00f3zsasz\u00edn vir\u00e1gai keretezik a k\u00e9pet. Ez az egyik legjobb helysz\u00edn azoknak, akik k\u00fcl\u00f6nleges \u00e9s egyedi tavaszi Budapest-fot\u00f3t szeretn\u00e9nek k\u00e9sz\u00edteni.<\/p>\n<p><img decoding=\"async\" class=\"alignnone size-large wp-image-3283 aligncenter\" src=\"https:\/\/www.todobudapest.com\/wp-content\/uploads\/2025\/03\/IMG_8735-1024x576.jpg\" alt=\"\" width=\"1024\" height=\"576\" srcset=\"https:\/\/www.todobudapest.com\/wp-content\/uploads\/2025\/03\/IMG_8735-1024x576.jpg 1024w, https:\/\/www.todobudapest.com\/wp-content\/uploads\/2025\/03\/IMG_8735-300x169.jpg 300w, https:\/\/www.todobudapest.com\/wp-content\/uploads\/2025\/03\/IMG_8735-768x432.jpg 768w, https:\/\/www.todobudapest.com\/wp-content\/uploads\/2025\/03\/IMG_8735-1536x864.jpg 1536w, https:\/\/www.todobudapest.com\/wp-content\/uploads\/2025\/03\/IMG_8735-2048x1152.jpg 2048w, https:\/\/www.todobudapest.com\/wp-content\/uploads\/2025\/03\/IMG_8735-600x338.jpg 600w\" sizes=\"(max-width: 1024px) 100vw, 1024px\" \/><\/p>\n<p style=\"text-align: center;\">Margit h\u00edd, budai h\u00eddf\u0151 &#8211; photo by\u00a0<span style=\"font-weight: 400;\"><a href=\"https:\/\/www.instagram.com\/norbertlepsik\/\" target=\"_blank\" rel=\"noopener\">@norbertlepsik<\/a><\/span><\/p>\n<p>Tavasszal Budapest \u00faj arc\u00e1t mutatja meg, \u00e9s a v\u00e1ros minden szeglete megtelik \u00e9lettel, sz\u00ednekkel \u00e9s illatokkal. Ak\u00e1r egy hossz\u00fa s\u00e9t\u00e1t tervezel, ak\u00e1r t\u00f6k\u00e9letes fot\u00f3helysz\u00ednt keresel, vagy csak \u00e9lvezn\u00e9d a Duna-part friss leveg\u0151j\u00e9t, Budapest ilyenkor k\u00fcl\u00f6n\u00f6sen var\u00e1zslatos. Ne hagyd ki ezt az id\u0151szakot \u2013 fedezd fel a vir\u00e1gz\u00f3 f\u0151v\u00e1rost!<\/p>\n","protected":false},"excerpt":{"rendered":"<p>Ahogy meg\u00e9rkezik a tavasz, Budapest vir\u00e1gba borul, \u00e9s a v\u00e1ros ikonikus helysz\u00ednei \u00faj \u00e9letre kelnek. A f\u00e1k r\u00f3zsasz\u00edn \u00e9s feh\u00e9r vir\u00e1gokba \u00f6lt\u00f6znek, a parkok sz\u00ednpomp\u00e1s vir\u00e1g\u00e1gy\u00e1sokkal telnek meg, \u00e9s a leveg\u0151ben friss tavaszi illatok keverednek. Ha csod\u00e1s fot\u00f3kat szeretn\u00e9l k\u00e9sz\u00edteni, vagy csak \u00e9lvezn\u00e9d a kellemes s\u00e9t\u00e1kat a term\u00e9szet \u00e9bred\u00e9s\u00e9ben gy\u00f6ny\u00f6rk\u00f6dve, ezek a helyek garant\u00e1ltan elvar\u00e1zsolnak. [&hellip;]<\/p>\n","protected":false},"author":1,"featured_media":3274,"comment_status":"closed","ping_status":"closed","sticky":false,"template":"","format":"standard","meta":{"footnotes":""},"categories":[16],"tags":[],"class_list":["post-3288","post","type-post","status-publish","format-standard","has-post-thumbnail","hentry","category-uncategorized-hu"],"acf":[],"yoast_head":"<!-- This site is optimized with the Yoast SEO plugin v20.3 - https:\/\/yoast.com\/wordpress\/plugins\/seo\/ -->\n<title>Vir\u00e1gz\u00f3 Budapest: A legszebb tavaszi helysz\u00ednek a v\u00e1rosban - To Do Budapest<\/title>\n<meta name=\"description\" content=\"Fedezze fel Budapest legjobb tavaszi pontjait, a V\u00e1rosligeti cseresznyevir\u00e1gokt\u00f3l a Gell\u00e9rt-hegyre ny\u00edl\u00f3 leny\u0171g\u00f6z\u0151 kil\u00e1t\u00e1sig. T\u00f6k\u00e9letes a term\u00e9szet szerelmeseinek \u00e9s fot\u00f3soknak.\" \/>\n<meta name=\"robots\" content=\"index, follow, max-snippet:-1, max-image-preview:large, max-video-preview:-1\" \/>\n<link rel=\"canonical\" href=\"https:\/\/www.todobudapest.com\/hu\/viragzo-budapest-a-legszebb-tavaszi-helyszinek-a-varosban\/\" \/>\n<meta property=\"og:locale\" content=\"hu_HU\" \/>\n<meta property=\"og:type\" content=\"article\" \/>\n<meta property=\"og:title\" content=\"Vir\u00e1gz\u00f3 Budapest: A legszebb tavaszi helysz\u00ednek a v\u00e1rosban\" \/>\n<meta property=\"og:description\" content=\"Fedezze fel Budapest legjobb tavaszi pontjait, a V\u00e1rosligeti cseresznyevir\u00e1gokt\u00f3l a Gell\u00e9rt-hegyre ny\u00edl\u00f3 leny\u0171g\u00f6z\u0151 kil\u00e1t\u00e1sig. T\u00f6k\u00e9letes a term\u00e9szet szerelmeseinek \u00e9s fot\u00f3soknak.\" \/>\n<meta property=\"og:url\" content=\"https:\/\/www.todobudapest.com\/hu\/viragzo-budapest-a-legszebb-tavaszi-helyszinek-a-varosban\/\" \/>\n<meta property=\"og:site_name\" content=\"To Do Budapest\" \/>\n<meta property=\"article:published_time\" content=\"2025-03-18T10:22:48+00:00\" \/>\n<meta property=\"article:modified_time\" content=\"2025-03-18T10:34:26+00:00\" \/>\n<meta property=\"og:image\" content=\"https:\/\/www.todobudapest.com\/wp-content\/uploads\/2025\/03\/COVER-1024x640.jpg\" \/>\n<meta name=\"author\" content=\"todoadmin\" \/>\n<meta name=\"twitter:card\" content=\"summary_large_image\" \/>\n<meta name=\"twitter:label1\" content=\"Szerz\u0151:\" \/>\n\t<meta name=\"twitter:data1\" content=\"todoadmin\" \/>\n\t<meta name=\"twitter:label2\" content=\"Becs\u00fclt olvas\u00e1si id\u0151\" \/>\n\t<meta name=\"twitter:data2\" content=\"5 perc\" \/>\n<script type=\"application\/ld+json\" class=\"yoast-schema-graph\">{\"@context\":\"https:\/\/schema.org\",\"@graph\":[{\"@type\":\"WebPage\",\"@id\":\"https:\/\/www.todobudapest.com\/hu\/viragzo-budapest-a-legszebb-tavaszi-helyszinek-a-varosban\/\",\"url\":\"https:\/\/www.todobudapest.com\/hu\/viragzo-budapest-a-legszebb-tavaszi-helyszinek-a-varosban\/\",\"name\":\"Vir\u00e1gz\u00f3 Budapest: A legszebb tavaszi helysz\u00ednek a v\u00e1rosban - To Do Budapest\",\"isPartOf\":{\"@id\":\"https:\/\/www.todobudapest.com\/#website\"},\"datePublished\":\"2025-03-18T10:22:48+00:00\",\"dateModified\":\"2025-03-18T10:34:26+00:00\",\"author\":{\"@id\":\"https:\/\/www.todobudapest.com\/#\/schema\/person\/de4e8287b713a319b6f46d729747d3eb\"},\"description\":\"Fedezze fel Budapest legjobb tavaszi pontjait, a V\u00e1rosligeti cseresznyevir\u00e1gokt\u00f3l a Gell\u00e9rt-hegyre ny\u00edl\u00f3 leny\u0171g\u00f6z\u0151 kil\u00e1t\u00e1sig. T\u00f6k\u00e9letes a term\u00e9szet szerelmeseinek \u00e9s fot\u00f3soknak.\",\"breadcrumb\":{\"@id\":\"https:\/\/www.todobudapest.com\/hu\/viragzo-budapest-a-legszebb-tavaszi-helyszinek-a-varosban\/#breadcrumb\"},\"inLanguage\":\"hu\",\"potentialAction\":[{\"@type\":\"ReadAction\",\"target\":[\"https:\/\/www.todobudapest.com\/hu\/viragzo-budapest-a-legszebb-tavaszi-helyszinek-a-varosban\/\"]}]},{\"@type\":\"BreadcrumbList\",\"@id\":\"https:\/\/www.todobudapest.com\/hu\/viragzo-budapest-a-legszebb-tavaszi-helyszinek-a-varosban\/#breadcrumb\",\"itemListElement\":[{\"@type\":\"ListItem\",\"position\":1,\"name\":\"Home\",\"item\":\"https:\/\/www.todobudapest.com\/hu\/\"},{\"@type\":\"ListItem\",\"position\":2,\"name\":\"Vir\u00e1gz\u00f3 Budapest: A legszebb tavaszi helysz\u00ednek a v\u00e1rosban\"}]},{\"@type\":\"WebSite\",\"@id\":\"https:\/\/www.todobudapest.com\/#website\",\"url\":\"https:\/\/www.todobudapest.com\/\",\"name\":\"To Do Budapest\",\"description\":\"\",\"potentialAction\":[{\"@type\":\"SearchAction\",\"target\":{\"@type\":\"EntryPoint\",\"urlTemplate\":\"https:\/\/www.todobudapest.com\/?s={search_term_string}\"},\"query-input\":\"required name=search_term_string\"}],\"inLanguage\":\"hu\"},{\"@type\":\"Person\",\"@id\":\"https:\/\/www.todobudapest.com\/#\/schema\/person\/de4e8287b713a319b6f46d729747d3eb\",\"name\":\"todoadmin\",\"image\":{\"@type\":\"ImageObject\",\"inLanguage\":\"hu\",\"@id\":\"https:\/\/www.todobudapest.com\/#\/schema\/person\/image\/\",\"url\":\"https:\/\/secure.gravatar.com\/avatar\/c7b35cdf2ecbcae38ae3cea42de138be68173a0ac75ca4799c2374ddcf1af4da?s=96&d=mm&r=g\",\"contentUrl\":\"https:\/\/secure.gravatar.com\/avatar\/c7b35cdf2ecbcae38ae3cea42de138be68173a0ac75ca4799c2374ddcf1af4da?s=96&d=mm&r=g\",\"caption\":\"todoadmin\"},\"sameAs\":[\"http:\/\/local.todobudapest.com\"],\"url\":\"https:\/\/www.todobudapest.com\/hu\/author\/todoadmin\/\"}]}<\/script>\n<!-- \/ Yoast SEO plugin. -->","yoast_head_json":{"title":"Vir\u00e1gz\u00f3 Budapest: A legszebb tavaszi helysz\u00ednek a v\u00e1rosban - To Do Budapest","description":"Fedezze fel Budapest legjobb tavaszi pontjait, a V\u00e1rosligeti cseresznyevir\u00e1gokt\u00f3l a Gell\u00e9rt-hegyre ny\u00edl\u00f3 leny\u0171g\u00f6z\u0151 kil\u00e1t\u00e1sig. T\u00f6k\u00e9letes a term\u00e9szet szerelmeseinek \u00e9s fot\u00f3soknak.","robots":{"index":"index","follow":"follow","max-snippet":"max-snippet:-1","max-image-preview":"max-image-preview:large","max-video-preview":"max-video-preview:-1"},"canonical":"https:\/\/www.todobudapest.com\/hu\/viragzo-budapest-a-legszebb-tavaszi-helyszinek-a-varosban\/","og_locale":"hu_HU","og_type":"article","og_title":"Vir\u00e1gz\u00f3 Budapest: A legszebb tavaszi helysz\u00ednek a v\u00e1rosban","og_description":"Fedezze fel Budapest legjobb tavaszi pontjait, a V\u00e1rosligeti cseresznyevir\u00e1gokt\u00f3l a Gell\u00e9rt-hegyre ny\u00edl\u00f3 leny\u0171g\u00f6z\u0151 kil\u00e1t\u00e1sig. T\u00f6k\u00e9letes a term\u00e9szet szerelmeseinek \u00e9s fot\u00f3soknak.","og_url":"https:\/\/www.todobudapest.com\/hu\/viragzo-budapest-a-legszebb-tavaszi-helyszinek-a-varosban\/","og_site_name":"To Do Budapest","article_published_time":"2025-03-18T10:22:48+00:00","article_modified_time":"2025-03-18T10:34:26+00:00","og_image":[{"url":"https:\/\/www.todobudapest.com\/wp-content\/uploads\/2025\/03\/COVER-1024x640.jpg"}],"author":"todoadmin","twitter_card":"summary_large_image","twitter_misc":{"Szerz\u0151:":"todoadmin","Becs\u00fclt olvas\u00e1si id\u0151":"5 perc"},"schema":{"@context":"https:\/\/schema.org","@graph":[{"@type":"WebPage","@id":"https:\/\/www.todobudapest.com\/hu\/viragzo-budapest-a-legszebb-tavaszi-helyszinek-a-varosban\/","url":"https:\/\/www.todobudapest.com\/hu\/viragzo-budapest-a-legszebb-tavaszi-helyszinek-a-varosban\/","name":"Vir\u00e1gz\u00f3 Budapest: A legszebb tavaszi helysz\u00ednek a v\u00e1rosban - To Do Budapest","isPartOf":{"@id":"https:\/\/www.todobudapest.com\/#website"},"datePublished":"2025-03-18T10:22:48+00:00","dateModified":"2025-03-18T10:34:26+00:00","author":{"@id":"https:\/\/www.todobudapest.com\/#\/schema\/person\/de4e8287b713a319b6f46d729747d3eb"},"description":"Fedezze fel Budapest legjobb tavaszi pontjait, a V\u00e1rosligeti cseresznyevir\u00e1gokt\u00f3l a Gell\u00e9rt-hegyre ny\u00edl\u00f3 leny\u0171g\u00f6z\u0151 kil\u00e1t\u00e1sig. T\u00f6k\u00e9letes a term\u00e9szet szerelmeseinek \u00e9s fot\u00f3soknak.","breadcrumb":{"@id":"https:\/\/www.todobudapest.com\/hu\/viragzo-budapest-a-legszebb-tavaszi-helyszinek-a-varosban\/#breadcrumb"},"inLanguage":"hu","potentialAction":[{"@type":"ReadAction","target":["https:\/\/www.todobudapest.com\/hu\/viragzo-budapest-a-legszebb-tavaszi-helyszinek-a-varosban\/"]}]},{"@type":"BreadcrumbList","@id":"https:\/\/www.todobudapest.com\/hu\/viragzo-budapest-a-legszebb-tavaszi-helyszinek-a-varosban\/#breadcrumb","itemListElement":[{"@type":"ListItem","position":1,"name":"Home","item":"https:\/\/www.todobudapest.com\/hu\/"},{"@type":"ListItem","position":2,"name":"Vir\u00e1gz\u00f3 Budapest: A legszebb tavaszi helysz\u00ednek a v\u00e1rosban"}]},{"@type":"WebSite","@id":"https:\/\/www.todobudapest.com\/#website","url":"https:\/\/www.todobudapest.com\/","name":"To Do Budapest","description":"","potentialAction":[{"@type":"SearchAction","target":{"@type":"EntryPoint","urlTemplate":"https:\/\/www.todobudapest.com\/?s={search_term_string}"},"query-input":"required name=search_term_string"}],"inLanguage":"hu"},{"@type":"Person","@id":"https:\/\/www.todobudapest.com\/#\/schema\/person\/de4e8287b713a319b6f46d729747d3eb","name":"todoadmin","image":{"@type":"ImageObject","inLanguage":"hu","@id":"https:\/\/www.todobudapest.com\/#\/schema\/person\/image\/","url":"https:\/\/secure.gravatar.com\/avatar\/c7b35cdf2ecbcae38ae3cea42de138be68173a0ac75ca4799c2374ddcf1af4da?s=96&d=mm&r=g","contentUrl":"https:\/\/secure.gravatar.com\/avatar\/c7b35cdf2ecbcae38ae3cea42de138be68173a0ac75ca4799c2374ddcf1af4da?s=96&d=mm&r=g","caption":"todoadmin"},"sameAs":["http:\/\/local.todobudapest.com"],"url":"https:\/\/www.todobudapest.com\/hu\/author\/todoadmin\/"}]}},"_links":{"self":[{"href":"https:\/\/www.todobudapest.com\/hu\/wp-json\/wp\/v2\/posts\/3288","targetHints":{"allow":["GET"]}}],"collection":[{"href":"https:\/\/www.todobudapest.com\/hu\/wp-json\/wp\/v2\/posts"}],"about":[{"href":"https:\/\/www.todobudapest.com\/hu\/wp-json\/wp\/v2\/types\/post"}],"author":[{"embeddable":true,"href":"https:\/\/www.todobudapest.com\/hu\/wp-json\/wp\/v2\/users\/1"}],"replies":[{"embeddable":true,"href":"https:\/\/www.todobudapest.com\/hu\/wp-json\/wp\/v2\/comments?post=3288"}],"version-history":[{"count":1,"href":"https:\/\/www.todobudapest.com\/hu\/wp-json\/wp\/v2\/posts\/3288\/revisions"}],"predecessor-version":[{"id":3289,"href":"https:\/\/www.todobudapest.com\/hu\/wp-json\/wp\/v2\/posts\/3288\/revisions\/3289"}],"wp:featuredmedia":[{"embeddable":true,"href":"https:\/\/www.todobudapest.com\/hu\/wp-json\/wp\/v2\/media\/3274"}],"wp:attachment":[{"href":"https:\/\/www.todobudapest.com\/hu\/wp-json\/wp\/v2\/media?parent=3288"}],"wp:term":[{"taxonomy":"category","embeddable":true,"href":"https:\/\/www.todobudapest.com\/hu\/wp-json\/wp\/v2\/categories?post=3288"},{"taxonomy":"post_tag","embeddable":true,"href":"https:\/\/www.todobudapest.com\/hu\/wp-json\/wp\/v2\/tags?post=3288"}],"curies":[{"name":"wp","href":"https:\/\/api.w.org\/{rel}","templated":true}]}}