{"id":3242,"date":"2025-02-22T14:44:02","date_gmt":"2025-02-22T13:44:02","guid":{"rendered":"https:\/\/www.todobudapest.com\/budapest-8-rejtett-kincse-fedezd-fel-a-varos-titkos-helyeit\/"},"modified":"2025-02-22T14:52:49","modified_gmt":"2025-02-22T13:52:49","slug":"budapest-8-rejtett-kincse-fedezd-fel-a-varos-titkos-helyeit","status":"publish","type":"post","link":"https:\/\/www.todobudapest.com\/hu\/budapest-8-rejtett-kincse-fedezd-fel-a-varos-titkos-helyeit\/","title":{"rendered":"Budapest 8 rejtett kincse: Fedezd fel a v\u00e1ros titkos helyeit"},"content":{"rendered":"<p>Budapest tele van vil\u00e1gh\u00edr\u0171 l\u00e1tnival\u00f3kkal, mint a Parlament \u00e9p\u00fclete, a Hal\u00e1szb\u00e1stya, vagy a Budai V\u00e1r. Azonban a j\u00f3l ismert nevezetess\u00e9gek m\u00f6g\u00f6tt megb\u00fajik egy m\u00e1sik vil\u00e1g is \u2013 egy olyan Budapest, amely tele van t\u00f6rt\u00e9nelmi titkokkal, rejtett \u00e9p\u00edt\u00e9szeti csod\u00e1kkal \u00e9s k\u00fcl\u00f6nleges term\u00e9szeti helysz\u00ednekkel. Ha szeretn\u00e9l egy kicsit elmer\u00fclni a v\u00e1ros kev\u00e9sb\u00e9 ismert, de ann\u00e1l izgalmasabb oldal\u00e1ban, ezek a titkos helyek garant\u00e1ltan leny\u0171g\u00f6znek majd!<\/p>\n<h3>Mesebeli k\u00f6nyvt\u00e1r: A F\u0151v\u00e1rosi Szab\u00f3 Ervin K\u00f6nyvt\u00e1r<\/h3>\n<p>Budapest sz\u00edv\u00e9ben, egy pomp\u00e1s neobarokk palot\u00e1ban, a Wenckheim-kast\u00e9lyban b\u00fajik meg a F\u0151v\u00e1rosi Szab\u00f3 Ervin K\u00f6nyvt\u00e1r, amely nemcsak a k\u00f6nyvim\u00e1d\u00f3k, hanem az \u00e9p\u00edt\u00e9szet szerelmeseinek is kihagyhatatlan \u00e9lm\u00e9ny. A csill\u00e1rokkal d\u00edsz\u00edtett olvas\u00f3termek, a faragott fa b\u00fatorok \u00e9s a d\u00edszes mennyezetek egy let\u0171nt korszak eleganci\u00e1j\u00e1t id\u00e9zik.<\/p>\n<p>B\u00e1r a k\u00f6nyvt\u00e1r f\u0151k\u00e9nt di\u00e1kok \u00e9s kutat\u00f3k sz\u00e1m\u00e1ra nyitott, napijegy v\u00e1s\u00e1rl\u00e1s\u00e1val b\u00e1rki bej\u00e1rhatja a leny\u0171g\u00f6z\u0151 bels\u0151 tereket. Ha egy kis nyugalomra v\u00e1gysz Budapest ny\u00fczsg\u00e9se el\u0151l, vagy egyszer\u0171en csak szeretn\u00e9d megtapasztalni egy arisztokratikus palota hangulat\u00e1t, ez a hely t\u00f6k\u00e9letes v\u00e1laszt\u00e1s.<\/p>\n<p><img decoding=\"async\" class=\"size-large wp-image-3231 aligncenter\" src=\"https:\/\/www.todobudapest.com\/wp-content\/uploads\/2025\/02\/welovebudapest-1024x683.jpg\" alt=\"\" width=\"1024\" height=\"683\" srcset=\"https:\/\/www.todobudapest.com\/wp-content\/uploads\/2025\/02\/welovebudapest-1024x683.jpg 1024w, https:\/\/www.todobudapest.com\/wp-content\/uploads\/2025\/02\/welovebudapest-300x200.jpg 300w, https:\/\/www.todobudapest.com\/wp-content\/uploads\/2025\/02\/welovebudapest-768x512.jpg 768w, https:\/\/www.todobudapest.com\/wp-content\/uploads\/2025\/02\/welovebudapest-1536x1024.jpg 1536w, https:\/\/www.todobudapest.com\/wp-content\/uploads\/2025\/02\/welovebudapest-600x400.jpg 600w, https:\/\/www.todobudapest.com\/wp-content\/uploads\/2025\/02\/welovebudapest.jpg 1980w\" sizes=\"(max-width: 1024px) 100vw, 1024px\" \/><\/p>\n<p style=\"text-align: center;\">Fot\u00f3: We Love Budapest<\/p>\n<h3>A f\u00f6ld alatti Budapest: Barlangt\u00fara a Budai-hegys\u00e9gben<\/h3>\n<p>Kevesen tudj\u00e1k, hogy Budapest alatt egy hatalmas barlangrendszer h\u00faz\u00f3dik, amelyet \u00e9vezredek sor\u00e1n a term\u00e1lvizek form\u00e1ltak. Ha szereted a kalandokat, \u00e9s egy igaz\u00e1n k\u00fcl\u00f6nleges \u00e9lm\u00e9nyre v\u00e1gysz, \u00e9rdemes felfedezni a P\u00e1l-v\u00f6lgyi-barlangot, amely a v\u00e1ros leghosszabb barlangja.<\/p>\n<p>A vezetett t\u00far\u00e1k sor\u00e1n sz\u0171k j\u00e1ratokon k\u00faszva-m\u00e1szva fedezheted fel a k\u00fcl\u00f6nleges cseppk\u0151k\u00e9pz\u0151dm\u00e9nyeket \u00e9s krist\u00e1lyos sziklaform\u00e1ci\u00f3kat. Ez a program nem csup\u00e1n izgalmas, hanem egyed\u00fcl\u00e1ll\u00f3 lehet\u0151s\u00e9get k\u00edn\u00e1l arra, hogy Budapestet egy teljesen m\u00e1s szemsz\u00f6gb\u0151l ismerd meg \u2013 m\u00e9ghozz\u00e1 a f\u00f6ld al\u00f3l!<\/p>\n<p><img decoding=\"async\" class=\"alignnone size-large wp-image-3229 aligncenter\" src=\"https:\/\/www.todobudapest.com\/wp-content\/uploads\/2025\/02\/travelladdict-1024x768.jpg\" alt=\"\" width=\"1024\" height=\"768\" srcset=\"https:\/\/www.todobudapest.com\/wp-content\/uploads\/2025\/02\/travelladdict-1024x768.jpg 1024w, https:\/\/www.todobudapest.com\/wp-content\/uploads\/2025\/02\/travelladdict-300x225.jpg 300w, https:\/\/www.todobudapest.com\/wp-content\/uploads\/2025\/02\/travelladdict-768x576.jpg 768w, https:\/\/www.todobudapest.com\/wp-content\/uploads\/2025\/02\/travelladdict-1536x1152.jpg 1536w, https:\/\/www.todobudapest.com\/wp-content\/uploads\/2025\/02\/travelladdict-600x450.jpg 600w, https:\/\/www.todobudapest.com\/wp-content\/uploads\/2025\/02\/travelladdict.jpg 1632w\" sizes=\"(max-width: 1024px) 100vw, 1024px\" \/><\/p>\n<p style=\"text-align: center;\">Fot\u00f3: Traveladdict<\/p>\n<h3>A G\u00fcl Baba t\u00fcrb\u00e9je: B\u00e9k\u00e9s oszm\u00e1n zar\u00e1ndokhely<\/h3>\n<p>A G\u00fcl Baba t\u00fcrb\u00e9je az egyik legb\u00e9k\u00e9sebb \u00e9s legk\u00fcl\u00f6nlegesebb hely Budapesten. Ez a 16. sz\u00e1zadi t\u00f6r\u00f6k s\u00edreml\u00e9k a t\u00f6r\u00f6k h\u00f3dolts\u00e1g egyik fontos \u00f6r\u00f6ks\u00e9ge, amely egyben Budapest \u00e9s T\u00f6r\u00f6korsz\u00e1g t\u00f6rt\u00e9nelmi kapcsolat\u00e1nak szimb\u00f3luma.<\/p>\n<p>A r\u00f3zs\u00e1kkal \u00f6vezett kert \u00e9s a frissen fel\u00faj\u00edtott t\u00fcrbe igazi spiritu\u00e1lis \u00e9lm\u00e9nyt ny\u00fajt. A Margit h\u00eddt\u00f3l egy r\u00f6vid s\u00e9t\u00e1ra tal\u00e1lhat\u00f3 domboldali helysz\u00edn r\u00e1ad\u00e1sul leny\u0171g\u00f6z\u0151 panor\u00e1m\u00e1t k\u00edn\u00e1l a v\u00e1rosra, \u00edgy t\u00f6k\u00e9letes egy nyugodt d\u00e9lut\u00e1ni kir\u00e1ndul\u00e1shoz.<\/p>\n<p><img decoding=\"async\" class=\"alignnone size-large wp-image-3235 aligncenter\" src=\"https:\/\/www.todobudapest.com\/wp-content\/uploads\/2025\/02\/connolly-cove-1024x819.webp\" alt=\"\" width=\"1024\" height=\"819\" srcset=\"https:\/\/www.todobudapest.com\/wp-content\/uploads\/2025\/02\/connolly-cove-1024x819.webp 1024w, https:\/\/www.todobudapest.com\/wp-content\/uploads\/2025\/02\/connolly-cove-300x240.webp 300w, https:\/\/www.todobudapest.com\/wp-content\/uploads\/2025\/02\/connolly-cove-768x614.webp 768w, https:\/\/www.todobudapest.com\/wp-content\/uploads\/2025\/02\/connolly-cove-600x480.webp 600w, https:\/\/www.todobudapest.com\/wp-content\/uploads\/2025\/02\/connolly-cove.webp 1500w\" sizes=\"(max-width: 1024px) 100vw, 1024px\" \/><\/p>\n<p style=\"text-align: center;\">Fot\u00f3: Connolly Cove<\/p>\n<h3>Elfeledett k\u00f6z\u00e9pkori eml\u00e9k: A M\u00e1ria Magdolna-templom tornya<\/h3>\n<p>A M\u00e1ty\u00e1s-templom \u00e9s a Szent Istv\u00e1n-bazilika \u00e1rny\u00e9k\u00e1ban kevesen ismerik a M\u00e1ria Magdolna-templomot, amely Budapest egyik leg\u00e9rdekesebb t\u00f6rt\u00e9nelmi eml\u00e9ke. Az eredetileg a 13. sz\u00e1zadban \u00e9p\u00fclt templom szinte teljesen elpusztult a m\u00e1sodik vil\u00e1gh\u00e1bor\u00fa alatt, de a csod\u00e1latos g\u00f3tikus tornya szerencs\u00e9re megmaradt.<\/p>\n<p>Ma kil\u00e1t\u00f3k\u00e9nt m\u0171k\u00f6dik, \u00e9s a Budai V\u00e1rnegyed egyik legszebb panor\u00e1m\u00e1j\u00e1t k\u00edn\u00e1lja. Ha szereted a kev\u00e9sb\u00e9 ismert t\u00f6rt\u00e9nelmi helysz\u00edneket \u00e9s a k\u00fcl\u00f6nleges kil\u00e1t\u00f3pontokat, akkor ez a hely mindenk\u00e9pp meg\u00e9r egy l\u00e1togat\u00e1st.<\/p>\n<p><img decoding=\"async\" class=\"alignnone size-large wp-image-3233 aligncenter\" src=\"https:\/\/www.todobudapest.com\/wp-content\/uploads\/2025\/02\/budapestinfo-1024x682.jpg\" alt=\"\" width=\"1024\" height=\"682\" srcset=\"https:\/\/www.todobudapest.com\/wp-content\/uploads\/2025\/02\/budapestinfo-1024x682.jpg 1024w, https:\/\/www.todobudapest.com\/wp-content\/uploads\/2025\/02\/budapestinfo-300x200.jpg 300w, https:\/\/www.todobudapest.com\/wp-content\/uploads\/2025\/02\/budapestinfo-768x512.jpg 768w, https:\/\/www.todobudapest.com\/wp-content\/uploads\/2025\/02\/budapestinfo-600x400.jpg 600w, https:\/\/www.todobudapest.com\/wp-content\/uploads\/2025\/02\/budapestinfo.jpg 1400w\" sizes=\"(max-width: 1024px) 100vw, 1024px\" \/><\/p>\n<p style=\"text-align: center;\">Fot\u00f3: Budapestinfo<\/p>\n<h3>Eml\u00e9k a m\u00faltb\u00f3l: Az egykori Nemzeti Sz\u00ednh\u00e1z eml\u00e9km\u0171ve<\/h3>\n<p>Kevesen tudj\u00e1k, hogy Budapest els\u0151 Nemzeti Sz\u00ednh\u00e1za egykor a Duna-parton \u00e1llt, eg\u00e9szen a 1960-as \u00e9vekig, amikor lebontott\u00e1k. Ma csak egy szer\u00e9ny eml\u00e9km\u0171 \u0151rzi az \u00e9p\u00fclet eml\u00e9k\u00e9t, amely k\u0151faragv\u00e1nyok \u00e9s eredeti d\u00edsz\u00edt\u0151elemek felhaszn\u00e1l\u00e1s\u00e1val tiszteleg a v\u00e1ros egykori kultur\u00e1lis fellegv\u00e1ra el\u0151tt.<\/p>\n<p>Ez a hely egyfajta id\u0151utaz\u00e1s Budapest sz\u00ednh\u00e1zi m\u00faltj\u00e1ba \u2013 csendes, m\u00e9gis jelent\u0151s\u00e9gteljes eml\u00e9keztet\u0151je annak, hogy a v\u00e1ros kult\u00far\u00e1ja milyen m\u00e9ly gy\u00f6kerekkel rendelkezik.<\/p>\n<p><img decoding=\"async\" class=\"alignnone size-full wp-image-3227 aligncenter\" src=\"https:\/\/www.todobudapest.com\/wp-content\/uploads\/2025\/02\/Travel-notes-and-beyond.jpg\" alt=\"\" width=\"900\" height=\"643\" srcset=\"https:\/\/www.todobudapest.com\/wp-content\/uploads\/2025\/02\/Travel-notes-and-beyond.jpg 900w, https:\/\/www.todobudapest.com\/wp-content\/uploads\/2025\/02\/Travel-notes-and-beyond-300x214.jpg 300w, https:\/\/www.todobudapest.com\/wp-content\/uploads\/2025\/02\/Travel-notes-and-beyond-768x549.jpg 768w, https:\/\/www.todobudapest.com\/wp-content\/uploads\/2025\/02\/Travel-notes-and-beyond-600x429.jpg 600w\" sizes=\"(max-width: 900px) 100vw, 900px\" \/><\/p>\n<p style=\"text-align: center;\">Fot\u00f3: Travel Notes &amp; Beyond<\/p>\n<h3>Wekerletelep: Budapest rejtett kisv\u00e1rosa<\/h3>\n<p>Ha egy teljesen m\u00e1s hangulat\u00fa Budapestet szeretn\u00e9l l\u00e1tni, l\u00e1togass el Wekerletelepre, a v\u00e1ros egyik legk\u00fcl\u00f6nlegesebb lak\u00f3negyed\u00e9be! Az 1910-es \u00e9vekben \u00e9p\u00fclt kertv\u00e1rosi negyed n\u00e9pi ihlet\u00e9s\u0171 \u00e9p\u00fcleteivel, macskak\u00f6ves utc\u00e1ival \u00e9s hangulatos tereivel egyed\u00fcl\u00e1ll\u00f3 l\u00e1tv\u00e1nyt ny\u00fajt.<\/p>\n<p>A k\u00f6zponti Wekerle t\u00e9r \u00e9s az ott tal\u00e1lhat\u00f3 ikonikus kapu\u00e9p\u00fclet a ker\u00fclet szimb\u00f3luma. Egy s\u00e9ta itt olyan, mintha egy kisv\u00e1rosba cs\u00f6ppenn\u00e9l Budapest ny\u00fczsg\u00e9s\u00e9b\u0151l, ez\u00e9rt t\u00f6k\u00e9letes helysz\u00edn egy nyugodt d\u00e9lut\u00e1nra.<\/p>\n<p><img decoding=\"async\" class=\"size-full wp-image-3225 aligncenter\" src=\"https:\/\/www.todobudapest.com\/wp-content\/uploads\/2025\/02\/setamuhely.jpg\" alt=\"\" width=\"800\" height=\"532\" srcset=\"https:\/\/www.todobudapest.com\/wp-content\/uploads\/2025\/02\/setamuhely.jpg 800w, https:\/\/www.todobudapest.com\/wp-content\/uploads\/2025\/02\/setamuhely-300x200.jpg 300w, https:\/\/www.todobudapest.com\/wp-content\/uploads\/2025\/02\/setamuhely-768x511.jpg 768w, https:\/\/www.todobudapest.com\/wp-content\/uploads\/2025\/02\/setamuhely-600x399.jpg 600w\" sizes=\"(max-width: 800px) 100vw, 800px\" \/><\/p>\n<p style=\"text-align: center;\">Fot\u00f3: S\u00e9tam\u0171hely<\/p>\n<h3>Aquincum M\u00fazeum: Budapest r\u00f3mai \u00f6r\u00f6ks\u00e9ge<\/h3>\n<p>Budapest t\u00f6rt\u00e9nete nemcsak a Habsburg-korra, hanem az \u00f3korra is visszany\u00falik. Az Aquincum M\u00fazeum \u00e9s r\u00e9g\u00e9szeti park Budapest r\u00f3mai kori m\u00faltj\u00e1nak legfontosabb eml\u00e9ke, ahol 2,000 \u00e9ves romokat, mozaikokat \u00e9s f\u00fcrd\u0151maradv\u00e1nyokat fedezhetsz fel.<\/p>\n<p>A m\u00fazeum k\u00fcl\u00f6n\u00f6sen \u00e9rdekes azok sz\u00e1m\u00e1ra, akik szeretik a t\u00f6rt\u00e9nelemk\u00f6zpont\u00fa kir\u00e1ndul\u00e1sokat, hiszen itt interakt\u00edv ki\u00e1ll\u00edt\u00e1sok \u00e9s \u00e9l\u0151 t\u00f6rt\u00e9nelmi bemutat\u00f3k is v\u00e1rj\u00e1k a l\u00e1togat\u00f3kat.<\/p>\n<p><img decoding=\"async\" class=\"size-full wp-image-3223 aligncenter\" src=\"https:\/\/www.todobudapest.com\/wp-content\/uploads\/2025\/02\/Salterton-Arts-Review.jpeg\" alt=\"\" width=\"1024\" height=\"768\" srcset=\"https:\/\/www.todobudapest.com\/wp-content\/uploads\/2025\/02\/Salterton-Arts-Review.jpeg 1024w, https:\/\/www.todobudapest.com\/wp-content\/uploads\/2025\/02\/Salterton-Arts-Review-300x225.jpeg 300w, https:\/\/www.todobudapest.com\/wp-content\/uploads\/2025\/02\/Salterton-Arts-Review-768x576.jpeg 768w, https:\/\/www.todobudapest.com\/wp-content\/uploads\/2025\/02\/Salterton-Arts-Review-600x450.jpeg 600w\" sizes=\"(max-width: 1024px) 100vw, 1024px\" \/><\/p>\n<p style=\"text-align: center;\">Fot\u00f3: Salterton Arts Review<\/p>\n<h3>Magyar Vas\u00fatt\u00f6rt\u00e9neti Park: A vonatok szerelmeseinek paradicsoma<\/h3>\n<p>Ha \u00e9rdekelnek a g\u0151zmozdonyok \u00e9s a r\u00e9gi vas\u00fati j\u00e1rm\u0171vek, akkor a Magyar Vas\u00fatt\u00f6rt\u00e9neti Park egy igazi k\u00fcl\u00f6nlegess\u00e9g. Ez a hatalmas szabadt\u00e9ri m\u00fazeum m\u0171k\u00f6d\u0151k\u00e9pes g\u0151zmozdonyokat, kir\u00e1lyi vas\u00fati kocsikat \u00e9s interakt\u00edv ki\u00e1ll\u00edt\u00e1sokat k\u00edn\u00e1l.<\/p>\n<p>Az egyik legjobb \u00e9lm\u00e9ny a k\u00e9zi hajt\u00e1nyoz\u00e1s vagy a nosztalgia vonatoz\u00e1s, amely garant\u00e1ltan visszarep\u00edt a m\u00faltba. Egy t\u00f6k\u00e9letes program az eg\u00e9sz csal\u00e1d sz\u00e1m\u00e1ra!<\/p>\n<p><img decoding=\"async\" class=\"alignnone size-large wp-image-3239 aligncenter\" src=\"https:\/\/www.todobudapest.com\/wp-content\/uploads\/2025\/02\/IHO-1024x683.jpg\" alt=\"\" width=\"1024\" height=\"683\" srcset=\"https:\/\/www.todobudapest.com\/wp-content\/uploads\/2025\/02\/IHO-1024x683.jpg 1024w, https:\/\/www.todobudapest.com\/wp-content\/uploads\/2025\/02\/IHO-300x200.jpg 300w, https:\/\/www.todobudapest.com\/wp-content\/uploads\/2025\/02\/IHO-768x512.jpg 768w, https:\/\/www.todobudapest.com\/wp-content\/uploads\/2025\/02\/IHO-1536x1024.jpg 1536w, https:\/\/www.todobudapest.com\/wp-content\/uploads\/2025\/02\/IHO-600x400.jpg 600w, https:\/\/www.todobudapest.com\/wp-content\/uploads\/2025\/02\/IHO.jpg 2048w\" sizes=\"(max-width: 1024px) 100vw, 1024px\" \/><\/p>\n<p style=\"text-align: center;\">Fot\u00f3: IHO<\/p>\n<h3>Budapest rejtett arc\u00e1nak felfedez\u00e9se<\/h3>\n<p>Budapest sokkal t\u00f6bb, mint a j\u00f3l ismert l\u00e1tv\u00e1nyoss\u00e1gok \u2013 a v\u00e1ros tele van eldugott kincsekkel, titkos helyekkel \u00e9s t\u00f6rt\u00e9nelmi meglepet\u00e9sekkel. Ha igaz\u00e1n szeretn\u00e9d megismerni Budapestet, fedezd fel ezeket a k\u00fcl\u00f6nleges helysz\u00edneket, \u00e9s engedd, hogy a v\u00e1ros \u00faj arc\u00e1t mutassa meg neked!<\/p>\n","protected":false},"excerpt":{"rendered":"<p>Budapest tele van vil\u00e1gh\u00edr\u0171 l\u00e1tnival\u00f3kkal, mint a Parlament \u00e9p\u00fclete, a Hal\u00e1szb\u00e1stya, vagy a Budai V\u00e1r. Azonban a j\u00f3l ismert nevezetess\u00e9gek m\u00f6g\u00f6tt megb\u00fajik egy m\u00e1sik vil\u00e1g is \u2013 egy olyan Budapest, amely tele van t\u00f6rt\u00e9nelmi titkokkal, rejtett \u00e9p\u00edt\u00e9szeti csod\u00e1kkal \u00e9s k\u00fcl\u00f6nleges term\u00e9szeti helysz\u00ednekkel. Ha szeretn\u00e9l egy kicsit elmer\u00fclni a v\u00e1ros kev\u00e9sb\u00e9 ismert, de ann\u00e1l izgalmasabb oldal\u00e1ban, [&hellip;]<\/p>\n","protected":false},"author":1,"featured_media":3238,"comment_status":"closed","ping_status":"closed","sticky":false,"template":"","format":"standard","meta":{"footnotes":""},"categories":[16],"tags":[],"class_list":["post-3242","post","type-post","status-publish","format-standard","has-post-thumbnail","hentry","category-uncategorized-hu"],"acf":[],"yoast_head":"<!-- This site is optimized with the Yoast SEO plugin v20.3 - https:\/\/yoast.com\/wordpress\/plugins\/seo\/ -->\n<title>Budapest 8 rejtett kincse: Fedezd fel a v\u00e1ros titkos helyeit - To Do Budapest<\/title>\n<meta name=\"description\" content=\"Fedezd fel Budapest rejtett gy\u00f6ngyszemeit, a titkos k\u00f6nyvt\u00e1rakt\u00f3l \u00e9s f\u00f6ldalatti barlangokt\u00f3l a t\u00f6rt\u00e9nelmi helysz\u00ednekig \u00e9s a meghitt mened\u00e9khelyekig.\" \/>\n<meta name=\"robots\" content=\"index, follow, max-snippet:-1, max-image-preview:large, max-video-preview:-1\" \/>\n<link rel=\"canonical\" href=\"https:\/\/www.todobudapest.com\/hu\/budapest-8-rejtett-kincse-fedezd-fel-a-varos-titkos-helyeit\/\" \/>\n<meta property=\"og:locale\" content=\"hu_HU\" \/>\n<meta property=\"og:type\" content=\"article\" \/>\n<meta property=\"og:title\" content=\"Budapest 8 rejtett kincse: Fedezd fel a v\u00e1ros titkos helyeit\" \/>\n<meta property=\"og:description\" content=\"Fedezd fel Budapest rejtett gy\u00f6ngyszemeit, a titkos k\u00f6nyvt\u00e1rakt\u00f3l \u00e9s f\u00f6ldalatti barlangokt\u00f3l a t\u00f6rt\u00e9nelmi helysz\u00ednekig \u00e9s a meghitt mened\u00e9khelyekig.\" \/>\n<meta property=\"og:url\" content=\"https:\/\/www.todobudapest.com\/hu\/budapest-8-rejtett-kincse-fedezd-fel-a-varos-titkos-helyeit\/\" \/>\n<meta property=\"og:site_name\" content=\"To Do Budapest\" \/>\n<meta property=\"article:published_time\" content=\"2025-02-22T13:44:02+00:00\" \/>\n<meta property=\"article:modified_time\" content=\"2025-02-22T13:52:49+00:00\" \/>\n<meta property=\"og:image\" content=\"https:\/\/www.todobudapest.com\/wp-content\/uploads\/2025\/02\/COVER-.jpg\" \/>\n\t<meta property=\"og:image:width\" content=\"1191\" \/>\n\t<meta property=\"og:image:height\" content=\"904\" \/>\n\t<meta property=\"og:image:type\" content=\"image\/jpeg\" \/>\n<meta name=\"author\" content=\"todoadmin\" \/>\n<meta name=\"twitter:card\" content=\"summary_large_image\" \/>\n<meta name=\"twitter:label1\" content=\"Szerz\u0151:\" \/>\n\t<meta name=\"twitter:data1\" content=\"todoadmin\" \/>\n\t<meta name=\"twitter:label2\" content=\"Becs\u00fclt olvas\u00e1si id\u0151\" \/>\n\t<meta name=\"twitter:data2\" content=\"5 perc\" \/>\n<script type=\"application\/ld+json\" class=\"yoast-schema-graph\">{\"@context\":\"https:\/\/schema.org\",\"@graph\":[{\"@type\":\"WebPage\",\"@id\":\"https:\/\/www.todobudapest.com\/hu\/budapest-8-rejtett-kincse-fedezd-fel-a-varos-titkos-helyeit\/\",\"url\":\"https:\/\/www.todobudapest.com\/hu\/budapest-8-rejtett-kincse-fedezd-fel-a-varos-titkos-helyeit\/\",\"name\":\"Budapest 8 rejtett kincse: Fedezd fel a v\u00e1ros titkos helyeit - To Do Budapest\",\"isPartOf\":{\"@id\":\"https:\/\/www.todobudapest.com\/#website\"},\"datePublished\":\"2025-02-22T13:44:02+00:00\",\"dateModified\":\"2025-02-22T13:52:49+00:00\",\"author\":{\"@id\":\"https:\/\/www.todobudapest.com\/#\/schema\/person\/de4e8287b713a319b6f46d729747d3eb\"},\"description\":\"Fedezd fel Budapest rejtett gy\u00f6ngyszemeit, a titkos k\u00f6nyvt\u00e1rakt\u00f3l \u00e9s f\u00f6ldalatti barlangokt\u00f3l a t\u00f6rt\u00e9nelmi helysz\u00ednekig \u00e9s a meghitt mened\u00e9khelyekig.\",\"breadcrumb\":{\"@id\":\"https:\/\/www.todobudapest.com\/hu\/budapest-8-rejtett-kincse-fedezd-fel-a-varos-titkos-helyeit\/#breadcrumb\"},\"inLanguage\":\"hu\",\"potentialAction\":[{\"@type\":\"ReadAction\",\"target\":[\"https:\/\/www.todobudapest.com\/hu\/budapest-8-rejtett-kincse-fedezd-fel-a-varos-titkos-helyeit\/\"]}]},{\"@type\":\"BreadcrumbList\",\"@id\":\"https:\/\/www.todobudapest.com\/hu\/budapest-8-rejtett-kincse-fedezd-fel-a-varos-titkos-helyeit\/#breadcrumb\",\"itemListElement\":[{\"@type\":\"ListItem\",\"position\":1,\"name\":\"Home\",\"item\":\"https:\/\/www.todobudapest.com\/hu\/\"},{\"@type\":\"ListItem\",\"position\":2,\"name\":\"Budapest 8 rejtett kincse: Fedezd fel a v\u00e1ros titkos helyeit\"}]},{\"@type\":\"WebSite\",\"@id\":\"https:\/\/www.todobudapest.com\/#website\",\"url\":\"https:\/\/www.todobudapest.com\/\",\"name\":\"To Do Budapest\",\"description\":\"\",\"potentialAction\":[{\"@type\":\"SearchAction\",\"target\":{\"@type\":\"EntryPoint\",\"urlTemplate\":\"https:\/\/www.todobudapest.com\/?s={search_term_string}\"},\"query-input\":\"required name=search_term_string\"}],\"inLanguage\":\"hu\"},{\"@type\":\"Person\",\"@id\":\"https:\/\/www.todobudapest.com\/#\/schema\/person\/de4e8287b713a319b6f46d729747d3eb\",\"name\":\"todoadmin\",\"image\":{\"@type\":\"ImageObject\",\"inLanguage\":\"hu\",\"@id\":\"https:\/\/www.todobudapest.com\/#\/schema\/person\/image\/\",\"url\":\"https:\/\/secure.gravatar.com\/avatar\/c7b35cdf2ecbcae38ae3cea42de138be68173a0ac75ca4799c2374ddcf1af4da?s=96&d=mm&r=g\",\"contentUrl\":\"https:\/\/secure.gravatar.com\/avatar\/c7b35cdf2ecbcae38ae3cea42de138be68173a0ac75ca4799c2374ddcf1af4da?s=96&d=mm&r=g\",\"caption\":\"todoadmin\"},\"sameAs\":[\"http:\/\/local.todobudapest.com\"],\"url\":\"https:\/\/www.todobudapest.com\/hu\/author\/todoadmin\/\"}]}<\/script>\n<!-- \/ Yoast SEO plugin. -->","yoast_head_json":{"title":"Budapest 8 rejtett kincse: Fedezd fel a v\u00e1ros titkos helyeit - To Do Budapest","description":"Fedezd fel Budapest rejtett gy\u00f6ngyszemeit, a titkos k\u00f6nyvt\u00e1rakt\u00f3l \u00e9s f\u00f6ldalatti barlangokt\u00f3l a t\u00f6rt\u00e9nelmi helysz\u00ednekig \u00e9s a meghitt mened\u00e9khelyekig.","robots":{"index":"index","follow":"follow","max-snippet":"max-snippet:-1","max-image-preview":"max-image-preview:large","max-video-preview":"max-video-preview:-1"},"canonical":"https:\/\/www.todobudapest.com\/hu\/budapest-8-rejtett-kincse-fedezd-fel-a-varos-titkos-helyeit\/","og_locale":"hu_HU","og_type":"article","og_title":"Budapest 8 rejtett kincse: Fedezd fel a v\u00e1ros titkos helyeit","og_description":"Fedezd fel Budapest rejtett gy\u00f6ngyszemeit, a titkos k\u00f6nyvt\u00e1rakt\u00f3l \u00e9s f\u00f6ldalatti barlangokt\u00f3l a t\u00f6rt\u00e9nelmi helysz\u00ednekig \u00e9s a meghitt mened\u00e9khelyekig.","og_url":"https:\/\/www.todobudapest.com\/hu\/budapest-8-rejtett-kincse-fedezd-fel-a-varos-titkos-helyeit\/","og_site_name":"To Do Budapest","article_published_time":"2025-02-22T13:44:02+00:00","article_modified_time":"2025-02-22T13:52:49+00:00","og_image":[{"width":1191,"height":904,"url":"https:\/\/www.todobudapest.com\/wp-content\/uploads\/2025\/02\/COVER-.jpg","type":"image\/jpeg"}],"author":"todoadmin","twitter_card":"summary_large_image","twitter_misc":{"Szerz\u0151:":"todoadmin","Becs\u00fclt olvas\u00e1si id\u0151":"5 perc"},"schema":{"@context":"https:\/\/schema.org","@graph":[{"@type":"WebPage","@id":"https:\/\/www.todobudapest.com\/hu\/budapest-8-rejtett-kincse-fedezd-fel-a-varos-titkos-helyeit\/","url":"https:\/\/www.todobudapest.com\/hu\/budapest-8-rejtett-kincse-fedezd-fel-a-varos-titkos-helyeit\/","name":"Budapest 8 rejtett kincse: Fedezd fel a v\u00e1ros titkos helyeit - To Do Budapest","isPartOf":{"@id":"https:\/\/www.todobudapest.com\/#website"},"datePublished":"2025-02-22T13:44:02+00:00","dateModified":"2025-02-22T13:52:49+00:00","author":{"@id":"https:\/\/www.todobudapest.com\/#\/schema\/person\/de4e8287b713a319b6f46d729747d3eb"},"description":"Fedezd fel Budapest rejtett gy\u00f6ngyszemeit, a titkos k\u00f6nyvt\u00e1rakt\u00f3l \u00e9s f\u00f6ldalatti barlangokt\u00f3l a t\u00f6rt\u00e9nelmi helysz\u00ednekig \u00e9s a meghitt mened\u00e9khelyekig.","breadcrumb":{"@id":"https:\/\/www.todobudapest.com\/hu\/budapest-8-rejtett-kincse-fedezd-fel-a-varos-titkos-helyeit\/#breadcrumb"},"inLanguage":"hu","potentialAction":[{"@type":"ReadAction","target":["https:\/\/www.todobudapest.com\/hu\/budapest-8-rejtett-kincse-fedezd-fel-a-varos-titkos-helyeit\/"]}]},{"@type":"BreadcrumbList","@id":"https:\/\/www.todobudapest.com\/hu\/budapest-8-rejtett-kincse-fedezd-fel-a-varos-titkos-helyeit\/#breadcrumb","itemListElement":[{"@type":"ListItem","position":1,"name":"Home","item":"https:\/\/www.todobudapest.com\/hu\/"},{"@type":"ListItem","position":2,"name":"Budapest 8 rejtett kincse: Fedezd fel a v\u00e1ros titkos helyeit"}]},{"@type":"WebSite","@id":"https:\/\/www.todobudapest.com\/#website","url":"https:\/\/www.todobudapest.com\/","name":"To Do Budapest","description":"","potentialAction":[{"@type":"SearchAction","target":{"@type":"EntryPoint","urlTemplate":"https:\/\/www.todobudapest.com\/?s={search_term_string}"},"query-input":"required name=search_term_string"}],"inLanguage":"hu"},{"@type":"Person","@id":"https:\/\/www.todobudapest.com\/#\/schema\/person\/de4e8287b713a319b6f46d729747d3eb","name":"todoadmin","image":{"@type":"ImageObject","inLanguage":"hu","@id":"https:\/\/www.todobudapest.com\/#\/schema\/person\/image\/","url":"https:\/\/secure.gravatar.com\/avatar\/c7b35cdf2ecbcae38ae3cea42de138be68173a0ac75ca4799c2374ddcf1af4da?s=96&d=mm&r=g","contentUrl":"https:\/\/secure.gravatar.com\/avatar\/c7b35cdf2ecbcae38ae3cea42de138be68173a0ac75ca4799c2374ddcf1af4da?s=96&d=mm&r=g","caption":"todoadmin"},"sameAs":["http:\/\/local.todobudapest.com"],"url":"https:\/\/www.todobudapest.com\/hu\/author\/todoadmin\/"}]}},"_links":{"self":[{"href":"https:\/\/www.todobudapest.com\/hu\/wp-json\/wp\/v2\/posts\/3242","targetHints":{"allow":["GET"]}}],"collection":[{"href":"https:\/\/www.todobudapest.com\/hu\/wp-json\/wp\/v2\/posts"}],"about":[{"href":"https:\/\/www.todobudapest.com\/hu\/wp-json\/wp\/v2\/types\/post"}],"author":[{"embeddable":true,"href":"https:\/\/www.todobudapest.com\/hu\/wp-json\/wp\/v2\/users\/1"}],"replies":[{"embeddable":true,"href":"https:\/\/www.todobudapest.com\/hu\/wp-json\/wp\/v2\/comments?post=3242"}],"version-history":[{"count":1,"href":"https:\/\/www.todobudapest.com\/hu\/wp-json\/wp\/v2\/posts\/3242\/revisions"}],"predecessor-version":[{"id":3243,"href":"https:\/\/www.todobudapest.com\/hu\/wp-json\/wp\/v2\/posts\/3242\/revisions\/3243"}],"wp:featuredmedia":[{"embeddable":true,"href":"https:\/\/www.todobudapest.com\/hu\/wp-json\/wp\/v2\/media\/3238"}],"wp:attachment":[{"href":"https:\/\/www.todobudapest.com\/hu\/wp-json\/wp\/v2\/media?parent=3242"}],"wp:term":[{"taxonomy":"category","embeddable":true,"href":"https:\/\/www.todobudapest.com\/hu\/wp-json\/wp\/v2\/categories?post=3242"},{"taxonomy":"post_tag","embeddable":true,"href":"https:\/\/www.todobudapest.com\/hu\/wp-json\/wp\/v2\/tags?post=3242"}],"curies":[{"name":"wp","href":"https:\/\/api.w.org\/{rel}","templated":true}]}}