{"id":3012,"date":"2025-01-15T19:35:48","date_gmt":"2025-01-15T18:35:48","guid":{"rendered":"https:\/\/www.todobudapest.com\/falfestmenyek-amelyek-a-magyar-kulturat-tukrozik\/"},"modified":"2025-01-15T19:57:12","modified_gmt":"2025-01-15T18:57:12","slug":"falfestmenyek-amelyek-a-magyar-kulturat-tukrozik","status":"publish","type":"post","link":"https:\/\/www.todobudapest.com\/hu\/falfestmenyek-amelyek-a-magyar-kulturat-tukrozik\/","title":{"rendered":"Falfestm\u00e9nyek, amelyek a magyar kult\u00far\u00e1t t\u00fckr\u00f6zik"},"content":{"rendered":"<p>A magyar kult\u00fara t\u00f6bb mint ezer\u00e9ves t\u00f6rt\u00e9nelm\u00e9vel \u00e9s soksz\u00edn\u0171 hagyom\u00e1nyaival inspir\u00e1l\u00f3 alapot ny\u00fajt az utcai m\u0171v\u00e9szek sz\u00e1m\u00e1ra. \u00cdme n\u00e9h\u00e1ny kiemelked\u0151 alkot\u00e1s, amely a magyar identit\u00e1st \u00fcnnepli:<\/p>\n<h3>A Rubik-kocka falfestm\u00e9ny<\/h3>\n<p>A Dob utca 10. sz\u00e1m alatt tal\u00e1lhat\u00f3 3D-s alkot\u00e1s Ern\u0151 Rubik, a vil\u00e1gh\u00edr\u0171 logikai j\u00e1t\u00e9k feltal\u00e1l\u00f3ja el\u0151tt tiszteleg. A sz\u00ednes p\u00f6tty\u00f6kb\u0151l \u00f6ssze\u00e1ll\u00f3 k\u00e9p arra eml\u00e9keztet, hogy az \u00e9letben mindig van megold\u00e1s \u2013 ahogyan a Rubik-kocka eset\u00e9ben is.<\/p>\n<p><img decoding=\"async\" class=\"size-large wp-image-3009 aligncenter\" src=\"https:\/\/www.todobudapest.com\/wp-content\/uploads\/2025\/01\/Like-a-local-guide-1-1024x683.webp\" alt=\"\" width=\"1024\" height=\"683\" srcset=\"https:\/\/www.todobudapest.com\/wp-content\/uploads\/2025\/01\/Like-a-local-guide-1-1024x683.webp 1024w, https:\/\/www.todobudapest.com\/wp-content\/uploads\/2025\/01\/Like-a-local-guide-1-300x200.webp 300w, https:\/\/www.todobudapest.com\/wp-content\/uploads\/2025\/01\/Like-a-local-guide-1-768x512.webp 768w, https:\/\/www.todobudapest.com\/wp-content\/uploads\/2025\/01\/Like-a-local-guide-1-1536x1024.webp 1536w, https:\/\/www.todobudapest.com\/wp-content\/uploads\/2025\/01\/Like-a-local-guide-1-600x400.webp 600w, https:\/\/www.todobudapest.com\/wp-content\/uploads\/2025\/01\/Like-a-local-guide-1.webp 1600w\" sizes=\"(max-width: 1024px) 100vw, 1024px\" \/><\/p>\n<p style=\"text-align: center;\">Fot\u00f3: Like a Local Guide<\/p>\n<h3>A Feh\u00e9r Szarvas<\/h3>\n<p>K\u00e1roly Mesterh\u00e1zy (Carlos BreakOne) alkot\u00e1sa a magyar mondavil\u00e1g legend\u00e1s alakj\u00e1t, a Feh\u00e9r Szarvast \u00e1br\u00e1zolja, amely Nimr\u00f3dot vezette a mai Magyarorsz\u00e1g ter\u00fclet\u00e9re. A R\u00e9giposta utca 4. alatt tal\u00e1lhat\u00f3 sz\u00ednes \u00e9s r\u00e9szletgazdag m\u0171 egyszerre modern \u00e9s t\u00f6rt\u00e9nelmi.<\/p>\n<p><img decoding=\"async\" class=\"size-large wp-image-3005 aligncenter\" src=\"https:\/\/www.todobudapest.com\/wp-content\/uploads\/2025\/01\/Street-Art-Cities-1024x694.jpg\" alt=\"\" width=\"1024\" height=\"694\" srcset=\"https:\/\/www.todobudapest.com\/wp-content\/uploads\/2025\/01\/Street-Art-Cities-1024x694.jpg 1024w, https:\/\/www.todobudapest.com\/wp-content\/uploads\/2025\/01\/Street-Art-Cities-300x203.jpg 300w, https:\/\/www.todobudapest.com\/wp-content\/uploads\/2025\/01\/Street-Art-Cities-768x521.jpg 768w, https:\/\/www.todobudapest.com\/wp-content\/uploads\/2025\/01\/Street-Art-Cities-1536x1041.jpg 1536w, https:\/\/www.todobudapest.com\/wp-content\/uploads\/2025\/01\/Street-Art-Cities-600x407.jpg 600w, https:\/\/www.todobudapest.com\/wp-content\/uploads\/2025\/01\/Street-Art-Cities.jpg 2048w\" sizes=\"(max-width: 1024px) 100vw, 1024px\" \/><\/p>\n<p style=\"text-align: center;\">Fot\u00f3: Street Art Cities<\/p>\n<h3>Mit jelent magyarnak lenni?<\/h3>\n<p>Rich\u00e1rd Orosz Kert\u00e9sz utca 27. alatti falfestm\u00e9nye olyan tipikus magyar szimb\u00f3lumokat jelen\u00edt meg, mint a paprika, a Rubik-kocka \u00e9s a sakk. A m\u0171 az identit\u00e1s k\u00e9rd\u00e9s\u00e9t feszegeti, \u00e9s Magyarorsz\u00e1g neh\u00e9z t\u00f6rt\u00e9nelm\u00e9t is megid\u00e9zi.<\/p>\n<h3>T\u00f6rt\u00e9nelmi eml\u00e9kek a falakon<\/h3>\n<p>Magyarorsz\u00e1g viharos t\u00f6rt\u00e9nelme gazdag alapot ny\u00fajt az utcai m\u0171v\u00e9szek sz\u00e1m\u00e1ra, hogy meg\u00f6r\u00f6k\u00edts\u00e9k a m\u00falt jelent\u0151s esem\u00e9nyeit:<\/p>\n<h3>\u00c1ngel Sanz Briz portr\u00e9ja<\/h3>\n<p>A Dob utca 4. alatt l\u00e1that\u00f3 Okuda San Miguel kubista st\u00edlus\u00fa alkot\u00e1sa \u00c1ngel Sanz Briz el\u0151tt tiszteleg, aki t\u00f6bb ezer magyar zsid\u00f3t mentett meg a holokauszt idej\u00e9n. A \u201eBudapest angyala\u201d n\u00e9ven is ismert spanyol diplomata eml\u00e9kezet\u00e9t a spanyol nagyk\u00f6vets\u00e9g is t\u00e1mogatta.<\/p>\n<p><img decoding=\"async\" class=\"size-large wp-image-3007 aligncenter\" src=\"https:\/\/www.todobudapest.com\/wp-content\/uploads\/2025\/01\/The-times-of-Israel-1024x640.jpg\" alt=\"\" width=\"1024\" height=\"640\" srcset=\"https:\/\/www.todobudapest.com\/wp-content\/uploads\/2025\/01\/The-times-of-Israel-1024x640.jpg 1024w, https:\/\/www.todobudapest.com\/wp-content\/uploads\/2025\/01\/The-times-of-Israel-300x188.jpg 300w, https:\/\/www.todobudapest.com\/wp-content\/uploads\/2025\/01\/The-times-of-Israel-768x480.jpg 768w, https:\/\/www.todobudapest.com\/wp-content\/uploads\/2025\/01\/The-times-of-Israel-1536x960.jpg 1536w, https:\/\/www.todobudapest.com\/wp-content\/uploads\/2025\/01\/The-times-of-Israel-600x375.jpg 600w, https:\/\/www.todobudapest.com\/wp-content\/uploads\/2025\/01\/The-times-of-Israel.jpg 1600w\" sizes=\"(max-width: 1024px) 100vw, 1024px\" \/><\/p>\n<p style=\"text-align: center;\">Fot\u00f3: The Times of Israel<\/p>\n<h3>Az \u00e9v embere<\/h3>\n<p>A Wessel\u00e9nyi utca 40. fal\u00e1n Boris Csaliapin h\u00edres Time Magazin bor\u00edt\u00f3j\u00e1nak m\u00e1solata l\u00e1that\u00f3, amely az 1956-os forradalom h\u0151seit \u00fcnnepli. Az alkot\u00e1s tiszteletad\u00e1s a szabads\u00e1g\u00e9rt k\u00fczd\u0151 emberek b\u00e1tors\u00e1ga el\u0151tt.<\/p>\n<h3>6:3 \u2013 Az \u00e9vsz\u00e1zad m\u00e9rk\u0151z\u00e9se<\/h3>\n<p>A Rumbach Sebesty\u00e9n utca 8. sz\u00e1m alatt tal\u00e1lhat\u00f3 alkot\u00e1s az \u201eAranycsapat\u201d legend\u00e1s gy\u0151zelm\u00e9t id\u00e9zi fel, amikor 1953-ban 6:3-ra legy\u0151zt\u00e9k Angli\u00e1t. A nosztalgikus hangulat\u00fa falfestm\u00e9ny a magyar sport aranykor\u00e1t \u00fcnnepli.<\/p>\n<p><img decoding=\"async\" class=\"size-full wp-image-2997 aligncenter\" src=\"https:\/\/www.todobudapest.com\/wp-content\/uploads\/2025\/01\/budapest-flow.jpg\" alt=\"\" width=\"800\" height=\"533\" srcset=\"https:\/\/www.todobudapest.com\/wp-content\/uploads\/2025\/01\/budapest-flow.jpg 800w, https:\/\/www.todobudapest.com\/wp-content\/uploads\/2025\/01\/budapest-flow-300x200.jpg 300w, https:\/\/www.todobudapest.com\/wp-content\/uploads\/2025\/01\/budapest-flow-768x512.jpg 768w, https:\/\/www.todobudapest.com\/wp-content\/uploads\/2025\/01\/budapest-flow-600x400.jpg 600w\" sizes=\"(max-width: 800px) 100vw, 800px\" \/><\/p>\n<p style=\"text-align: center;\">Fot\u00f3: Budapest Flow<\/p>\n<h3>A v\u00e1rosi \u00e9let ihlette modern falfestm\u00e9nyek<\/h3>\n<p>A budapesti utcai m\u0171v\u00e9szetben a kort\u00e1rs v\u00e1rosi \u00e9let is hangs\u00falyos szerepet kap, bemutatva a f\u0151v\u00e1ros l\u00fcktet\u0151 energi\u00e1j\u00e1t:<\/p>\n<h3>Napkelte vagy naplemente<\/h3>\n<p>A Kazinczy utca 55. sz\u00e1m alatt tal\u00e1lhat\u00f3 falfestm\u00e9ny Budapest \u00e9jjel-nappali \u00e9let\u00e9t \u00e1br\u00e1zolja. A t\u00e9rk\u00e9p-szer\u0171 alkot\u00e1s \u00f6tleteket ad a l\u00e1togat\u00f3knak, hogy mit \u00e9rdemes felfedezni a k\u00f6rny\u00e9ken nappal \u00e9s \u00e9jszaka egyar\u00e1nt.<\/p>\n<h3>Budapest nem is olyan kicsi<\/h3>\n<p>Ez a Kazinczy utc\u00e1ban tal\u00e1lhat\u00f3 alkot\u00e1s arra buzd\u00edt, hogy a turist\u00e1k l\u00e9pjenek ki a bulinegyedb\u0151l, \u00e9s fedezz\u00e9k fel Budapest rejtett kincseit. A kreat\u00edv t\u00e9rk\u00e9pszer\u0171 m\u0171 arra eml\u00e9keztet, hogy a v\u00e1ros enn\u00e9l sokkal t\u00f6bbet k\u00edn\u00e1l.<\/p>\n<p><img decoding=\"async\" class=\"size-large wp-image-3001 aligncenter\" src=\"https:\/\/www.todobudapest.com\/wp-content\/uploads\/2025\/01\/colourfulworld-1024x768.jpg\" alt=\"\" width=\"1024\" height=\"768\" srcset=\"https:\/\/www.todobudapest.com\/wp-content\/uploads\/2025\/01\/colourfulworld-1024x768.jpg 1024w, https:\/\/www.todobudapest.com\/wp-content\/uploads\/2025\/01\/colourfulworld-300x225.jpg 300w, https:\/\/www.todobudapest.com\/wp-content\/uploads\/2025\/01\/colourfulworld-768x576.jpg 768w, https:\/\/www.todobudapest.com\/wp-content\/uploads\/2025\/01\/colourfulworld-1536x1152.jpg 1536w, https:\/\/www.todobudapest.com\/wp-content\/uploads\/2025\/01\/colourfulworld-600x450.jpg 600w, https:\/\/www.todobudapest.com\/wp-content\/uploads\/2025\/01\/colourfulworld.jpg 1600w\" sizes=\"(max-width: 1024px) 100vw, 1024px\" \/><\/p>\n<p style=\"text-align: center;\">Fot\u00f3: colourfulworld<\/p>\n<h3>Hogyan fedezd fel Budapest utcai m\u0171v\u00e9szet\u00e9t?<\/h3>\n<ul>\n<li>Csatlakozz egy Utcai M\u0171v\u00e9szeti T\u00far\u00e1hoz<\/li>\n<\/ul>\n<p>Kisebb csoportos t\u00far\u00e1k sor\u00e1n felfedezheted a rejtett alkot\u00e1sokat, \u00e9s megismerheted a m\u0171vek m\u00f6g\u00f6tti t\u00f6rt\u00e9neteket.<\/p>\n<ul>\n<li>L\u00e1togass el kulcsfontoss\u00e1g\u00fa helysz\u00ednekre<\/li>\n<\/ul>\n<p>A zsid\u00f3 negyed (Erzs\u00e9betv\u00e1ros), a 8. ker\u00fclet \u00e9s a belv\u00e1ros sz\u00e1mos izgalmas falfestm\u00e9nyt rejt.<\/p>\n<ul>\n<li>K\u00f6vess\u00e9tek az alkot\u00f3kat<\/li>\n<\/ul>\n<p>Sok falfestm\u00e9ny mellett tal\u00e1lhatsz m\u0171v\u00e9szneveket vagy k\u00f6z\u00f6ss\u00e9gi m\u00e9dia el\u00e9rhet\u0151s\u00e9geket. A <strong>Neopaint \u00e9s a Sz\u00ednes V\u00e1ros<\/strong> oldalait is \u00e9rdemes k\u00f6vetni.<\/p>\n<ul>\n<li>Id\u0151z\u00edtsd j\u00f3l a l\u00e1togat\u00e1sod<\/li>\n<\/ul>\n<p>A legjobb id\u0151pont a m\u0171vek megtekint\u00e9s\u00e9re a nappali \u00f3r\u00e1k, k\u00fcl\u00f6n\u00f6sen reggel vagy kora d\u00e9lut\u00e1n, amikor a f\u00e9nyviszonyok ide\u00e1lisak.<\/p>\n<p><img decoding=\"async\" class=\"size-full wp-image-2999 aligncenter\" src=\"https:\/\/www.todobudapest.com\/wp-content\/uploads\/2025\/01\/budapestinfo.jpg\" alt=\"\" width=\"792\" height=\"527\" srcset=\"https:\/\/www.todobudapest.com\/wp-content\/uploads\/2025\/01\/budapestinfo.jpg 792w, https:\/\/www.todobudapest.com\/wp-content\/uploads\/2025\/01\/budapestinfo-300x200.jpg 300w, https:\/\/www.todobudapest.com\/wp-content\/uploads\/2025\/01\/budapestinfo-768x511.jpg 768w, https:\/\/www.todobudapest.com\/wp-content\/uploads\/2025\/01\/budapestinfo-600x399.jpg 600w\" sizes=\"(max-width: 792px) 100vw, 792px\" \/><\/p>\n<p style=\"text-align: center;\">Fot\u00f3: Budapestinfo<\/p>\n<h3>Utcai m\u0171v\u00e9szet etikett<\/h3>\n<ul>\n<li>Tiszteld az alkot\u00e1sokat: Ne \u00e9rj hozz\u00e1juk, \u00e9s ne rong\u00e1ld meg \u0151ket.<\/li>\n<li>T\u00e1mogasd a m\u0171v\u00e9szeket: Ossz meg r\u00f3luk k\u00e9sz\u00fclt k\u00e9peket a k\u00f6z\u00f6ss\u00e9gi m\u00e9di\u00e1ban, \u00e9s mindig t\u00fcntesd fel a nev\u00fcket.<\/li>\n<li>Kapcsolj kikapcsol\u00f3d\u00e1st is hozz\u00e1: Sok falfestm\u00e9ny k\u00f6zvetlen k\u00f6zel\u00e9ben tal\u00e1lhat\u00f3 k\u00e1v\u00e9z\u00f3 vagy b\u00e1r \u2013 \u00edgy az utcai m\u0171v\u00e9szet felfedez\u00e9se remek\u00fcl kombin\u00e1lhat\u00f3 egy kellemes pihen\u00e9ssel.<\/li>\n<\/ul>\n<p><img decoding=\"async\" class=\"size-full wp-image-2995 aligncenter\" src=\"https:\/\/www.todobudapest.com\/wp-content\/uploads\/2025\/01\/book-a-street-artist.webp\" alt=\"\" width=\"1000\" height=\"720\" srcset=\"https:\/\/www.todobudapest.com\/wp-content\/uploads\/2025\/01\/book-a-street-artist.webp 1000w, https:\/\/www.todobudapest.com\/wp-content\/uploads\/2025\/01\/book-a-street-artist-300x216.webp 300w, https:\/\/www.todobudapest.com\/wp-content\/uploads\/2025\/01\/book-a-street-artist-768x553.webp 768w, https:\/\/www.todobudapest.com\/wp-content\/uploads\/2025\/01\/book-a-street-artist-600x432.webp 600w\" sizes=\"(max-width: 1000px) 100vw, 1000px\" \/><\/p>\n<p style=\"text-align: center;\">Fot\u00f3: Book a Street Artist<\/p>\n<p>Budapest utcai m\u0171v\u00e9szete nem csup\u00e1n d\u00edsz\u00edt\u00e9s \u2013 hanem a v\u00e1ros kreativit\u00e1s\u00e1nak, rugalmass\u00e1g\u00e1nak \u00e9s folyamatos v\u00e1ltoz\u00e1s\u00e1nak \u00e9l\u0151 bizony\u00edt\u00e9ka. Legyen sz\u00f3 kultur\u00e1lis tiszteletad\u00e1sr\u00f3l vagy modern kifejez\u00e9sm\u00f3dr\u00f3l, a f\u0151v\u00e1ros falfestm\u00e9nyei garant\u00e1ltan felejthetetlen \u00e9lm\u00e9nyt ny\u00fajtanak.<\/p>\n","protected":false},"excerpt":{"rendered":"<p>A magyar kult\u00fara t\u00f6bb mint ezer\u00e9ves t\u00f6rt\u00e9nelm\u00e9vel \u00e9s soksz\u00edn\u0171 hagyom\u00e1nyaival inspir\u00e1l\u00f3 alapot ny\u00fajt az utcai m\u0171v\u00e9szek sz\u00e1m\u00e1ra. \u00cdme n\u00e9h\u00e1ny kiemelked\u0151 alkot\u00e1s, amely a magyar identit\u00e1st \u00fcnnepli: A Rubik-kocka falfestm\u00e9ny A Dob utca 10. sz\u00e1m alatt tal\u00e1lhat\u00f3 3D-s alkot\u00e1s Ern\u0151 Rubik, a vil\u00e1gh\u00edr\u0171 logikai j\u00e1t\u00e9k feltal\u00e1l\u00f3ja el\u0151tt tiszteleg. A sz\u00ednes p\u00f6tty\u00f6kb\u0151l \u00f6ssze\u00e1ll\u00f3 k\u00e9p arra eml\u00e9keztet, hogy [&hellip;]<\/p>\n","protected":false},"author":1,"featured_media":2994,"comment_status":"closed","ping_status":"closed","sticky":false,"template":"","format":"standard","meta":{"footnotes":""},"categories":[16],"tags":[],"class_list":["post-3012","post","type-post","status-publish","format-standard","has-post-thumbnail","hentry","category-uncategorized-hu"],"acf":[],"yoast_head":"<!-- This site is optimized with the Yoast SEO plugin v20.3 - https:\/\/yoast.com\/wordpress\/plugins\/seo\/ -->\n<title>Falfestm\u00e9nyek, amelyek a magyar kult\u00far\u00e1t t\u00fckr\u00f6zik - To Do Budapest<\/title>\n<meta name=\"description\" content=\"Budapest utcai m\u0171v\u00e9szete nem csup\u00e1n d\u00edsz\u00edt\u00e9s \u2013 hanem a v\u00e1ros kreativit\u00e1s\u00e1nak, rugalmass\u00e1g\u00e1nak \u00e9s folyamatos v\u00e1ltoz\u00e1s\u00e1nak \u00e9l\u0151 bizony\u00edt\u00e9ka.\" \/>\n<meta name=\"robots\" content=\"index, follow, max-snippet:-1, max-image-preview:large, max-video-preview:-1\" \/>\n<link rel=\"canonical\" href=\"https:\/\/www.todobudapest.com\/hu\/falfestmenyek-amelyek-a-magyar-kulturat-tukrozik\/\" \/>\n<meta property=\"og:locale\" content=\"hu_HU\" \/>\n<meta property=\"og:type\" content=\"article\" \/>\n<meta property=\"og:title\" content=\"Falfestm\u00e9nyek, amelyek a magyar kult\u00far\u00e1t t\u00fckr\u00f6zik\" \/>\n<meta property=\"og:description\" content=\"Budapest utcai m\u0171v\u00e9szete nem csup\u00e1n d\u00edsz\u00edt\u00e9s \u2013 hanem a v\u00e1ros kreativit\u00e1s\u00e1nak, rugalmass\u00e1g\u00e1nak \u00e9s folyamatos v\u00e1ltoz\u00e1s\u00e1nak \u00e9l\u0151 bizony\u00edt\u00e9ka.\" \/>\n<meta property=\"og:url\" content=\"https:\/\/www.todobudapest.com\/hu\/falfestmenyek-amelyek-a-magyar-kulturat-tukrozik\/\" \/>\n<meta property=\"og:site_name\" content=\"To Do Budapest\" \/>\n<meta property=\"article:published_time\" content=\"2025-01-15T18:35:48+00:00\" \/>\n<meta property=\"article:modified_time\" content=\"2025-01-15T18:57:12+00:00\" \/>\n<meta property=\"og:image\" content=\"https:\/\/www.todobudapest.com\/wp-content\/uploads\/2025\/01\/COVER-Budapest-Flow.jpg\" \/>\n\t<meta property=\"og:image:width\" content=\"800\" \/>\n\t<meta property=\"og:image:height\" content=\"534\" \/>\n\t<meta property=\"og:image:type\" content=\"image\/jpeg\" \/>\n<meta name=\"author\" content=\"todoadmin\" \/>\n<meta name=\"twitter:card\" content=\"summary_large_image\" \/>\n<meta name=\"twitter:label1\" content=\"Szerz\u0151:\" \/>\n\t<meta name=\"twitter:data1\" content=\"todoadmin\" \/>\n\t<meta name=\"twitter:label2\" content=\"Becs\u00fclt olvas\u00e1si id\u0151\" \/>\n\t<meta name=\"twitter:data2\" content=\"4 perc\" \/>\n<script type=\"application\/ld+json\" class=\"yoast-schema-graph\">{\"@context\":\"https:\/\/schema.org\",\"@graph\":[{\"@type\":\"WebPage\",\"@id\":\"https:\/\/www.todobudapest.com\/hu\/falfestmenyek-amelyek-a-magyar-kulturat-tukrozik\/\",\"url\":\"https:\/\/www.todobudapest.com\/hu\/falfestmenyek-amelyek-a-magyar-kulturat-tukrozik\/\",\"name\":\"Falfestm\u00e9nyek, amelyek a magyar kult\u00far\u00e1t t\u00fckr\u00f6zik - To Do Budapest\",\"isPartOf\":{\"@id\":\"https:\/\/www.todobudapest.com\/#website\"},\"datePublished\":\"2025-01-15T18:35:48+00:00\",\"dateModified\":\"2025-01-15T18:57:12+00:00\",\"author\":{\"@id\":\"https:\/\/www.todobudapest.com\/#\/schema\/person\/de4e8287b713a319b6f46d729747d3eb\"},\"description\":\"Budapest utcai m\u0171v\u00e9szete nem csup\u00e1n d\u00edsz\u00edt\u00e9s \u2013 hanem a v\u00e1ros kreativit\u00e1s\u00e1nak, rugalmass\u00e1g\u00e1nak \u00e9s folyamatos v\u00e1ltoz\u00e1s\u00e1nak \u00e9l\u0151 bizony\u00edt\u00e9ka.\",\"breadcrumb\":{\"@id\":\"https:\/\/www.todobudapest.com\/hu\/falfestmenyek-amelyek-a-magyar-kulturat-tukrozik\/#breadcrumb\"},\"inLanguage\":\"hu\",\"potentialAction\":[{\"@type\":\"ReadAction\",\"target\":[\"https:\/\/www.todobudapest.com\/hu\/falfestmenyek-amelyek-a-magyar-kulturat-tukrozik\/\"]}]},{\"@type\":\"BreadcrumbList\",\"@id\":\"https:\/\/www.todobudapest.com\/hu\/falfestmenyek-amelyek-a-magyar-kulturat-tukrozik\/#breadcrumb\",\"itemListElement\":[{\"@type\":\"ListItem\",\"position\":1,\"name\":\"Home\",\"item\":\"https:\/\/www.todobudapest.com\/hu\/\"},{\"@type\":\"ListItem\",\"position\":2,\"name\":\"Falfestm\u00e9nyek, amelyek a magyar kult\u00far\u00e1t t\u00fckr\u00f6zik\"}]},{\"@type\":\"WebSite\",\"@id\":\"https:\/\/www.todobudapest.com\/#website\",\"url\":\"https:\/\/www.todobudapest.com\/\",\"name\":\"To Do Budapest\",\"description\":\"\",\"potentialAction\":[{\"@type\":\"SearchAction\",\"target\":{\"@type\":\"EntryPoint\",\"urlTemplate\":\"https:\/\/www.todobudapest.com\/?s={search_term_string}\"},\"query-input\":\"required name=search_term_string\"}],\"inLanguage\":\"hu\"},{\"@type\":\"Person\",\"@id\":\"https:\/\/www.todobudapest.com\/#\/schema\/person\/de4e8287b713a319b6f46d729747d3eb\",\"name\":\"todoadmin\",\"image\":{\"@type\":\"ImageObject\",\"inLanguage\":\"hu\",\"@id\":\"https:\/\/www.todobudapest.com\/#\/schema\/person\/image\/\",\"url\":\"https:\/\/secure.gravatar.com\/avatar\/c7b35cdf2ecbcae38ae3cea42de138be68173a0ac75ca4799c2374ddcf1af4da?s=96&d=mm&r=g\",\"contentUrl\":\"https:\/\/secure.gravatar.com\/avatar\/c7b35cdf2ecbcae38ae3cea42de138be68173a0ac75ca4799c2374ddcf1af4da?s=96&d=mm&r=g\",\"caption\":\"todoadmin\"},\"sameAs\":[\"http:\/\/local.todobudapest.com\"],\"url\":\"https:\/\/www.todobudapest.com\/hu\/author\/todoadmin\/\"}]}<\/script>\n<!-- \/ Yoast SEO plugin. -->","yoast_head_json":{"title":"Falfestm\u00e9nyek, amelyek a magyar kult\u00far\u00e1t t\u00fckr\u00f6zik - To Do Budapest","description":"Budapest utcai m\u0171v\u00e9szete nem csup\u00e1n d\u00edsz\u00edt\u00e9s \u2013 hanem a v\u00e1ros kreativit\u00e1s\u00e1nak, rugalmass\u00e1g\u00e1nak \u00e9s folyamatos v\u00e1ltoz\u00e1s\u00e1nak \u00e9l\u0151 bizony\u00edt\u00e9ka.","robots":{"index":"index","follow":"follow","max-snippet":"max-snippet:-1","max-image-preview":"max-image-preview:large","max-video-preview":"max-video-preview:-1"},"canonical":"https:\/\/www.todobudapest.com\/hu\/falfestmenyek-amelyek-a-magyar-kulturat-tukrozik\/","og_locale":"hu_HU","og_type":"article","og_title":"Falfestm\u00e9nyek, amelyek a magyar kult\u00far\u00e1t t\u00fckr\u00f6zik","og_description":"Budapest utcai m\u0171v\u00e9szete nem csup\u00e1n d\u00edsz\u00edt\u00e9s \u2013 hanem a v\u00e1ros kreativit\u00e1s\u00e1nak, rugalmass\u00e1g\u00e1nak \u00e9s folyamatos v\u00e1ltoz\u00e1s\u00e1nak \u00e9l\u0151 bizony\u00edt\u00e9ka.","og_url":"https:\/\/www.todobudapest.com\/hu\/falfestmenyek-amelyek-a-magyar-kulturat-tukrozik\/","og_site_name":"To Do Budapest","article_published_time":"2025-01-15T18:35:48+00:00","article_modified_time":"2025-01-15T18:57:12+00:00","og_image":[{"width":800,"height":534,"url":"https:\/\/www.todobudapest.com\/wp-content\/uploads\/2025\/01\/COVER-Budapest-Flow.jpg","type":"image\/jpeg"}],"author":"todoadmin","twitter_card":"summary_large_image","twitter_misc":{"Szerz\u0151:":"todoadmin","Becs\u00fclt olvas\u00e1si id\u0151":"4 perc"},"schema":{"@context":"https:\/\/schema.org","@graph":[{"@type":"WebPage","@id":"https:\/\/www.todobudapest.com\/hu\/falfestmenyek-amelyek-a-magyar-kulturat-tukrozik\/","url":"https:\/\/www.todobudapest.com\/hu\/falfestmenyek-amelyek-a-magyar-kulturat-tukrozik\/","name":"Falfestm\u00e9nyek, amelyek a magyar kult\u00far\u00e1t t\u00fckr\u00f6zik - To Do Budapest","isPartOf":{"@id":"https:\/\/www.todobudapest.com\/#website"},"datePublished":"2025-01-15T18:35:48+00:00","dateModified":"2025-01-15T18:57:12+00:00","author":{"@id":"https:\/\/www.todobudapest.com\/#\/schema\/person\/de4e8287b713a319b6f46d729747d3eb"},"description":"Budapest utcai m\u0171v\u00e9szete nem csup\u00e1n d\u00edsz\u00edt\u00e9s \u2013 hanem a v\u00e1ros kreativit\u00e1s\u00e1nak, rugalmass\u00e1g\u00e1nak \u00e9s folyamatos v\u00e1ltoz\u00e1s\u00e1nak \u00e9l\u0151 bizony\u00edt\u00e9ka.","breadcrumb":{"@id":"https:\/\/www.todobudapest.com\/hu\/falfestmenyek-amelyek-a-magyar-kulturat-tukrozik\/#breadcrumb"},"inLanguage":"hu","potentialAction":[{"@type":"ReadAction","target":["https:\/\/www.todobudapest.com\/hu\/falfestmenyek-amelyek-a-magyar-kulturat-tukrozik\/"]}]},{"@type":"BreadcrumbList","@id":"https:\/\/www.todobudapest.com\/hu\/falfestmenyek-amelyek-a-magyar-kulturat-tukrozik\/#breadcrumb","itemListElement":[{"@type":"ListItem","position":1,"name":"Home","item":"https:\/\/www.todobudapest.com\/hu\/"},{"@type":"ListItem","position":2,"name":"Falfestm\u00e9nyek, amelyek a magyar kult\u00far\u00e1t t\u00fckr\u00f6zik"}]},{"@type":"WebSite","@id":"https:\/\/www.todobudapest.com\/#website","url":"https:\/\/www.todobudapest.com\/","name":"To Do Budapest","description":"","potentialAction":[{"@type":"SearchAction","target":{"@type":"EntryPoint","urlTemplate":"https:\/\/www.todobudapest.com\/?s={search_term_string}"},"query-input":"required name=search_term_string"}],"inLanguage":"hu"},{"@type":"Person","@id":"https:\/\/www.todobudapest.com\/#\/schema\/person\/de4e8287b713a319b6f46d729747d3eb","name":"todoadmin","image":{"@type":"ImageObject","inLanguage":"hu","@id":"https:\/\/www.todobudapest.com\/#\/schema\/person\/image\/","url":"https:\/\/secure.gravatar.com\/avatar\/c7b35cdf2ecbcae38ae3cea42de138be68173a0ac75ca4799c2374ddcf1af4da?s=96&d=mm&r=g","contentUrl":"https:\/\/secure.gravatar.com\/avatar\/c7b35cdf2ecbcae38ae3cea42de138be68173a0ac75ca4799c2374ddcf1af4da?s=96&d=mm&r=g","caption":"todoadmin"},"sameAs":["http:\/\/local.todobudapest.com"],"url":"https:\/\/www.todobudapest.com\/hu\/author\/todoadmin\/"}]}},"_links":{"self":[{"href":"https:\/\/www.todobudapest.com\/hu\/wp-json\/wp\/v2\/posts\/3012","targetHints":{"allow":["GET"]}}],"collection":[{"href":"https:\/\/www.todobudapest.com\/hu\/wp-json\/wp\/v2\/posts"}],"about":[{"href":"https:\/\/www.todobudapest.com\/hu\/wp-json\/wp\/v2\/types\/post"}],"author":[{"embeddable":true,"href":"https:\/\/www.todobudapest.com\/hu\/wp-json\/wp\/v2\/users\/1"}],"replies":[{"embeddable":true,"href":"https:\/\/www.todobudapest.com\/hu\/wp-json\/wp\/v2\/comments?post=3012"}],"version-history":[{"count":1,"href":"https:\/\/www.todobudapest.com\/hu\/wp-json\/wp\/v2\/posts\/3012\/revisions"}],"predecessor-version":[{"id":3013,"href":"https:\/\/www.todobudapest.com\/hu\/wp-json\/wp\/v2\/posts\/3012\/revisions\/3013"}],"wp:featuredmedia":[{"embeddable":true,"href":"https:\/\/www.todobudapest.com\/hu\/wp-json\/wp\/v2\/media\/2994"}],"wp:attachment":[{"href":"https:\/\/www.todobudapest.com\/hu\/wp-json\/wp\/v2\/media?parent=3012"}],"wp:term":[{"taxonomy":"category","embeddable":true,"href":"https:\/\/www.todobudapest.com\/hu\/wp-json\/wp\/v2\/categories?post=3012"},{"taxonomy":"post_tag","embeddable":true,"href":"https:\/\/www.todobudapest.com\/hu\/wp-json\/wp\/v2\/tags?post=3012"}],"curies":[{"name":"wp","href":"https:\/\/api.w.org\/{rel}","templated":true}]}}