{"id":2989,"date":"2025-01-08T12:00:07","date_gmt":"2025-01-08T11:00:07","guid":{"rendered":"https:\/\/www.todobudapest.com\/az-erzsebet-hid-elveszett-szepsege-az-eredeti-lanchid-tortenete\/"},"modified":"2025-01-08T12:11:22","modified_gmt":"2025-01-08T11:11:22","slug":"az-erzsebet-hid-elveszett-szepsege-az-eredeti-lanchid-tortenete","status":"publish","type":"post","link":"https:\/\/www.todobudapest.com\/hu\/az-erzsebet-hid-elveszett-szepsege-az-eredeti-lanchid-tortenete\/","title":{"rendered":"Az Erzs\u00e9bet h\u00edd elveszett sz\u00e9ps\u00e9ge \u2013 Az eredeti l\u00e1nch\u00edd t\u00f6rt\u00e9nete"},"content":{"rendered":"<p>Az Erzs\u00e9bet h\u00edd, Budapest egyik legismertebb \u00e1tkel\u0151je, nem mindig a modern k\u00e1belhidak st\u00edlus\u00e1t k\u00e9pviselte. Eredeti alakj\u00e1ban egy leny\u0171g\u00f6z\u0151, egyny\u00edl\u00e1s\u00fa l\u00e1nch\u00edd volt, amely a vil\u00e1g egyik legkiemelked\u0151bb m\u00e9rn\u00f6ki alkot\u00e1s\u00e1nak sz\u00e1m\u00edtott a maga kor\u00e1ban. Ez a cikk az Erzs\u00e9bet h\u00edd eredeti l\u00e1nch\u00eddj\u00e1nak t\u00f6rt\u00e9net\u00e9t mutatja be, amely egyszerre volt a magyar ipari \u00e9s m\u00e9rn\u00f6ki zsenialit\u00e1s, valamint az \u00e9p\u00edt\u00e9szet eszt\u00e9tikai cs\u00facspontja.<\/p>\n<h3>Az 1890-es \u00e9vek Budapestje &#8211; sz\u00fcks\u00e9g egy \u00faj h\u00eddra<\/h3>\n<p>A 19. sz\u00e1zad v\u00e9g\u00e9re Budapest rohamosan fejl\u0151d\u00f6tt: a v\u00e1ros a kiegyez\u00e9st k\u00f6vet\u0151en a Monarchia gazdas\u00e1gi \u00e9s kultur\u00e1lis k\u00f6zpontj\u00e1v\u00e1 v\u00e1lt. Az 1873-as egyes\u00edt\u00e9s ut\u00e1n az infrastrukt\u00fara fejleszt\u00e9se kulcsfontoss\u00e1g\u00fa lett, k\u00fcl\u00f6n\u00f6sen a Duna k\u00e9t partj\u00e1t \u00f6sszek\u00f6t\u0151 hidak \u00e9p\u00edt\u00e9s\u00e9ben.<\/p>\n<p><img decoding=\"async\" class=\"size-full wp-image-2982 aligncenter\" src=\"https:\/\/www.todobudapest.com\/wp-content\/uploads\/2025\/01\/loero.hu_.jpg\" alt=\"\" width=\"950\" height=\"634\" srcset=\"https:\/\/www.todobudapest.com\/wp-content\/uploads\/2025\/01\/loero.hu_.jpg 950w, https:\/\/www.todobudapest.com\/wp-content\/uploads\/2025\/01\/loero.hu_-300x200.jpg 300w, https:\/\/www.todobudapest.com\/wp-content\/uploads\/2025\/01\/loero.hu_-768x513.jpg 768w, https:\/\/www.todobudapest.com\/wp-content\/uploads\/2025\/01\/loero.hu_-600x400.jpg 600w\" sizes=\"(max-width: 950px) 100vw, 950px\" \/><\/p>\n<p style=\"text-align: center;\">Forr\u00e1s &#8211; loero.hu<\/p>\n<p>1893-ban sz\u00fcletett meg az 1893. \u00e9vi XIV. t\u00f6rv\u00e9nycikk, amely k\u00e9t \u00faj Duna-h\u00edd meg\u00e9p\u00edt\u00e9s\u00e9t rendelte el. Az egyik az Esk\u00fc t\u00e9r \u00e9s a Gell\u00e9rthegy k\u00f6z\u00f6tti \u00e1tkel\u0151, a m\u00e1sik a mai Szabads\u00e1g h\u00edd hely\u00e9n \u00e9p\u00fclt meg. Az Esk\u00fc t\u00e9ri h\u00edd sz\u00e1m\u00e1ra ki\u00edrt nemzetk\u00f6zi tervp\u00e1ly\u00e1zatra 53 p\u00e1lyamunka \u00e9rkezett, amelyek k\u00f6z\u00fcl t\u00f6bben az egyny\u00edl\u00e1s\u00fa \u00e1thidal\u00e1s technol\u00f3gi\u00e1j\u00e1t javasolt\u00e1k \u2013 ez akkoriban forradalmi m\u00e9rn\u00f6ki megold\u00e1snak sz\u00e1m\u00edtott.<\/p>\n<p>A p\u00e1ly\u00e1zatot Julius K\u00fcbler k\u00e1belh\u00edd terve nyerte el, amely leny\u0171g\u00f6zte a b\u00edr\u00e1l\u00f3kat. Azonban v\u00e9g\u00fcl politikai \u00e9s gazdas\u00e1gi okokb\u00f3l \u00fagy d\u00f6nt\u00f6ttek, hogy a h\u00edd l\u00e1nch\u00edd form\u00e1ban \u00e9p\u00fclj\u00f6n meg, teljes eg\u00e9sz\u00e9ben magyar alapanyagok \u00e9s szakemberek bevon\u00e1s\u00e1val. A d\u00f6nt\u00e9s a nemzeti b\u00fcszkes\u00e9get \u00e9s az ipari \u00f6nell\u00e1t\u00e1st helyezte el\u0151t\u00e9rbe.<\/p>\n<p><img decoding=\"async\" class=\"size-full wp-image-2984 aligncenter\" src=\"https:\/\/www.todobudapest.com\/wp-content\/uploads\/2025\/01\/wikipedia.jpg\" alt=\"\" width=\"1009\" height=\"768\" srcset=\"https:\/\/www.todobudapest.com\/wp-content\/uploads\/2025\/01\/wikipedia.jpg 1009w, https:\/\/www.todobudapest.com\/wp-content\/uploads\/2025\/01\/wikipedia-300x228.jpg 300w, https:\/\/www.todobudapest.com\/wp-content\/uploads\/2025\/01\/wikipedia-768x585.jpg 768w, https:\/\/www.todobudapest.com\/wp-content\/uploads\/2025\/01\/wikipedia-600x457.jpg 600w\" sizes=\"(max-width: 1009px) 100vw, 1009px\" \/><\/p>\n<p style=\"text-align: center;\">Forr\u00e1s &#8211; wikipedia<\/p>\n<h3>\u00c9p\u00edt\u00e9szet \u00e9s m\u00e9rn\u00f6ki innov\u00e1ci\u00f3: az Erzs\u00e9bet h\u00edd sz\u00fclet\u00e9se<\/h3>\n<p>Az Erzs\u00e9bet l\u00e1nch\u00edd \u00e9p\u00edt\u00e9se 1898-ban kezd\u0151d\u00f6tt, \u00e9s \u00f6t \u00e9ven \u00e1t tartott. A h\u00edd egyed\u00fcl\u00e1ll\u00f3 volt abban az \u00e9rtelemben, hogy egyetlen, 290 m\u00e9teres k\u00f6z\u00e9ps\u0151 ny\u00edl\u00e1ssal \u00edvelte \u00e1t a Dun\u00e1t. Ez a megold\u00e1s akkor vil\u00e1grekordnak sz\u00e1m\u00edtott, \u00e9s az Erzs\u00e9bet l\u00e1nch\u00edd a vil\u00e1g leghosszabb egyny\u00edl\u00e1s\u00fa l\u00e1nch\u00eddja lett.<\/p>\n<p><img decoding=\"async\" class=\"alignnone size-full wp-image-2972 aligncenter\" src=\"https:\/\/www.todobudapest.com\/wp-content\/uploads\/2025\/01\/budapest-anno.jpg\" alt=\"\" width=\"640\" height=\"520\" srcset=\"https:\/\/www.todobudapest.com\/wp-content\/uploads\/2025\/01\/budapest-anno.jpg 640w, https:\/\/www.todobudapest.com\/wp-content\/uploads\/2025\/01\/budapest-anno-300x244.jpg 300w, https:\/\/www.todobudapest.com\/wp-content\/uploads\/2025\/01\/budapest-anno-600x488.jpg 600w\" sizes=\"(max-width: 640px) 100vw, 640px\" \/><\/p>\n<p style=\"text-align: center;\">Forr\u00e1s \u2013 Budapest Anno<\/p>\n<p>A projektben sz\u00e1mos magyar m\u00e9rn\u00f6k dolgozott, k\u00f6zt\u00fck Czekelius Aur\u00e9l, Kherndl Antal, G\u00e1llik Istv\u00e1n \u00e9s Beke J\u00f3zsef. Az eszt\u00e9tikai terveket Nagy Virgil \u00e9p\u00edt\u00e9sz k\u00e9sz\u00edtette, aki gondosan \u00fcgyelt arra, hogy a h\u00edd illeszkedjen Budapest egyre fejl\u0151d\u0151 v\u00e1rosk\u00e9p\u00e9be. A di\u00f3sgy\u0151ri \u00e1llami vasgy\u00e1r gy\u00e1rtotta a l\u00e1ncokat, az ac\u00e9lszerkezet kivitelez\u00e9s\u00e9t pedig a Magyar Kir\u00e1lyi \u00c1llamvasutak G\u00e9pgy\u00e1ra (M\u00c1VAG) v\u00e9gezte.<\/p>\n<p>A l\u00e1nch\u00edd 1903-ban k\u00e9sz\u00fclt el, \u00e9s okt\u00f3ber 10-\u00e9n \u00fcnnep\u00e9lyes keretek k\u00f6z\u00f6tt adt\u00e1k \u00e1t. Az Erzs\u00e9bet kir\u00e1lyn\u00e9 eml\u00e9k\u00e9re elnevezett h\u00edd azonnal Budapest egyik \u00e9kk\u00f6v\u00e9v\u00e9 v\u00e1lt, mind a funkcionalit\u00e1s, mind a sz\u00e9ps\u00e9g ter\u00e9n.<\/p>\n<p>Az Erzs\u00e9bet l\u00e1nch\u00edd nemcsak m\u0171szaki brav\u00far volt, hanem Budapest v\u00e1rosk\u00e9p\u00e9nek meghat\u00e1roz\u00f3 r\u00e9sze. Eleg\u00e1ns, m\u00e9gis er\u0151t sug\u00e1rz\u00f3 kialak\u00edt\u00e1sa t\u00f6k\u00e9letesen kieg\u00e9sz\u00edtette a v\u00e1ros m\u00e1sik h\u00edres l\u00e1nch\u00eddj\u00e1t, a Sz\u00e9chenyi l\u00e1nchidat. Az Erzs\u00e9bet h\u00edd azonban modernebb technol\u00f3gi\u00e1t k\u00e9pviselt, \u00e9s nagyobb ny\u00edl\u00e1s\u00e1val igazi k\u00fcl\u00f6nlegess\u00e9gnek sz\u00e1m\u00edtott.<\/p>\n<p>A h\u00edd nemcsak a v\u00e1rosi k\u00f6zleked\u00e9st k\u00f6nny\u00edtette meg, hanem t\u00e1rsadalmi \u00e9s kultur\u00e1lis szempontb\u00f3l is fontos szerepet j\u00e1tszott. Az Erzs\u00e9bet h\u00edd \u00e1tkel\u0151je hamar a v\u00e1rosi \u00e9let k\u00f6zponti helysz\u00edn\u00e9v\u00e9 v\u00e1lt, ahol keresked\u0151k, utaz\u00f3k \u00e9s helyiek tal\u00e1lkoztak.<\/p>\n<p><img decoding=\"async\" class=\"size-full wp-image-2976 aligncenter\" src=\"https:\/\/www.todobudapest.com\/wp-content\/uploads\/2025\/01\/hampage.jpg\" alt=\"\" width=\"768\" height=\"426\" srcset=\"https:\/\/www.todobudapest.com\/wp-content\/uploads\/2025\/01\/hampage.jpg 768w, https:\/\/www.todobudapest.com\/wp-content\/uploads\/2025\/01\/hampage-300x166.jpg 300w, https:\/\/www.todobudapest.com\/wp-content\/uploads\/2025\/01\/hampage-600x333.jpg 600w\" sizes=\"(max-width: 768px) 100vw, 768px\" \/><\/p>\n<p style=\"text-align: center;\">Forr\u00e1s &#8211; HamPage<\/p>\n<h3>H\u00e1bor\u00fas puszt\u00edt\u00e1s: az Erzs\u00e9bet h\u00edd trag\u00e9di\u00e1ja<\/h3>\n<p>A m\u00e1sodik vil\u00e1gh\u00e1bor\u00fa Budapest sz\u00e1mos \u00e9p\u00edt\u00e9szeti remekm\u0171v\u00e9t puszt\u00edtotta el, \u00e9s az Erzs\u00e9bet l\u00e1nch\u00edd sem maradt \u00e9rintetlen. 1945. janu\u00e1r 18-\u00e1n a visszavonul\u00f3 n\u00e9met csapatok felrobbantott\u00e1k. B\u00e1r csak a budai h\u00eddf\u0151 d\u00e9li l\u00e1nckamr\u00e1ja s\u00e9r\u00fclt meg, a l\u00e1nc elszakad\u00e1sa elegend\u0151 volt ahhoz, hogy az eg\u00e9sz szerkezet \u00f6sszeomoljon. A pesti oldalon \u00e1ll\u00f3 h\u00eddf\u0151 \u00e9ps\u00e9gben maradt, \u00e9vekig eml\u00e9keztetve a h\u00e1bor\u00fa sz\u00f6rny\u0171s\u00e9geire.<\/p>\n<p><img decoding=\"async\" class=\"size-full wp-image-2980 aligncenter\" src=\"https:\/\/www.todobudapest.com\/wp-content\/uploads\/2025\/01\/index.jpg\" alt=\"\" width=\"976\" height=\"725\" srcset=\"https:\/\/www.todobudapest.com\/wp-content\/uploads\/2025\/01\/index.jpg 976w, https:\/\/www.todobudapest.com\/wp-content\/uploads\/2025\/01\/index-300x223.jpg 300w, https:\/\/www.todobudapest.com\/wp-content\/uploads\/2025\/01\/index-768x570.jpg 768w, https:\/\/www.todobudapest.com\/wp-content\/uploads\/2025\/01\/index-600x446.jpg 600w\" sizes=\"(max-width: 976px) 100vw, 976px\" \/><\/p>\n<p style=\"text-align: center;\">Forr\u00e1s &#8211; index<\/p>\n<h3>\u00dajj\u00e1\u00e9p\u00edt\u00e9s vagy \u00fajj\u00e1sz\u00fclet\u00e9s?<\/h3>\n<p>A h\u00e1bor\u00fat k\u00f6vet\u0151en sok\u00e1ig fontolgatt\u00e1k, hogy az Erzs\u00e9bet l\u00e1nchidat eredeti form\u00e1j\u00e1ban \u00e1ll\u00edts\u00e1k helyre. V\u00e9g\u00fcl azonban \u00fagy d\u00f6nt\u00f6ttek, hogy egy modern, funkcion\u00e1lis k\u00e1belhidat \u00e9p\u00edtenek helyette, amely megfelel a kor k\u00f6vetelm\u00e9nyeinek. Az \u00faj h\u00edd 1964-ben k\u00e9sz\u00fclt el, \u00e9s az\u00f3ta is az Erzs\u00e9bet h\u00edd nevet viseli. Az eredeti l\u00e1nch\u00edd eml\u00e9k\u00e9t azonban csak arch\u00edv fot\u00f3k, tervek \u00e9s a v\u00e1roslak\u00f3k eml\u00e9kei \u0151rzik.<\/p>\n<p><img decoding=\"async\" class=\"size-full wp-image-2978 aligncenter\" src=\"https:\/\/www.todobudapest.com\/wp-content\/uploads\/2025\/01\/index-forum.jpg\" alt=\"\" width=\"640\" height=\"456\" srcset=\"https:\/\/www.todobudapest.com\/wp-content\/uploads\/2025\/01\/index-forum.jpg 640w, https:\/\/www.todobudapest.com\/wp-content\/uploads\/2025\/01\/index-forum-300x214.jpg 300w, https:\/\/www.todobudapest.com\/wp-content\/uploads\/2025\/01\/index-forum-600x428.jpg 600w\" sizes=\"(max-width: 640px) 100vw, 640px\" \/><\/p>\n<p style=\"text-align: center;\">Forr\u00e1s \u2013 Index F\u00f3rum<\/p>\n<p>Az eredeti Erzs\u00e9bet l\u00e1nch\u00edd a magyar m\u00e9rn\u00f6ki teljes\u00edtm\u00e9ny \u00e9s kreativit\u00e1s szimb\u00f3luma volt. B\u00e1r fizikailag m\u00e1r nem l\u00e9tezik, a t\u00f6rt\u00e9nete inspir\u00e1ci\u00f3k\u00e9nt szolg\u00e1l mind a szakemberek, mind az \u00e1tlagemberek sz\u00e1m\u00e1ra. Ez a h\u00edd eml\u00e9keztet benn\u00fcnket arra, hogy a m\u00falt \u00e9rt\u00e9keit meg kell \u0151rizn\u00fcnk, ak\u00e1r \u00e9p\u00edtett form\u00e1ban, ak\u00e1r a t\u00f6rt\u00e9netek r\u00e9v\u00e9n.<\/p>\n<p><img decoding=\"async\" class=\"size-large wp-image-2974 aligncenter\" src=\"https:\/\/www.todobudapest.com\/wp-content\/uploads\/2025\/01\/COVER-PESTBUDA-1024x512.jpg\" alt=\"\" width=\"1024\" height=\"512\" srcset=\"https:\/\/www.todobudapest.com\/wp-content\/uploads\/2025\/01\/COVER-PESTBUDA-1024x512.jpg 1024w, https:\/\/www.todobudapest.com\/wp-content\/uploads\/2025\/01\/COVER-PESTBUDA-300x150.jpg 300w, https:\/\/www.todobudapest.com\/wp-content\/uploads\/2025\/01\/COVER-PESTBUDA-768x384.jpg 768w, https:\/\/www.todobudapest.com\/wp-content\/uploads\/2025\/01\/COVER-PESTBUDA-600x300.jpg 600w, https:\/\/www.todobudapest.com\/wp-content\/uploads\/2025\/01\/COVER-PESTBUDA.jpg 1200w\" sizes=\"(max-width: 1024px) 100vw, 1024px\" \/><\/p>\n<p style=\"text-align: center;\">Forr\u00e1s &#8211; PestBuda<\/p>\n<p>Ma, amikor \u00e1thaladunk a modern Erzs\u00e9bet h\u00eddon, \u00e9rdemes meg\u00e1llni egy pillanatra, \u00e9s elk\u00e9pzelni, hogyan n\u00e9zett ki Budapest egykor. Az eredeti l\u00e1nch\u00edd nemcsak a v\u00e1ros \u00e9kk\u00f6ve volt, hanem egy korszak\u00e9, amelyben Magyarorsz\u00e1g a vil\u00e1g \u00e9lvonal\u00e1ba tartozott m\u00e9rn\u00f6ki \u00e9s \u00e9p\u00edt\u00e9szeti innov\u00e1ci\u00f3k ter\u00e9n. Ez az \u00f6r\u00f6ks\u00e9g ma is b\u00fcszkes\u00e9ggel t\u00f6lthet el minden magyart, \u00e9s eml\u00e9keztet a v\u00e1ros m\u00faltj\u00e1nak gazdags\u00e1g\u00e1ra.<\/p>\n<p>&nbsp;<\/p>\n","protected":false},"excerpt":{"rendered":"<p>Az Erzs\u00e9bet h\u00edd, Budapest egyik legismertebb \u00e1tkel\u0151je, nem mindig a modern k\u00e1belhidak st\u00edlus\u00e1t k\u00e9pviselte. Eredeti alakj\u00e1ban egy leny\u0171g\u00f6z\u0151, egyny\u00edl\u00e1s\u00fa l\u00e1nch\u00edd volt, amely a vil\u00e1g egyik legkiemelked\u0151bb m\u00e9rn\u00f6ki alkot\u00e1s\u00e1nak sz\u00e1m\u00edtott a maga kor\u00e1ban. Ez a cikk az Erzs\u00e9bet h\u00edd eredeti l\u00e1nch\u00eddj\u00e1nak t\u00f6rt\u00e9net\u00e9t mutatja be, amely egyszerre volt a magyar ipari \u00e9s m\u00e9rn\u00f6ki zsenialit\u00e1s, valamint az \u00e9p\u00edt\u00e9szet [&hellip;]<\/p>\n","protected":false},"author":1,"featured_media":2975,"comment_status":"closed","ping_status":"closed","sticky":false,"template":"","format":"standard","meta":{"footnotes":""},"categories":[16],"tags":[],"class_list":["post-2989","post","type-post","status-publish","format-standard","has-post-thumbnail","hentry","category-uncategorized-hu"],"acf":[],"yoast_head":"<!-- This site is optimized with the Yoast SEO plugin v20.3 - https:\/\/yoast.com\/wordpress\/plugins\/seo\/ -->\n<title>Az Erzs\u00e9bet h\u00edd elveszett sz\u00e9ps\u00e9ge \u2013 Az eredeti l\u00e1nch\u00edd t\u00f6rt\u00e9nete - To Do Budapest<\/title>\n<meta name=\"description\" content=\"Ez a cikk az Erzs\u00e9bet h\u00edd eredeti l\u00e1nch\u00eddj\u00e1nak t\u00f6rt\u00e9net\u00e9t mutatja be, amely egyszerre volt a magyar ipari \u00e9s m\u00e9rn\u00f6ki zsenialit\u00e1s, valamint az \u00e9p\u00edt\u00e9szet eszt\u00e9tikai cs\u00facspontja.\" \/>\n<meta name=\"robots\" content=\"index, follow, max-snippet:-1, max-image-preview:large, max-video-preview:-1\" \/>\n<link rel=\"canonical\" href=\"https:\/\/www.todobudapest.com\/hu\/az-erzsebet-hid-elveszett-szepsege-az-eredeti-lanchid-tortenete\/\" \/>\n<meta property=\"og:locale\" content=\"hu_HU\" \/>\n<meta property=\"og:type\" content=\"article\" \/>\n<meta property=\"og:title\" content=\"Az Erzs\u00e9bet h\u00edd elveszett sz\u00e9ps\u00e9ge \u2013 Az eredeti l\u00e1nch\u00edd t\u00f6rt\u00e9nete\" \/>\n<meta property=\"og:description\" content=\"Ez a cikk az Erzs\u00e9bet h\u00edd eredeti l\u00e1nch\u00eddj\u00e1nak t\u00f6rt\u00e9net\u00e9t mutatja be, amely egyszerre volt a magyar ipari \u00e9s m\u00e9rn\u00f6ki zsenialit\u00e1s, valamint az \u00e9p\u00edt\u00e9szet eszt\u00e9tikai cs\u00facspontja.\" \/>\n<meta property=\"og:url\" content=\"https:\/\/www.todobudapest.com\/hu\/az-erzsebet-hid-elveszett-szepsege-az-eredeti-lanchid-tortenete\/\" \/>\n<meta property=\"og:site_name\" content=\"To Do Budapest\" \/>\n<meta property=\"article:published_time\" content=\"2025-01-08T11:00:07+00:00\" \/>\n<meta property=\"article:modified_time\" content=\"2025-01-08T11:11:22+00:00\" \/>\n<meta property=\"og:image\" content=\"https:\/\/www.todobudapest.com\/wp-content\/uploads\/2025\/01\/COVER-PESTBUDA.jpg\" \/>\n\t<meta property=\"og:image:width\" content=\"1200\" \/>\n\t<meta property=\"og:image:height\" content=\"600\" \/>\n\t<meta property=\"og:image:type\" content=\"image\/jpeg\" \/>\n<meta name=\"author\" content=\"todoadmin\" \/>\n<meta name=\"twitter:card\" content=\"summary_large_image\" \/>\n<meta name=\"twitter:label1\" content=\"Szerz\u0151:\" \/>\n\t<meta name=\"twitter:data1\" content=\"todoadmin\" \/>\n\t<meta name=\"twitter:label2\" content=\"Becs\u00fclt olvas\u00e1si id\u0151\" \/>\n\t<meta name=\"twitter:data2\" content=\"5 perc\" \/>\n<script type=\"application\/ld+json\" class=\"yoast-schema-graph\">{\"@context\":\"https:\/\/schema.org\",\"@graph\":[{\"@type\":\"WebPage\",\"@id\":\"https:\/\/www.todobudapest.com\/hu\/az-erzsebet-hid-elveszett-szepsege-az-eredeti-lanchid-tortenete\/\",\"url\":\"https:\/\/www.todobudapest.com\/hu\/az-erzsebet-hid-elveszett-szepsege-az-eredeti-lanchid-tortenete\/\",\"name\":\"Az Erzs\u00e9bet h\u00edd elveszett sz\u00e9ps\u00e9ge \u2013 Az eredeti l\u00e1nch\u00edd t\u00f6rt\u00e9nete - To Do Budapest\",\"isPartOf\":{\"@id\":\"https:\/\/www.todobudapest.com\/#website\"},\"datePublished\":\"2025-01-08T11:00:07+00:00\",\"dateModified\":\"2025-01-08T11:11:22+00:00\",\"author\":{\"@id\":\"https:\/\/www.todobudapest.com\/#\/schema\/person\/de4e8287b713a319b6f46d729747d3eb\"},\"description\":\"Ez a cikk az Erzs\u00e9bet h\u00edd eredeti l\u00e1nch\u00eddj\u00e1nak t\u00f6rt\u00e9net\u00e9t mutatja be, amely egyszerre volt a magyar ipari \u00e9s m\u00e9rn\u00f6ki zsenialit\u00e1s, valamint az \u00e9p\u00edt\u00e9szet eszt\u00e9tikai cs\u00facspontja.\",\"breadcrumb\":{\"@id\":\"https:\/\/www.todobudapest.com\/hu\/az-erzsebet-hid-elveszett-szepsege-az-eredeti-lanchid-tortenete\/#breadcrumb\"},\"inLanguage\":\"hu\",\"potentialAction\":[{\"@type\":\"ReadAction\",\"target\":[\"https:\/\/www.todobudapest.com\/hu\/az-erzsebet-hid-elveszett-szepsege-az-eredeti-lanchid-tortenete\/\"]}]},{\"@type\":\"BreadcrumbList\",\"@id\":\"https:\/\/www.todobudapest.com\/hu\/az-erzsebet-hid-elveszett-szepsege-az-eredeti-lanchid-tortenete\/#breadcrumb\",\"itemListElement\":[{\"@type\":\"ListItem\",\"position\":1,\"name\":\"Home\",\"item\":\"https:\/\/www.todobudapest.com\/hu\/\"},{\"@type\":\"ListItem\",\"position\":2,\"name\":\"Az Erzs\u00e9bet h\u00edd elveszett sz\u00e9ps\u00e9ge \u2013 Az eredeti l\u00e1nch\u00edd t\u00f6rt\u00e9nete\"}]},{\"@type\":\"WebSite\",\"@id\":\"https:\/\/www.todobudapest.com\/#website\",\"url\":\"https:\/\/www.todobudapest.com\/\",\"name\":\"To Do Budapest\",\"description\":\"\",\"potentialAction\":[{\"@type\":\"SearchAction\",\"target\":{\"@type\":\"EntryPoint\",\"urlTemplate\":\"https:\/\/www.todobudapest.com\/?s={search_term_string}\"},\"query-input\":\"required name=search_term_string\"}],\"inLanguage\":\"hu\"},{\"@type\":\"Person\",\"@id\":\"https:\/\/www.todobudapest.com\/#\/schema\/person\/de4e8287b713a319b6f46d729747d3eb\",\"name\":\"todoadmin\",\"image\":{\"@type\":\"ImageObject\",\"inLanguage\":\"hu\",\"@id\":\"https:\/\/www.todobudapest.com\/#\/schema\/person\/image\/\",\"url\":\"https:\/\/secure.gravatar.com\/avatar\/c7b35cdf2ecbcae38ae3cea42de138be68173a0ac75ca4799c2374ddcf1af4da?s=96&d=mm&r=g\",\"contentUrl\":\"https:\/\/secure.gravatar.com\/avatar\/c7b35cdf2ecbcae38ae3cea42de138be68173a0ac75ca4799c2374ddcf1af4da?s=96&d=mm&r=g\",\"caption\":\"todoadmin\"},\"sameAs\":[\"http:\/\/local.todobudapest.com\"],\"url\":\"https:\/\/www.todobudapest.com\/hu\/author\/todoadmin\/\"}]}<\/script>\n<!-- \/ Yoast SEO plugin. -->","yoast_head_json":{"title":"Az Erzs\u00e9bet h\u00edd elveszett sz\u00e9ps\u00e9ge \u2013 Az eredeti l\u00e1nch\u00edd t\u00f6rt\u00e9nete - To Do Budapest","description":"Ez a cikk az Erzs\u00e9bet h\u00edd eredeti l\u00e1nch\u00eddj\u00e1nak t\u00f6rt\u00e9net\u00e9t mutatja be, amely egyszerre volt a magyar ipari \u00e9s m\u00e9rn\u00f6ki zsenialit\u00e1s, valamint az \u00e9p\u00edt\u00e9szet eszt\u00e9tikai cs\u00facspontja.","robots":{"index":"index","follow":"follow","max-snippet":"max-snippet:-1","max-image-preview":"max-image-preview:large","max-video-preview":"max-video-preview:-1"},"canonical":"https:\/\/www.todobudapest.com\/hu\/az-erzsebet-hid-elveszett-szepsege-az-eredeti-lanchid-tortenete\/","og_locale":"hu_HU","og_type":"article","og_title":"Az Erzs\u00e9bet h\u00edd elveszett sz\u00e9ps\u00e9ge \u2013 Az eredeti l\u00e1nch\u00edd t\u00f6rt\u00e9nete","og_description":"Ez a cikk az Erzs\u00e9bet h\u00edd eredeti l\u00e1nch\u00eddj\u00e1nak t\u00f6rt\u00e9net\u00e9t mutatja be, amely egyszerre volt a magyar ipari \u00e9s m\u00e9rn\u00f6ki zsenialit\u00e1s, valamint az \u00e9p\u00edt\u00e9szet eszt\u00e9tikai cs\u00facspontja.","og_url":"https:\/\/www.todobudapest.com\/hu\/az-erzsebet-hid-elveszett-szepsege-az-eredeti-lanchid-tortenete\/","og_site_name":"To Do Budapest","article_published_time":"2025-01-08T11:00:07+00:00","article_modified_time":"2025-01-08T11:11:22+00:00","og_image":[{"width":1200,"height":600,"url":"https:\/\/www.todobudapest.com\/wp-content\/uploads\/2025\/01\/COVER-PESTBUDA.jpg","type":"image\/jpeg"}],"author":"todoadmin","twitter_card":"summary_large_image","twitter_misc":{"Szerz\u0151:":"todoadmin","Becs\u00fclt olvas\u00e1si id\u0151":"5 perc"},"schema":{"@context":"https:\/\/schema.org","@graph":[{"@type":"WebPage","@id":"https:\/\/www.todobudapest.com\/hu\/az-erzsebet-hid-elveszett-szepsege-az-eredeti-lanchid-tortenete\/","url":"https:\/\/www.todobudapest.com\/hu\/az-erzsebet-hid-elveszett-szepsege-az-eredeti-lanchid-tortenete\/","name":"Az Erzs\u00e9bet h\u00edd elveszett sz\u00e9ps\u00e9ge \u2013 Az eredeti l\u00e1nch\u00edd t\u00f6rt\u00e9nete - To Do Budapest","isPartOf":{"@id":"https:\/\/www.todobudapest.com\/#website"},"datePublished":"2025-01-08T11:00:07+00:00","dateModified":"2025-01-08T11:11:22+00:00","author":{"@id":"https:\/\/www.todobudapest.com\/#\/schema\/person\/de4e8287b713a319b6f46d729747d3eb"},"description":"Ez a cikk az Erzs\u00e9bet h\u00edd eredeti l\u00e1nch\u00eddj\u00e1nak t\u00f6rt\u00e9net\u00e9t mutatja be, amely egyszerre volt a magyar ipari \u00e9s m\u00e9rn\u00f6ki zsenialit\u00e1s, valamint az \u00e9p\u00edt\u00e9szet eszt\u00e9tikai cs\u00facspontja.","breadcrumb":{"@id":"https:\/\/www.todobudapest.com\/hu\/az-erzsebet-hid-elveszett-szepsege-az-eredeti-lanchid-tortenete\/#breadcrumb"},"inLanguage":"hu","potentialAction":[{"@type":"ReadAction","target":["https:\/\/www.todobudapest.com\/hu\/az-erzsebet-hid-elveszett-szepsege-az-eredeti-lanchid-tortenete\/"]}]},{"@type":"BreadcrumbList","@id":"https:\/\/www.todobudapest.com\/hu\/az-erzsebet-hid-elveszett-szepsege-az-eredeti-lanchid-tortenete\/#breadcrumb","itemListElement":[{"@type":"ListItem","position":1,"name":"Home","item":"https:\/\/www.todobudapest.com\/hu\/"},{"@type":"ListItem","position":2,"name":"Az Erzs\u00e9bet h\u00edd elveszett sz\u00e9ps\u00e9ge \u2013 Az eredeti l\u00e1nch\u00edd t\u00f6rt\u00e9nete"}]},{"@type":"WebSite","@id":"https:\/\/www.todobudapest.com\/#website","url":"https:\/\/www.todobudapest.com\/","name":"To Do Budapest","description":"","potentialAction":[{"@type":"SearchAction","target":{"@type":"EntryPoint","urlTemplate":"https:\/\/www.todobudapest.com\/?s={search_term_string}"},"query-input":"required name=search_term_string"}],"inLanguage":"hu"},{"@type":"Person","@id":"https:\/\/www.todobudapest.com\/#\/schema\/person\/de4e8287b713a319b6f46d729747d3eb","name":"todoadmin","image":{"@type":"ImageObject","inLanguage":"hu","@id":"https:\/\/www.todobudapest.com\/#\/schema\/person\/image\/","url":"https:\/\/secure.gravatar.com\/avatar\/c7b35cdf2ecbcae38ae3cea42de138be68173a0ac75ca4799c2374ddcf1af4da?s=96&d=mm&r=g","contentUrl":"https:\/\/secure.gravatar.com\/avatar\/c7b35cdf2ecbcae38ae3cea42de138be68173a0ac75ca4799c2374ddcf1af4da?s=96&d=mm&r=g","caption":"todoadmin"},"sameAs":["http:\/\/local.todobudapest.com"],"url":"https:\/\/www.todobudapest.com\/hu\/author\/todoadmin\/"}]}},"_links":{"self":[{"href":"https:\/\/www.todobudapest.com\/hu\/wp-json\/wp\/v2\/posts\/2989","targetHints":{"allow":["GET"]}}],"collection":[{"href":"https:\/\/www.todobudapest.com\/hu\/wp-json\/wp\/v2\/posts"}],"about":[{"href":"https:\/\/www.todobudapest.com\/hu\/wp-json\/wp\/v2\/types\/post"}],"author":[{"embeddable":true,"href":"https:\/\/www.todobudapest.com\/hu\/wp-json\/wp\/v2\/users\/1"}],"replies":[{"embeddable":true,"href":"https:\/\/www.todobudapest.com\/hu\/wp-json\/wp\/v2\/comments?post=2989"}],"version-history":[{"count":1,"href":"https:\/\/www.todobudapest.com\/hu\/wp-json\/wp\/v2\/posts\/2989\/revisions"}],"predecessor-version":[{"id":2990,"href":"https:\/\/www.todobudapest.com\/hu\/wp-json\/wp\/v2\/posts\/2989\/revisions\/2990"}],"wp:featuredmedia":[{"embeddable":true,"href":"https:\/\/www.todobudapest.com\/hu\/wp-json\/wp\/v2\/media\/2975"}],"wp:attachment":[{"href":"https:\/\/www.todobudapest.com\/hu\/wp-json\/wp\/v2\/media?parent=2989"}],"wp:term":[{"taxonomy":"category","embeddable":true,"href":"https:\/\/www.todobudapest.com\/hu\/wp-json\/wp\/v2\/categories?post=2989"},{"taxonomy":"post_tag","embeddable":true,"href":"https:\/\/www.todobudapest.com\/hu\/wp-json\/wp\/v2\/tags?post=2989"}],"curies":[{"name":"wp","href":"https:\/\/api.w.org\/{rel}","templated":true}]}}