{"id":2929,"date":"2024-12-04T18:06:59","date_gmt":"2024-12-04T17:06:59","guid":{"rendered":"https:\/\/www.todobudapest.com\/a-budapesti-karacsonyi-fenyvillamos-unnepi-csoda-a-varos-sziveben\/"},"modified":"2024-12-04T18:18:48","modified_gmt":"2024-12-04T17:18:48","slug":"a-budapesti-karacsonyi-fenyvillamos-unnepi-csoda-a-varos-sziveben","status":"publish","type":"post","link":"https:\/\/www.todobudapest.com\/hu\/a-budapesti-karacsonyi-fenyvillamos-unnepi-csoda-a-varos-sziveben\/","title":{"rendered":"A Budapesti Kar\u00e1csonyi F\u00e9nyvillamos: \u00dcnnepi csoda a v\u00e1ros sz\u00edv\u00e9ben"},"content":{"rendered":"<p><span style=\"font-weight: 400;\">Ahogy meggy\u00fajtjuk az els\u0151 adventi gyerty\u00e1t, Budapest ragyog\u00f3 \u00fcnnepi k\u00f6nt\u00f6sbe \u00f6lt\u00f6zik. A v\u00e1ros egyik legkedveltebb hagyom\u00e1nya, a kar\u00e1csonyi f\u00e9nyvillamos, minden \u00e9vben elvar\u00e1zsolja a lakosokat \u00e9s turist\u00e1kat egyar\u00e1nt. Ez a csillog\u00f3an feld\u00edsz\u00edtett villamos nemcsak a t\u00e9li est\u00e9ket teszi hangulatosabb\u00e1, hanem felejthetetlen \u00e9lm\u00e9nyt ny\u00fajt minden utas\u00e1nak. Ak\u00e1r el\u0151sz\u00f6r j\u00e1rsz Budapesten, ak\u00e1r helyi lakos vagy, a f\u00e9nyvillamos kihagyhatatlan r\u00e9sze az \u00fcnnepi id\u0151szaknak. Ismerd meg a budapesti kar\u00e1csonyi f\u00e9nyvillamosok var\u00e1zslatos vil\u00e1g\u00e1t, \u00e9s mer\u00edts inspir\u00e1ci\u00f3t <a href=\"https:\/\/www.instagram.com\/norbertlepsik\/\" target=\"_blank\" rel=\"noopener\">Lepsik Norbert leny\u0171g\u00f6z\u0151 fot\u00f3ib\u00f3l!<\/a><\/span><\/p>\n<p><img decoding=\"async\" class=\"size-large wp-image-2917 aligncenter\" src=\"https:\/\/www.todobudapest.com\/wp-content\/uploads\/2024\/12\/IMG_0721-2-1024x819.jpg\" alt=\"\" width=\"1024\" height=\"819\" srcset=\"https:\/\/www.todobudapest.com\/wp-content\/uploads\/2024\/12\/IMG_0721-2-1024x819.jpg 1024w, https:\/\/www.todobudapest.com\/wp-content\/uploads\/2024\/12\/IMG_0721-2-300x240.jpg 300w, https:\/\/www.todobudapest.com\/wp-content\/uploads\/2024\/12\/IMG_0721-2-768x614.jpg 768w, https:\/\/www.todobudapest.com\/wp-content\/uploads\/2024\/12\/IMG_0721-2-1536x1229.jpg 1536w, https:\/\/www.todobudapest.com\/wp-content\/uploads\/2024\/12\/IMG_0721-2-2048x1639.jpg 2048w, https:\/\/www.todobudapest.com\/wp-content\/uploads\/2024\/12\/IMG_0721-2-600x480.jpg 600w\" sizes=\"(max-width: 1024px) 100vw, 1024px\" \/><\/p>\n<p style=\"text-align: center;\">Fot\u00f3: <a href=\"https:\/\/www.instagram.com\/norbertlepsik\/\" target=\"_blank\" rel=\"noopener\">Norbert Lepsik<\/a><\/p>\n<h3>Egy ragyog\u00f3 hagyom\u00e1ny: A Budapesti Kar\u00e1csonyi F\u00e9nyvillamos t\u00f6rt\u00e9nete<\/h3>\n<p>A kar\u00e1csonyi f\u00e9nyvillamos hagyom\u00e1nya viszonylag \u00faj, m\u00e9gis az egyik legjobban v\u00e1rt \u00fcnnepi esem\u00e9ny Budapesten. El\u0151sz\u00f6r 2009-ben indult \u00fatj\u00e1ra, \u00e9s az\u00f3ta a v\u00e1ros adventi id\u0151szak\u00e1nak szerves r\u00e9sz\u00e9v\u00e9 v\u00e1lt. Kezdetben kiz\u00e1r\u00f3lag a n\u00e9pszer\u0171 2-es villamosvonalon k\u00f6zlekedett, amely a Duna-parton halad, leny\u0171g\u00f6z\u0151 kil\u00e1t\u00e1st ny\u00fajtva a Parlamentre, a Budai V\u00e1rra \u00e9s m\u00e1s ikonikus l\u00e1tv\u00e1nyoss\u00e1gokra. Ma m\u00e1r azonban t\u00f6bb villamosvonalon is felt\u0171nik, december elej\u00e9t\u0151l eg\u00e9szen janu\u00e1r elej\u00e9ig.<\/p>\n<p>A f\u00e9nyvillamos \u00e9vente meg\u00fajul\u00f3 \u00fatvonalh\u00e1l\u00f3zat\u00e1val Budapest szinte minden szeglet\u00e9be eljuttatja az \u00fcnnepi hangulatot. Az esem\u00e9ny szervez\u0151je, a Budapesti K\u00f6zleked\u00e9si V\u00e1llalat (BKV), minden \u00e9vben gondoskodik arr\u00f3l, hogy a f\u00e9nyvillamos t\u00f6bb t\u00edzezer LED-izz\u00f3val feld\u00edsz\u00edtett k\u00fclseje \u00e9s a kar\u00e1csonyi dekor\u00e1ci\u00f3val ell\u00e1tott bels\u0151 tere k\u00fcl\u00f6nleges \u00e9lm\u00e9nyt ny\u00fajtson mindenkinek.<\/p>\n<p><img decoding=\"async\" class=\"size-large wp-image-2923 aligncenter\" src=\"https:\/\/www.todobudapest.com\/wp-content\/uploads\/2024\/12\/IMG_4544-1024x683.jpg\" alt=\"\" width=\"1024\" height=\"683\" srcset=\"https:\/\/www.todobudapest.com\/wp-content\/uploads\/2024\/12\/IMG_4544-1024x683.jpg 1024w, https:\/\/www.todobudapest.com\/wp-content\/uploads\/2024\/12\/IMG_4544-300x200.jpg 300w, https:\/\/www.todobudapest.com\/wp-content\/uploads\/2024\/12\/IMG_4544-768x512.jpg 768w, https:\/\/www.todobudapest.com\/wp-content\/uploads\/2024\/12\/IMG_4544-1536x1024.jpg 1536w, https:\/\/www.todobudapest.com\/wp-content\/uploads\/2024\/12\/IMG_4544-2048x1365.jpg 2048w, https:\/\/www.todobudapest.com\/wp-content\/uploads\/2024\/12\/IMG_4544-600x400.jpg 600w\" sizes=\"(max-width: 1024px) 100vw, 1024px\" \/><\/p>\n<p style=\"text-align: center;\">Fot\u00f3: <a href=\"https:\/\/www.instagram.com\/norbertlepsik\/\" target=\"_blank\" rel=\"noopener\">Norbert Lepsik<\/a><\/p>\n<h3>Mi\u00e9rt k\u00fcl\u00f6nleges a F\u00e9nyvillamos?<\/h3>\n<p>A kar\u00e1csonyi f\u00e9nyvillamos nemcsak egy k\u00f6zleked\u00e9si eszk\u00f6z, hanem egy mozg\u00f3 kar\u00e1csonyi csoda.<\/p>\n<ul>\n<li style=\"font-weight: 400;\" aria-level=\"1\"><b>Ragyog\u00f3 K\u00fcls\u0151:<\/b><span style=\"font-weight: 400;\"> A villamosokat t\u00f6bb mint 30 000 feh\u00e9r \u00e9s k\u00e9k LED-izz\u00f3 d\u00edsz\u00edti, amelyek s\u00f6t\u00e9ted\u00e9s ut\u00e1n var\u00e1zslatos f\u00e9nyt \u00e1rasztanak. Ez a szemet gy\u00f6ny\u00f6rk\u00f6dtet\u0151 l\u00e1tv\u00e1ny a v\u00e1ros utc\u00e1in is vonzza a tekinteteket.<\/span><\/li>\n<li style=\"font-weight: 400;\" aria-level=\"1\"><b>\u00dcnnepi Bels\u0151:<\/b><span style=\"font-weight: 400;\"> A var\u00e1zslat bel\u00fcl is folytat\u00f3dik \u2013 girlandok, d\u00edszek \u00e9s \u00fcnnepi f\u00e9nyek teszik m\u00e9g hangulatosabb\u00e1 az utaz\u00e1st.<\/span><\/li>\n<li><b>El\u00e9rhet\u0151 \u00c9lm\u00e9ny:<\/b><span style=\"font-weight: 400;\"> A f\u00e9nyvillamos k\u00fcl\u00f6nlegess\u00e9ge, hogy norm\u00e1l BKV-jeggyel vagy b\u00e9rlettel ig\u00e9nybe vehet\u0151, \u00edgy mindenki sz\u00e1m\u00e1ra k\u00f6nnyen el\u00e9rhet\u0151.<\/span><\/li>\n<\/ul>\n<p style=\"text-align: center;\"><img decoding=\"async\" class=\"size-large wp-image-2919 aligncenter\" src=\"https:\/\/www.todobudapest.com\/wp-content\/uploads\/2024\/12\/IMG_0747-1024x819.jpg\" alt=\"\" width=\"1024\" height=\"819\" srcset=\"https:\/\/www.todobudapest.com\/wp-content\/uploads\/2024\/12\/IMG_0747-1024x819.jpg 1024w, https:\/\/www.todobudapest.com\/wp-content\/uploads\/2024\/12\/IMG_0747-300x240.jpg 300w, https:\/\/www.todobudapest.com\/wp-content\/uploads\/2024\/12\/IMG_0747-768x614.jpg 768w, https:\/\/www.todobudapest.com\/wp-content\/uploads\/2024\/12\/IMG_0747-1536x1229.jpg 1536w, https:\/\/www.todobudapest.com\/wp-content\/uploads\/2024\/12\/IMG_0747-2048x1639.jpg 2048w, https:\/\/www.todobudapest.com\/wp-content\/uploads\/2024\/12\/IMG_0747-600x480.jpg 600w\" sizes=\"(max-width: 1024px) 100vw, 1024px\" \/>Fot\u00f3: <a href=\"https:\/\/www.instagram.com\/norbertlepsik\/\" target=\"_blank\" rel=\"noopener\">Norbert Lepsik<\/a><\/p>\n<h3>Mikor \u00e9s hol tal\u00e1lkozhatsz a Kar\u00e1csonyi F\u00e9nyvillamossal?<\/h3>\n<p>A f\u00e9nyvillamos \u00e1ltal\u00e1ban december elej\u00e9t\u0151l janu\u00e1r els\u0151 het\u00e9ig k\u00f6zlekedik, s\u00f6t\u00e9ted\u00e9s ut\u00e1n, nagyj\u00e1b\u00f3l este 5 \u00f3r\u00e1t\u00f3l k\u00e9s\u0151 estig. 2024-ben az \u00fcnnepi flotta december 2-\u00e1n g\u00f6rd\u00fclt ki el\u0151sz\u00f6r a Hung\u00e1ria kocsisz\u00ednb\u0151l.<\/p>\n<p>M\u00edg a kar\u00e1csonyi f\u00e9nyvillamos kezdetben csak a 2-es vonalon k\u00f6zlekedett, ma m\u00e1r t\u00f6bb \u00fatvonalon is felt\u0171nik, k\u00f6zt\u00fck a 47-es, a 49-es \u00e9s a H5-\u00f6s H\u00c9V vonal\u00e1n. Az aktu\u00e1lis menetrendr\u0151l \u00e9s \u00fatvonalakr\u00f3l a BKV hivatalos weboldal\u00e1n vagy k\u00f6z\u00f6ss\u00e9gi m\u00e9dia oldalain lehet t\u00e1j\u00e9koz\u00f3dni.<\/p>\n<p style=\"text-align: center;\"><img decoding=\"async\" class=\"size-large wp-image-2913 alignnone\" src=\"https:\/\/www.todobudapest.com\/wp-content\/uploads\/2024\/12\/d5fc698d-ed18-4cfe-a929-16dc0135a085-931x1024.jpg\" alt=\"\" width=\"931\" height=\"1024\" srcset=\"https:\/\/www.todobudapest.com\/wp-content\/uploads\/2024\/12\/d5fc698d-ed18-4cfe-a929-16dc0135a085-931x1024.jpg 931w, https:\/\/www.todobudapest.com\/wp-content\/uploads\/2024\/12\/d5fc698d-ed18-4cfe-a929-16dc0135a085-273x300.jpg 273w, https:\/\/www.todobudapest.com\/wp-content\/uploads\/2024\/12\/d5fc698d-ed18-4cfe-a929-16dc0135a085-768x845.jpg 768w, https:\/\/www.todobudapest.com\/wp-content\/uploads\/2024\/12\/d5fc698d-ed18-4cfe-a929-16dc0135a085-600x660.jpg 600w, https:\/\/www.todobudapest.com\/wp-content\/uploads\/2024\/12\/d5fc698d-ed18-4cfe-a929-16dc0135a085.jpg 1010w\" sizes=\"(max-width: 931px) 100vw, 931px\" \/><span style=\"font-weight: 400;\">Forr\u00e1s &#8211; BKK<\/span><\/p>\n<p style=\"text-align: center;\"><img decoding=\"async\" class=\"alignnone size-large wp-image-2925\" src=\"https:\/\/www.todobudapest.com\/wp-content\/uploads\/2024\/12\/IMG_7381-1024x819.jpg\" alt=\"\" width=\"1024\" height=\"819\" srcset=\"https:\/\/www.todobudapest.com\/wp-content\/uploads\/2024\/12\/IMG_7381-1024x819.jpg 1024w, https:\/\/www.todobudapest.com\/wp-content\/uploads\/2024\/12\/IMG_7381-300x240.jpg 300w, https:\/\/www.todobudapest.com\/wp-content\/uploads\/2024\/12\/IMG_7381-768x614.jpg 768w, https:\/\/www.todobudapest.com\/wp-content\/uploads\/2024\/12\/IMG_7381-1536x1229.jpg 1536w, https:\/\/www.todobudapest.com\/wp-content\/uploads\/2024\/12\/IMG_7381-2048x1638.jpg 2048w, https:\/\/www.todobudapest.com\/wp-content\/uploads\/2024\/12\/IMG_7381-600x480.jpg 600w\" sizes=\"(max-width: 1024px) 100vw, 1024px\" \/>Fot\u00f3: <a href=\"https:\/\/www.instagram.com\/norbertlepsik\/\" target=\"_blank\" rel=\"noopener\">Norbert Lepsik<\/a><\/p>\n<h3>Nem csak villamosok: Budapest \u00dcnnepi Flott\u00e1ja<\/h3>\n<p>A kar\u00e1csonyi hangulat nem \u00e1ll meg a villamosokn\u00e1l! Az elm\u00falt \u00e9vekben Budapest t\u00f6bbi k\u00f6zleked\u00e9si eszk\u00f6ze is csatlakozott az \u00fcnnepi hagyom\u00e1nyhoz. A Fogaskerek\u0171 Vas\u00fat \u00e9s n\u00e9h\u00e1ny aut\u00f3busz is \u00fcnnepi dekor\u00e1ci\u00f3t kapott, \u00edgy az eg\u00e9sz v\u00e1ros egy hatalmas kar\u00e1csonyi d\u00edszlett\u00e9 v\u00e1lik.<\/p>\n<h3>Tippek a F\u00e9nyvillamos l\u00e1togat\u00e1s\u00e1hoz<\/h3>\n<ol>\n<li style=\"font-weight: 400;\" aria-level=\"1\"><b>\u00c9rkezz Id\u0151ben:<\/b><span style=\"font-weight: 400;\"> A f\u00e9nyvillamos rendk\u00edv\u00fcl n\u00e9pszer\u0171, ez\u00e9rt \u00e9rdemes kicsit kor\u00e1bban \u00e9rkezni, hogy biztosan fel tudj sz\u00e1llni.<\/span><\/li>\n<li style=\"font-weight: 400;\" aria-level=\"1\"><b>K\u00e9sz\u00edts Fot\u00f3kat:<\/b><span style=\"font-weight: 400;\"> A kivil\u00e1g\u00edtott villamos l\u00e1tv\u00e1nya leny\u0171g\u00f6z\u0151 \u2013 ne felejts el n\u00e9h\u00e1ny eml\u00e9kezetes fot\u00f3t k\u00e9sz\u00edteni!<\/span><\/li>\n<li style=\"font-weight: 400;\" aria-level=\"1\"><b>\u00d6lt\u00f6zz Melegen:<\/b><span style=\"font-weight: 400;\"> Az \u00fcnnepi v\u00e1rakoz\u00e1s h\u0171v\u00f6s lehet, ez\u00e9rt \u00f6lt\u00f6zz r\u00e9tegesen.<\/span><\/li>\n<li><b>Ellen\u0151rizd az \u00datvonalat:<\/b><span style=\"font-weight: 400;\"> Mivel a f\u00e9nyvillamos k\u00fcl\u00f6nb\u00f6z\u0151 vonalakon k\u00f6zlekedik, \u00e9rdemes el\u0151re t\u00e1j\u00e9koz\u00f3dni az aktu\u00e1lis menetrendr\u0151l.<\/span><\/li>\n<\/ol>\n<p><img decoding=\"async\" class=\"size-large wp-image-2909 aligncenter\" src=\"https:\/\/www.todobudapest.com\/wp-content\/uploads\/2024\/12\/20201221_172655-1024x819.jpg\" alt=\"\" width=\"1024\" height=\"819\" srcset=\"https:\/\/www.todobudapest.com\/wp-content\/uploads\/2024\/12\/20201221_172655-1024x819.jpg 1024w, https:\/\/www.todobudapest.com\/wp-content\/uploads\/2024\/12\/20201221_172655-300x240.jpg 300w, https:\/\/www.todobudapest.com\/wp-content\/uploads\/2024\/12\/20201221_172655-768x614.jpg 768w, https:\/\/www.todobudapest.com\/wp-content\/uploads\/2024\/12\/20201221_172655-1536x1229.jpg 1536w, https:\/\/www.todobudapest.com\/wp-content\/uploads\/2024\/12\/20201221_172655-2048x1638.jpg 2048w, https:\/\/www.todobudapest.com\/wp-content\/uploads\/2024\/12\/20201221_172655-600x480.jpg 600w\" sizes=\"(max-width: 1024px) 100vw, 1024px\" \/><\/p>\n<p style=\"text-align: center;\">Fot\u00f3: <a href=\"https:\/\/www.instagram.com\/norbertlepsik\/\" target=\"_blank\" rel=\"noopener\">Norbert Lepsik<\/a><\/p>\n<h3>Mi\u00e9rt nem szabad kihagyni a F\u00e9nyvillamos megcsod\u00e1l\u00e1s\u00e1t?<\/h3>\n<p>A kar\u00e1csonyi f\u00e9nyvillamos nemcsak egy d\u00edsz\u00edtett j\u00e1rm\u0171, hanem Budapest egyedi \u00fcnnepi hangulat\u00e1nak megtestes\u00edt\u0151je. Egyed\u00fcl\u00e1ll\u00f3 lehet\u0151s\u00e9get ny\u00fajt arra, hogy a v\u00e1rost m\u00e1s perspekt\u00edv\u00e1b\u00f3l ismerj\u00fck meg, mik\u00f6zben magunkba sz\u00edvjuk a kar\u00e1csonyi var\u00e1zst.<\/p>\n<p>Ak\u00e1r az utc\u00e1r\u00f3l csod\u00e1lod, ak\u00e1r utask\u00e9nt \u00e9led \u00e1t, a kar\u00e1csonyi f\u00e9nyvillamos garant\u00e1ltan eml\u00e9kezetess\u00e9 teszi az \u00fcnnepi szezont. Ne hagyd ki ezt a k\u00fcl\u00f6nleges \u00e9lm\u00e9nyt, amely f\u00e9nyt \u00e9s meleget hoz a t\u00e9li est\u00e9kre.<\/p>\n<p><img decoding=\"async\" class=\"size-large wp-image-2915 aligncenter\" src=\"https:\/\/www.todobudapest.com\/wp-content\/uploads\/2024\/12\/IMG_0518-1024x819.jpg\" alt=\"\" width=\"1024\" height=\"819\" srcset=\"https:\/\/www.todobudapest.com\/wp-content\/uploads\/2024\/12\/IMG_0518-1024x819.jpg 1024w, https:\/\/www.todobudapest.com\/wp-content\/uploads\/2024\/12\/IMG_0518-300x240.jpg 300w, https:\/\/www.todobudapest.com\/wp-content\/uploads\/2024\/12\/IMG_0518-768x614.jpg 768w, https:\/\/www.todobudapest.com\/wp-content\/uploads\/2024\/12\/IMG_0518-1536x1229.jpg 1536w, https:\/\/www.todobudapest.com\/wp-content\/uploads\/2024\/12\/IMG_0518-2048x1638.jpg 2048w, https:\/\/www.todobudapest.com\/wp-content\/uploads\/2024\/12\/IMG_0518-600x480.jpg 600w\" sizes=\"(max-width: 1024px) 100vw, 1024px\" \/><\/p>\n<p style=\"text-align: center;\">Fot\u00f3: <a href=\"https:\/\/www.instagram.com\/norbertlepsik\/\" target=\"_blank\" rel=\"noopener\">Norbert Lepsik<\/a><\/p>\n<p>A budapesti kar\u00e1csonyi f\u00e9nyvillamosok a hagyom\u00e1ny \u00e9s az innov\u00e1ci\u00f3 t\u00f6k\u00e9letes kombin\u00e1ci\u00f3j\u00e1t ny\u00fajtj\u00e1k. Kezdeti, egyvonalas m\u0171k\u00f6d\u00e9s\u00fckb\u0151l m\u00e1ra v\u00e1rosszerte ismert \u00e9s kedvelt \u00fcnnepi attrakci\u00f3v\u00e1 n\u0151tt\u00e9k ki magukat. Ha id\u00e9n egy kis extra \u00fcnnepi hangulatra v\u00e1gysz, mindenk\u00e9pp sz\u00e1llj fel a f\u00e9nyvillamosra, \u00e9s hagyd, hogy Budapest var\u00e1zsa elragadjon!<\/p>\n<p><img decoding=\"async\" class=\"size-large wp-image-2921 aligncenter\" src=\"https:\/\/www.todobudapest.com\/wp-content\/uploads\/2024\/12\/IMG_0755-1024x819.jpg\" alt=\"\" width=\"1024\" height=\"819\" srcset=\"https:\/\/www.todobudapest.com\/wp-content\/uploads\/2024\/12\/IMG_0755-1024x819.jpg 1024w, https:\/\/www.todobudapest.com\/wp-content\/uploads\/2024\/12\/IMG_0755-300x240.jpg 300w, https:\/\/www.todobudapest.com\/wp-content\/uploads\/2024\/12\/IMG_0755-768x614.jpg 768w, https:\/\/www.todobudapest.com\/wp-content\/uploads\/2024\/12\/IMG_0755-1536x1229.jpg 1536w, https:\/\/www.todobudapest.com\/wp-content\/uploads\/2024\/12\/IMG_0755-2048x1638.jpg 2048w, https:\/\/www.todobudapest.com\/wp-content\/uploads\/2024\/12\/IMG_0755-600x480.jpg 600w\" sizes=\"(max-width: 1024px) 100vw, 1024px\" \/><\/p>\n<p style=\"text-align: center;\">Fot\u00f3: <a href=\"https:\/\/www.instagram.com\/norbertlepsik\/\" target=\"_blank\" rel=\"noopener\">Norbert Lepsik<\/a><\/p>\n","protected":false},"excerpt":{"rendered":"<p>Ahogy meggy\u00fajtjuk az els\u0151 adventi gyerty\u00e1t, Budapest ragyog\u00f3 \u00fcnnepi k\u00f6nt\u00f6sbe \u00f6lt\u00f6zik. A v\u00e1ros egyik legkedveltebb hagyom\u00e1nya, a kar\u00e1csonyi f\u00e9nyvillamos, minden \u00e9vben elvar\u00e1zsolja a lakosokat \u00e9s turist\u00e1kat egyar\u00e1nt. Ez a csillog\u00f3an feld\u00edsz\u00edtett villamos nemcsak a t\u00e9li est\u00e9ket teszi hangulatosabb\u00e1, hanem felejthetetlen \u00e9lm\u00e9nyt ny\u00fajt minden utas\u00e1nak. Ak\u00e1r el\u0151sz\u00f6r j\u00e1rsz Budapesten, ak\u00e1r helyi lakos vagy, a f\u00e9nyvillamos kihagyhatatlan [&hellip;]<\/p>\n","protected":false},"author":1,"featured_media":2912,"comment_status":"closed","ping_status":"closed","sticky":false,"template":"","format":"standard","meta":{"footnotes":""},"categories":[16],"tags":[],"class_list":["post-2929","post","type-post","status-publish","format-standard","has-post-thumbnail","hentry","category-uncategorized-hu"],"acf":[],"yoast_head":"<!-- This site is optimized with the Yoast SEO plugin v20.3 - https:\/\/yoast.com\/wordpress\/plugins\/seo\/ -->\n<title>A Budapesti Kar\u00e1csonyi F\u00e9nyvillamos: \u00dcnnepi csoda a v\u00e1ros sz\u00edv\u00e9ben - To Do Budapest<\/title>\n<meta name=\"description\" content=\"A budapesti kar\u00e1csonyi f\u00e9nyvillamosok, melyek f\u00e9nyt \u00e1rasztanak a budapesti utc\u00e1kra - \u00e9s sz\u00edvekbe - a hagyom\u00e1ny \u00e9s az innov\u00e1ci\u00f3 t\u00f6k\u00e9letes kombin\u00e1ci\u00f3j\u00e1t ny\u00fajtj\u00e1k.\" \/>\n<meta name=\"robots\" content=\"index, follow, max-snippet:-1, max-image-preview:large, max-video-preview:-1\" \/>\n<link rel=\"canonical\" href=\"https:\/\/www.todobudapest.com\/hu\/a-budapesti-karacsonyi-fenyvillamos-unnepi-csoda-a-varos-sziveben\/\" \/>\n<meta property=\"og:locale\" content=\"hu_HU\" \/>\n<meta property=\"og:type\" content=\"article\" \/>\n<meta property=\"og:title\" content=\"A Budapesti Kar\u00e1csonyi F\u00e9nyvillamos: \u00dcnnepi csoda a v\u00e1ros sz\u00edv\u00e9ben\" \/>\n<meta property=\"og:description\" content=\"A budapesti kar\u00e1csonyi f\u00e9nyvillamosok, melyek f\u00e9nyt \u00e1rasztanak a budapesti utc\u00e1kra - \u00e9s sz\u00edvekbe - a hagyom\u00e1ny \u00e9s az innov\u00e1ci\u00f3 t\u00f6k\u00e9letes kombin\u00e1ci\u00f3j\u00e1t ny\u00fajtj\u00e1k.\" \/>\n<meta property=\"og:url\" content=\"https:\/\/www.todobudapest.com\/hu\/a-budapesti-karacsonyi-fenyvillamos-unnepi-csoda-a-varos-sziveben\/\" \/>\n<meta property=\"og:site_name\" content=\"To Do Budapest\" \/>\n<meta property=\"article:published_time\" content=\"2024-12-04T17:06:59+00:00\" \/>\n<meta property=\"article:modified_time\" content=\"2024-12-04T17:18:48+00:00\" \/>\n<meta property=\"og:image\" content=\"https:\/\/www.todobudapest.com\/wp-content\/uploads\/2024\/12\/COVER-IMG_7307-scaled.jpg\" \/>\n\t<meta property=\"og:image:width\" content=\"2560\" \/>\n\t<meta property=\"og:image:height\" content=\"1600\" \/>\n\t<meta property=\"og:image:type\" content=\"image\/jpeg\" \/>\n<meta name=\"author\" content=\"todoadmin\" \/>\n<meta name=\"twitter:card\" content=\"summary_large_image\" \/>\n<meta name=\"twitter:label1\" content=\"Szerz\u0151:\" \/>\n\t<meta name=\"twitter:data1\" content=\"todoadmin\" \/>\n\t<meta name=\"twitter:label2\" content=\"Becs\u00fclt olvas\u00e1si id\u0151\" \/>\n\t<meta name=\"twitter:data2\" content=\"5 perc\" \/>\n<script type=\"application\/ld+json\" class=\"yoast-schema-graph\">{\"@context\":\"https:\/\/schema.org\",\"@graph\":[{\"@type\":\"WebPage\",\"@id\":\"https:\/\/www.todobudapest.com\/hu\/a-budapesti-karacsonyi-fenyvillamos-unnepi-csoda-a-varos-sziveben\/\",\"url\":\"https:\/\/www.todobudapest.com\/hu\/a-budapesti-karacsonyi-fenyvillamos-unnepi-csoda-a-varos-sziveben\/\",\"name\":\"A Budapesti Kar\u00e1csonyi F\u00e9nyvillamos: \u00dcnnepi csoda a v\u00e1ros sz\u00edv\u00e9ben - To Do Budapest\",\"isPartOf\":{\"@id\":\"https:\/\/www.todobudapest.com\/#website\"},\"datePublished\":\"2024-12-04T17:06:59+00:00\",\"dateModified\":\"2024-12-04T17:18:48+00:00\",\"author\":{\"@id\":\"https:\/\/www.todobudapest.com\/#\/schema\/person\/de4e8287b713a319b6f46d729747d3eb\"},\"description\":\"A budapesti kar\u00e1csonyi f\u00e9nyvillamosok, melyek f\u00e9nyt \u00e1rasztanak a budapesti utc\u00e1kra - \u00e9s sz\u00edvekbe - a hagyom\u00e1ny \u00e9s az innov\u00e1ci\u00f3 t\u00f6k\u00e9letes kombin\u00e1ci\u00f3j\u00e1t ny\u00fajtj\u00e1k.\",\"breadcrumb\":{\"@id\":\"https:\/\/www.todobudapest.com\/hu\/a-budapesti-karacsonyi-fenyvillamos-unnepi-csoda-a-varos-sziveben\/#breadcrumb\"},\"inLanguage\":\"hu\",\"potentialAction\":[{\"@type\":\"ReadAction\",\"target\":[\"https:\/\/www.todobudapest.com\/hu\/a-budapesti-karacsonyi-fenyvillamos-unnepi-csoda-a-varos-sziveben\/\"]}]},{\"@type\":\"BreadcrumbList\",\"@id\":\"https:\/\/www.todobudapest.com\/hu\/a-budapesti-karacsonyi-fenyvillamos-unnepi-csoda-a-varos-sziveben\/#breadcrumb\",\"itemListElement\":[{\"@type\":\"ListItem\",\"position\":1,\"name\":\"Home\",\"item\":\"https:\/\/www.todobudapest.com\/hu\/\"},{\"@type\":\"ListItem\",\"position\":2,\"name\":\"A Budapesti Kar\u00e1csonyi F\u00e9nyvillamos: \u00dcnnepi csoda a v\u00e1ros sz\u00edv\u00e9ben\"}]},{\"@type\":\"WebSite\",\"@id\":\"https:\/\/www.todobudapest.com\/#website\",\"url\":\"https:\/\/www.todobudapest.com\/\",\"name\":\"To Do Budapest\",\"description\":\"\",\"potentialAction\":[{\"@type\":\"SearchAction\",\"target\":{\"@type\":\"EntryPoint\",\"urlTemplate\":\"https:\/\/www.todobudapest.com\/?s={search_term_string}\"},\"query-input\":\"required name=search_term_string\"}],\"inLanguage\":\"hu\"},{\"@type\":\"Person\",\"@id\":\"https:\/\/www.todobudapest.com\/#\/schema\/person\/de4e8287b713a319b6f46d729747d3eb\",\"name\":\"todoadmin\",\"image\":{\"@type\":\"ImageObject\",\"inLanguage\":\"hu\",\"@id\":\"https:\/\/www.todobudapest.com\/#\/schema\/person\/image\/\",\"url\":\"https:\/\/secure.gravatar.com\/avatar\/c7b35cdf2ecbcae38ae3cea42de138be68173a0ac75ca4799c2374ddcf1af4da?s=96&d=mm&r=g\",\"contentUrl\":\"https:\/\/secure.gravatar.com\/avatar\/c7b35cdf2ecbcae38ae3cea42de138be68173a0ac75ca4799c2374ddcf1af4da?s=96&d=mm&r=g\",\"caption\":\"todoadmin\"},\"sameAs\":[\"http:\/\/local.todobudapest.com\"],\"url\":\"https:\/\/www.todobudapest.com\/hu\/author\/todoadmin\/\"}]}<\/script>\n<!-- \/ Yoast SEO plugin. -->","yoast_head_json":{"title":"A Budapesti Kar\u00e1csonyi F\u00e9nyvillamos: \u00dcnnepi csoda a v\u00e1ros sz\u00edv\u00e9ben - To Do Budapest","description":"A budapesti kar\u00e1csonyi f\u00e9nyvillamosok, melyek f\u00e9nyt \u00e1rasztanak a budapesti utc\u00e1kra - \u00e9s sz\u00edvekbe - a hagyom\u00e1ny \u00e9s az innov\u00e1ci\u00f3 t\u00f6k\u00e9letes kombin\u00e1ci\u00f3j\u00e1t ny\u00fajtj\u00e1k.","robots":{"index":"index","follow":"follow","max-snippet":"max-snippet:-1","max-image-preview":"max-image-preview:large","max-video-preview":"max-video-preview:-1"},"canonical":"https:\/\/www.todobudapest.com\/hu\/a-budapesti-karacsonyi-fenyvillamos-unnepi-csoda-a-varos-sziveben\/","og_locale":"hu_HU","og_type":"article","og_title":"A Budapesti Kar\u00e1csonyi F\u00e9nyvillamos: \u00dcnnepi csoda a v\u00e1ros sz\u00edv\u00e9ben","og_description":"A budapesti kar\u00e1csonyi f\u00e9nyvillamosok, melyek f\u00e9nyt \u00e1rasztanak a budapesti utc\u00e1kra - \u00e9s sz\u00edvekbe - a hagyom\u00e1ny \u00e9s az innov\u00e1ci\u00f3 t\u00f6k\u00e9letes kombin\u00e1ci\u00f3j\u00e1t ny\u00fajtj\u00e1k.","og_url":"https:\/\/www.todobudapest.com\/hu\/a-budapesti-karacsonyi-fenyvillamos-unnepi-csoda-a-varos-sziveben\/","og_site_name":"To Do Budapest","article_published_time":"2024-12-04T17:06:59+00:00","article_modified_time":"2024-12-04T17:18:48+00:00","og_image":[{"width":2560,"height":1600,"url":"https:\/\/www.todobudapest.com\/wp-content\/uploads\/2024\/12\/COVER-IMG_7307-scaled.jpg","type":"image\/jpeg"}],"author":"todoadmin","twitter_card":"summary_large_image","twitter_misc":{"Szerz\u0151:":"todoadmin","Becs\u00fclt olvas\u00e1si id\u0151":"5 perc"},"schema":{"@context":"https:\/\/schema.org","@graph":[{"@type":"WebPage","@id":"https:\/\/www.todobudapest.com\/hu\/a-budapesti-karacsonyi-fenyvillamos-unnepi-csoda-a-varos-sziveben\/","url":"https:\/\/www.todobudapest.com\/hu\/a-budapesti-karacsonyi-fenyvillamos-unnepi-csoda-a-varos-sziveben\/","name":"A Budapesti Kar\u00e1csonyi F\u00e9nyvillamos: \u00dcnnepi csoda a v\u00e1ros sz\u00edv\u00e9ben - To Do Budapest","isPartOf":{"@id":"https:\/\/www.todobudapest.com\/#website"},"datePublished":"2024-12-04T17:06:59+00:00","dateModified":"2024-12-04T17:18:48+00:00","author":{"@id":"https:\/\/www.todobudapest.com\/#\/schema\/person\/de4e8287b713a319b6f46d729747d3eb"},"description":"A budapesti kar\u00e1csonyi f\u00e9nyvillamosok, melyek f\u00e9nyt \u00e1rasztanak a budapesti utc\u00e1kra - \u00e9s sz\u00edvekbe - a hagyom\u00e1ny \u00e9s az innov\u00e1ci\u00f3 t\u00f6k\u00e9letes kombin\u00e1ci\u00f3j\u00e1t ny\u00fajtj\u00e1k.","breadcrumb":{"@id":"https:\/\/www.todobudapest.com\/hu\/a-budapesti-karacsonyi-fenyvillamos-unnepi-csoda-a-varos-sziveben\/#breadcrumb"},"inLanguage":"hu","potentialAction":[{"@type":"ReadAction","target":["https:\/\/www.todobudapest.com\/hu\/a-budapesti-karacsonyi-fenyvillamos-unnepi-csoda-a-varos-sziveben\/"]}]},{"@type":"BreadcrumbList","@id":"https:\/\/www.todobudapest.com\/hu\/a-budapesti-karacsonyi-fenyvillamos-unnepi-csoda-a-varos-sziveben\/#breadcrumb","itemListElement":[{"@type":"ListItem","position":1,"name":"Home","item":"https:\/\/www.todobudapest.com\/hu\/"},{"@type":"ListItem","position":2,"name":"A Budapesti Kar\u00e1csonyi F\u00e9nyvillamos: \u00dcnnepi csoda a v\u00e1ros sz\u00edv\u00e9ben"}]},{"@type":"WebSite","@id":"https:\/\/www.todobudapest.com\/#website","url":"https:\/\/www.todobudapest.com\/","name":"To Do Budapest","description":"","potentialAction":[{"@type":"SearchAction","target":{"@type":"EntryPoint","urlTemplate":"https:\/\/www.todobudapest.com\/?s={search_term_string}"},"query-input":"required name=search_term_string"}],"inLanguage":"hu"},{"@type":"Person","@id":"https:\/\/www.todobudapest.com\/#\/schema\/person\/de4e8287b713a319b6f46d729747d3eb","name":"todoadmin","image":{"@type":"ImageObject","inLanguage":"hu","@id":"https:\/\/www.todobudapest.com\/#\/schema\/person\/image\/","url":"https:\/\/secure.gravatar.com\/avatar\/c7b35cdf2ecbcae38ae3cea42de138be68173a0ac75ca4799c2374ddcf1af4da?s=96&d=mm&r=g","contentUrl":"https:\/\/secure.gravatar.com\/avatar\/c7b35cdf2ecbcae38ae3cea42de138be68173a0ac75ca4799c2374ddcf1af4da?s=96&d=mm&r=g","caption":"todoadmin"},"sameAs":["http:\/\/local.todobudapest.com"],"url":"https:\/\/www.todobudapest.com\/hu\/author\/todoadmin\/"}]}},"_links":{"self":[{"href":"https:\/\/www.todobudapest.com\/hu\/wp-json\/wp\/v2\/posts\/2929","targetHints":{"allow":["GET"]}}],"collection":[{"href":"https:\/\/www.todobudapest.com\/hu\/wp-json\/wp\/v2\/posts"}],"about":[{"href":"https:\/\/www.todobudapest.com\/hu\/wp-json\/wp\/v2\/types\/post"}],"author":[{"embeddable":true,"href":"https:\/\/www.todobudapest.com\/hu\/wp-json\/wp\/v2\/users\/1"}],"replies":[{"embeddable":true,"href":"https:\/\/www.todobudapest.com\/hu\/wp-json\/wp\/v2\/comments?post=2929"}],"version-history":[{"count":2,"href":"https:\/\/www.todobudapest.com\/hu\/wp-json\/wp\/v2\/posts\/2929\/revisions"}],"predecessor-version":[{"id":2931,"href":"https:\/\/www.todobudapest.com\/hu\/wp-json\/wp\/v2\/posts\/2929\/revisions\/2931"}],"wp:featuredmedia":[{"embeddable":true,"href":"https:\/\/www.todobudapest.com\/hu\/wp-json\/wp\/v2\/media\/2912"}],"wp:attachment":[{"href":"https:\/\/www.todobudapest.com\/hu\/wp-json\/wp\/v2\/media?parent=2929"}],"wp:term":[{"taxonomy":"category","embeddable":true,"href":"https:\/\/www.todobudapest.com\/hu\/wp-json\/wp\/v2\/categories?post=2929"},{"taxonomy":"post_tag","embeddable":true,"href":"https:\/\/www.todobudapest.com\/hu\/wp-json\/wp\/v2\/tags?post=2929"}],"curies":[{"name":"wp","href":"https:\/\/api.w.org\/{rel}","templated":true}]}}