{"id":2754,"date":"2024-11-03T12:37:56","date_gmt":"2024-11-03T11:37:56","guid":{"rendered":"https:\/\/www.todobudapest.com\/oszi-csodak-a-gellert-hegyen-budapest\/"},"modified":"2024-11-03T12:50:10","modified_gmt":"2024-11-03T11:50:10","slug":"oszi-csodak-a-gellert-hegyen-budapest","status":"publish","type":"post","link":"https:\/\/www.todobudapest.com\/hu\/oszi-csodak-a-gellert-hegyen-budapest\/","title":{"rendered":"\u0150szi Csod\u00e1k a Gell\u00e9rt-hegyen, Budapest"},"content":{"rendered":"<p>Ahogy bek\u00f6sz\u00f6nt az \u0151sz, Budapest csod\u00e1latos sz\u00ednpomp\u00e1ba \u00f6lt\u00f6zik arany, v\u00f6r\u00f6s \u00e9s narancss\u00e1rga \u00e1rnyalatokban, t\u00f6k\u00e9letes alkalmat k\u00edn\u00e1lva a v\u00e1ros legszebb pontjainak felfedez\u00e9s\u00e9re. Ezek k\u00f6z\u00fcl is kiemelkedik a Gell\u00e9rt-hegy, amely ilyenkor var\u00e1zslatos hangulatba burkol\u00f3zik. A v\u00e1ros f\u00f6l\u00e9 235 m\u00e9ter magasan emelked\u0151 hegy panor\u00e1m\u00e1s kil\u00e1t\u00e1ssal, k\u00fcl\u00f6nleges l\u00e1tnival\u00f3kkal \u00e9s nyugodt s\u00e9t\u00e1nyokkal v\u00e1rja a l\u00e1togat\u00f3kat, mindezt az \u0151szi t\u00e1j leny\u0171g\u00f6z\u0151 h\u00e1ttere el\u0151tt.<\/p>\n<p><img decoding=\"async\" class=\"size-large wp-image-2739 aligncenter\" src=\"https:\/\/www.todobudapest.com\/wp-content\/uploads\/2024\/11\/1E0A7252-1024x683.jpg\" alt=\"\" width=\"1024\" height=\"683\" srcset=\"https:\/\/www.todobudapest.com\/wp-content\/uploads\/2024\/11\/1E0A7252-1024x683.jpg 1024w, https:\/\/www.todobudapest.com\/wp-content\/uploads\/2024\/11\/1E0A7252-300x200.jpg 300w, https:\/\/www.todobudapest.com\/wp-content\/uploads\/2024\/11\/1E0A7252-768x512.jpg 768w, https:\/\/www.todobudapest.com\/wp-content\/uploads\/2024\/11\/1E0A7252-1536x1024.jpg 1536w, https:\/\/www.todobudapest.com\/wp-content\/uploads\/2024\/11\/1E0A7252-2048x1365.jpg 2048w, https:\/\/www.todobudapest.com\/wp-content\/uploads\/2024\/11\/1E0A7252-600x400.jpg 600w\" sizes=\"(max-width: 1024px) 100vw, 1024px\" \/><\/p>\n<p style=\"text-align: center;\">Photo by\u00a0<a href=\"https:\/\/www.instagram.com\/norbertlepsik\/\" target=\"_blank\" rel=\"noopener\">@norbertlepsik<\/a><\/p>\n<h3>A hegy elhelyezked\u00e9se \u00e9s megk\u00f6zel\u00edthet\u0151s\u00e9ge<\/h3>\n<p><span style=\"font-weight: 400;\">A Gell\u00e9rt-hegy Budapest I. ker\u00fclet\u00e9ben tal\u00e1lhat\u00f3, a v\u00e1ros Buda oldal\u00e1n, a Duna partj\u00e1n. K\u00fcl\u00f6nf\u00e9le k\u00f6zleked\u00e9si eszk\u00f6z\u00f6kkel k\u00f6nnyen megk\u00f6zel\u00edthet\u0151: az M4-es metr\u00f3 Szent Gell\u00e9rt t\u00e9ri meg\u00e1ll\u00f3j\u00e1t\u00f3l, valamint a hegy k\u00f6rny\u00e9k\u00e9t kiszolg\u00e1l\u00f3 villamos- \u00e9s buszj\u00e1ratokkal el\u00e9rhet\u0151. A hegy l\u00e1b\u00e1t\u00f3l t\u00f6bb \u00fatvonal \u00e9s l\u00e9pcs\u0151sor vezet a cs\u00facsra, mindegyik saj\u00e1tos kil\u00e1t\u00e1st ny\u00fajtva a v\u00e1rosra \u00e9s a term\u00e9szetre. A f\u0151 \u00f6sv\u00e9nyek j\u00f3l karbantartottak, \u00e9s b\u00e1r egyes \u00fatvonalak meredekebbek, a f\u00e1radoz\u00e1st b\u0151s\u00e9gesen k\u00e1rp\u00f3tolj\u00e1k a fest\u0151i l\u00e1tv\u00e1nyok.<\/span><\/p>\n<p><img decoding=\"async\" class=\"size-large wp-image-2743 aligncenter\" src=\"https:\/\/www.todobudapest.com\/wp-content\/uploads\/2024\/11\/1E0A7310-1024x683.jpg\" alt=\"\" width=\"1024\" height=\"683\" srcset=\"https:\/\/www.todobudapest.com\/wp-content\/uploads\/2024\/11\/1E0A7310-1024x683.jpg 1024w, https:\/\/www.todobudapest.com\/wp-content\/uploads\/2024\/11\/1E0A7310-300x200.jpg 300w, https:\/\/www.todobudapest.com\/wp-content\/uploads\/2024\/11\/1E0A7310-768x512.jpg 768w, https:\/\/www.todobudapest.com\/wp-content\/uploads\/2024\/11\/1E0A7310-1536x1024.jpg 1536w, https:\/\/www.todobudapest.com\/wp-content\/uploads\/2024\/11\/1E0A7310-2048x1365.jpg 2048w, https:\/\/www.todobudapest.com\/wp-content\/uploads\/2024\/11\/1E0A7310-600x400.jpg 600w\" sizes=\"(max-width: 1024px) 100vw, 1024px\" \/><\/p>\n<p style=\"text-align: center;\">Photo by\u00a0<a href=\"https:\/\/www.instagram.com\/norbertlepsik\/\" target=\"_blank\" rel=\"noopener\">@norbertlepsik<\/a><\/p>\n<h3><b>Mi\u00e9rt \u00e9rdemes \u0151sszel felkeresni a Gell\u00e9rt-hegyet?<\/b><\/h3>\n<p>Az \u0151sz tal\u00e1n a legjobb id\u0151szak a Gell\u00e9rt-hegy megl\u00e1togat\u00e1s\u00e1ra. A hegyet bor\u00edt\u00f3 s\u0171r\u0171 f\u00e1k lombkoron\u00e1ja ilyenkor leny\u0171g\u00f6z\u0151 arany \u00e9s v\u00f6r\u00f6s \u00e1rnyalatokban pomp\u00e1zik, minden l\u00e9p\u00e9st egy festm\u00e9ny sz\u00e9ps\u00e9g\u00e9vel ruh\u00e1zva fel. A h\u0171v\u00f6sebb id\u0151j\u00e1r\u00e1s ide\u00e1liss\u00e1 teszi a felfedez\u00e9st, hiszen nincs ny\u00e1ri forr\u00f3s\u00e1g, ami korl\u00e1tozn\u00e1 a kir\u00e1ndul\u00e1st. R\u00e1ad\u00e1sul az \u0151szi \u00e9gbolt tisztas\u00e1ga k\u00fcl\u00f6n\u00f6sen \u00e9les kil\u00e1t\u00e1st biztos\u00edt Budapest v\u00e1ros\u00e1ra, \u00edgy fot\u00f3sok, term\u00e9szetkedvel\u0151k \u00e9s azok sz\u00e1m\u00e1ra, akik a v\u00e1ros b\u00e1j\u00e1t a magasb\u00f3l szeretn\u00e9k \u00e9lvezni, ez az id\u0151szak val\u00f3di kincsesb\u00e1nya.<\/p>\n<p><img decoding=\"async\" class=\"size-large wp-image-2749 aligncenter\" src=\"https:\/\/www.todobudapest.com\/wp-content\/uploads\/2024\/11\/1E0A7204-1024x683.jpg\" alt=\"\" width=\"1024\" height=\"683\" srcset=\"https:\/\/www.todobudapest.com\/wp-content\/uploads\/2024\/11\/1E0A7204-1024x683.jpg 1024w, https:\/\/www.todobudapest.com\/wp-content\/uploads\/2024\/11\/1E0A7204-300x200.jpg 300w, https:\/\/www.todobudapest.com\/wp-content\/uploads\/2024\/11\/1E0A7204-768x512.jpg 768w, https:\/\/www.todobudapest.com\/wp-content\/uploads\/2024\/11\/1E0A7204-1536x1024.jpg 1536w, https:\/\/www.todobudapest.com\/wp-content\/uploads\/2024\/11\/1E0A7204-2048x1365.jpg 2048w, https:\/\/www.todobudapest.com\/wp-content\/uploads\/2024\/11\/1E0A7204-600x400.jpg 600w\" sizes=\"(max-width: 1024px) 100vw, 1024px\" \/><\/p>\n<p style=\"text-align: center;\">Photo by\u00a0<a href=\"https:\/\/www.instagram.com\/norbertlepsik\/\" target=\"_blank\" rel=\"noopener\">@norbertlepsik<\/a><\/p>\n<h3>Kihagyhatatlan l\u00e1tnival\u00f3k a Gell\u00e9rt-hegyen<\/h3>\n<p><strong>1. Citadella<\/strong><\/p>\n<p>A Gell\u00e9rt-hegy tetej\u00e9n tal\u00e1lhat\u00f3 Citadella 1854-ben \u00e9p\u00fclt er\u0151d\u00edtm\u00e9nye Budapest egyik emblematikus l\u00e1tv\u00e1nyoss\u00e1ga. A Citadell\u00e1r\u00f3l p\u00e1ratlan panor\u00e1ma ny\u00edlik a v\u00e1rosra \u00e9s a Dun\u00e1ra, k\u00fcl\u00f6n\u00f6sen var\u00e1zslatos h\u00e1tt\u00e9rrel az \u0151szi sz\u00ednekben pomp\u00e1z\u00f3 t\u00e1j. A Citadell\u00e1n\u00e1l tal\u00e1lhat\u00f3 a Szabads\u00e1g-szobor is, amely a szovjet felszabad\u00edt\u00e1st szimboliz\u00e1lja, t\u00f6rt\u00e9nelmi jelent\u0151s\u00e9get adva ennek a gy\u00f6ny\u00f6r\u0171 helynek.<\/p>\n<p><strong>2. Panor\u00e1m\u00e1s kil\u00e1t\u00f3k<\/strong><\/p>\n<p>Ahogy a hegyre felkapaszkodunk, t\u00f6bb kil\u00e1t\u00f3pontra bukkanhatunk, amelyek mindegyike egyedi perspekt\u00edv\u00e1t k\u00edn\u00e1l Budapestr\u0151l \u00e9s a Dun\u00e1r\u00f3l. Ezek a pontok t\u00f6k\u00e9letesek egy r\u00f6vid pihen\u0151re, fot\u00f3z\u00e1sra vagy csak a t\u00e1j \u00e9lvezet\u00e9re. \u0150sszel a v\u00e1rosi l\u00e1tk\u00e9p az aranyl\u00f3 lombkoron\u00e1kkal bekeretezve val\u00f3di k\u00e9peslapra ill\u0151 l\u00e1tv\u00e1nyt ny\u00fajt.<\/p>\n<p><img decoding=\"async\" class=\"size-large wp-image-2737 aligncenter\" src=\"https:\/\/www.todobudapest.com\/wp-content\/uploads\/2024\/11\/1E0A7230-1024x683.jpg\" alt=\"\" width=\"1024\" height=\"683\" srcset=\"https:\/\/www.todobudapest.com\/wp-content\/uploads\/2024\/11\/1E0A7230-1024x683.jpg 1024w, https:\/\/www.todobudapest.com\/wp-content\/uploads\/2024\/11\/1E0A7230-300x200.jpg 300w, https:\/\/www.todobudapest.com\/wp-content\/uploads\/2024\/11\/1E0A7230-768x512.jpg 768w, https:\/\/www.todobudapest.com\/wp-content\/uploads\/2024\/11\/1E0A7230-1536x1024.jpg 1536w, https:\/\/www.todobudapest.com\/wp-content\/uploads\/2024\/11\/1E0A7230-2048x1365.jpg 2048w, https:\/\/www.todobudapest.com\/wp-content\/uploads\/2024\/11\/1E0A7230-600x400.jpg 600w\" sizes=\"(max-width: 1024px) 100vw, 1024px\" \/><\/p>\n<p style=\"text-align: center;\">Photo by\u00a0<a href=\"https:\/\/www.instagram.com\/norbertlepsik\/\" target=\"_blank\" rel=\"noopener\">@norbertlepsik<\/a><\/p>\n<p><strong>3. Gell\u00e9rt-hegyi barlang<\/strong><\/p>\n<p>A hegy d\u00e9li oldal\u00e1n tal\u00e1lhat\u00f3 a Gell\u00e9rt-hegyi barlang, amely misztikus hangulatot k\u00f6lcs\u00f6n\u00f6z a kir\u00e1ndul\u00e1snak. Az 1920-as \u00e9vekben k\u00e1poln\u00e1v\u00e1 alak\u00edtott term\u00e9szetes sziklak\u00e9pz\u0151dm\u00e9ny \u00e9rdekes t\u00f6rt\u00e9netet rejt, \u00e9s nyugalmas kikapcsol\u00f3d\u00e1st biztos\u00edt a hegy term\u00e9szeti sz\u00e9ps\u00e9gei k\u00f6z\u00f6tt. \u0150sszel a barlang k\u00fcl\u00f6n\u00f6sen b\u00e9k\u00e9s hangulatot \u00e1raszt, ahogy bels\u0151 tere \u00e9s a k\u00f6rnyez\u0151 \u00f6sv\u00e9nyek az \u0151szi sz\u00ednekben pomp\u00e1znak.<\/p>\n<p><strong>4. Szent Gell\u00e9rt-szobor<\/strong><\/p>\n<p>F\u00e9l\u00faton a hegyen tal\u00e1lhat\u00f3 Szent Gell\u00e9rt szobra, amely annak a p\u00fcsp\u00f6knek \u00e1ll\u00edt eml\u00e9ket, akit a legenda szerint \u00e9pp err\u0151l a hegyr\u0151l tasz\u00edtottak a m\u00e9lybe. A Duna f\u00f6l\u00e9 magasod\u00f3 szobrot v\u00edzes\u00e9sek \u00e9s buja k\u00f6rnyezet \u00f6lelik k\u00f6rbe. \u0150sszel a term\u00e9szet sz\u00ednei m\u00e9g ink\u00e1bb kiemelik a szobor alakj\u00e1t, ami t\u00f6k\u00e9letes fot\u00f3s helysz\u00edn vagy nyugodt elm\u00e9lked\u00e9si pont lehet.<\/p>\n<p><strong>5. Filoz\u00f3fusok kertje<\/strong><\/p>\n<p>A Gell\u00e9rt-hegy egyik rejtett kincse a Filoz\u00f3fusok kertje, egy csendes ter\u00fclet, amely h\u00edres gondolkod\u00f3k, p\u00e9ld\u00e1ul Buddha, \u00c1brah\u00e1m \u00e9s J\u00e9zus szobrait foglalja mag\u00e1ban. A helysz\u00edn arra \u00f6szt\u00f6nzi a l\u00e1togat\u00f3kat, hogy elm\u00e9lkedjenek a k\u00fcl\u00f6nb\u00f6z\u0151 kult\u00far\u00e1k \u00e9s filoz\u00f3fi\u00e1k k\u00f6z\u00f6tti kapcsolatokr\u00f3l. Az \u0151sz gazdag sz\u00ednei m\u00e9g b\u00e9k\u00e9sebb\u00e9 teszik a k\u00f6rnyezetet, \u00edgy ez a hely t\u00f6k\u00e9letes a gondolatokba val\u00f3 elmer\u00fcl\u00e9sre.<\/p>\n<p><img decoding=\"async\" class=\"size-large wp-image-2747 aligncenter\" src=\"https:\/\/www.todobudapest.com\/wp-content\/uploads\/2024\/11\/IMG_6037-1024x683.jpg\" alt=\"\" width=\"1024\" height=\"683\" srcset=\"https:\/\/www.todobudapest.com\/wp-content\/uploads\/2024\/11\/IMG_6037-1024x683.jpg 1024w, https:\/\/www.todobudapest.com\/wp-content\/uploads\/2024\/11\/IMG_6037-300x200.jpg 300w, https:\/\/www.todobudapest.com\/wp-content\/uploads\/2024\/11\/IMG_6037-768x512.jpg 768w, https:\/\/www.todobudapest.com\/wp-content\/uploads\/2024\/11\/IMG_6037-1536x1024.jpg 1536w, https:\/\/www.todobudapest.com\/wp-content\/uploads\/2024\/11\/IMG_6037-2048x1365.jpg 2048w, https:\/\/www.todobudapest.com\/wp-content\/uploads\/2024\/11\/IMG_6037-600x400.jpg 600w\" sizes=\"(max-width: 1024px) 100vw, 1024px\" \/><\/p>\n<p style=\"text-align: center;\">Photo by\u00a0<a href=\"https:\/\/www.instagram.com\/norbertlepsik\/\" target=\"_blank\" rel=\"noopener\">@norbertlepsik<\/a><\/p>\n<p><strong>6. Gell\u00e9rt-hegyi v\u00edzes\u00e9s<\/strong><\/p>\n<p>A hegy l\u00e1b\u00e1n\u00e1l tal\u00e1lhat\u00f3 Gell\u00e9rt-hegyi v\u00edzes\u00e9s gy\u00f6ny\u00f6r\u0171en simul bele a term\u00e9szetes t\u00e1jba, ahogy l\u00e1gyan lecsordog\u00e1l a szikl\u00e1s lejt\u0151n. \u0150sszel a v\u00edzes\u00e9st k\u00f6r\u00fcl\u00f6lel\u0151 \u00e9l\u00e9nk n\u00f6v\u00e9nyzet k\u00fcl\u00f6nleges sz\u00e9ps\u00e9ggel ruh\u00e1zza fel a helysz\u00ednt. T\u00f6k\u00e9letes z\u00e1r\u00e1sa lehet a hegy felfedez\u00e9s\u00e9nek, \u00e9s a legszebb \u0151szi budapesti pillanatok meg\u00f6r\u00f6k\u00edt\u00e9s\u00e9nek.<\/p>\n<p><img decoding=\"async\" class=\"size-large wp-image-2741 aligncenter\" src=\"https:\/\/www.todobudapest.com\/wp-content\/uploads\/2024\/11\/1E0A7278-1024x683.jpg\" alt=\"\" width=\"1024\" height=\"683\" srcset=\"https:\/\/www.todobudapest.com\/wp-content\/uploads\/2024\/11\/1E0A7278-1024x683.jpg 1024w, https:\/\/www.todobudapest.com\/wp-content\/uploads\/2024\/11\/1E0A7278-300x200.jpg 300w, https:\/\/www.todobudapest.com\/wp-content\/uploads\/2024\/11\/1E0A7278-768x512.jpg 768w, https:\/\/www.todobudapest.com\/wp-content\/uploads\/2024\/11\/1E0A7278-1536x1024.jpg 1536w, https:\/\/www.todobudapest.com\/wp-content\/uploads\/2024\/11\/1E0A7278-2048x1365.jpg 2048w, https:\/\/www.todobudapest.com\/wp-content\/uploads\/2024\/11\/1E0A7278-600x400.jpg 600w\" sizes=\"(max-width: 1024px) 100vw, 1024px\" \/><\/p>\n<p style=\"text-align: center;\">Photo by\u00a0<a href=\"https:\/\/www.instagram.com\/norbertlepsik\/\" target=\"_blank\" rel=\"noopener\">@norbertlepsik<\/a><\/p>\n<p><span style=\"font-weight: 400;\">A Gell\u00e9rt-hegy \u0151szi felfedez\u00e9se k\u00fcl\u00f6nleges \u00e9lm\u00e9nyt ny\u00fajt, ahol a term\u00e9szeti sz\u00e9ps\u00e9g t\u00f6rt\u00e9nelmi \u00e9s kultur\u00e1lis eml\u00e9kekkel tal\u00e1lkozik. Legyen sz\u00f3 panor\u00e1m\u00e1s kil\u00e1t\u00f3kr\u00f3l, t\u00f6rt\u00e9nelmi helysz\u00ednekr\u0151l vagy a szezon sz\u00e9ps\u00e9g\u00e9nek meg\u00e9l\u00e9s\u00e9r\u0151l, a Gell\u00e9rt-hegy minden l\u00e1togat\u00f3nak tartogat valamit. Ne hagyja ki az alkalmat, hogy az \u00e9v leg\u00e9l\u00e9nkebb sz\u00edneiben pomp\u00e1z\u00f3 v\u00e1ros l\u00e1tk\u00e9p\u00e9t innen is megcsod\u00e1lja!<\/span><\/p>\n","protected":false},"excerpt":{"rendered":"<p>Ahogy bek\u00f6sz\u00f6nt az \u0151sz, Budapest csod\u00e1latos sz\u00ednpomp\u00e1ba \u00f6lt\u00f6zik arany, v\u00f6r\u00f6s \u00e9s narancss\u00e1rga \u00e1rnyalatokban, t\u00f6k\u00e9letes alkalmat k\u00edn\u00e1lva a v\u00e1ros legszebb pontjainak felfedez\u00e9s\u00e9re. Ezek k\u00f6z\u00fcl is kiemelkedik a Gell\u00e9rt-hegy, amely ilyenkor var\u00e1zslatos hangulatba burkol\u00f3zik. A v\u00e1ros f\u00f6l\u00e9 235 m\u00e9ter magasan emelked\u0151 hegy panor\u00e1m\u00e1s kil\u00e1t\u00e1ssal, k\u00fcl\u00f6nleges l\u00e1tnival\u00f3kkal \u00e9s nyugodt s\u00e9t\u00e1nyokkal v\u00e1rja a l\u00e1togat\u00f3kat, mindezt az \u0151szi t\u00e1j leny\u0171g\u00f6z\u0151 [&hellip;]<\/p>\n","protected":false},"author":1,"featured_media":2746,"comment_status":"closed","ping_status":"closed","sticky":false,"template":"","format":"standard","meta":{"footnotes":""},"categories":[16],"tags":[],"class_list":["post-2754","post","type-post","status-publish","format-standard","has-post-thumbnail","hentry","category-uncategorized-hu"],"acf":[],"yoast_head":"<!-- This site is optimized with the Yoast SEO plugin v20.3 - https:\/\/yoast.com\/wordpress\/plugins\/seo\/ -->\n<title>\u0150szi Csod\u00e1k a Gell\u00e9rt-hegyen, Budapest - To Do Budapest<\/title>\n<meta name=\"description\" content=\"Ne hagyja ki az alkalmat, hogy az \u00e9v leg\u00e9l\u00e9nkebb sz\u00edneiben pomp\u00e1z\u00f3 v\u00e1ros l\u00e1tk\u00e9p\u00e9t innen is megcsod\u00e1lja!\" \/>\n<meta name=\"robots\" content=\"index, follow, max-snippet:-1, max-image-preview:large, max-video-preview:-1\" \/>\n<link rel=\"canonical\" href=\"https:\/\/www.todobudapest.com\/hu\/oszi-csodak-a-gellert-hegyen-budapest\/\" \/>\n<meta property=\"og:locale\" content=\"hu_HU\" \/>\n<meta property=\"og:type\" content=\"article\" \/>\n<meta property=\"og:title\" content=\"\u0150szi Csod\u00e1k a Gell\u00e9rt-hegyen, Budapest\" \/>\n<meta property=\"og:description\" content=\"Ne hagyja ki az alkalmat, hogy az \u00e9v leg\u00e9l\u00e9nkebb sz\u00edneiben pomp\u00e1z\u00f3 v\u00e1ros l\u00e1tk\u00e9p\u00e9t innen is megcsod\u00e1lja!\" \/>\n<meta property=\"og:url\" content=\"https:\/\/www.todobudapest.com\/hu\/oszi-csodak-a-gellert-hegyen-budapest\/\" \/>\n<meta property=\"og:site_name\" content=\"To Do Budapest\" \/>\n<meta property=\"article:published_time\" content=\"2024-11-03T11:37:56+00:00\" \/>\n<meta property=\"article:modified_time\" content=\"2024-11-03T11:50:10+00:00\" \/>\n<meta property=\"og:image\" content=\"https:\/\/www.todobudapest.com\/wp-content\/uploads\/2024\/11\/cover-1E0A7300-scaled.jpg\" \/>\n\t<meta property=\"og:image:width\" content=\"2560\" \/>\n\t<meta property=\"og:image:height\" content=\"1707\" \/>\n\t<meta property=\"og:image:type\" content=\"image\/jpeg\" \/>\n<meta name=\"author\" content=\"todoadmin\" \/>\n<meta name=\"twitter:card\" content=\"summary_large_image\" \/>\n<meta name=\"twitter:label1\" content=\"Szerz\u0151:\" \/>\n\t<meta name=\"twitter:data1\" content=\"todoadmin\" \/>\n\t<meta name=\"twitter:label2\" content=\"Becs\u00fclt olvas\u00e1si id\u0151\" \/>\n\t<meta name=\"twitter:data2\" content=\"4 perc\" \/>\n<script type=\"application\/ld+json\" class=\"yoast-schema-graph\">{\"@context\":\"https:\/\/schema.org\",\"@graph\":[{\"@type\":\"WebPage\",\"@id\":\"https:\/\/www.todobudapest.com\/hu\/oszi-csodak-a-gellert-hegyen-budapest\/\",\"url\":\"https:\/\/www.todobudapest.com\/hu\/oszi-csodak-a-gellert-hegyen-budapest\/\",\"name\":\"\u0150szi Csod\u00e1k a Gell\u00e9rt-hegyen, Budapest - To Do Budapest\",\"isPartOf\":{\"@id\":\"https:\/\/www.todobudapest.com\/#website\"},\"datePublished\":\"2024-11-03T11:37:56+00:00\",\"dateModified\":\"2024-11-03T11:50:10+00:00\",\"author\":{\"@id\":\"https:\/\/www.todobudapest.com\/#\/schema\/person\/de4e8287b713a319b6f46d729747d3eb\"},\"description\":\"Ne hagyja ki az alkalmat, hogy az \u00e9v leg\u00e9l\u00e9nkebb sz\u00edneiben pomp\u00e1z\u00f3 v\u00e1ros l\u00e1tk\u00e9p\u00e9t innen is megcsod\u00e1lja!\",\"breadcrumb\":{\"@id\":\"https:\/\/www.todobudapest.com\/hu\/oszi-csodak-a-gellert-hegyen-budapest\/#breadcrumb\"},\"inLanguage\":\"hu\",\"potentialAction\":[{\"@type\":\"ReadAction\",\"target\":[\"https:\/\/www.todobudapest.com\/hu\/oszi-csodak-a-gellert-hegyen-budapest\/\"]}]},{\"@type\":\"BreadcrumbList\",\"@id\":\"https:\/\/www.todobudapest.com\/hu\/oszi-csodak-a-gellert-hegyen-budapest\/#breadcrumb\",\"itemListElement\":[{\"@type\":\"ListItem\",\"position\":1,\"name\":\"Home\",\"item\":\"https:\/\/www.todobudapest.com\/hu\/\"},{\"@type\":\"ListItem\",\"position\":2,\"name\":\"\u0150szi Csod\u00e1k a Gell\u00e9rt-hegyen, Budapest\"}]},{\"@type\":\"WebSite\",\"@id\":\"https:\/\/www.todobudapest.com\/#website\",\"url\":\"https:\/\/www.todobudapest.com\/\",\"name\":\"To Do Budapest\",\"description\":\"\",\"potentialAction\":[{\"@type\":\"SearchAction\",\"target\":{\"@type\":\"EntryPoint\",\"urlTemplate\":\"https:\/\/www.todobudapest.com\/?s={search_term_string}\"},\"query-input\":\"required name=search_term_string\"}],\"inLanguage\":\"hu\"},{\"@type\":\"Person\",\"@id\":\"https:\/\/www.todobudapest.com\/#\/schema\/person\/de4e8287b713a319b6f46d729747d3eb\",\"name\":\"todoadmin\",\"image\":{\"@type\":\"ImageObject\",\"inLanguage\":\"hu\",\"@id\":\"https:\/\/www.todobudapest.com\/#\/schema\/person\/image\/\",\"url\":\"https:\/\/secure.gravatar.com\/avatar\/c7b35cdf2ecbcae38ae3cea42de138be68173a0ac75ca4799c2374ddcf1af4da?s=96&d=mm&r=g\",\"contentUrl\":\"https:\/\/secure.gravatar.com\/avatar\/c7b35cdf2ecbcae38ae3cea42de138be68173a0ac75ca4799c2374ddcf1af4da?s=96&d=mm&r=g\",\"caption\":\"todoadmin\"},\"sameAs\":[\"http:\/\/local.todobudapest.com\"],\"url\":\"https:\/\/www.todobudapest.com\/hu\/author\/todoadmin\/\"}]}<\/script>\n<!-- \/ Yoast SEO plugin. -->","yoast_head_json":{"title":"\u0150szi Csod\u00e1k a Gell\u00e9rt-hegyen, Budapest - To Do Budapest","description":"Ne hagyja ki az alkalmat, hogy az \u00e9v leg\u00e9l\u00e9nkebb sz\u00edneiben pomp\u00e1z\u00f3 v\u00e1ros l\u00e1tk\u00e9p\u00e9t innen is megcsod\u00e1lja!","robots":{"index":"index","follow":"follow","max-snippet":"max-snippet:-1","max-image-preview":"max-image-preview:large","max-video-preview":"max-video-preview:-1"},"canonical":"https:\/\/www.todobudapest.com\/hu\/oszi-csodak-a-gellert-hegyen-budapest\/","og_locale":"hu_HU","og_type":"article","og_title":"\u0150szi Csod\u00e1k a Gell\u00e9rt-hegyen, Budapest","og_description":"Ne hagyja ki az alkalmat, hogy az \u00e9v leg\u00e9l\u00e9nkebb sz\u00edneiben pomp\u00e1z\u00f3 v\u00e1ros l\u00e1tk\u00e9p\u00e9t innen is megcsod\u00e1lja!","og_url":"https:\/\/www.todobudapest.com\/hu\/oszi-csodak-a-gellert-hegyen-budapest\/","og_site_name":"To Do Budapest","article_published_time":"2024-11-03T11:37:56+00:00","article_modified_time":"2024-11-03T11:50:10+00:00","og_image":[{"width":2560,"height":1707,"url":"https:\/\/www.todobudapest.com\/wp-content\/uploads\/2024\/11\/cover-1E0A7300-scaled.jpg","type":"image\/jpeg"}],"author":"todoadmin","twitter_card":"summary_large_image","twitter_misc":{"Szerz\u0151:":"todoadmin","Becs\u00fclt olvas\u00e1si id\u0151":"4 perc"},"schema":{"@context":"https:\/\/schema.org","@graph":[{"@type":"WebPage","@id":"https:\/\/www.todobudapest.com\/hu\/oszi-csodak-a-gellert-hegyen-budapest\/","url":"https:\/\/www.todobudapest.com\/hu\/oszi-csodak-a-gellert-hegyen-budapest\/","name":"\u0150szi Csod\u00e1k a Gell\u00e9rt-hegyen, Budapest - To Do Budapest","isPartOf":{"@id":"https:\/\/www.todobudapest.com\/#website"},"datePublished":"2024-11-03T11:37:56+00:00","dateModified":"2024-11-03T11:50:10+00:00","author":{"@id":"https:\/\/www.todobudapest.com\/#\/schema\/person\/de4e8287b713a319b6f46d729747d3eb"},"description":"Ne hagyja ki az alkalmat, hogy az \u00e9v leg\u00e9l\u00e9nkebb sz\u00edneiben pomp\u00e1z\u00f3 v\u00e1ros l\u00e1tk\u00e9p\u00e9t innen is megcsod\u00e1lja!","breadcrumb":{"@id":"https:\/\/www.todobudapest.com\/hu\/oszi-csodak-a-gellert-hegyen-budapest\/#breadcrumb"},"inLanguage":"hu","potentialAction":[{"@type":"ReadAction","target":["https:\/\/www.todobudapest.com\/hu\/oszi-csodak-a-gellert-hegyen-budapest\/"]}]},{"@type":"BreadcrumbList","@id":"https:\/\/www.todobudapest.com\/hu\/oszi-csodak-a-gellert-hegyen-budapest\/#breadcrumb","itemListElement":[{"@type":"ListItem","position":1,"name":"Home","item":"https:\/\/www.todobudapest.com\/hu\/"},{"@type":"ListItem","position":2,"name":"\u0150szi Csod\u00e1k a Gell\u00e9rt-hegyen, Budapest"}]},{"@type":"WebSite","@id":"https:\/\/www.todobudapest.com\/#website","url":"https:\/\/www.todobudapest.com\/","name":"To Do Budapest","description":"","potentialAction":[{"@type":"SearchAction","target":{"@type":"EntryPoint","urlTemplate":"https:\/\/www.todobudapest.com\/?s={search_term_string}"},"query-input":"required name=search_term_string"}],"inLanguage":"hu"},{"@type":"Person","@id":"https:\/\/www.todobudapest.com\/#\/schema\/person\/de4e8287b713a319b6f46d729747d3eb","name":"todoadmin","image":{"@type":"ImageObject","inLanguage":"hu","@id":"https:\/\/www.todobudapest.com\/#\/schema\/person\/image\/","url":"https:\/\/secure.gravatar.com\/avatar\/c7b35cdf2ecbcae38ae3cea42de138be68173a0ac75ca4799c2374ddcf1af4da?s=96&d=mm&r=g","contentUrl":"https:\/\/secure.gravatar.com\/avatar\/c7b35cdf2ecbcae38ae3cea42de138be68173a0ac75ca4799c2374ddcf1af4da?s=96&d=mm&r=g","caption":"todoadmin"},"sameAs":["http:\/\/local.todobudapest.com"],"url":"https:\/\/www.todobudapest.com\/hu\/author\/todoadmin\/"}]}},"_links":{"self":[{"href":"https:\/\/www.todobudapest.com\/hu\/wp-json\/wp\/v2\/posts\/2754","targetHints":{"allow":["GET"]}}],"collection":[{"href":"https:\/\/www.todobudapest.com\/hu\/wp-json\/wp\/v2\/posts"}],"about":[{"href":"https:\/\/www.todobudapest.com\/hu\/wp-json\/wp\/v2\/types\/post"}],"author":[{"embeddable":true,"href":"https:\/\/www.todobudapest.com\/hu\/wp-json\/wp\/v2\/users\/1"}],"replies":[{"embeddable":true,"href":"https:\/\/www.todobudapest.com\/hu\/wp-json\/wp\/v2\/comments?post=2754"}],"version-history":[{"count":1,"href":"https:\/\/www.todobudapest.com\/hu\/wp-json\/wp\/v2\/posts\/2754\/revisions"}],"predecessor-version":[{"id":2755,"href":"https:\/\/www.todobudapest.com\/hu\/wp-json\/wp\/v2\/posts\/2754\/revisions\/2755"}],"wp:featuredmedia":[{"embeddable":true,"href":"https:\/\/www.todobudapest.com\/hu\/wp-json\/wp\/v2\/media\/2746"}],"wp:attachment":[{"href":"https:\/\/www.todobudapest.com\/hu\/wp-json\/wp\/v2\/media?parent=2754"}],"wp:term":[{"taxonomy":"category","embeddable":true,"href":"https:\/\/www.todobudapest.com\/hu\/wp-json\/wp\/v2\/categories?post=2754"},{"taxonomy":"post_tag","embeddable":true,"href":"https:\/\/www.todobudapest.com\/hu\/wp-json\/wp\/v2\/tags?post=2754"}],"curies":[{"name":"wp","href":"https:\/\/api.w.org\/{rel}","templated":true}]}}