{"id":2642,"date":"2024-10-07T20:19:25","date_gmt":"2024-10-07T18:19:25","guid":{"rendered":"https:\/\/www.todobudapest.com\/hosok-tere-a-nemzeti-identitas-es-tortenelmi-jelentoseg-csucspontja\/"},"modified":"2024-10-07T20:34:27","modified_gmt":"2024-10-07T18:34:27","slug":"hosok-tere-a-nemzeti-identitas-es-tortenelmi-jelentoseg-csucspontja","status":"publish","type":"post","link":"https:\/\/www.todobudapest.com\/hu\/hosok-tere-a-nemzeti-identitas-es-tortenelmi-jelentoseg-csucspontja\/","title":{"rendered":"H\u0151s\u00f6k tere: A nemzeti identit\u00e1s \u00e9s t\u00f6rt\u00e9nelmi jelent\u0151s\u00e9g cs\u00facspontja"},"content":{"rendered":"<p>A H\u0151s\u00f6k tere, Budapest VI. ker\u00fclet\u00e9nek v\u00e9g\u00e9n tal\u00e1lhat\u00f3, Magyarorsz\u00e1g nemzeti identit\u00e1s\u00e1nak emelkedett szimb\u00f3luma. Ez az ikonikus l\u00e1tnival\u00f3 egy t\u00e1gas t\u00e9r, melyet egy 40 m\u00e9ter magas oszlop d\u00edsz\u00edt, ahol a cs\u00facson a G\u00e1briel arkangyal szobra tr\u00f3nol, len\u00e9zve a t\u00e9rre. A t\u00e9r k\u00f6nnyen megk\u00f6zel\u00edthet\u0151 a M1 metr\u00f3vonalon, a H\u0151s\u00f6k tere meg\u00e1ll\u00f3 k\u00f6zel\u00e9ben.<\/p>\n<p><img decoding=\"async\" class=\"size-full wp-image-2629 aligncenter\" src=\"https:\/\/www.todobudapest.com\/wp-content\/uploads\/2024\/10\/24.hu_.png\" alt=\"\" width=\"862\" height=\"640\" srcset=\"https:\/\/www.todobudapest.com\/wp-content\/uploads\/2024\/10\/24.hu_.png 862w, https:\/\/www.todobudapest.com\/wp-content\/uploads\/2024\/10\/24.hu_-300x223.png 300w, https:\/\/www.todobudapest.com\/wp-content\/uploads\/2024\/10\/24.hu_-768x570.png 768w, https:\/\/www.todobudapest.com\/wp-content\/uploads\/2024\/10\/24.hu_-600x445.png 600w\" sizes=\"(max-width: 862px) 100vw, 862px\" \/><\/p>\n<p style=\"text-align: center;\">Fot\u00f3 &#8211; 24.hu<\/p>\n<p>A H\u0151s\u00f6k ter\u00e9nek k\u00f6z\u00e9ppontj\u00e1ban a Millenniumi Eml\u00e9km\u0171 \u00e1ll, mely Magyarorsz\u00e1g gazdag t\u00f6rt\u00e9nelm\u00e9t \u00e9s kultur\u00e1lis \u00f6r\u00f6ks\u00e9g\u00e9t \u00fcnnepli. Az 1896-os Millenniumi \u00fcnneps\u00e9gekre \u00e9p\u00fclt, megeml\u00e9kezve arr\u00f3l, hogy Magyarorsz\u00e1g 1000 \u00e9ve telepedett le a K\u00e1rp\u00e1t-medenc\u00e9ben. Az eml\u00e9km\u0171 k\u00fcl\u00f6nb\u00f6z\u0151 elemei Magyarorsz\u00e1g t\u00f6rt\u00e9nelm\u00e9nek jelent\u0151s esem\u00e9nyeit szimboliz\u00e1lj\u00e1k, m\u00e9ly tisztelettel az orsz\u00e1g gy\u00f6kerei el\u0151tt.<\/p>\n<p><img decoding=\"async\" class=\"size-large wp-image-2637 aligncenter\" src=\"https:\/\/www.todobudapest.com\/wp-content\/uploads\/2024\/10\/kirandulas-a-tortenelemben-1024x715.jpg\" alt=\"\" width=\"1024\" height=\"715\" srcset=\"https:\/\/www.todobudapest.com\/wp-content\/uploads\/2024\/10\/kirandulas-a-tortenelemben-1024x715.jpg 1024w, https:\/\/www.todobudapest.com\/wp-content\/uploads\/2024\/10\/kirandulas-a-tortenelemben-300x209.jpg 300w, https:\/\/www.todobudapest.com\/wp-content\/uploads\/2024\/10\/kirandulas-a-tortenelemben-768x536.jpg 768w, https:\/\/www.todobudapest.com\/wp-content\/uploads\/2024\/10\/kirandulas-a-tortenelemben-1536x1072.jpg 1536w, https:\/\/www.todobudapest.com\/wp-content\/uploads\/2024\/10\/kirandulas-a-tortenelemben-600x419.jpg 600w, https:\/\/www.todobudapest.com\/wp-content\/uploads\/2024\/10\/kirandulas-a-tortenelemben.jpg 1600w\" sizes=\"(max-width: 1024px) 100vw, 1024px\" \/><\/p>\n<p style=\"text-align: center;\">Fot\u00f3 &#8211; Kir\u00e1ndul\u00e1s a t\u00f6rt\u00e9nelembe<\/p>\n<p>A G\u00e1briel arkangyal oszlopa, az eml\u00e9km\u0171 k\u00f6zponti eleme, elnyerte az els\u0151 d\u00edjat a 1900-as p\u00e1rizsi Vil\u00e1gki\u00e1ll\u00edt\u00e1son. Az eml\u00e9km\u0171 befejez\u00e9se 1929-ben t\u00f6rt\u00e9nt, ekkor kapta nev\u00e9t a t\u00e9r is. 2002 \u00f3ta a H\u0151s\u00f6k tere \u00e9s az Andr\u00e1ssy \u00fat az UNESCO elismert Vil\u00e1g\u00f6r\u00f6ks\u00e9g r\u00e9sze.<\/p>\n<p>A teret uralkod\u00f3 36 m\u00e9ter magas korinthusi oszlop, melynek tetej\u00e9n a G\u00e1briel arkangyal \u00e1ll, Szent Istv\u00e1n koron\u00e1j\u00e1t tartva. A legenda szerint G\u00e1briel megjelent Szent Istv\u00e1nnak \u00e1lm\u00e1ban, \u00e9s felaj\u00e1nlotta neki Magyarorsz\u00e1g koron\u00e1j\u00e1t. II. Szilveszter p\u00e1pa val\u00f3ban elk\u00fcldte a Szent Koron\u00e1t, elismerve Magyarorsz\u00e1got \u00e9s Szent Istv\u00e1nt a kereszt\u00e9nys\u00e9g v\u00e9delmez\u0151jek\u00e9nt. A Szent Korona ma a budapesti Parlamentben tekinthet\u0151 meg.<\/p>\n<p><img decoding=\"async\" class=\"size-full wp-image-2633 aligncenter\" src=\"https:\/\/www.todobudapest.com\/wp-content\/uploads\/2024\/10\/iec2020.png\" alt=\"\" width=\"750\" height=\"501\" srcset=\"https:\/\/www.todobudapest.com\/wp-content\/uploads\/2024\/10\/iec2020.png 750w, https:\/\/www.todobudapest.com\/wp-content\/uploads\/2024\/10\/iec2020-300x200.png 300w, https:\/\/www.todobudapest.com\/wp-content\/uploads\/2024\/10\/iec2020-600x401.png 600w\" sizes=\"(max-width: 750px) 100vw, 750px\" \/><\/p>\n<p style=\"text-align: center;\">Fot\u00f3 &#8211; IEC2020<\/p>\n<p>Az oszlop k\u00f6r\u00fcl \u00f6tlik a h\u00e9t magyar t\u00f6rzsf\u0151 szobra, akik 896 k\u00f6r\u00fcl \u00e9rkeztek a K\u00e1rp\u00e1t-medenc\u00e9be, hogy kider\u00edts\u00e9k, alkalmas-e a ter\u00fclet leteleped\u00e9sre. Az oszlopot f\u00e9lk\u00f6r alak\u00fa oszlopcsarnok \u00f6leli k\u00f6r\u00fcl, mag\u00e1n visel\u0151 magyar kir\u00e1lyok \u00e9s h\u0151s\u00f6k szobraival. Az oszlop el\u0151tt \u00e1ll a Magyar H\u00e1bor\u00fas Eml\u00e9km\u0171, egy meghat\u00f3 tiszteletad\u00e1s azoknak, akik \u00e9let\u00fcket \u00e1ldozt\u00e1k Magyarorsz\u00e1g f\u00fcggetlens\u00e9g\u00e9\u00e9rt. Ez a hely n\u00e9pszer\u0171 a koszor\u00faz\u00f3 \u00fcnneps\u00e9gek sz\u00e1m\u00e1ra nemzeti \u00fcnnepeken.<\/p>\n<p><img decoding=\"async\" class=\"size-large wp-image-2639 aligncenter\" src=\"https:\/\/www.todobudapest.com\/wp-content\/uploads\/2024\/10\/mandiner-1024x576.jpg\" alt=\"\" width=\"1024\" height=\"576\" srcset=\"https:\/\/www.todobudapest.com\/wp-content\/uploads\/2024\/10\/mandiner-1024x576.jpg 1024w, https:\/\/www.todobudapest.com\/wp-content\/uploads\/2024\/10\/mandiner-300x169.jpg 300w, https:\/\/www.todobudapest.com\/wp-content\/uploads\/2024\/10\/mandiner-768x432.jpg 768w, https:\/\/www.todobudapest.com\/wp-content\/uploads\/2024\/10\/mandiner-600x338.jpg 600w, https:\/\/www.todobudapest.com\/wp-content\/uploads\/2024\/10\/mandiner.jpg 1200w\" sizes=\"(max-width: 1024px) 100vw, 1024px\" \/><\/p>\n<p style=\"text-align: center;\">Fot\u00f3 &#8211; Mandiner<\/p>\n<p>A H\u0151s\u00f6k tere szemtan\u00faja volt Magyarorsz\u00e1g t\u00f6rt\u00e9nelm\u00e9nek kulcsfontoss\u00e1g\u00fa esem\u00e9nyeinek. A kommunista korszak alatt itt rendezt\u00e9k a koreograf\u00e1lt demonstr\u00e1ci\u00f3kat \u00fcnnepeken. 1989-ben itt zajlott Imre Nagy, a 1956-os forradalom vezet\u0151j\u00e9nek \u00fajratemet\u00e9si cerem\u00f3ni\u00e1ja, ami kulcsfontoss\u00e1g\u00fa pillanatot jelentett Magyarorsz\u00e1g szabads\u00e1g\u00e1hoz vezet\u0151 \u00fatj\u00e1n.<\/p>\n<p><img decoding=\"async\" class=\"size-full wp-image-2635 aligncenter\" src=\"https:\/\/www.todobudapest.com\/wp-content\/uploads\/2024\/10\/kirandulas-a-tortenelemben-2.jpg\" alt=\"\" width=\"791\" height=\"520\" srcset=\"https:\/\/www.todobudapest.com\/wp-content\/uploads\/2024\/10\/kirandulas-a-tortenelemben-2.jpg 791w, https:\/\/www.todobudapest.com\/wp-content\/uploads\/2024\/10\/kirandulas-a-tortenelemben-2-300x197.jpg 300w, https:\/\/www.todobudapest.com\/wp-content\/uploads\/2024\/10\/kirandulas-a-tortenelemben-2-768x505.jpg 768w, https:\/\/www.todobudapest.com\/wp-content\/uploads\/2024\/10\/kirandulas-a-tortenelemben-2-600x394.jpg 600w\" sizes=\"(max-width: 791px) 100vw, 791px\" \/><\/p>\n<p style=\"text-align: center;\">Fot\u00f3 &#8211; Kir\u00e1ndul\u00e1s a t\u00f6rt\u00e9nelembe<\/p>\n<p><span style=\"font-weight: 400;\">Ma a H\u0151s\u00f6k tere tov\u00e1bbra is egy \u00e9l\u00e9nk nyilv\u00e1nos t\u00e9r, nemcsak turist\u00e1kat vonzva, hanem g\u00f6rdeszk\u00e1z\u00f3 tin\u00e9dzsereket is. A k\u00f6rny\u00e9ken tov\u00e1bbi l\u00e1tnival\u00f3k tal\u00e1lhat\u00f3k, mint a Sz\u00e9pm\u0171v\u00e9szeti M\u00fazeum, a M\u0171csarnok \u00e9s a V\u00e1rosliget, ami elengedhetetlen c\u00e9lpontt\u00e1 teszi, ahol t\u00f6rt\u00e9nelem, kult\u00fara \u00e9s a kort\u00e1rs \u00e9let t\u00f6k\u00e9letesen \u00f6sszefon\u00f3dik.<\/span><\/p>\n","protected":false},"excerpt":{"rendered":"<p>A H\u0151s\u00f6k tere, Budapest VI. ker\u00fclet\u00e9nek v\u00e9g\u00e9n tal\u00e1lhat\u00f3, Magyarorsz\u00e1g nemzeti identit\u00e1s\u00e1nak emelkedett szimb\u00f3luma. Ez az ikonikus l\u00e1tnival\u00f3 egy t\u00e1gas t\u00e9r, melyet egy 40 m\u00e9ter magas oszlop d\u00edsz\u00edt, ahol a cs\u00facson a G\u00e1briel arkangyal szobra tr\u00f3nol, len\u00e9zve a t\u00e9rre. A t\u00e9r k\u00f6nnyen megk\u00f6zel\u00edthet\u0151 a M1 metr\u00f3vonalon, a H\u0151s\u00f6k tere meg\u00e1ll\u00f3 k\u00f6zel\u00e9ben. Fot\u00f3 &#8211; 24.hu A H\u0151s\u00f6k [&hellip;]<\/p>\n","protected":false},"author":1,"featured_media":2632,"comment_status":"closed","ping_status":"closed","sticky":false,"template":"","format":"standard","meta":{"footnotes":""},"categories":[16],"tags":[],"class_list":["post-2642","post","type-post","status-publish","format-standard","has-post-thumbnail","hentry","category-uncategorized-hu"],"acf":[],"yoast_head":"<!-- This site is optimized with the Yoast SEO plugin v20.3 - https:\/\/yoast.com\/wordpress\/plugins\/seo\/ -->\n<title>H\u0151s\u00f6k tere: A nemzeti identit\u00e1s \u00e9s t\u00f6rt\u00e9nelmi jelent\u0151s\u00e9g cs\u00facspontja - To Do Budapest<\/title>\n<meta name=\"description\" content=\"A H\u0151s\u00f6k tere, Budapest VI. ker\u00fclet\u00e9nek v\u00e9g\u00e9n tal\u00e1lhat\u00f3, Magyarorsz\u00e1g nemzeti identit\u00e1s\u00e1nak emelkedett szimb\u00f3luma.\" \/>\n<meta name=\"robots\" content=\"index, follow, max-snippet:-1, max-image-preview:large, max-video-preview:-1\" \/>\n<link rel=\"canonical\" href=\"https:\/\/www.todobudapest.com\/hu\/hosok-tere-a-nemzeti-identitas-es-tortenelmi-jelentoseg-csucspontja\/\" \/>\n<meta property=\"og:locale\" content=\"hu_HU\" \/>\n<meta property=\"og:type\" content=\"article\" \/>\n<meta property=\"og:title\" content=\"H\u0151s\u00f6k tere: A nemzeti identit\u00e1s \u00e9s t\u00f6rt\u00e9nelmi jelent\u0151s\u00e9g cs\u00facspontja\" \/>\n<meta property=\"og:description\" content=\"A H\u0151s\u00f6k tere, Budapest VI. ker\u00fclet\u00e9nek v\u00e9g\u00e9n tal\u00e1lhat\u00f3, Magyarorsz\u00e1g nemzeti identit\u00e1s\u00e1nak emelkedett szimb\u00f3luma.\" \/>\n<meta property=\"og:url\" content=\"https:\/\/www.todobudapest.com\/hu\/hosok-tere-a-nemzeti-identitas-es-tortenelmi-jelentoseg-csucspontja\/\" \/>\n<meta property=\"og:site_name\" content=\"To Do Budapest\" \/>\n<meta property=\"article:published_time\" content=\"2024-10-07T18:19:25+00:00\" \/>\n<meta property=\"article:modified_time\" content=\"2024-10-07T18:34:27+00:00\" \/>\n<meta property=\"og:image\" content=\"https:\/\/www.todobudapest.com\/wp-content\/uploads\/2024\/10\/COVER-runnersworld.jpg\" \/>\n\t<meta property=\"og:image:width\" content=\"1200\" \/>\n\t<meta property=\"og:image:height\" content=\"630\" \/>\n\t<meta property=\"og:image:type\" content=\"image\/jpeg\" \/>\n<meta name=\"author\" content=\"todoadmin\" \/>\n<meta name=\"twitter:card\" content=\"summary_large_image\" \/>\n<meta name=\"twitter:label1\" content=\"Szerz\u0151:\" \/>\n\t<meta name=\"twitter:data1\" content=\"todoadmin\" \/>\n\t<meta name=\"twitter:label2\" content=\"Becs\u00fclt olvas\u00e1si id\u0151\" \/>\n\t<meta name=\"twitter:data2\" content=\"3 perc\" \/>\n<script type=\"application\/ld+json\" class=\"yoast-schema-graph\">{\"@context\":\"https:\/\/schema.org\",\"@graph\":[{\"@type\":\"WebPage\",\"@id\":\"https:\/\/www.todobudapest.com\/hu\/hosok-tere-a-nemzeti-identitas-es-tortenelmi-jelentoseg-csucspontja\/\",\"url\":\"https:\/\/www.todobudapest.com\/hu\/hosok-tere-a-nemzeti-identitas-es-tortenelmi-jelentoseg-csucspontja\/\",\"name\":\"H\u0151s\u00f6k tere: A nemzeti identit\u00e1s \u00e9s t\u00f6rt\u00e9nelmi jelent\u0151s\u00e9g cs\u00facspontja - To Do Budapest\",\"isPartOf\":{\"@id\":\"https:\/\/www.todobudapest.com\/#website\"},\"datePublished\":\"2024-10-07T18:19:25+00:00\",\"dateModified\":\"2024-10-07T18:34:27+00:00\",\"author\":{\"@id\":\"https:\/\/www.todobudapest.com\/#\/schema\/person\/de4e8287b713a319b6f46d729747d3eb\"},\"description\":\"A H\u0151s\u00f6k tere, Budapest VI. ker\u00fclet\u00e9nek v\u00e9g\u00e9n tal\u00e1lhat\u00f3, Magyarorsz\u00e1g nemzeti identit\u00e1s\u00e1nak emelkedett szimb\u00f3luma.\",\"breadcrumb\":{\"@id\":\"https:\/\/www.todobudapest.com\/hu\/hosok-tere-a-nemzeti-identitas-es-tortenelmi-jelentoseg-csucspontja\/#breadcrumb\"},\"inLanguage\":\"hu\",\"potentialAction\":[{\"@type\":\"ReadAction\",\"target\":[\"https:\/\/www.todobudapest.com\/hu\/hosok-tere-a-nemzeti-identitas-es-tortenelmi-jelentoseg-csucspontja\/\"]}]},{\"@type\":\"BreadcrumbList\",\"@id\":\"https:\/\/www.todobudapest.com\/hu\/hosok-tere-a-nemzeti-identitas-es-tortenelmi-jelentoseg-csucspontja\/#breadcrumb\",\"itemListElement\":[{\"@type\":\"ListItem\",\"position\":1,\"name\":\"Home\",\"item\":\"https:\/\/www.todobudapest.com\/hu\/\"},{\"@type\":\"ListItem\",\"position\":2,\"name\":\"H\u0151s\u00f6k tere: A nemzeti identit\u00e1s \u00e9s t\u00f6rt\u00e9nelmi jelent\u0151s\u00e9g cs\u00facspontja\"}]},{\"@type\":\"WebSite\",\"@id\":\"https:\/\/www.todobudapest.com\/#website\",\"url\":\"https:\/\/www.todobudapest.com\/\",\"name\":\"To Do Budapest\",\"description\":\"\",\"potentialAction\":[{\"@type\":\"SearchAction\",\"target\":{\"@type\":\"EntryPoint\",\"urlTemplate\":\"https:\/\/www.todobudapest.com\/?s={search_term_string}\"},\"query-input\":\"required name=search_term_string\"}],\"inLanguage\":\"hu\"},{\"@type\":\"Person\",\"@id\":\"https:\/\/www.todobudapest.com\/#\/schema\/person\/de4e8287b713a319b6f46d729747d3eb\",\"name\":\"todoadmin\",\"image\":{\"@type\":\"ImageObject\",\"inLanguage\":\"hu\",\"@id\":\"https:\/\/www.todobudapest.com\/#\/schema\/person\/image\/\",\"url\":\"https:\/\/secure.gravatar.com\/avatar\/c7b35cdf2ecbcae38ae3cea42de138be68173a0ac75ca4799c2374ddcf1af4da?s=96&d=mm&r=g\",\"contentUrl\":\"https:\/\/secure.gravatar.com\/avatar\/c7b35cdf2ecbcae38ae3cea42de138be68173a0ac75ca4799c2374ddcf1af4da?s=96&d=mm&r=g\",\"caption\":\"todoadmin\"},\"sameAs\":[\"http:\/\/local.todobudapest.com\"],\"url\":\"https:\/\/www.todobudapest.com\/hu\/author\/todoadmin\/\"}]}<\/script>\n<!-- \/ Yoast SEO plugin. -->","yoast_head_json":{"title":"H\u0151s\u00f6k tere: A nemzeti identit\u00e1s \u00e9s t\u00f6rt\u00e9nelmi jelent\u0151s\u00e9g cs\u00facspontja - To Do Budapest","description":"A H\u0151s\u00f6k tere, Budapest VI. ker\u00fclet\u00e9nek v\u00e9g\u00e9n tal\u00e1lhat\u00f3, Magyarorsz\u00e1g nemzeti identit\u00e1s\u00e1nak emelkedett szimb\u00f3luma.","robots":{"index":"index","follow":"follow","max-snippet":"max-snippet:-1","max-image-preview":"max-image-preview:large","max-video-preview":"max-video-preview:-1"},"canonical":"https:\/\/www.todobudapest.com\/hu\/hosok-tere-a-nemzeti-identitas-es-tortenelmi-jelentoseg-csucspontja\/","og_locale":"hu_HU","og_type":"article","og_title":"H\u0151s\u00f6k tere: A nemzeti identit\u00e1s \u00e9s t\u00f6rt\u00e9nelmi jelent\u0151s\u00e9g cs\u00facspontja","og_description":"A H\u0151s\u00f6k tere, Budapest VI. ker\u00fclet\u00e9nek v\u00e9g\u00e9n tal\u00e1lhat\u00f3, Magyarorsz\u00e1g nemzeti identit\u00e1s\u00e1nak emelkedett szimb\u00f3luma.","og_url":"https:\/\/www.todobudapest.com\/hu\/hosok-tere-a-nemzeti-identitas-es-tortenelmi-jelentoseg-csucspontja\/","og_site_name":"To Do Budapest","article_published_time":"2024-10-07T18:19:25+00:00","article_modified_time":"2024-10-07T18:34:27+00:00","og_image":[{"width":1200,"height":630,"url":"https:\/\/www.todobudapest.com\/wp-content\/uploads\/2024\/10\/COVER-runnersworld.jpg","type":"image\/jpeg"}],"author":"todoadmin","twitter_card":"summary_large_image","twitter_misc":{"Szerz\u0151:":"todoadmin","Becs\u00fclt olvas\u00e1si id\u0151":"3 perc"},"schema":{"@context":"https:\/\/schema.org","@graph":[{"@type":"WebPage","@id":"https:\/\/www.todobudapest.com\/hu\/hosok-tere-a-nemzeti-identitas-es-tortenelmi-jelentoseg-csucspontja\/","url":"https:\/\/www.todobudapest.com\/hu\/hosok-tere-a-nemzeti-identitas-es-tortenelmi-jelentoseg-csucspontja\/","name":"H\u0151s\u00f6k tere: A nemzeti identit\u00e1s \u00e9s t\u00f6rt\u00e9nelmi jelent\u0151s\u00e9g cs\u00facspontja - To Do Budapest","isPartOf":{"@id":"https:\/\/www.todobudapest.com\/#website"},"datePublished":"2024-10-07T18:19:25+00:00","dateModified":"2024-10-07T18:34:27+00:00","author":{"@id":"https:\/\/www.todobudapest.com\/#\/schema\/person\/de4e8287b713a319b6f46d729747d3eb"},"description":"A H\u0151s\u00f6k tere, Budapest VI. ker\u00fclet\u00e9nek v\u00e9g\u00e9n tal\u00e1lhat\u00f3, Magyarorsz\u00e1g nemzeti identit\u00e1s\u00e1nak emelkedett szimb\u00f3luma.","breadcrumb":{"@id":"https:\/\/www.todobudapest.com\/hu\/hosok-tere-a-nemzeti-identitas-es-tortenelmi-jelentoseg-csucspontja\/#breadcrumb"},"inLanguage":"hu","potentialAction":[{"@type":"ReadAction","target":["https:\/\/www.todobudapest.com\/hu\/hosok-tere-a-nemzeti-identitas-es-tortenelmi-jelentoseg-csucspontja\/"]}]},{"@type":"BreadcrumbList","@id":"https:\/\/www.todobudapest.com\/hu\/hosok-tere-a-nemzeti-identitas-es-tortenelmi-jelentoseg-csucspontja\/#breadcrumb","itemListElement":[{"@type":"ListItem","position":1,"name":"Home","item":"https:\/\/www.todobudapest.com\/hu\/"},{"@type":"ListItem","position":2,"name":"H\u0151s\u00f6k tere: A nemzeti identit\u00e1s \u00e9s t\u00f6rt\u00e9nelmi jelent\u0151s\u00e9g cs\u00facspontja"}]},{"@type":"WebSite","@id":"https:\/\/www.todobudapest.com\/#website","url":"https:\/\/www.todobudapest.com\/","name":"To Do Budapest","description":"","potentialAction":[{"@type":"SearchAction","target":{"@type":"EntryPoint","urlTemplate":"https:\/\/www.todobudapest.com\/?s={search_term_string}"},"query-input":"required name=search_term_string"}],"inLanguage":"hu"},{"@type":"Person","@id":"https:\/\/www.todobudapest.com\/#\/schema\/person\/de4e8287b713a319b6f46d729747d3eb","name":"todoadmin","image":{"@type":"ImageObject","inLanguage":"hu","@id":"https:\/\/www.todobudapest.com\/#\/schema\/person\/image\/","url":"https:\/\/secure.gravatar.com\/avatar\/c7b35cdf2ecbcae38ae3cea42de138be68173a0ac75ca4799c2374ddcf1af4da?s=96&d=mm&r=g","contentUrl":"https:\/\/secure.gravatar.com\/avatar\/c7b35cdf2ecbcae38ae3cea42de138be68173a0ac75ca4799c2374ddcf1af4da?s=96&d=mm&r=g","caption":"todoadmin"},"sameAs":["http:\/\/local.todobudapest.com"],"url":"https:\/\/www.todobudapest.com\/hu\/author\/todoadmin\/"}]}},"_links":{"self":[{"href":"https:\/\/www.todobudapest.com\/hu\/wp-json\/wp\/v2\/posts\/2642","targetHints":{"allow":["GET"]}}],"collection":[{"href":"https:\/\/www.todobudapest.com\/hu\/wp-json\/wp\/v2\/posts"}],"about":[{"href":"https:\/\/www.todobudapest.com\/hu\/wp-json\/wp\/v2\/types\/post"}],"author":[{"embeddable":true,"href":"https:\/\/www.todobudapest.com\/hu\/wp-json\/wp\/v2\/users\/1"}],"replies":[{"embeddable":true,"href":"https:\/\/www.todobudapest.com\/hu\/wp-json\/wp\/v2\/comments?post=2642"}],"version-history":[{"count":4,"href":"https:\/\/www.todobudapest.com\/hu\/wp-json\/wp\/v2\/posts\/2642\/revisions"}],"predecessor-version":[{"id":2646,"href":"https:\/\/www.todobudapest.com\/hu\/wp-json\/wp\/v2\/posts\/2642\/revisions\/2646"}],"wp:featuredmedia":[{"embeddable":true,"href":"https:\/\/www.todobudapest.com\/hu\/wp-json\/wp\/v2\/media\/2632"}],"wp:attachment":[{"href":"https:\/\/www.todobudapest.com\/hu\/wp-json\/wp\/v2\/media?parent=2642"}],"wp:term":[{"taxonomy":"category","embeddable":true,"href":"https:\/\/www.todobudapest.com\/hu\/wp-json\/wp\/v2\/categories?post=2642"},{"taxonomy":"post_tag","embeddable":true,"href":"https:\/\/www.todobudapest.com\/hu\/wp-json\/wp\/v2\/tags?post=2642"}],"curies":[{"name":"wp","href":"https:\/\/api.w.org\/{rel}","templated":true}]}}