{"id":2517,"date":"2024-09-22T16:24:19","date_gmt":"2024-09-22T14:24:19","guid":{"rendered":"https:\/\/www.todobudapest.com\/fedezd-fel-budapest-metrorendszeret-es-rejtett-gyongyszemeit-a-felszin-alatt\/"},"modified":"2024-09-22T16:24:19","modified_gmt":"2024-09-22T14:24:19","slug":"fedezd-fel-budapest-metrorendszeret-es-rejtett-gyongyszemeit-a-felszin-alatt","status":"publish","type":"post","link":"https:\/\/www.todobudapest.com\/hu\/fedezd-fel-budapest-metrorendszeret-es-rejtett-gyongyszemeit-a-felszin-alatt\/","title":{"rendered":"Fedezd fel Budapest metr\u00f3rendszer\u00e9t \u00e9s rejtett gy\u00f6ngyszemeit a felsz\u00edn alatt"},"content":{"rendered":"<p><span style=\"font-weight: 400;\">Budapest gazdag t\u00f6rt\u00e9nelm\u00e9vel \u00e9s vibr\u00e1l\u00f3 kultur\u00e1lis sz\u00ednt\u00e1rsas\u00e1g\u00e1val b\u00fcszk\u00e9lkedhet. M\u00edg sok l\u00e1togat\u00f3 felfedezi a v\u00e1ros ikonikus l\u00e1tnival\u00f3it \u00e9s t\u00f6rt\u00e9nelmi helyeit, a felsz\u00edn alatt v\u00e1rakozik egy leny\u0171g\u00f6z\u0151 vil\u00e1g, amit felfedezhet\u00fcnk. Ebben a cikkben a Budapesti metr\u00f3rendszer l\u00e1tnival\u00f3iba m\u00e9lyed\u00fcnk el, kifejezetten a 1-es \u00e9s 4-es vonalra \u00f6sszpontos\u00edtva, \u00e9s n\u00e9h\u00e1ny leny\u0171g\u00f6z\u0151 metr\u00f3\u00e1llom\u00e1st emelve ki, amit \u00e9rdemes megl\u00e1togatni.<\/span><span style=\"font-weight: 400;\"><br \/>\n<\/span><\/p>\n<p><img decoding=\"async\" class=\"alignnone size-large wp-image-2500\" src=\"https:\/\/www.todobudapest.com\/wp-content\/uploads\/2024\/09\/Budapest_metro_hev_en-1024x1024.png\" alt=\"\" width=\"1024\" height=\"1024\" srcset=\"https:\/\/www.todobudapest.com\/wp-content\/uploads\/2024\/09\/Budapest_metro_hev_en-1024x1024.png 1024w, https:\/\/www.todobudapest.com\/wp-content\/uploads\/2024\/09\/Budapest_metro_hev_en-300x300.png 300w, https:\/\/www.todobudapest.com\/wp-content\/uploads\/2024\/09\/Budapest_metro_hev_en-150x150.png 150w, https:\/\/www.todobudapest.com\/wp-content\/uploads\/2024\/09\/Budapest_metro_hev_en-768x768.png 768w, https:\/\/www.todobudapest.com\/wp-content\/uploads\/2024\/09\/Budapest_metro_hev_en-1536x1536.png 1536w, https:\/\/www.todobudapest.com\/wp-content\/uploads\/2024\/09\/Budapest_metro_hev_en-2048x2048.png 2048w, https:\/\/www.todobudapest.com\/wp-content\/uploads\/2024\/09\/Budapest_metro_hev_en-600x600.png 600w, https:\/\/www.todobudapest.com\/wp-content\/uploads\/2024\/09\/Budapest_metro_hev_en-100x100.png 100w\" sizes=\"(max-width: 1024px) 100vw, 1024px\" \/><\/p>\n<p>Fot\u00f3 &#8211; wikipedia<\/p>\n<h3><b>M1-es metr\u00f3vonal: Id\u0151utaz\u00e1s a m\u00faltba<\/b><\/h3>\n<p><span style=\"font-weight: 400;\">Hivatalos nev\u00e9n a Millennium F\u00f6ldalatti Vas\u00fat, vagy M1, a 1-es vonal az Budapesti metr\u00f3 legr\u00e9gebbi vonala. A 1894 \u00e9s 1896 k\u00f6z\u00f6tt \u00e9p\u00fclt vonal megel\u0151zi m\u00e1s eur\u00f3pai sz\u00e1razf\u00f6ldi metr\u00f3kat, \u00e9s a vil\u00e1g harmadik legr\u00e9gebbi metr\u00f3vonal\u00e1v\u00e1 teszi, London \u00e9s Liverpool ut\u00e1n. A helyiek \u00e1ltal &#8222;a kis f\u00f6ldalatti&#8221; n\u00e9ven ismert, az 1-es vonal \u00e9szakkeletre halad a v\u00e1rosk\u00f6zpontb\u00f3l a Pesti oldalon az Andr\u00e1ssy \u00fat alatt a V\u00e1rosligetig.<\/span><span style=\"font-weight: 400;\"><br \/>\n<\/span><\/p>\n<p><img decoding=\"async\" class=\"size-full wp-image-2502\" src=\"https:\/\/www.todobudapest.com\/wp-content\/uploads\/2024\/09\/korkep.sk_.jpg\" alt=\"\" width=\"720\" height=\"483\" srcset=\"https:\/\/www.todobudapest.com\/wp-content\/uploads\/2024\/09\/korkep.sk_.jpg 720w, https:\/\/www.todobudapest.com\/wp-content\/uploads\/2024\/09\/korkep.sk_-300x201.jpg 300w, https:\/\/www.todobudapest.com\/wp-content\/uploads\/2024\/09\/korkep.sk_-600x403.jpg 600w\" sizes=\"(max-width: 720px) 100vw, 720px\" \/><\/p>\n<p>Fot\u00f3 &#8211; k\u00f6rk\u00e9p.sk<\/p>\n<p><span style=\"font-weight: 400;\">Ez a t\u00f6rt\u00e9nelmi vonal, amelyet 1896. m\u00e1jus 2-\u00e1n avattak fel, kulcsfontoss\u00e1g\u00fa szerepet j\u00e1tszott a v\u00e1ros k\u00f6zleked\u00e9si rendszer\u00e9ben. Az eredeti c\u00e9l az volt, hogy megk\u00f6nny\u00edtse a k\u00f6zleked\u00e9st a V\u00e1rosligetbe az eleg\u00e1ns Andr\u00e1ssy \u00fat ment\u00e9n, an\u00e9lk\u00fcl, hogy az utcak\u00e9pet zavarn\u00e1. A cut-and-cover m\u00f3dszerrel \u00e9p\u00edtett vonal 11 \u00e1llom\u00e1st tartalmazott, kilencet a f\u00f6ld alatt \u00e9s ket\u0151t a parkon \u00e1t vezet\u0151 fel\u00fcleti szakaszon. Ma is m\u0171k\u00f6dik, naponta mintegy 80 000 utast szolg\u00e1l ki.<\/span><\/p>\n<p><span style=\"font-weight: 400;\">Az utaz\u00e1s a v\u00e1ros jelent\u0151s l\u00e1tnival\u00f3in kereszt\u00fcl vezet, bemutatva Budapest \u00e9p\u00edt\u00e9szeti sz\u00e9ps\u00e9g\u00e9t. A kor\u00e1bbi Gizella t\u00e9r \u00e1llom\u00e1st\u00f3l (ma V\u00f6r\u00f6smarty t\u00e9r \u00e1llom\u00e1s) az Ar\u00e9na \u00fat \u00e1llom\u00e1sig (ma H\u0151s\u00f6k tere \u00e1llom\u00e1s) az 1-es vonal meg\u0151rzi t\u00f6rt\u00e9nelmi var\u00e1zs\u00e1t, betekint\u00e9st ny\u00fajtva a v\u00e1ros m\u00faltj\u00e1ba. Annak ellen\u00e9re, hogy id\u0151s, ez a vonal tov\u00e1bbra is Budapest k\u00f6zleked\u00e9si h\u00e1l\u00f3zat\u00e1nak szerves r\u00e9sze, folytatva azt az \u00f6r\u00f6ks\u00e9get, amit I. Ferenc J\u00f3zsef cs\u00e1sz\u00e1r kezdem\u00e9nyezett 1896-ban.<\/span><span style=\"font-weight: 400;\"><br \/>\n<\/span><\/p>\n<p><img decoding=\"async\" class=\"alignnone size-full wp-image-2504\" src=\"https:\/\/www.todobudapest.com\/wp-content\/uploads\/2024\/09\/flickr.jpg\" alt=\"\" width=\"1023\" height=\"652\" srcset=\"https:\/\/www.todobudapest.com\/wp-content\/uploads\/2024\/09\/flickr.jpg 1023w, https:\/\/www.todobudapest.com\/wp-content\/uploads\/2024\/09\/flickr-300x191.jpg 300w, https:\/\/www.todobudapest.com\/wp-content\/uploads\/2024\/09\/flickr-768x489.jpg 768w, https:\/\/www.todobudapest.com\/wp-content\/uploads\/2024\/09\/flickr-600x382.jpg 600w\" sizes=\"(max-width: 1023px) 100vw, 1023px\" \/><\/p>\n<p>Fot\u00f3 &#8211; Flickr<\/p>\n<h3><b>M3-as Metr\u00f3vonal: A Moderniz\u00e1ci\u00f3 \u00faj m\u00e9rf\u00f6ldk\u00f6ve<\/b><\/h3>\n<p><span style=\"font-weight: 400;\">Budapest metr\u00f3h\u00e1l\u00f3zat\u00e1ban az M3-as vonal (hivatalos nev\u00e9n: \u00c9szak-D\u00e9li Metr\u00f3, Metro 3 vagy M3) jelent\u0151s fejleszt\u00e9seken ment kereszt\u00fcl, amelyek egyar\u00e1nt \u00e9rintett\u00e9k az infrastrukt\u00far\u00e1t \u00e9s az utaskiszolg\u00e1l\u00e1st. A metr\u00f3vonal a f\u0151v\u00e1ros \u00e9szaki \u00e9s d\u00e9li r\u00e9sz\u00e9t k\u00f6ti \u00f6ssze, fontos szerepet j\u00e1tszva a v\u00e1ros k\u00f6zleked\u00e9s\u00e9ben. Az \u00faj\u00edt\u00e1sok \u00e9s fel\u00faj\u00edt\u00e1sok c\u00e9lja a k\u00e9nyelmesebb \u00e9s hat\u00e9konyabb utaz\u00e1si \u00e9lm\u00e9ny biztos\u00edt\u00e1sa volt a mindennapi utasok \u00e9s l\u00e1togat\u00f3k sz\u00e1m\u00e1ra.<\/span><\/p>\n<p><span style=\"font-weight: 400;\">Ezen fel\u00fcl az M3-as vonal fejleszt\u00e9se a fenntarthat\u00f3s\u00e1g ir\u00e1ny\u00e1ba is t\u00f6rt\u00e9nt, a k\u00f6rnyezetv\u00e9delmi szempontok figyelembev\u00e9tel\u00e9vel. Az \u00faj j\u00e1rm\u0171vek \u00e9s infrastrukt\u00faraelemek energetikailag hat\u00e9konyabbak, hozz\u00e1j\u00e1rulva a v\u00e1ros z\u00f6ld\u00edt\u00e9s\u00e9hez \u00e9s a fenntarthat\u00f3 k\u00f6zleked\u00e9s el\u0151mozd\u00edt\u00e1s\u00e1hoz.<\/span><\/p>\n<p><img decoding=\"async\" class=\"alignnone size-large wp-image-2506\" src=\"https:\/\/www.todobudapest.com\/wp-content\/uploads\/2024\/09\/pestbuda-1024x551.jpg\" alt=\"\" width=\"1024\" height=\"551\" srcset=\"https:\/\/www.todobudapest.com\/wp-content\/uploads\/2024\/09\/pestbuda-1024x551.jpg 1024w, https:\/\/www.todobudapest.com\/wp-content\/uploads\/2024\/09\/pestbuda-300x162.jpg 300w, https:\/\/www.todobudapest.com\/wp-content\/uploads\/2024\/09\/pestbuda-768x413.jpg 768w, https:\/\/www.todobudapest.com\/wp-content\/uploads\/2024\/09\/pestbuda-600x323.jpg 600w, https:\/\/www.todobudapest.com\/wp-content\/uploads\/2024\/09\/pestbuda.jpg 1200w\" sizes=\"(max-width: 1024px) 100vw, 1024px\" \/><\/p>\n<p>Fot\u00f3 &#8211; PestBuda<\/p>\n<p><span style=\"font-weight: 400;\">A meg\u00fajult M3-as vonal nem csup\u00e1n egy k\u00f6zleked\u00e9si \u00fatvonal, hanem egy moderniz\u00e1lt k\u00f6zleked\u00e9si \u00e9lm\u00e9ny, amely az utasok sz\u00e1m\u00e1ra k\u00e9nyelmet, biztons\u00e1got \u00e9s a v\u00e1ros dinamikus fejl\u0151d\u00e9s\u00e9hez val\u00f3 hozz\u00e1j\u00e1rul\u00e1st k\u00edn\u00e1lja. Ez a fejleszt\u00e9s tov\u00e1bb er\u0151s\u00edti Budapest metr\u00f3rendszer\u00e9t, emelve a v\u00e1rosk\u00f6zi k\u00f6zleked\u00e9s sz\u00ednvonal\u00e1t.<\/span><\/p>\n<h3><b>M4-es metr\u00f3vonal: Modern csoda kih\u00edv\u00e1sokkal<\/b><\/h3>\n<p><span style=\"font-weight: 400;\">A t\u00f6rt\u00e9nelmi 1-es vonallal ellent\u00e9tben a 4-es vonal, hivatalos nev\u00e9n D\u00e9l-Buda\u2013R\u00e1kospalota (DBR) vonal, Metro 4, vagy M4, a Budapesti metr\u00f3rendszer modern kieg\u00e9sz\u00edt\u00e9se. 2014. m\u00e1rcius 28-\u00e1n ny\u00edlt meg, 7,4 km hosszan \u00f6sszesen t\u00edz \u00e1llom\u00e1ssal k\u00f6ti \u00f6ssze Buda d\u00e9lnyugati r\u00e9sz\u00e9n tal\u00e1lhat\u00f3 Kelenf\u00f6ld vas\u00fat\u00e1llom\u00e1st \u00e9s Pesten keleti r\u00e9szen fekv\u0151 Keleti p\u00e1lyaudvart, a Duna foly\u00f3 alatt haladva.<\/span><\/p>\n<p><img decoding=\"async\" class=\"alignnone size-large wp-image-2508\" src=\"https:\/\/www.todobudapest.com\/wp-content\/uploads\/2024\/09\/xflow-1024x683.jpg\" alt=\"\" width=\"1024\" height=\"683\" srcset=\"https:\/\/www.todobudapest.com\/wp-content\/uploads\/2024\/09\/xflow-1024x683.jpg 1024w, https:\/\/www.todobudapest.com\/wp-content\/uploads\/2024\/09\/xflow-300x200.jpg 300w, https:\/\/www.todobudapest.com\/wp-content\/uploads\/2024\/09\/xflow-768x512.jpg 768w, https:\/\/www.todobudapest.com\/wp-content\/uploads\/2024\/09\/xflow-600x400.jpg 600w, https:\/\/www.todobudapest.com\/wp-content\/uploads\/2024\/09\/xflow.jpg 1200w\" sizes=\"(max-width: 1024px) 100vw, 1024px\" \/><\/p>\n<p>Fot\u00f3 &#8211; xFlow<\/p>\n<p><span style=\"font-weight: 400;\">Az Alstom Metropolis teljesen automatiz\u00e1lt vonatszettekkel felszerelt 4-es vonal modern megk\u00f6zel\u00edt\u00e9st k\u00edn\u00e1l a budapesti metr\u00f3utaz\u00e1shoz. Azonban az \u00e9p\u00edt\u00e9se nem zajlott le probl\u00e9mamentesen. Az \u00fatvonalat az\u00e9rt kritiz\u00e1lt\u00e1k, mert elavultnak tekintett\u00e9k, annak ellen\u00e9re, hogy a v\u00e1ros szerkezete \u00e9s n\u00e9ps\u0171r\u0171s\u00e9ge v\u00e1ltozatlan maradt. A projekt magas k\u00f6lts\u00e9gekkel \u00e9s sz\u00e1mos k\u00e9s\u00e9ssel k\u00fczd\u00f6tt meg, \u00f6sszesen 17 k\u00e9s\u00e9s t\u00f6rt\u00e9nt az \u00e9p\u00edt\u00e9si folyamat sor\u00e1n.<\/span><\/p>\n<p><span style=\"font-weight: 400;\">A kih\u00edv\u00e1sok ellen\u00e9re az M4-es vonal jelent\u0151s javul\u00e1st hozott a Buda oldali k\u00f6zleked\u00e9sben, cs\u00f6kkentve az M2-es vonalra val\u00f3 t\u00e1maszkod\u00e1st. Az 185,000-195,000 napi utasforgalommal a vonal fontos kapocs Budapest k\u00fcl\u00f6nb\u00f6z\u0151 r\u00e9szei k\u00f6z\u00f6tt.<\/span><\/p>\n<p><img decoding=\"async\" class=\"size-full wp-image-2510\" src=\"https:\/\/www.todobudapest.com\/wp-content\/uploads\/2024\/09\/futas.net_.jpg\" alt=\"\" width=\"1024\" height=\"684\" srcset=\"https:\/\/www.todobudapest.com\/wp-content\/uploads\/2024\/09\/futas.net_.jpg 1024w, https:\/\/www.todobudapest.com\/wp-content\/uploads\/2024\/09\/futas.net_-300x200.jpg 300w, https:\/\/www.todobudapest.com\/wp-content\/uploads\/2024\/09\/futas.net_-768x513.jpg 768w, https:\/\/www.todobudapest.com\/wp-content\/uploads\/2024\/09\/futas.net_-600x401.jpg 600w\" sizes=\"(max-width: 1024px) 100vw, 1024px\" \/><\/p>\n<p>Fot\u00f3 &#8211; M\u00e1th\u00e9 Zolt\u00e1n<\/p>\n<h3><b>Leny\u0171g\u00f6z\u0151 metr\u00f3\u00e1llom\u00e1sok, amiket \u00e9rdemes felkeresni<\/b><\/h3>\n<p><span style=\"font-weight: 400;\">Amikor felfedezz\u00fck Budapest felsz\u00edn alatti vil\u00e1g\u00e1t, mindenk\u00e9pp l\u00e1togassunk el n\u00e9h\u00e1ny leny\u0171g\u00f6z\u0151 metr\u00f3\u00e1llom\u00e1shoz ezen a vonalon. A Szent Gell\u00e9rt t\u00e9r, a F\u0151v\u00e1m t\u00e9r \u00e9s a Bik\u00e1s Park kiemelkednek az \u00e9p\u00edt\u00e9szeti \u00e9s kultur\u00e1lis \u00e9kk\u00f6vek k\u00f6z\u00fcl. A Szent Gell\u00e9rt t\u00e9r, a h\u00edres Gell\u00e9rt f\u00fcrd\u0151 k\u00f6zel\u00e9ben tal\u00e1lhat\u00f3, t\u00f6rt\u00e9nelmi \u00e9s modern diz\u00e1jn elegy\u00e9t k\u00edn\u00e1lja. A F\u0151v\u00e1m t\u00e9r, a v\u00e1ros sz\u00edv\u00e9ben elhelyezkedve, hozz\u00e1f\u00e9r\u00e9st biztos\u00edt a Nagycsarnokhoz \u00e9s a Duna s\u00e9t\u00e1nyhoz. V\u00e9g\u00fcl a Bik\u00e1s Park, a 4-es vonalon, modern metr\u00f3tervez\u00e9st mutat be, \u00e9s kaput nyit a Budapest keleti r\u00e9szei fel\u00e9.<\/span><\/p>\n<p><img decoding=\"async\" class=\"alignnone size-full wp-image-2512\" src=\"https:\/\/www.todobudapest.com\/wp-content\/uploads\/2024\/09\/index-1.jpg\" alt=\"\" width=\"976\" height=\"651\" srcset=\"https:\/\/www.todobudapest.com\/wp-content\/uploads\/2024\/09\/index-1.jpg 976w, https:\/\/www.todobudapest.com\/wp-content\/uploads\/2024\/09\/index-1-300x200.jpg 300w, https:\/\/www.todobudapest.com\/wp-content\/uploads\/2024\/09\/index-1-768x512.jpg 768w, https:\/\/www.todobudapest.com\/wp-content\/uploads\/2024\/09\/index-1-600x400.jpg 600w\" sizes=\"(max-width: 976px) 100vw, 976px\" \/><\/p>\n<p>Fot\u00f3 &#8211; index<\/p>\n<p><span style=\"font-weight: 400;\">V\u00e9gsz\u00f3k\u00e9nt elmondhat\u00f3, hogy Budapest felsz\u00edn alatti metr\u00f3rendszere nemcsak egy gyakorlati k\u00f6zleked\u00e9si eszk\u00f6z, hanem egy id\u0151utaz\u00e1s \u00e9s innov\u00e1ci\u00f3 is. Az M1-es vonal meg\u0151rzi a v\u00e1ros t\u00f6rt\u00e9nelmi \u00f6r\u00f6ks\u00e9g\u00e9t, m\u00edg az M4-es vonal a moderniz\u00e1ci\u00f3ra v\u00e1llalkoz\u00f3 Budapest elk\u00f6telezetts\u00e9g\u00e9t k\u00e9pviseli. Ahogy felfedezz\u00fck ezeket a felsz\u00edn alatti rejtett \u00e9kk\u00f6veket, m\u00e9lyebb elismer\u00e9st nyerhet\u00fcnk Magyarorsz\u00e1g f\u0151v\u00e1ros\u00e1nak v\u00e1ltozatos \u00e9s dinamikus karaktere ir\u00e1nt.<\/span><\/p>\n","protected":false},"excerpt":{"rendered":"<p>Budapest gazdag t\u00f6rt\u00e9nelm\u00e9vel \u00e9s vibr\u00e1l\u00f3 kultur\u00e1lis sz\u00ednt\u00e1rsas\u00e1g\u00e1val b\u00fcszk\u00e9lkedhet. M\u00edg sok l\u00e1togat\u00f3 felfedezi a v\u00e1ros ikonikus l\u00e1tnival\u00f3it \u00e9s t\u00f6rt\u00e9nelmi helyeit, a felsz\u00edn alatt v\u00e1rakozik egy leny\u0171g\u00f6z\u0151 vil\u00e1g, amit felfedezhet\u00fcnk. Ebben a cikkben a Budapesti metr\u00f3rendszer l\u00e1tnival\u00f3iba m\u00e9lyed\u00fcnk el, kifejezetten a 1-es \u00e9s 4-es vonalra \u00f6sszpontos\u00edtva, \u00e9s n\u00e9h\u00e1ny leny\u0171g\u00f6z\u0151 metr\u00f3\u00e1llom\u00e1st emelve ki, amit \u00e9rdemes megl\u00e1togatni. Fot\u00f3 &#8211; [&hellip;]<\/p>\n","protected":false},"author":1,"featured_media":2515,"comment_status":"closed","ping_status":"closed","sticky":false,"template":"","format":"standard","meta":{"footnotes":""},"categories":[16],"tags":[],"class_list":["post-2517","post","type-post","status-publish","format-standard","has-post-thumbnail","hentry","category-uncategorized-hu"],"acf":[],"yoast_head":"<!-- This site is optimized with the Yoast SEO plugin v20.3 - https:\/\/yoast.com\/wordpress\/plugins\/seo\/ -->\n<title>Fedezd fel Budapest metr\u00f3rendszer\u00e9t \u00e9s rejtett gy\u00f6ngyszemeit a felsz\u00edn alatt - To Do Budapest<\/title>\n<meta name=\"description\" content=\"Mer\u00fclj el a budapesti metr\u00f3rendszer rejtett gy\u00f6ngyszemei \u200b\u200bk\u00f6z\u00f6tt, kiemelve n\u00e9h\u00e1ny leny\u0171g\u00f6z\u0151 metr\u00f3meg\u00e1ll\u00f3t, amelyeket \u00e9rdemes megl\u00e1togatni.\" \/>\n<meta name=\"robots\" content=\"index, follow, max-snippet:-1, max-image-preview:large, max-video-preview:-1\" \/>\n<link rel=\"canonical\" href=\"https:\/\/www.todobudapest.com\/discover-budapests-metro-system-and-its-hidden-gems-below-the-surface\/\" \/>\n<meta property=\"og:locale\" content=\"hu_HU\" \/>\n<meta property=\"og:type\" content=\"article\" \/>\n<meta property=\"og:title\" content=\"Fedezd fel Budapest metr\u00f3rendszer\u00e9t \u00e9s rejtett gy\u00f6ngyszemeit a felsz\u00edn alatt - To Do Budapest\" \/>\n<meta property=\"og:description\" content=\"Mer\u00fclj el a budapesti metr\u00f3rendszer rejtett gy\u00f6ngyszemei \u200b\u200bk\u00f6z\u00f6tt, kiemelve n\u00e9h\u00e1ny leny\u0171g\u00f6z\u0151 metr\u00f3meg\u00e1ll\u00f3t, amelyeket \u00e9rdemes megl\u00e1togatni.\" \/>\n<meta property=\"og:url\" content=\"https:\/\/www.todobudapest.com\/discover-budapests-metro-system-and-its-hidden-gems-below-the-surface\/\" \/>\n<meta property=\"og:site_name\" content=\"To Do Budapest\" \/>\n<meta property=\"article:published_time\" content=\"2024-09-22T14:24:19+00:00\" \/>\n<meta property=\"og:image\" content=\"https:\/\/www.todobudapest.com\/wp-content\/uploads\/2024\/09\/COVER-archdaily.jpg\" \/>\n\t<meta property=\"og:image:width\" content=\"2000\" \/>\n\t<meta property=\"og:image:height\" content=\"1333\" \/>\n\t<meta property=\"og:image:type\" content=\"image\/jpeg\" \/>\n<meta name=\"author\" content=\"todoadmin\" \/>\n<meta name=\"twitter:card\" content=\"summary_large_image\" \/>\n<meta name=\"twitter:label1\" content=\"Szerz\u0151:\" \/>\n\t<meta name=\"twitter:data1\" content=\"todoadmin\" \/>\n\t<meta name=\"twitter:label2\" content=\"Becs\u00fclt olvas\u00e1si id\u0151\" \/>\n\t<meta name=\"twitter:data2\" content=\"6 perc\" \/>\n<script type=\"application\/ld+json\" class=\"yoast-schema-graph\">{\"@context\":\"https:\/\/schema.org\",\"@graph\":[{\"@type\":\"WebPage\",\"@id\":\"https:\/\/www.todobudapest.com\/discover-budapests-metro-system-and-its-hidden-gems-below-the-surface\/\",\"url\":\"https:\/\/www.todobudapest.com\/discover-budapests-metro-system-and-its-hidden-gems-below-the-surface\/\",\"name\":\"Fedezd fel Budapest metr\u00f3rendszer\u00e9t \u00e9s rejtett gy\u00f6ngyszemeit a felsz\u00edn alatt - To Do Budapest\",\"isPartOf\":{\"@id\":\"https:\/\/www.todobudapest.com\/#website\"},\"datePublished\":\"2024-09-22T14:24:19+00:00\",\"dateModified\":\"2024-09-22T14:24:19+00:00\",\"author\":{\"@id\":\"https:\/\/www.todobudapest.com\/#\/schema\/person\/de4e8287b713a319b6f46d729747d3eb\"},\"description\":\"Mer\u00fclj el a budapesti metr\u00f3rendszer rejtett gy\u00f6ngyszemei \u200b\u200bk\u00f6z\u00f6tt, kiemelve n\u00e9h\u00e1ny leny\u0171g\u00f6z\u0151 metr\u00f3meg\u00e1ll\u00f3t, amelyeket \u00e9rdemes megl\u00e1togatni.\",\"breadcrumb\":{\"@id\":\"https:\/\/www.todobudapest.com\/discover-budapests-metro-system-and-its-hidden-gems-below-the-surface\/#breadcrumb\"},\"inLanguage\":\"hu\",\"potentialAction\":[{\"@type\":\"ReadAction\",\"target\":[\"https:\/\/www.todobudapest.com\/discover-budapests-metro-system-and-its-hidden-gems-below-the-surface\/\"]}]},{\"@type\":\"BreadcrumbList\",\"@id\":\"https:\/\/www.todobudapest.com\/discover-budapests-metro-system-and-its-hidden-gems-below-the-surface\/#breadcrumb\",\"itemListElement\":[{\"@type\":\"ListItem\",\"position\":1,\"name\":\"Home\",\"item\":\"https:\/\/www.todobudapest.com\/hu\/\"},{\"@type\":\"ListItem\",\"position\":2,\"name\":\"Fedezd fel Budapest metr\u00f3rendszer\u00e9t \u00e9s rejtett gy\u00f6ngyszemeit a felsz\u00edn alatt\"}]},{\"@type\":\"WebSite\",\"@id\":\"https:\/\/www.todobudapest.com\/#website\",\"url\":\"https:\/\/www.todobudapest.com\/\",\"name\":\"To Do Budapest\",\"description\":\"\",\"potentialAction\":[{\"@type\":\"SearchAction\",\"target\":{\"@type\":\"EntryPoint\",\"urlTemplate\":\"https:\/\/www.todobudapest.com\/?s={search_term_string}\"},\"query-input\":\"required name=search_term_string\"}],\"inLanguage\":\"hu\"},{\"@type\":\"Person\",\"@id\":\"https:\/\/www.todobudapest.com\/#\/schema\/person\/de4e8287b713a319b6f46d729747d3eb\",\"name\":\"todoadmin\",\"image\":{\"@type\":\"ImageObject\",\"inLanguage\":\"hu\",\"@id\":\"https:\/\/www.todobudapest.com\/#\/schema\/person\/image\/\",\"url\":\"https:\/\/secure.gravatar.com\/avatar\/c7b35cdf2ecbcae38ae3cea42de138be68173a0ac75ca4799c2374ddcf1af4da?s=96&d=mm&r=g\",\"contentUrl\":\"https:\/\/secure.gravatar.com\/avatar\/c7b35cdf2ecbcae38ae3cea42de138be68173a0ac75ca4799c2374ddcf1af4da?s=96&d=mm&r=g\",\"caption\":\"todoadmin\"},\"sameAs\":[\"http:\/\/local.todobudapest.com\"],\"url\":\"https:\/\/www.todobudapest.com\/hu\/author\/todoadmin\/\"}]}<\/script>\n<!-- \/ Yoast SEO plugin. -->","yoast_head_json":{"title":"Fedezd fel Budapest metr\u00f3rendszer\u00e9t \u00e9s rejtett gy\u00f6ngyszemeit a felsz\u00edn alatt - To Do Budapest","description":"Mer\u00fclj el a budapesti metr\u00f3rendszer rejtett gy\u00f6ngyszemei \u200b\u200bk\u00f6z\u00f6tt, kiemelve n\u00e9h\u00e1ny leny\u0171g\u00f6z\u0151 metr\u00f3meg\u00e1ll\u00f3t, amelyeket \u00e9rdemes megl\u00e1togatni.","robots":{"index":"index","follow":"follow","max-snippet":"max-snippet:-1","max-image-preview":"max-image-preview:large","max-video-preview":"max-video-preview:-1"},"canonical":"https:\/\/www.todobudapest.com\/discover-budapests-metro-system-and-its-hidden-gems-below-the-surface\/","og_locale":"hu_HU","og_type":"article","og_title":"Fedezd fel Budapest metr\u00f3rendszer\u00e9t \u00e9s rejtett gy\u00f6ngyszemeit a felsz\u00edn alatt - To Do Budapest","og_description":"Mer\u00fclj el a budapesti metr\u00f3rendszer rejtett gy\u00f6ngyszemei \u200b\u200bk\u00f6z\u00f6tt, kiemelve n\u00e9h\u00e1ny leny\u0171g\u00f6z\u0151 metr\u00f3meg\u00e1ll\u00f3t, amelyeket \u00e9rdemes megl\u00e1togatni.","og_url":"https:\/\/www.todobudapest.com\/discover-budapests-metro-system-and-its-hidden-gems-below-the-surface\/","og_site_name":"To Do Budapest","article_published_time":"2024-09-22T14:24:19+00:00","og_image":[{"width":2000,"height":1333,"url":"https:\/\/www.todobudapest.com\/wp-content\/uploads\/2024\/09\/COVER-archdaily.jpg","type":"image\/jpeg"}],"author":"todoadmin","twitter_card":"summary_large_image","twitter_misc":{"Szerz\u0151:":"todoadmin","Becs\u00fclt olvas\u00e1si id\u0151":"6 perc"},"schema":{"@context":"https:\/\/schema.org","@graph":[{"@type":"WebPage","@id":"https:\/\/www.todobudapest.com\/discover-budapests-metro-system-and-its-hidden-gems-below-the-surface\/","url":"https:\/\/www.todobudapest.com\/discover-budapests-metro-system-and-its-hidden-gems-below-the-surface\/","name":"Fedezd fel Budapest metr\u00f3rendszer\u00e9t \u00e9s rejtett gy\u00f6ngyszemeit a felsz\u00edn alatt - To Do Budapest","isPartOf":{"@id":"https:\/\/www.todobudapest.com\/#website"},"datePublished":"2024-09-22T14:24:19+00:00","dateModified":"2024-09-22T14:24:19+00:00","author":{"@id":"https:\/\/www.todobudapest.com\/#\/schema\/person\/de4e8287b713a319b6f46d729747d3eb"},"description":"Mer\u00fclj el a budapesti metr\u00f3rendszer rejtett gy\u00f6ngyszemei \u200b\u200bk\u00f6z\u00f6tt, kiemelve n\u00e9h\u00e1ny leny\u0171g\u00f6z\u0151 metr\u00f3meg\u00e1ll\u00f3t, amelyeket \u00e9rdemes megl\u00e1togatni.","breadcrumb":{"@id":"https:\/\/www.todobudapest.com\/discover-budapests-metro-system-and-its-hidden-gems-below-the-surface\/#breadcrumb"},"inLanguage":"hu","potentialAction":[{"@type":"ReadAction","target":["https:\/\/www.todobudapest.com\/discover-budapests-metro-system-and-its-hidden-gems-below-the-surface\/"]}]},{"@type":"BreadcrumbList","@id":"https:\/\/www.todobudapest.com\/discover-budapests-metro-system-and-its-hidden-gems-below-the-surface\/#breadcrumb","itemListElement":[{"@type":"ListItem","position":1,"name":"Home","item":"https:\/\/www.todobudapest.com\/hu\/"},{"@type":"ListItem","position":2,"name":"Fedezd fel Budapest metr\u00f3rendszer\u00e9t \u00e9s rejtett gy\u00f6ngyszemeit a felsz\u00edn alatt"}]},{"@type":"WebSite","@id":"https:\/\/www.todobudapest.com\/#website","url":"https:\/\/www.todobudapest.com\/","name":"To Do Budapest","description":"","potentialAction":[{"@type":"SearchAction","target":{"@type":"EntryPoint","urlTemplate":"https:\/\/www.todobudapest.com\/?s={search_term_string}"},"query-input":"required name=search_term_string"}],"inLanguage":"hu"},{"@type":"Person","@id":"https:\/\/www.todobudapest.com\/#\/schema\/person\/de4e8287b713a319b6f46d729747d3eb","name":"todoadmin","image":{"@type":"ImageObject","inLanguage":"hu","@id":"https:\/\/www.todobudapest.com\/#\/schema\/person\/image\/","url":"https:\/\/secure.gravatar.com\/avatar\/c7b35cdf2ecbcae38ae3cea42de138be68173a0ac75ca4799c2374ddcf1af4da?s=96&d=mm&r=g","contentUrl":"https:\/\/secure.gravatar.com\/avatar\/c7b35cdf2ecbcae38ae3cea42de138be68173a0ac75ca4799c2374ddcf1af4da?s=96&d=mm&r=g","caption":"todoadmin"},"sameAs":["http:\/\/local.todobudapest.com"],"url":"https:\/\/www.todobudapest.com\/hu\/author\/todoadmin\/"}]}},"_links":{"self":[{"href":"https:\/\/www.todobudapest.com\/hu\/wp-json\/wp\/v2\/posts\/2517","targetHints":{"allow":["GET"]}}],"collection":[{"href":"https:\/\/www.todobudapest.com\/hu\/wp-json\/wp\/v2\/posts"}],"about":[{"href":"https:\/\/www.todobudapest.com\/hu\/wp-json\/wp\/v2\/types\/post"}],"author":[{"embeddable":true,"href":"https:\/\/www.todobudapest.com\/hu\/wp-json\/wp\/v2\/users\/1"}],"replies":[{"embeddable":true,"href":"https:\/\/www.todobudapest.com\/hu\/wp-json\/wp\/v2\/comments?post=2517"}],"version-history":[{"count":0,"href":"https:\/\/www.todobudapest.com\/hu\/wp-json\/wp\/v2\/posts\/2517\/revisions"}],"wp:featuredmedia":[{"embeddable":true,"href":"https:\/\/www.todobudapest.com\/hu\/wp-json\/wp\/v2\/media\/2515"}],"wp:attachment":[{"href":"https:\/\/www.todobudapest.com\/hu\/wp-json\/wp\/v2\/media?parent=2517"}],"wp:term":[{"taxonomy":"category","embeddable":true,"href":"https:\/\/www.todobudapest.com\/hu\/wp-json\/wp\/v2\/categories?post=2517"},{"taxonomy":"post_tag","embeddable":true,"href":"https:\/\/www.todobudapest.com\/hu\/wp-json\/wp\/v2\/tags?post=2517"}],"curies":[{"name":"wp","href":"https:\/\/api.w.org\/{rel}","templated":true}]}}