{"id":2497,"date":"2024-09-22T16:07:29","date_gmt":"2024-09-22T14:07:29","guid":{"rendered":"https:\/\/www.todobudapest.com\/matyas-templom-budapest\/"},"modified":"2024-09-22T16:12:11","modified_gmt":"2024-09-22T14:12:11","slug":"matyas-templom-budapest","status":"publish","type":"post","link":"https:\/\/www.todobudapest.com\/hu\/matyas-templom-budapest\/","title":{"rendered":"M\u00e1ty\u00e1s templom, Budapest"},"content":{"rendered":"<p><span style=\"font-weight: 400;\">Budapest leny\u0171g\u00f6z\u0151 Budai V\u00e1rnegyedj\u00e9ben tal\u00e1lhat\u00f3 a M\u00e1ty\u00e1s templom, amely \u00e9p\u00edt\u00e9szeti csoda, \u00e9vsz\u00e1zadok t\u00f6rt\u00e9nelm\u00e9t, kitart\u00e1s\u00e1t \u00e9s lelki jelent\u0151s\u00e9g\u00e9t fonja \u00f6ssze. Ez az blogposzt nem csak egy templom t\u00f6rt\u00e9net\u00e9t bontja ki, hanem sz\u00e9lesebb t\u00f6rt\u00e9nelmi kontextust is mag\u00e1ban foglal, ahol a politikai hatalmak \u00e9s vall\u00e1si \u00e1tmenetek alak\u00edtott\u00e1k ennek a rendk\u00edv\u00fcli szerkezetnek a sors\u00e1t.<\/span><\/p>\n<p><img decoding=\"async\" class=\"alignnone size-full wp-image-2475\" src=\"https:\/\/www.todobudapest.com\/wp-content\/uploads\/2024\/09\/westend61.jpg\" alt=\"\" width=\"1024\" height=\"700\" srcset=\"https:\/\/www.todobudapest.com\/wp-content\/uploads\/2024\/09\/westend61.jpg 1024w, https:\/\/www.todobudapest.com\/wp-content\/uploads\/2024\/09\/westend61-300x205.jpg 300w, https:\/\/www.todobudapest.com\/wp-content\/uploads\/2024\/09\/westend61-768x525.jpg 768w, https:\/\/www.todobudapest.com\/wp-content\/uploads\/2024\/09\/westend61-600x410.jpg 600w\" sizes=\"(max-width: 1024px) 100vw, 1024px\" \/><\/p>\n<p>Fot\u00f3 &#8211; Westend61<\/p>\n<p><span style=\"font-weight: 400;\">Az eur\u00f3pai r\u00e9gi templomok meghat\u00f3 eml\u00e9keztet\u0151k egy m\u00falt id\u0151szakr\u00f3l, amikor a kereszt\u00e9nys\u00e9g uralta a politik\u00e1t. Azonban egyes orsz\u00e1gokban, mint p\u00e9ld\u00e1ul Magyarorsz\u00e1gon, a muzulm\u00e1n uralom is nyomokat hagyott az ilyen szent terekben. A M\u00e1ty\u00e1s templom, a &#8222;M\u00e1ria-templom&#8221; n\u00e9ven ismert, az t\u00f6rt\u00e9nelmi esem\u00e9nyek \u00e1ltal \u00e9rintett vall\u00e1si szent\u00e9lyek sz\u00edvbemarkol\u00f3 p\u00e9ld\u00e1ja.<\/span><\/p>\n<p><span style=\"font-weight: 400;\">Eredetileg a 11. sz\u00e1zadban \u00e9p\u00edtette Szent Istv\u00e1n, Magyarorsz\u00e1g kir\u00e1lya, az egyh\u00e1z eredeti szerkezet\u00e9b\u0151l semmi sem maradt, de vannak t\u00f6rt\u00e9nelmi feljegyz\u00e9sek a mongolok \u00e1ltali puszt\u00edt\u00e1s\u00e1r\u00f3l. A romokb\u00f3l egy \u00faj g\u00f3tikus templom emelkedett fel, amit B\u00e9la kir\u00e1ly kezdem\u00e9nyezett 1255-ben. Az egyh\u00e1z k\u00e9s\u0151bb fejl\u0151d\u00f6tt, belefoglalva egy termet, \u00e9s r\u00e9sze lett a leny\u0171g\u00f6z\u0151 Budai V\u00e1rnak.<\/span><\/p>\n<p><img decoding=\"async\" class=\"alignnone size-large wp-image-2477\" src=\"https:\/\/www.todobudapest.com\/wp-content\/uploads\/2024\/09\/things-Budapest-1024x683.jpg\" alt=\"\" width=\"1024\" height=\"683\" srcset=\"https:\/\/www.todobudapest.com\/wp-content\/uploads\/2024\/09\/things-Budapest-1024x683.jpg 1024w, https:\/\/www.todobudapest.com\/wp-content\/uploads\/2024\/09\/things-Budapest-300x200.jpg 300w, https:\/\/www.todobudapest.com\/wp-content\/uploads\/2024\/09\/things-Budapest-768x512.jpg 768w, https:\/\/www.todobudapest.com\/wp-content\/uploads\/2024\/09\/things-Budapest-1536x1024.jpg 1536w, https:\/\/www.todobudapest.com\/wp-content\/uploads\/2024\/09\/things-Budapest-600x400.jpg 600w, https:\/\/www.todobudapest.com\/wp-content\/uploads\/2024\/09\/things-Budapest.jpg 1900w\" sizes=\"(max-width: 1024px) 100vw, 1024px\" \/><\/p>\n<p>Fot\u00f3 &#8211; Things Budapest<\/p>\n<p><span style=\"font-weight: 400;\">A M\u00e1ty\u00e1s templom b\u00e9k\u00e9je sajnos nem maradt meg hossz\u00fa ideig: az oszm\u00e1n t\u00f6r\u00f6k\u00f6k elfoglalt\u00e1k Magyarorsz\u00e1got 1544-ben. A h\u00fasz\u00e9ves h\u00e1bor\u00fa alatt, amely ehhez az esem\u00e9nyhez vezetett, a templom jelent\u0151s k\u00e1rokat szenvedett, elvesz\u00edtve eredeti k\u00f6z\u00e9pkori tet\u0151szerkezet\u00e9t. Hozz\u00e1j\u00e1rulva a bajokhoz, a t\u00f6r\u00f6k\u00f6k mecsett\u00e9 alak\u00edtott\u00e1k \u00e9s megszents\u00e9gtelen\u00edtett\u00e9k a templomot. Azonban ez nem volt a t\u00f6rt\u00e9net v\u00e9ge: a helybeliek egy Sz\u0171z M\u00e1ria szobrot rejtettek el a templom szent\u00e9ly\u00e9ben. Az eur\u00f3paiak \u00fajra elfoglal\u00e1sakor a t\u00f6r\u00f6k\u00f6k \u00e9pp p\u00e9nteki im\u00e1ds\u00e1gok k\u00f6zben voltak. Az egyik \u00e9p\u00fcletben bek\u00f6vetkezett robban\u00e1s megrengette a falakat, felfedve a rejtett szobrot. A r\u00e9m\u00fclt t\u00f6r\u00f6k\u00f6k \u00e1ll\u00edt\u00f3lag elfutottak az \u00e9p\u00fcletb\u0151l.<\/span><\/p>\n<p><span style=\"font-weight: 400;\">A felszabadult Magyarorsz\u00e1gon a M\u00e1ty\u00e1s templom visszat\u00e9rt eredeti rendeltet\u00e9s\u00e9hez. A templomot a ferences \u00e9s jezsuita rendek k\u00f6z\u00f6tt tov\u00e1bbadt\u00e1k, akik \u00fajj\u00e1\u00e9p\u00edtett\u00e9k az olt\u00e1rt \u00e9s az ambon\u00e1t, valamint egyebeket a katolikus istentisztelethez. Az 1870-es \u00e9s 1890-es \u00e9vek k\u00f6z\u00f6tt az \u00e9p\u00fcletet helyre\u00e1ll\u00edtott\u00e1k, hogy visszaadhass\u00e1k az eredeti g\u00f3tikus alaprajzot, \u00e9s az 1900-as \u00e9vek elej\u00e9n egy orgon\u00e1t is hozz\u00e1adtak.<\/span><\/p>\n<p><img decoding=\"async\" class=\"alignnone size-large wp-image-2481\" src=\"https:\/\/www.todobudapest.com\/wp-content\/uploads\/2024\/09\/Kepernyokep-2024-09-22-160039-751x1024.jpg\" alt=\"\" width=\"751\" height=\"1024\" srcset=\"https:\/\/www.todobudapest.com\/wp-content\/uploads\/2024\/09\/Kepernyokep-2024-09-22-160039-751x1024.jpg 751w, https:\/\/www.todobudapest.com\/wp-content\/uploads\/2024\/09\/Kepernyokep-2024-09-22-160039-220x300.jpg 220w, https:\/\/www.todobudapest.com\/wp-content\/uploads\/2024\/09\/Kepernyokep-2024-09-22-160039-768x1047.jpg 768w, https:\/\/www.todobudapest.com\/wp-content\/uploads\/2024\/09\/Kepernyokep-2024-09-22-160039-600x818.jpg 600w, https:\/\/www.todobudapest.com\/wp-content\/uploads\/2024\/09\/Kepernyokep-2024-09-22-160039.jpg 898w\" sizes=\"(max-width: 751px) 100vw, 751px\" \/><\/p>\n<p>Fot\u00f3 &#8211; Radio Free Europe<\/p>\n<p><span style=\"font-weight: 400;\">B\u00e1r az eredeti szerkezetet lebontott\u00e1k, a M\u00e1ty\u00e1s templom egy olyan \u00e9kszer, amely a kereszt\u00e9nys\u00e9g gy\u0151zelm\u00e9t mutatja be. Legal\u00e1bb k\u00e9tszer \u00fajj\u00e1\u00e9p\u00fclt, \u00e9s \u00e1tesett kiterjedt renov\u00e1ci\u00f3kon. \u00c9rdekess\u00e9g, hogy az oszm\u00e1n uralom alatti h\u00e1bor\u00fa sor\u00e1n megsemmis\u00fclt tet\u0151t a renesz\u00e1nszra jellemz\u0151 \u00e9l\u00e9nk sz\u00edn\u0171 csemp\u00e9kkel \u00e9p\u00edtett\u00e9k \u00fajj\u00e1. Ez ellent\u00e9tben \u00e1ll a hagyom\u00e1nyos k\u00f6z\u00e9pkori fa tet\u0151vel \u00e9s egyszer\u0171bb csemp\u00e9kkel. K\u00e9t torony is tal\u00e1lhat\u00f3: a B\u00e9la-torony, B\u00e9la kir\u00e1ly tisztelet\u00e9re, \u00e9s a M\u00e1ty\u00e1s-torony, M\u00e1ty\u00e1s kir\u00e1ly tisztelet\u00e9re. Ut\u00f3bbi toronyban tal\u00e1lhat\u00f3ak a katedr\u00e1lis harangjai.<\/span><\/p>\n<p><img decoding=\"async\" class=\"alignnone size-large wp-image-2488\" src=\"https:\/\/www.todobudapest.com\/wp-content\/uploads\/2024\/09\/KleesButterfly-1-1024x768.jpg\" alt=\"\" width=\"1024\" height=\"768\" srcset=\"https:\/\/www.todobudapest.com\/wp-content\/uploads\/2024\/09\/KleesButterfly-1-1024x768.jpg 1024w, https:\/\/www.todobudapest.com\/wp-content\/uploads\/2024\/09\/KleesButterfly-1-300x225.jpg 300w, https:\/\/www.todobudapest.com\/wp-content\/uploads\/2024\/09\/KleesButterfly-1-768x576.jpg 768w, https:\/\/www.todobudapest.com\/wp-content\/uploads\/2024\/09\/KleesButterfly-1-1536x1152.jpg 1536w, https:\/\/www.todobudapest.com\/wp-content\/uploads\/2024\/09\/KleesButterfly-1-2048x1536.jpg 2048w, https:\/\/www.todobudapest.com\/wp-content\/uploads\/2024\/09\/KleesButterfly-1-600x450.jpg 600w\" sizes=\"(max-width: 1024px) 100vw, 1024px\" \/><\/p>\n<p>Fot\u00f3 &#8211; KleesButterfly<\/p>\n<p><span style=\"font-weight: 400;\">Sajn\u00e1latos m\u00f3don az oszm\u00e1n \u00e1talak\u00edt\u00e1s egyik \u00e1ldozata a M\u00e1ty\u00e1s templom gy\u00f6ny\u00f6r\u0171 fresk\u00f3inak elveszt\u00e9se volt. Azonban a modern strukt\u00fara olyan \u00f6tv\u00f6zete az oszm\u00e1n \u00e9s eur\u00f3pai d\u00edsz\u00edt\u0151 st\u00edlusoknak, amely mag\u00e1ban foglalja a nem figurat\u00edv d\u00edszfest\u00e9seket a mennyezeten. A sz\u00ednes \u00fcvegablakok id\u0151t\u00e1ll\u00f3 b\u00e1jt k\u00f6lcs\u00f6n\u00f6znek ennek a sokat \u00e1t\u00e9lt templomnak.<\/span><\/p>\n<p><img decoding=\"async\" class=\"alignnone size-large wp-image-2490\" src=\"https:\/\/www.todobudapest.com\/wp-content\/uploads\/2024\/09\/travel-past-50-1024x684.jpg\" alt=\"\" width=\"1024\" height=\"684\" srcset=\"https:\/\/www.todobudapest.com\/wp-content\/uploads\/2024\/09\/travel-past-50-1024x684.jpg 1024w, https:\/\/www.todobudapest.com\/wp-content\/uploads\/2024\/09\/travel-past-50-300x200.jpg 300w, https:\/\/www.todobudapest.com\/wp-content\/uploads\/2024\/09\/travel-past-50-768x513.jpg 768w, https:\/\/www.todobudapest.com\/wp-content\/uploads\/2024\/09\/travel-past-50-600x401.jpg 600w, https:\/\/www.todobudapest.com\/wp-content\/uploads\/2024\/09\/travel-past-50.jpg 1200w\" sizes=\"(max-width: 1024px) 100vw, 1024px\" \/><\/p>\n<p>Fot\u00f3 &#8211; Travel Past 50<\/p>\n<p><span style=\"font-weight: 400;\">A magyar monarchia helyre\u00e1ll\u00edt\u00e1sa ut\u00e1n a M\u00e1ty\u00e1s templom sok kir\u00e1lyi esk\u00fcv\u0151 \u00e9s temet\u00e9s helysz\u00edn\u00e9v\u00e9 v\u00e1lt. Az utols\u00f3 k\u00e9t magyar kir\u00e1lyt is itt koron\u00e1zt\u00e1k meg. Ennek kir\u00e1lyi kapcsolatai miatt a templomban tal\u00e1lhat\u00f3 egy koron\u00e1z\u00e1si jelv\u00e9ny replik\u00e1ja, \u00e9s t\u00f6bb kir\u00e1ly \u00e9s kir\u00e1lyn\u0151 nyugszik a kript\u00e1ban. Van egy szakr\u00e1lis m\u0171v\u00e9szeti m\u00fazeum is, valamint egy M\u00e1ltai Lovagok k\u00e1poln\u00e1ja. Ebben a k\u00e1poln\u00e1ban elhunyt magyar lelk\u00e9szek c\u00edmerei l\u00f3gnak. Minden \u00e9vben Mindenszentek napj\u00e1n k\u00fcl\u00f6nleges cerem\u00f3nia tiszteleg vel\u00fck, \u00e9s megfelel\u0151 alkalmakor \u00faj pajzsokat adnak hozz\u00e1 a gy\u0171jtem\u00e9nyhez. Ez egy nagyszer\u0171 kieg\u00e9sz\u00edt\u00e9se annak a templomnak, amely sok mindenen \u00e1tesett!<\/span><\/p>\n<p><img decoding=\"async\" class=\"alignnone size-full wp-image-2492\" src=\"https:\/\/www.todobudapest.com\/wp-content\/uploads\/2024\/09\/Things-Budapest-2.jpg\" alt=\"\" width=\"1024\" height=\"683\" srcset=\"https:\/\/www.todobudapest.com\/wp-content\/uploads\/2024\/09\/Things-Budapest-2.jpg 1024w, https:\/\/www.todobudapest.com\/wp-content\/uploads\/2024\/09\/Things-Budapest-2-300x200.jpg 300w, https:\/\/www.todobudapest.com\/wp-content\/uploads\/2024\/09\/Things-Budapest-2-768x512.jpg 768w, https:\/\/www.todobudapest.com\/wp-content\/uploads\/2024\/09\/Things-Budapest-2-600x400.jpg 600w\" sizes=\"(max-width: 1024px) 100vw, 1024px\" \/><\/p>\n<p>Fot\u00f3 &#8211; Things Budapest<\/p>\n<p><span style=\"font-weight: 400;\">A budapesti t\u00f6rt\u00e9nelmi Budai V\u00e1rnegyed sz\u00edv\u00e9t \u00f6lel\u0151 M\u00e1ty\u00e1s-templom nem csup\u00e1n vall\u00e1si \u00e9p\u00edtm\u00e9nyk\u00e9nt jelenik meg, hanem Magyarorsz\u00e1g viharos m\u00faltj\u00e1nak \u00e9l\u0151 kr\u00f3nik\u00e1jak\u00e9nt. Az \u00e9p\u00edt\u00e9szeti \u00e1llhatatoss\u00e1ga, lelki jelent\u0151s\u00e9ge \u00e9s szerepe a kir\u00e1lyi cerem\u00f3ni\u00e1kban kultur\u00e1lis kincs\u00e9 teszi, egy id\u0151tlen hit \u00e9s a neh\u00e9zs\u00e9gek legy\u0151z\u00e9s\u00e9nek szimb\u00f3lum\u00e1v\u00e1. A M\u00e1ty\u00e1s-templom narancss\u00e1rga tet\u0151i tov\u00e1bbra is b\u00fcszk\u00e9n magasodnak, Magyarorsz\u00e1g f\u0151v\u00e1ros\u00e1ban, egy meghat\u00f3 jelk\u00e9pk\u00e9nt, amely a l\u00e1togat\u00f3kat arra h\u00edvja, hogy mer\u00fcljenek el a t\u00f6rt\u00e9nelem gazdag sz\u00f6vet\u00e9ben.<\/span><\/p>\n","protected":false},"excerpt":{"rendered":"<p>Budapest leny\u0171g\u00f6z\u0151 Budai V\u00e1rnegyedj\u00e9ben tal\u00e1lhat\u00f3 a M\u00e1ty\u00e1s templom, amely \u00e9p\u00edt\u00e9szeti csoda, \u00e9vsz\u00e1zadok t\u00f6rt\u00e9nelm\u00e9t, kitart\u00e1s\u00e1t \u00e9s lelki jelent\u0151s\u00e9g\u00e9t fonja \u00f6ssze. Ez az blogposzt nem csak egy templom t\u00f6rt\u00e9net\u00e9t bontja ki, hanem sz\u00e9lesebb t\u00f6rt\u00e9nelmi kontextust is mag\u00e1ban foglal, ahol a politikai hatalmak \u00e9s vall\u00e1si \u00e1tmenetek alak\u00edtott\u00e1k ennek a rendk\u00edv\u00fcli szerkezetnek a sors\u00e1t. Fot\u00f3 &#8211; Westend61 Az eur\u00f3pai [&hellip;]<\/p>\n","protected":false},"author":1,"featured_media":2495,"comment_status":"closed","ping_status":"closed","sticky":false,"template":"","format":"standard","meta":{"footnotes":""},"categories":[16],"tags":[],"class_list":["post-2497","post","type-post","status-publish","format-standard","has-post-thumbnail","hentry","category-uncategorized-hu"],"acf":[],"yoast_head":"<!-- This site is optimized with the Yoast SEO plugin v20.3 - https:\/\/yoast.com\/wordpress\/plugins\/seo\/ -->\n<title>M\u00e1ty\u00e1s templom, Budapest - To Do Budapest<\/title>\n<meta name=\"description\" content=\"Budapest leny\u0171g\u00f6z\u0151 Budai V\u00e1rnegyedj\u00e9ben tal\u00e1lhat\u00f3 a M\u00e1ty\u00e1s templom, amely \u00e9p\u00edt\u00e9szeti csoda, \u00e9vsz\u00e1zadok t\u00f6rt\u00e9nelm\u00e9t, kitart\u00e1s\u00e1t \u00e9s lelki jelent\u0151s\u00e9g\u00e9t fonja \u00f6ssze.\" \/>\n<meta name=\"robots\" content=\"index, follow, max-snippet:-1, max-image-preview:large, max-video-preview:-1\" \/>\n<link rel=\"canonical\" href=\"https:\/\/www.todobudapest.com\/matthias-church-budapest\/\" \/>\n<meta property=\"og:locale\" content=\"hu_HU\" \/>\n<meta property=\"og:type\" content=\"article\" \/>\n<meta property=\"og:title\" content=\"M\u00e1ty\u00e1s templom, Budapest - To Do Budapest\" \/>\n<meta property=\"og:description\" content=\"Budapest leny\u0171g\u00f6z\u0151 Budai V\u00e1rnegyedj\u00e9ben tal\u00e1lhat\u00f3 a M\u00e1ty\u00e1s templom, amely \u00e9p\u00edt\u00e9szeti csoda, \u00e9vsz\u00e1zadok t\u00f6rt\u00e9nelm\u00e9t, kitart\u00e1s\u00e1t \u00e9s lelki jelent\u0151s\u00e9g\u00e9t fonja \u00f6ssze.\" \/>\n<meta property=\"og:url\" content=\"https:\/\/www.todobudapest.com\/matthias-church-budapest\/\" \/>\n<meta property=\"og:site_name\" content=\"To Do Budapest\" \/>\n<meta property=\"article:published_time\" content=\"2024-09-22T14:07:29+00:00\" \/>\n<meta property=\"article:modified_time\" content=\"2024-09-22T14:12:11+00:00\" \/>\n<meta property=\"og:image\" content=\"https:\/\/www.todobudapest.com\/wp-content\/uploads\/2024\/09\/COVER-Budapest-Concert.jpg\" \/>\n\t<meta property=\"og:image:width\" content=\"640\" \/>\n\t<meta property=\"og:image:height\" content=\"427\" \/>\n\t<meta property=\"og:image:type\" content=\"image\/jpeg\" \/>\n<meta name=\"author\" content=\"todoadmin\" \/>\n<meta name=\"twitter:card\" content=\"summary_large_image\" \/>\n<meta name=\"twitter:label1\" content=\"Szerz\u0151:\" \/>\n\t<meta name=\"twitter:data1\" content=\"todoadmin\" \/>\n\t<meta name=\"twitter:label2\" content=\"Becs\u00fclt olvas\u00e1si id\u0151\" \/>\n\t<meta name=\"twitter:data2\" content=\"5 perc\" \/>\n<script type=\"application\/ld+json\" class=\"yoast-schema-graph\">{\"@context\":\"https:\/\/schema.org\",\"@graph\":[{\"@type\":\"WebPage\",\"@id\":\"https:\/\/www.todobudapest.com\/matthias-church-budapest\/\",\"url\":\"https:\/\/www.todobudapest.com\/matthias-church-budapest\/\",\"name\":\"M\u00e1ty\u00e1s templom, Budapest - To Do Budapest\",\"isPartOf\":{\"@id\":\"https:\/\/www.todobudapest.com\/#website\"},\"datePublished\":\"2024-09-22T14:07:29+00:00\",\"dateModified\":\"2024-09-22T14:12:11+00:00\",\"author\":{\"@id\":\"https:\/\/www.todobudapest.com\/#\/schema\/person\/de4e8287b713a319b6f46d729747d3eb\"},\"description\":\"Budapest leny\u0171g\u00f6z\u0151 Budai V\u00e1rnegyedj\u00e9ben tal\u00e1lhat\u00f3 a M\u00e1ty\u00e1s templom, amely \u00e9p\u00edt\u00e9szeti csoda, \u00e9vsz\u00e1zadok t\u00f6rt\u00e9nelm\u00e9t, kitart\u00e1s\u00e1t \u00e9s lelki jelent\u0151s\u00e9g\u00e9t fonja \u00f6ssze.\",\"breadcrumb\":{\"@id\":\"https:\/\/www.todobudapest.com\/matthias-church-budapest\/#breadcrumb\"},\"inLanguage\":\"hu\",\"potentialAction\":[{\"@type\":\"ReadAction\",\"target\":[\"https:\/\/www.todobudapest.com\/matthias-church-budapest\/\"]}]},{\"@type\":\"BreadcrumbList\",\"@id\":\"https:\/\/www.todobudapest.com\/matthias-church-budapest\/#breadcrumb\",\"itemListElement\":[{\"@type\":\"ListItem\",\"position\":1,\"name\":\"Home\",\"item\":\"https:\/\/www.todobudapest.com\/hu\/\"},{\"@type\":\"ListItem\",\"position\":2,\"name\":\"M\u00e1ty\u00e1s templom, Budapest\"}]},{\"@type\":\"WebSite\",\"@id\":\"https:\/\/www.todobudapest.com\/#website\",\"url\":\"https:\/\/www.todobudapest.com\/\",\"name\":\"To Do Budapest\",\"description\":\"\",\"potentialAction\":[{\"@type\":\"SearchAction\",\"target\":{\"@type\":\"EntryPoint\",\"urlTemplate\":\"https:\/\/www.todobudapest.com\/?s={search_term_string}\"},\"query-input\":\"required name=search_term_string\"}],\"inLanguage\":\"hu\"},{\"@type\":\"Person\",\"@id\":\"https:\/\/www.todobudapest.com\/#\/schema\/person\/de4e8287b713a319b6f46d729747d3eb\",\"name\":\"todoadmin\",\"image\":{\"@type\":\"ImageObject\",\"inLanguage\":\"hu\",\"@id\":\"https:\/\/www.todobudapest.com\/#\/schema\/person\/image\/\",\"url\":\"https:\/\/secure.gravatar.com\/avatar\/c7b35cdf2ecbcae38ae3cea42de138be68173a0ac75ca4799c2374ddcf1af4da?s=96&d=mm&r=g\",\"contentUrl\":\"https:\/\/secure.gravatar.com\/avatar\/c7b35cdf2ecbcae38ae3cea42de138be68173a0ac75ca4799c2374ddcf1af4da?s=96&d=mm&r=g\",\"caption\":\"todoadmin\"},\"sameAs\":[\"http:\/\/local.todobudapest.com\"],\"url\":\"https:\/\/www.todobudapest.com\/hu\/author\/todoadmin\/\"}]}<\/script>\n<!-- \/ Yoast SEO plugin. -->","yoast_head_json":{"title":"M\u00e1ty\u00e1s templom, Budapest - To Do Budapest","description":"Budapest leny\u0171g\u00f6z\u0151 Budai V\u00e1rnegyedj\u00e9ben tal\u00e1lhat\u00f3 a M\u00e1ty\u00e1s templom, amely \u00e9p\u00edt\u00e9szeti csoda, \u00e9vsz\u00e1zadok t\u00f6rt\u00e9nelm\u00e9t, kitart\u00e1s\u00e1t \u00e9s lelki jelent\u0151s\u00e9g\u00e9t fonja \u00f6ssze.","robots":{"index":"index","follow":"follow","max-snippet":"max-snippet:-1","max-image-preview":"max-image-preview:large","max-video-preview":"max-video-preview:-1"},"canonical":"https:\/\/www.todobudapest.com\/matthias-church-budapest\/","og_locale":"hu_HU","og_type":"article","og_title":"M\u00e1ty\u00e1s templom, Budapest - To Do Budapest","og_description":"Budapest leny\u0171g\u00f6z\u0151 Budai V\u00e1rnegyedj\u00e9ben tal\u00e1lhat\u00f3 a M\u00e1ty\u00e1s templom, amely \u00e9p\u00edt\u00e9szeti csoda, \u00e9vsz\u00e1zadok t\u00f6rt\u00e9nelm\u00e9t, kitart\u00e1s\u00e1t \u00e9s lelki jelent\u0151s\u00e9g\u00e9t fonja \u00f6ssze.","og_url":"https:\/\/www.todobudapest.com\/matthias-church-budapest\/","og_site_name":"To Do Budapest","article_published_time":"2024-09-22T14:07:29+00:00","article_modified_time":"2024-09-22T14:12:11+00:00","og_image":[{"width":640,"height":427,"url":"https:\/\/www.todobudapest.com\/wp-content\/uploads\/2024\/09\/COVER-Budapest-Concert.jpg","type":"image\/jpeg"}],"author":"todoadmin","twitter_card":"summary_large_image","twitter_misc":{"Szerz\u0151:":"todoadmin","Becs\u00fclt olvas\u00e1si id\u0151":"5 perc"},"schema":{"@context":"https:\/\/schema.org","@graph":[{"@type":"WebPage","@id":"https:\/\/www.todobudapest.com\/matthias-church-budapest\/","url":"https:\/\/www.todobudapest.com\/matthias-church-budapest\/","name":"M\u00e1ty\u00e1s templom, Budapest - To Do Budapest","isPartOf":{"@id":"https:\/\/www.todobudapest.com\/#website"},"datePublished":"2024-09-22T14:07:29+00:00","dateModified":"2024-09-22T14:12:11+00:00","author":{"@id":"https:\/\/www.todobudapest.com\/#\/schema\/person\/de4e8287b713a319b6f46d729747d3eb"},"description":"Budapest leny\u0171g\u00f6z\u0151 Budai V\u00e1rnegyedj\u00e9ben tal\u00e1lhat\u00f3 a M\u00e1ty\u00e1s templom, amely \u00e9p\u00edt\u00e9szeti csoda, \u00e9vsz\u00e1zadok t\u00f6rt\u00e9nelm\u00e9t, kitart\u00e1s\u00e1t \u00e9s lelki jelent\u0151s\u00e9g\u00e9t fonja \u00f6ssze.","breadcrumb":{"@id":"https:\/\/www.todobudapest.com\/matthias-church-budapest\/#breadcrumb"},"inLanguage":"hu","potentialAction":[{"@type":"ReadAction","target":["https:\/\/www.todobudapest.com\/matthias-church-budapest\/"]}]},{"@type":"BreadcrumbList","@id":"https:\/\/www.todobudapest.com\/matthias-church-budapest\/#breadcrumb","itemListElement":[{"@type":"ListItem","position":1,"name":"Home","item":"https:\/\/www.todobudapest.com\/hu\/"},{"@type":"ListItem","position":2,"name":"M\u00e1ty\u00e1s templom, Budapest"}]},{"@type":"WebSite","@id":"https:\/\/www.todobudapest.com\/#website","url":"https:\/\/www.todobudapest.com\/","name":"To Do Budapest","description":"","potentialAction":[{"@type":"SearchAction","target":{"@type":"EntryPoint","urlTemplate":"https:\/\/www.todobudapest.com\/?s={search_term_string}"},"query-input":"required name=search_term_string"}],"inLanguage":"hu"},{"@type":"Person","@id":"https:\/\/www.todobudapest.com\/#\/schema\/person\/de4e8287b713a319b6f46d729747d3eb","name":"todoadmin","image":{"@type":"ImageObject","inLanguage":"hu","@id":"https:\/\/www.todobudapest.com\/#\/schema\/person\/image\/","url":"https:\/\/secure.gravatar.com\/avatar\/c7b35cdf2ecbcae38ae3cea42de138be68173a0ac75ca4799c2374ddcf1af4da?s=96&d=mm&r=g","contentUrl":"https:\/\/secure.gravatar.com\/avatar\/c7b35cdf2ecbcae38ae3cea42de138be68173a0ac75ca4799c2374ddcf1af4da?s=96&d=mm&r=g","caption":"todoadmin"},"sameAs":["http:\/\/local.todobudapest.com"],"url":"https:\/\/www.todobudapest.com\/hu\/author\/todoadmin\/"}]}},"_links":{"self":[{"href":"https:\/\/www.todobudapest.com\/hu\/wp-json\/wp\/v2\/posts\/2497","targetHints":{"allow":["GET"]}}],"collection":[{"href":"https:\/\/www.todobudapest.com\/hu\/wp-json\/wp\/v2\/posts"}],"about":[{"href":"https:\/\/www.todobudapest.com\/hu\/wp-json\/wp\/v2\/types\/post"}],"author":[{"embeddable":true,"href":"https:\/\/www.todobudapest.com\/hu\/wp-json\/wp\/v2\/users\/1"}],"replies":[{"embeddable":true,"href":"https:\/\/www.todobudapest.com\/hu\/wp-json\/wp\/v2\/comments?post=2497"}],"version-history":[{"count":1,"href":"https:\/\/www.todobudapest.com\/hu\/wp-json\/wp\/v2\/posts\/2497\/revisions"}],"predecessor-version":[{"id":2498,"href":"https:\/\/www.todobudapest.com\/hu\/wp-json\/wp\/v2\/posts\/2497\/revisions\/2498"}],"wp:featuredmedia":[{"embeddable":true,"href":"https:\/\/www.todobudapest.com\/hu\/wp-json\/wp\/v2\/media\/2495"}],"wp:attachment":[{"href":"https:\/\/www.todobudapest.com\/hu\/wp-json\/wp\/v2\/media?parent=2497"}],"wp:term":[{"taxonomy":"category","embeddable":true,"href":"https:\/\/www.todobudapest.com\/hu\/wp-json\/wp\/v2\/categories?post=2497"},{"taxonomy":"post_tag","embeddable":true,"href":"https:\/\/www.todobudapest.com\/hu\/wp-json\/wp\/v2\/tags?post=2497"}],"curies":[{"name":"wp","href":"https:\/\/api.w.org\/{rel}","templated":true}]}}