{"id":2377,"date":"2024-01-29T16:24:03","date_gmt":"2024-01-29T15:24:03","guid":{"rendered":"https:\/\/www.todobudapest.com\/buda-castle\/"},"modified":"2024-01-29T16:25:43","modified_gmt":"2024-01-29T15:25:43","slug":"budai-var","status":"publish","type":"post","link":"https:\/\/www.todobudapest.com\/hu\/budai-var\/","title":{"rendered":"Budai v\u00e1r"},"content":{"rendered":"<p><span style=\"font-weight: 400;\">Budai V\u00e1r \u2013 Budapest m\u00faltj\u00e1nak egyik \u00e9kk\u00f6ve<\/span><\/p>\n<p><span style=\"font-weight: 400;\">A budai dombok tetej\u00e9n, a Dun\u00e1ra n\u00e9z\u0151 Budai V\u00e1r megd\u00f6nthetetlen \u0151rszeme Budapest mes\u00e9s m\u00faltj\u00e1nak \u00e9s \u00e9p\u00edt\u00e9szeti nagyszer\u0171s\u00e9g\u00e9nek. Ez az ikonikus \u00e9p\u00edtm\u00e9ny, amelyet felv\u00e1ltva Budai V\u00e1rnak vagy Kir\u00e1lyi Palot\u00e1nak nevez\u00fcnk, mag\u00e1val ragad\u00f3 id\u0151utaz\u00e1sra cs\u00e1b\u00edtja az utaz\u00f3kat, gazdag t\u00f6rt\u00e9nelemmel, kult\u00far\u00e1val \u00e9s f\u00e9lelmetes kil\u00e1t\u00e1ssal kecsegtetve.<\/span><\/p>\n<p><img decoding=\"async\" class=\"alignnone size-large wp-image-2372\" src=\"https:\/\/www.todobudapest.com\/wp-content\/uploads\/2024\/01\/Offbeat-Budapest-1024x721.jpg\" alt=\"\" width=\"1024\" height=\"721\" srcset=\"https:\/\/www.todobudapest.com\/wp-content\/uploads\/2024\/01\/Offbeat-Budapest-1024x721.jpg 1024w, https:\/\/www.todobudapest.com\/wp-content\/uploads\/2024\/01\/Offbeat-Budapest-300x211.jpg 300w, https:\/\/www.todobudapest.com\/wp-content\/uploads\/2024\/01\/Offbeat-Budapest-768x541.jpg 768w, https:\/\/www.todobudapest.com\/wp-content\/uploads\/2024\/01\/Offbeat-Budapest-600x423.jpg 600w, https:\/\/www.todobudapest.com\/wp-content\/uploads\/2024\/01\/Offbeat-Budapest.jpg 1042w\" sizes=\"(max-width: 1024px) 100vw, 1024px\" \/><\/p>\n<p><span style=\"font-weight: 400;\">source\u2013 Offbeat Budapest<\/span><\/p>\n<p><span style=\"font-weight: 400;\">A Budai V\u00e1r alapjai a 13. sz\u00e1zadra ny\u00falnak vissza, amikor egy nagy m\u00e9ret\u0171 v\u00e9delmi er\u0151d\u00edtm\u00e9nyk\u00e9nt \u00e9p\u00edtett\u00e9k meg. A palota az \u00e9vsz\u00e1zadok sor\u00e1n sz\u00e1mos v\u00e1ltoz\u00e1son ment kereszt\u00fcl, a birodalmak felemelked\u00e9s\u00e9nek \u00e9s buk\u00e1s\u00e1nak tan\u00faja volt, \u00e9s t\u00fckr\u00f6zi Budapest t\u00f6rt\u00e9nelmi vagyon\u00e1nak v\u00e1ltoz\u00e1s\u00e1t. A Budai V\u00e1r a k\u00f6z\u00e9pkori strat\u00e9giai er\u0151d\u00edtm\u00e9nyt\u0151l a pazar r\u00e9szletekkel d\u00edsz\u00edtett renesz\u00e1nsz palot\u00e1v\u00e1 alakul\u00e1s\u00e1ig a magyar f\u0151v\u00e1ros \u00e9p\u00edt\u00e9szeti gazdags\u00e1g\u00e1t \u00e9s ellen\u00e1ll\u00f3 k\u00e9pess\u00e9g\u00e9t foglalja mag\u00e1ban.<\/span><\/p>\n<p><span style=\"font-weight: 400;\">Ha teljes pomp\u00e1j\u00e1ban szeretn\u00e9 \u00e9lvezni a Budai V\u00e1rat, \u00e9rdemes l\u00e1togat\u00e1s\u00e1t a var\u00e1zslatos tavaszi vagy \u0151szi h\u00f3napokra tervezni. Ezek az \u00e9vszakok enyhe \u00e9ghajlatot \u00e9s a k\u00f6rny\u00e9k sz\u00ednpomp\u00e1s v\u00e1ltozatoss\u00e1g\u00e1t k\u00edn\u00e1lj\u00e1k. A palota k\u00f6nnyen megk\u00f6zel\u00edthet\u0151 k\u00fcl\u00f6nb\u00f6z\u0151 k\u00f6zleked\u00e9si eszk\u00f6z\u00f6kkel, a buszokt\u00f3l a t\u00f6rt\u00e9nelmi budav\u00e1ri sikl\u00f3ig, amelyek mind k\u00e9nyelmes \u00e9s fest\u0151i kil\u00e1t\u00e1st biztos\u00edtanak a felfele vezet\u0151 \u00faton. Alternat\u00edv megold\u00e1sk\u00e9nt az ikonikus L\u00e1nch\u00edd k\u00e9nyelmes s\u00e9t\u00e1ja, majd a V\u00e1rhegy fokozatos felfel\u00e9 vezet\u0151 \u00fatja is kiv\u00e1l\u00f3 lehet\u0151s\u00e9get k\u00edn\u00e1l a t\u00f6rt\u00e9nelmi csoda felfedez\u00e9s\u00e9hez.<\/span><\/p>\n<p><img decoding=\"async\" class=\"alignnone size-full wp-image-2364\" src=\"https:\/\/www.todobudapest.com\/wp-content\/uploads\/2024\/01\/barcelo.jpg\" alt=\"\" width=\"888\" height=\"592\" srcset=\"https:\/\/www.todobudapest.com\/wp-content\/uploads\/2024\/01\/barcelo.jpg 888w, https:\/\/www.todobudapest.com\/wp-content\/uploads\/2024\/01\/barcelo-300x200.jpg 300w, https:\/\/www.todobudapest.com\/wp-content\/uploads\/2024\/01\/barcelo-768x512.jpg 768w, https:\/\/www.todobudapest.com\/wp-content\/uploads\/2024\/01\/barcelo-600x400.jpg 600w\" sizes=\"(max-width: 888px) 100vw, 888px\" \/><\/p>\n<p><span style=\"font-weight: 400;\">source- Barcelo<\/span><\/p>\n<p><span style=\"font-weight: 400;\">Ahogy bel\u00e9p a Budai V\u00e1r kapuj\u00e1n, a kultur\u00e1lis kincsek vil\u00e1ga t\u00e1rul el\u00e9nk. A v\u00e1rfalak k\u00f6z\u00f6tt elhelyezked\u0151 Budapesti T\u00f6rt\u00e9neti M\u00fazeum a v\u00e1ros gazdag m\u00faltj\u00e1nak \u0151rz\u0151jek\u00e9nt szolg\u00e1l, ki\u00e1ll\u00edt\u00e1sai a k\u00f6z\u00e9pkort\u00f3l a jelenkorig terjednek. Mindek\u00f6zben a m\u0171v\u00e9szet kedvel\u0151i a Magyar Nemzeti Gal\u00e9ri\u00e1ban, a magyar m\u0171v\u00e9szet \u00e9vsz\u00e1zadokon \u00e9s m\u0171v\u00e9szeti ir\u00e1nyzatokon \u00e1t\u00edvel\u0151 t\u00e1rh\u00e1z\u00e1ban lelhetnek vigasztal\u00e1sra. A m\u00fazeum falain t\u00fal maga a palota is felfedi gazdags\u00e1g\u00e1t a hatalmas udvarokon \u00e9s kamr\u00e1kon kereszt\u00fcl, amelyek mindegyike a t\u00f6rt\u00e9nelem suttog\u00e1s\u00e1t\u00f3l visszhangzik. <\/span><\/p>\n<p><img decoding=\"async\" class=\"alignnone size-large wp-image-2374\" src=\"https:\/\/www.todobudapest.com\/wp-content\/uploads\/2024\/01\/WeLoveBudapest-1024x683.jpg\" alt=\"\" width=\"1024\" height=\"683\" srcset=\"https:\/\/www.todobudapest.com\/wp-content\/uploads\/2024\/01\/WeLoveBudapest-1024x683.jpg 1024w, https:\/\/www.todobudapest.com\/wp-content\/uploads\/2024\/01\/WeLoveBudapest-300x200.jpg 300w, https:\/\/www.todobudapest.com\/wp-content\/uploads\/2024\/01\/WeLoveBudapest-768x512.jpg 768w, https:\/\/www.todobudapest.com\/wp-content\/uploads\/2024\/01\/WeLoveBudapest-1536x1024.jpg 1536w, https:\/\/www.todobudapest.com\/wp-content\/uploads\/2024\/01\/WeLoveBudapest-600x400.jpg 600w, https:\/\/www.todobudapest.com\/wp-content\/uploads\/2024\/01\/WeLoveBudapest.jpg 1980w\" sizes=\"(max-width: 1024px) 100vw, 1024px\" \/><\/p>\n<p><span style=\"font-weight: 400;\">source- WeLoveBudapest<\/span><\/p>\n<p><span style=\"font-weight: 400;\">A Budai V\u00e1r sz\u00e1mtalan var\u00e1zsa k\u00f6z\u00fcl egyik sem vetekszik a l\u00e9legzetel\u00e1ll\u00edt\u00f3 panor\u00e1m\u00e1val Budapestre \u00e9s a kanyarg\u00f3 Dun\u00e1ra. A v\u00e1r bej\u00e1rat\u00e1n\u00e1l tal\u00e1lhat\u00f3 t\u00e1gas terasz t\u00f6k\u00e9letes kil\u00e1t\u00f3t biztos\u00edt, lehet\u0151v\u00e9 t\u00e9ve a l\u00e1togat\u00f3knak, hogy elmer\u00fcljenek a lehengerl\u0151 t\u00e1jban. Ak\u00e1r nappal l\u00e1togat el, hogy megl\u00e1togassa az \u00e9p\u00edt\u00e9szeti r\u00e9szleteket, vagy \u00e9jszaka, hogy szemtan\u00faja legyen a v\u00e1ros f\u00e9nyeinek megcsillan\u00e1s\u00e1nak, a Budai V\u00e1rb\u00f3l ny\u00edl\u00f3 kil\u00e1t\u00e1s egy csod\u00e1latos \u00e9lm\u00e9ny, amely felejthetetlen eml\u00e9kk\u00e9nt maradhat vel\u00fcnk Budapestre val\u00f3 l\u00e1togat\u00e1sunk ut\u00e1n is.<\/span><\/p>\n<p><img decoding=\"async\" class=\"alignnone size-full wp-image-2368\" src=\"https:\/\/www.todobudapest.com\/wp-content\/uploads\/2024\/01\/flickr-1.jpg\" alt=\"\" width=\"1024\" height=\"428\" srcset=\"https:\/\/www.todobudapest.com\/wp-content\/uploads\/2024\/01\/flickr-1.jpg 1024w, https:\/\/www.todobudapest.com\/wp-content\/uploads\/2024\/01\/flickr-1-300x125.jpg 300w, https:\/\/www.todobudapest.com\/wp-content\/uploads\/2024\/01\/flickr-1-768x321.jpg 768w, https:\/\/www.todobudapest.com\/wp-content\/uploads\/2024\/01\/flickr-1-600x251.jpg 600w\" sizes=\"(max-width: 1024px) 100vw, 1024px\" \/><\/p>\n<p><span style=\"font-weight: 400;\">source- Flickr<\/span><\/p>\n<p><span style=\"font-weight: 400;\">A Budai V\u00e1r t\u00falmutat m\u0171eml\u00e9ki szerep\u00e9n, \u00e9l\u0151 bizony\u00edt\u00e9kak\u00e9nt Budapest kitart\u00e1s\u00e1nak, kultur\u00e1lis gazdags\u00e1g\u00e1nak \u00e9s \u00e9p\u00edt\u00e9szeti brav\u00farj\u00e1nak. A v\u00e1r k\u00f6z\u00e9pkori alapjait\u00f3l a mai pomp\u00e1j\u00e1ig arra invit\u00e1lja a l\u00e1togat\u00f3kat, hogy legyenek r\u00e9szesei maradand\u00f3 narrat\u00edv\u00e1j\u00e1nak. Magyarorsz\u00e1g f\u0151v\u00e1ros\u00e1ban val\u00f3 utaz\u00e1s megtervez\u00e9se sor\u00e1n tegye a Budai V\u00e1rat az \u00fatvonala f\u00f3kuszpontj\u00e1v\u00e1, \u00e9s fedezze fel azt a mag\u00e1val ragad\u00f3 \u00e9lm\u00e9nyt, amely z\u00f6kken\u0151mentesen \u00f6tv\u00f6zi a r\u00e9gi vil\u00e1g var\u00e1zs\u00e1t a modern Budapest vibr\u00e1l\u00f3 l\u00fcktet\u00e9s\u00e9vel. Ez nem csak egy v\u00e1r; sz\u00e1zadokon \u00e1t\u00edvel\u0151 utaz\u00e1s, a kitart\u00e1s tan\u00faja, \u00e9s Magyarorsz\u00e1g id\u0151tlen \u00f6r\u00f6ks\u00e9g\u00e9nek egyik alappill\u00e9re.<\/span><\/p>\n<p><img decoding=\"async\" class=\"alignnone size-large wp-image-2370\" src=\"https:\/\/www.todobudapest.com\/wp-content\/uploads\/2024\/01\/LHongToRtai-1024x767.jpg\" alt=\"\" width=\"1024\" height=\"767\" srcset=\"https:\/\/www.todobudapest.com\/wp-content\/uploads\/2024\/01\/LHongToRtai-1024x767.jpg 1024w, https:\/\/www.todobudapest.com\/wp-content\/uploads\/2024\/01\/LHongToRtai-300x225.jpg 300w, https:\/\/www.todobudapest.com\/wp-content\/uploads\/2024\/01\/LHongToRtai-768x575.jpg 768w, https:\/\/www.todobudapest.com\/wp-content\/uploads\/2024\/01\/LHongToRtai-1536x1150.jpg 1536w, https:\/\/www.todobudapest.com\/wp-content\/uploads\/2024\/01\/LHongToRtai-2048x1534.jpg 2048w, https:\/\/www.todobudapest.com\/wp-content\/uploads\/2024\/01\/LHongToRtai-600x449.jpg 600w\" sizes=\"(max-width: 1024px) 100vw, 1024px\" \/><\/p>\n<p><span style=\"font-weight: 400;\">source- LHongToRtai<\/span><\/p>\n","protected":false},"excerpt":{"rendered":"<p>Budai V\u00e1r \u2013 Budapest m\u00faltj\u00e1nak egyik \u00e9kk\u00f6ve A budai dombok tetej\u00e9n, a Dun\u00e1ra n\u00e9z\u0151 Budai V\u00e1r megd\u00f6nthetetlen \u0151rszeme Budapest mes\u00e9s m\u00faltj\u00e1nak \u00e9s \u00e9p\u00edt\u00e9szeti nagyszer\u0171s\u00e9g\u00e9nek. Ez az ikonikus \u00e9p\u00edtm\u00e9ny, amelyet felv\u00e1ltva Budai V\u00e1rnak vagy Kir\u00e1lyi Palot\u00e1nak nevez\u00fcnk, mag\u00e1val ragad\u00f3 id\u0151utaz\u00e1sra cs\u00e1b\u00edtja az utaz\u00f3kat, gazdag t\u00f6rt\u00e9nelemmel, kult\u00far\u00e1val \u00e9s f\u00e9lelmetes kil\u00e1t\u00e1ssal kecsegtetve. source\u2013 Offbeat Budapest A Budai V\u00e1r [&hellip;]<\/p>\n","protected":false},"author":1,"featured_media":2367,"comment_status":"closed","ping_status":"closed","sticky":false,"template":"","format":"standard","meta":{"footnotes":""},"categories":[16],"tags":[],"class_list":["post-2377","post","type-post","status-publish","format-standard","has-post-thumbnail","hentry","category-uncategorized-hu"],"acf":[],"yoast_head":"<!-- This site is optimized with the Yoast SEO plugin v20.3 - https:\/\/yoast.com\/wordpress\/plugins\/seo\/ -->\n<title>Budai v\u00e1r - To Do Budapest<\/title>\n<meta name=\"robots\" content=\"index, follow, max-snippet:-1, max-image-preview:large, max-video-preview:-1\" \/>\n<link rel=\"canonical\" href=\"https:\/\/www.todobudapest.com\/hu\/budai-var\/\" \/>\n<meta property=\"og:locale\" content=\"hu_HU\" \/>\n<meta property=\"og:type\" content=\"article\" \/>\n<meta property=\"og:title\" content=\"Budai v\u00e1r - To Do Budapest\" \/>\n<meta property=\"og:description\" content=\"Budai V\u00e1r \u2013 Budapest m\u00faltj\u00e1nak egyik \u00e9kk\u00f6ve A budai dombok tetej\u00e9n, a Dun\u00e1ra n\u00e9z\u0151 Budai V\u00e1r megd\u00f6nthetetlen \u0151rszeme Budapest mes\u00e9s m\u00faltj\u00e1nak \u00e9s \u00e9p\u00edt\u00e9szeti nagyszer\u0171s\u00e9g\u00e9nek. Ez az ikonikus \u00e9p\u00edtm\u00e9ny, amelyet felv\u00e1ltva Budai V\u00e1rnak vagy Kir\u00e1lyi Palot\u00e1nak nevez\u00fcnk, mag\u00e1val ragad\u00f3 id\u0151utaz\u00e1sra cs\u00e1b\u00edtja az utaz\u00f3kat, gazdag t\u00f6rt\u00e9nelemmel, kult\u00far\u00e1val \u00e9s f\u00e9lelmetes kil\u00e1t\u00e1ssal kecsegtetve. source\u2013 Offbeat Budapest A Budai V\u00e1r [&hellip;]\" \/>\n<meta property=\"og:url\" content=\"https:\/\/www.todobudapest.com\/hu\/budai-var\/\" \/>\n<meta property=\"og:site_name\" content=\"To Do Budapest\" \/>\n<meta property=\"article:published_time\" content=\"2024-01-29T15:24:03+00:00\" \/>\n<meta property=\"article:modified_time\" content=\"2024-01-29T15:25:43+00:00\" \/>\n<meta property=\"og:image\" content=\"https:\/\/www.todobudapest.com\/wp-content\/uploads\/2024\/01\/COVER-civilek_info.png\" \/>\n\t<meta property=\"og:image:width\" content=\"1200\" \/>\n\t<meta property=\"og:image:height\" content=\"640\" \/>\n\t<meta property=\"og:image:type\" content=\"image\/png\" \/>\n<meta name=\"author\" content=\"todoadmin\" \/>\n<meta name=\"twitter:card\" content=\"summary_large_image\" \/>\n<meta name=\"twitter:label1\" content=\"Szerz\u0151:\" \/>\n\t<meta name=\"twitter:data1\" content=\"todoadmin\" \/>\n\t<meta name=\"twitter:label2\" content=\"Becs\u00fclt olvas\u00e1si id\u0151\" \/>\n\t<meta name=\"twitter:data2\" content=\"3 perc\" \/>\n<script type=\"application\/ld+json\" class=\"yoast-schema-graph\">{\"@context\":\"https:\/\/schema.org\",\"@graph\":[{\"@type\":\"WebPage\",\"@id\":\"https:\/\/www.todobudapest.com\/hu\/budai-var\/\",\"url\":\"https:\/\/www.todobudapest.com\/hu\/budai-var\/\",\"name\":\"Budai v\u00e1r - To Do Budapest\",\"isPartOf\":{\"@id\":\"https:\/\/www.todobudapest.com\/#website\"},\"datePublished\":\"2024-01-29T15:24:03+00:00\",\"dateModified\":\"2024-01-29T15:25:43+00:00\",\"author\":{\"@id\":\"https:\/\/www.todobudapest.com\/#\/schema\/person\/de4e8287b713a319b6f46d729747d3eb\"},\"breadcrumb\":{\"@id\":\"https:\/\/www.todobudapest.com\/hu\/budai-var\/#breadcrumb\"},\"inLanguage\":\"hu\",\"potentialAction\":[{\"@type\":\"ReadAction\",\"target\":[\"https:\/\/www.todobudapest.com\/hu\/budai-var\/\"]}]},{\"@type\":\"BreadcrumbList\",\"@id\":\"https:\/\/www.todobudapest.com\/hu\/budai-var\/#breadcrumb\",\"itemListElement\":[{\"@type\":\"ListItem\",\"position\":1,\"name\":\"Home\",\"item\":\"https:\/\/www.todobudapest.com\/hu\/\"},{\"@type\":\"ListItem\",\"position\":2,\"name\":\"Budai v\u00e1r\"}]},{\"@type\":\"WebSite\",\"@id\":\"https:\/\/www.todobudapest.com\/#website\",\"url\":\"https:\/\/www.todobudapest.com\/\",\"name\":\"To Do Budapest\",\"description\":\"\",\"potentialAction\":[{\"@type\":\"SearchAction\",\"target\":{\"@type\":\"EntryPoint\",\"urlTemplate\":\"https:\/\/www.todobudapest.com\/?s={search_term_string}\"},\"query-input\":\"required name=search_term_string\"}],\"inLanguage\":\"hu\"},{\"@type\":\"Person\",\"@id\":\"https:\/\/www.todobudapest.com\/#\/schema\/person\/de4e8287b713a319b6f46d729747d3eb\",\"name\":\"todoadmin\",\"image\":{\"@type\":\"ImageObject\",\"inLanguage\":\"hu\",\"@id\":\"https:\/\/www.todobudapest.com\/#\/schema\/person\/image\/\",\"url\":\"https:\/\/secure.gravatar.com\/avatar\/c7b35cdf2ecbcae38ae3cea42de138be68173a0ac75ca4799c2374ddcf1af4da?s=96&d=mm&r=g\",\"contentUrl\":\"https:\/\/secure.gravatar.com\/avatar\/c7b35cdf2ecbcae38ae3cea42de138be68173a0ac75ca4799c2374ddcf1af4da?s=96&d=mm&r=g\",\"caption\":\"todoadmin\"},\"sameAs\":[\"http:\/\/local.todobudapest.com\"],\"url\":\"https:\/\/www.todobudapest.com\/hu\/author\/todoadmin\/\"}]}<\/script>\n<!-- \/ Yoast SEO plugin. -->","yoast_head_json":{"title":"Budai v\u00e1r - To Do Budapest","robots":{"index":"index","follow":"follow","max-snippet":"max-snippet:-1","max-image-preview":"max-image-preview:large","max-video-preview":"max-video-preview:-1"},"canonical":"https:\/\/www.todobudapest.com\/hu\/budai-var\/","og_locale":"hu_HU","og_type":"article","og_title":"Budai v\u00e1r - To Do Budapest","og_description":"Budai V\u00e1r \u2013 Budapest m\u00faltj\u00e1nak egyik \u00e9kk\u00f6ve A budai dombok tetej\u00e9n, a Dun\u00e1ra n\u00e9z\u0151 Budai V\u00e1r megd\u00f6nthetetlen \u0151rszeme Budapest mes\u00e9s m\u00faltj\u00e1nak \u00e9s \u00e9p\u00edt\u00e9szeti nagyszer\u0171s\u00e9g\u00e9nek. Ez az ikonikus \u00e9p\u00edtm\u00e9ny, amelyet felv\u00e1ltva Budai V\u00e1rnak vagy Kir\u00e1lyi Palot\u00e1nak nevez\u00fcnk, mag\u00e1val ragad\u00f3 id\u0151utaz\u00e1sra cs\u00e1b\u00edtja az utaz\u00f3kat, gazdag t\u00f6rt\u00e9nelemmel, kult\u00far\u00e1val \u00e9s f\u00e9lelmetes kil\u00e1t\u00e1ssal kecsegtetve. source\u2013 Offbeat Budapest A Budai V\u00e1r [&hellip;]","og_url":"https:\/\/www.todobudapest.com\/hu\/budai-var\/","og_site_name":"To Do Budapest","article_published_time":"2024-01-29T15:24:03+00:00","article_modified_time":"2024-01-29T15:25:43+00:00","og_image":[{"width":1200,"height":640,"url":"https:\/\/www.todobudapest.com\/wp-content\/uploads\/2024\/01\/COVER-civilek_info.png","type":"image\/png"}],"author":"todoadmin","twitter_card":"summary_large_image","twitter_misc":{"Szerz\u0151:":"todoadmin","Becs\u00fclt olvas\u00e1si id\u0151":"3 perc"},"schema":{"@context":"https:\/\/schema.org","@graph":[{"@type":"WebPage","@id":"https:\/\/www.todobudapest.com\/hu\/budai-var\/","url":"https:\/\/www.todobudapest.com\/hu\/budai-var\/","name":"Budai v\u00e1r - To Do Budapest","isPartOf":{"@id":"https:\/\/www.todobudapest.com\/#website"},"datePublished":"2024-01-29T15:24:03+00:00","dateModified":"2024-01-29T15:25:43+00:00","author":{"@id":"https:\/\/www.todobudapest.com\/#\/schema\/person\/de4e8287b713a319b6f46d729747d3eb"},"breadcrumb":{"@id":"https:\/\/www.todobudapest.com\/hu\/budai-var\/#breadcrumb"},"inLanguage":"hu","potentialAction":[{"@type":"ReadAction","target":["https:\/\/www.todobudapest.com\/hu\/budai-var\/"]}]},{"@type":"BreadcrumbList","@id":"https:\/\/www.todobudapest.com\/hu\/budai-var\/#breadcrumb","itemListElement":[{"@type":"ListItem","position":1,"name":"Home","item":"https:\/\/www.todobudapest.com\/hu\/"},{"@type":"ListItem","position":2,"name":"Budai v\u00e1r"}]},{"@type":"WebSite","@id":"https:\/\/www.todobudapest.com\/#website","url":"https:\/\/www.todobudapest.com\/","name":"To Do Budapest","description":"","potentialAction":[{"@type":"SearchAction","target":{"@type":"EntryPoint","urlTemplate":"https:\/\/www.todobudapest.com\/?s={search_term_string}"},"query-input":"required name=search_term_string"}],"inLanguage":"hu"},{"@type":"Person","@id":"https:\/\/www.todobudapest.com\/#\/schema\/person\/de4e8287b713a319b6f46d729747d3eb","name":"todoadmin","image":{"@type":"ImageObject","inLanguage":"hu","@id":"https:\/\/www.todobudapest.com\/#\/schema\/person\/image\/","url":"https:\/\/secure.gravatar.com\/avatar\/c7b35cdf2ecbcae38ae3cea42de138be68173a0ac75ca4799c2374ddcf1af4da?s=96&d=mm&r=g","contentUrl":"https:\/\/secure.gravatar.com\/avatar\/c7b35cdf2ecbcae38ae3cea42de138be68173a0ac75ca4799c2374ddcf1af4da?s=96&d=mm&r=g","caption":"todoadmin"},"sameAs":["http:\/\/local.todobudapest.com"],"url":"https:\/\/www.todobudapest.com\/hu\/author\/todoadmin\/"}]}},"_links":{"self":[{"href":"https:\/\/www.todobudapest.com\/hu\/wp-json\/wp\/v2\/posts\/2377","targetHints":{"allow":["GET"]}}],"collection":[{"href":"https:\/\/www.todobudapest.com\/hu\/wp-json\/wp\/v2\/posts"}],"about":[{"href":"https:\/\/www.todobudapest.com\/hu\/wp-json\/wp\/v2\/types\/post"}],"author":[{"embeddable":true,"href":"https:\/\/www.todobudapest.com\/hu\/wp-json\/wp\/v2\/users\/1"}],"replies":[{"embeddable":true,"href":"https:\/\/www.todobudapest.com\/hu\/wp-json\/wp\/v2\/comments?post=2377"}],"version-history":[{"count":2,"href":"https:\/\/www.todobudapest.com\/hu\/wp-json\/wp\/v2\/posts\/2377\/revisions"}],"predecessor-version":[{"id":2379,"href":"https:\/\/www.todobudapest.com\/hu\/wp-json\/wp\/v2\/posts\/2377\/revisions\/2379"}],"wp:featuredmedia":[{"embeddable":true,"href":"https:\/\/www.todobudapest.com\/hu\/wp-json\/wp\/v2\/media\/2367"}],"wp:attachment":[{"href":"https:\/\/www.todobudapest.com\/hu\/wp-json\/wp\/v2\/media?parent=2377"}],"wp:term":[{"taxonomy":"category","embeddable":true,"href":"https:\/\/www.todobudapest.com\/hu\/wp-json\/wp\/v2\/categories?post=2377"},{"taxonomy":"post_tag","embeddable":true,"href":"https:\/\/www.todobudapest.com\/hu\/wp-json\/wp\/v2\/tags?post=2377"}],"curies":[{"name":"wp","href":"https:\/\/api.w.org\/{rel}","templated":true}]}}