{"id":2160,"date":"2023-10-07T15:53:34","date_gmt":"2023-10-07T13:53:34","guid":{"rendered":"https:\/\/www.todobudapest.com\/autumn-hike\/"},"modified":"2023-10-07T15:56:24","modified_gmt":"2023-10-07T13:56:24","slug":"oszi-kirandulas","status":"publish","type":"post","link":"https:\/\/www.todobudapest.com\/hu\/oszi-kirandulas\/","title":{"rendered":"\u0150szi kir\u00e1ndul\u00e1s"},"content":{"rendered":"<p><span style=\"font-weight: 400;\">Ahogy a szeptemberi meleg id\u0151j\u00e1r\u00e1s fokozatosan al\u00e1bbhagy \u00e9s Budapest vibr\u00e1l\u00f3 z\u00f6ldje v\u00f6r\u00f6s, s\u00e1rga \u00e9s narancs mozaikk\u00e1 kezd \u00e1talakulni, okt\u00f3ber az egyik legszebb \u00e9vszak bek\u00f6sz\u00f6nt\u00e9t hirdeti a magyar f\u0151v\u00e1rosban. Az \u0151sz Budapesten egy igaz\u00e1n var\u00e1zslatos id\u0151szak, amikor a v\u00e1rosk\u00e9p karakteress\u00e9g\u00e9t a f\u00f6ldes t\u00f3nusok \u00e9s az \u0151szi sz\u00ednek hat\u00e1rozz\u00e1k meg, a term\u00e9szet szerelmesei pedig a v\u00e1rost k\u00f6r\u00fclvev\u0151 fest\u0151i dombokon tal\u00e1lhatj\u00e1k meg mened\u00e9k\u00fcket. Az igazi \u0151szi kalandokra v\u00e1gy\u00f3k sz\u00e1mtalan term\u00e9szetk\u00f6zeli helyre l\u00e1togathatnak el Budapesten \u00e9s k\u00f6zvetlen k\u00f6rnyezet\u00e9ben.<\/span><\/p>\n<p><span style=\"font-weight: 400;\">Az \u0151sz Budapesten egy p\u00e1ratlan sz\u00e9ps\u00e9g\u0171 id\u0151szak. A v\u00e1ros parkjai, utc\u00e1i \u00e9s dombjai a meleg \u00e1rnyalatok szimf\u00f3ni\u00e1j\u00e1val kelnek \u00e9letre \u2013 t\u0171zv\u00f6r\u00f6s, \u00e9getett narancs \u00e9s m\u00e9lyarany sz\u00edn\u0171 lombkoron\u00e1k teszik m\u00e9g sz\u00ednesebb\u00e9 Budapest l\u00e1tk\u00e9p\u00e9t.\u00a0<\/span><\/p>\n<p><span style=\"font-weight: 400;\">A legjobb m\u00f3dja annak, hogy elmer\u00fclj\u00fcnk Budapest \u0151szi pomp\u00e1j\u00e1ban, ha t\u00far\u00e1zni indulunk a k\u00f6zeli dombokon, amelyek mindegyike egyedi perspekt\u00edv\u00e1t k\u00edn\u00e1l a v\u00e1ros term\u00e9szeti sz\u00e9ps\u00e9g\u00e9re. Kezdj\u00fck utaz\u00e1sunkat ezeken a figyelemre m\u00e9lt\u00f3 helyeken:<\/span><\/p>\n<ol>\n<li><span style=\"font-weight: 400;\"> Gell\u00e9rt-hegy<\/span><\/li>\n<\/ol>\n<p><span style=\"font-weight: 400;\">A Szent Gell\u00e9rtr\u0151l elnevezett Gell\u00e9rt-hegyr\u0151l panor\u00e1m\u00e1s kil\u00e1t\u00e1s ny\u00edlik Budapest v\u00e1rosk\u00e9p\u00e9re \u00e9s a Dun\u00e1ra. Okt\u00f3berben ezt a dombot az \u0151szi lombok gazdag sz\u00ednei d\u00edsz\u00edtik, fest\u0151i h\u00e1tteret biztos\u00edtva a t\u00far\u00e1hoz. A kis t\u00far\u00e1nkat t\u00f6bb helysz\u00ednr\u0151l is megkezdhetj\u00fck, p\u00e9ld\u00e1ul a Gell\u00e9rt f\u00fcrd\u0151t\u0151l, vagy a Szent Gell\u00e9rt t\u00e9rt\u0151l, ahonnan a kanyarg\u00f3s \u00f6sv\u00e9nyeket k\u00f6vetve a Citadell\u00e1hoz \u00e9rhet\u00fcnk el a cs\u00facson. \u00datk\u00f6zben sz\u00e1mos szoborral, rejtett kertekkel \u00e9s l\u00e1tv\u00e1nyos kil\u00e1t\u00e1ssal tal\u00e1lkozhatunk.<\/span><\/p>\n<p><img decoding=\"async\" class=\"size-full wp-image-2153\" src=\"https:\/\/www.todobudapest.com\/wp-content\/uploads\/2023\/10\/istock.jpg\" alt=\"\" width=\"612\" height=\"398\" srcset=\"https:\/\/www.todobudapest.com\/wp-content\/uploads\/2023\/10\/istock.jpg 612w, https:\/\/www.todobudapest.com\/wp-content\/uploads\/2023\/10\/istock-300x195.jpg 300w, https:\/\/www.todobudapest.com\/wp-content\/uploads\/2023\/10\/istock-600x390.jpg 600w\" sizes=\"(max-width: 612px) 100vw, 612px\" \/><\/p>\n<p><span style=\"font-weight: 400;\">source: IStock<\/span><\/p>\n<ol start=\"2\">\n<li><span style=\"font-weight: 400;\"> Normafa<\/span><\/li>\n<\/ol>\n<p><span style=\"font-weight: 400;\">A Budai-hegys\u00e9gben tal\u00e1lhat\u00f3 Normafa a helyiek \u00e9s az idel\u00e1togat\u00f3k kedvelt \u00fati c\u00e9lja. Okt\u00f3berben a b\u00fckk- \u00e9s gesztenyef\u00e1k hatalmas erd\u0151s\u00e9ge arany csodaorsz\u00e1gg\u00e1 v\u00e1ltozik. Az Erzs\u00e9bet-kil\u00e1t\u00f3hoz el\u00e9rve gy\u00f6ny\u00f6r\u0171 kil\u00e1t\u00e1s ny\u00edlik Budapestre, \u00e9s az el\u0151tte elter\u00fcl\u0151 tiszt\u00e1sok ide\u00e1lis helysz\u00ednk\u00e9nt szolg\u00e1lhatnak egy piknikhez. A Normaf\u00e1n t\u00far\u00e1zva sz\u00e1mos vend\u00e9gl\u00e1t\u00f3 egys\u00e9ggel is tal\u00e1lkozhatunk, ahol az \u0151szi t\u00e1jat csod\u00e1lva ihatunk meg egy k\u00e1v\u00e9t, vagy tankolhatjuk \u00fajra energiak\u00e9szlet\u00fcnket<\/span><\/p>\n<p><img decoding=\"async\" class=\"alignnone size-full wp-image-2151\" src=\"https:\/\/www.todobudapest.com\/wp-content\/uploads\/2023\/10\/havefunbudapest.webp\" alt=\"\" width=\"696\" height=\"321\" srcset=\"https:\/\/www.todobudapest.com\/wp-content\/uploads\/2023\/10\/havefunbudapest.webp 696w, https:\/\/www.todobudapest.com\/wp-content\/uploads\/2023\/10\/havefunbudapest-300x138.webp 300w, https:\/\/www.todobudapest.com\/wp-content\/uploads\/2023\/10\/havefunbudapest-600x277.webp 600w\" sizes=\"(max-width: 696px) 100vw, 696px\" \/><\/p>\n<p><span style=\"font-weight: 400;\">source: Have Fun Budapest<\/span><\/p>\n<ol start=\"3\">\n<li><span style=\"font-weight: 400;\"> Margitsziget<\/span><\/li>\n<\/ol>\n<p><span style=\"font-weight: 400;\">A Margitsziget egy nyugodt o\u00e1zis melyet a Duna \u00f6lel k\u00f6rbe. \u0150sszel a sziget kertjei, r\u00e9tjei \u00e9s f\u00e1kkal szeg\u00e9lyezett \u00f6sv\u00e9nyei csod\u00e1latos sz\u00ednekben pomp\u00e1znak. T\u00e9gy egy kellemes s\u00e9t\u00e1t vagy b\u00e9relj ker\u00e9kp\u00e1rt, \u00e9s fedezd fel ezt a nyugodt szigetet. B\u00e1rmilyen m\u00f3don is l\u00e1togatn\u00e1l el a szigetre, semmif\u00e9lek\u00e9ppen se hagyd ki a Jap\u00e1nkert megl\u00e1togat\u00e1s\u00e1t.<\/span><\/p>\n<p><img decoding=\"async\" class=\"alignnone size-full wp-image-2157\" src=\"https:\/\/www.todobudapest.com\/wp-content\/uploads\/2023\/10\/timesofindia.jpg\" alt=\"\" width=\"1000\" height=\"667\" srcset=\"https:\/\/www.todobudapest.com\/wp-content\/uploads\/2023\/10\/timesofindia.jpg 1000w, https:\/\/www.todobudapest.com\/wp-content\/uploads\/2023\/10\/timesofindia-300x200.jpg 300w, https:\/\/www.todobudapest.com\/wp-content\/uploads\/2023\/10\/timesofindia-768x512.jpg 768w, https:\/\/www.todobudapest.com\/wp-content\/uploads\/2023\/10\/timesofindia-600x400.jpg 600w\" sizes=\"(max-width: 1000px) 100vw, 1000px\" \/><\/p>\n<p><span style=\"font-weight: 400;\">source: The Times of India<\/span><\/p>\n<ol start=\"4\">\n<li><span style=\"font-weight: 400;\"> H\u00e1rmashat\u00e1r-hegy<\/span><\/li>\n<\/ol>\n<p><span style=\"font-weight: 400;\">A H\u00e1rmashat\u00e1r-hegy, egy \u00fajabb fantasztikus \u00fati c\u00e9l a term\u00e9szet szerelmeseinek Budapesten. A Budai-hegys\u00e9gben tal\u00e1lhat\u00f3 hegy v\u00e1ltozatos t\u00fara\u00fatvonalakat k\u00edn\u00e1l, amelyek lombos \u00e9s t\u0171level\u0171 erd\u0151kben kanyarognak. Okt\u00f3berben a h\u0171v\u00f6s leveg\u0151 \u00e9s a ny\u00fczsg\u0151 lombok a H\u00e1rmashat\u00e1r-hegyet a mag\u00e1nyt \u00e9s term\u00e9szeti sz\u00e9ps\u00e9get keres\u0151 t\u00far\u00e1z\u00f3k mened\u00e9k\u00e9v\u00e9 teszik.<\/span><\/p>\n<p><img decoding=\"async\" class=\"size-full wp-image-2155\" src=\"https:\/\/www.todobudapest.com\/wp-content\/uploads\/2023\/10\/mozgunkhu.jpg\" alt=\"\" width=\"900\" height=\"601\" srcset=\"https:\/\/www.todobudapest.com\/wp-content\/uploads\/2023\/10\/mozgunkhu.jpg 900w, https:\/\/www.todobudapest.com\/wp-content\/uploads\/2023\/10\/mozgunkhu-300x200.jpg 300w, https:\/\/www.todobudapest.com\/wp-content\/uploads\/2023\/10\/mozgunkhu-768x513.jpg 768w, https:\/\/www.todobudapest.com\/wp-content\/uploads\/2023\/10\/mozgunkhu-600x401.jpg 600w\" sizes=\"(max-width: 900px) 100vw, 900px\" \/><\/p>\n<p><span style=\"font-weight: 400;\">source: mozgunk.hu<\/span><\/p>\n<ol start=\"5\">\n<li><span style=\"font-weight: 400;\"> R\u00f3ka-hegy<\/span><\/li>\n<\/ol>\n<p><span style=\"font-weight: 400;\">A R\u00f3ka-hegy, egy kev\u00e9sb\u00e9 ismert gy\u00f6ngyszem Budapest domboldali koron\u00e1j\u00e1ban. A H\u00e1rmashat\u00e1r-hegy szomsz\u00e9ds\u00e1g\u00e1ban elhelyezked\u0151 domb nyugodt kikapcsol\u00f3d\u00e1st k\u00edn\u00e1l a v\u00e1ros forgatag\u00e1t\u00f3l. T\u00fara\u00fatvonalak keresztezik a t\u00e1jat, melyeken v\u00e9gighaladva Budapest egyik legl\u00e1tv\u00e1nyosabb tan\u00f6sv\u00e9ny\u00e9t ismerhetj\u00fck meg. <\/span><\/p>\n<p><img decoding=\"async\" class=\"alignnone size-large wp-image-2149\" src=\"https:\/\/www.todobudapest.com\/wp-content\/uploads\/2023\/10\/hatizsakot-fel-1024x768.jpg\" alt=\"\" width=\"1024\" height=\"768\" srcset=\"https:\/\/www.todobudapest.com\/wp-content\/uploads\/2023\/10\/hatizsakot-fel-1024x768.jpg 1024w, https:\/\/www.todobudapest.com\/wp-content\/uploads\/2023\/10\/hatizsakot-fel-300x225.jpg 300w, https:\/\/www.todobudapest.com\/wp-content\/uploads\/2023\/10\/hatizsakot-fel-768x576.jpg 768w, https:\/\/www.todobudapest.com\/wp-content\/uploads\/2023\/10\/hatizsakot-fel-1536x1152.jpg 1536w, https:\/\/www.todobudapest.com\/wp-content\/uploads\/2023\/10\/hatizsakot-fel-2048x1536.jpg 2048w, https:\/\/www.todobudapest.com\/wp-content\/uploads\/2023\/10\/hatizsakot-fel-600x450.jpg 600w\" sizes=\"(max-width: 1024px) 100vw, 1024px\" \/><\/p>\n<p><span style=\"font-weight: 400;\">source: h\u00e1tizs\u00e1kot fel!<\/span><\/p>\n<p>&nbsp;<\/p>\n<p><span style=\"font-weight: 400;\">Tippek az okt\u00f3beri kalandokhoz<\/span><\/p>\n<p><span style=\"font-weight: 400;\">Miel\u0151tt nekiv\u00e1gn\u00e1nk okt\u00f3beri t\u00far\u00e1z\u00f3s kalandjainknak a budapesti dombvid\u00e9ken, tartsunk szem el\u0151tt n\u00e9h\u00e1ny alapvet\u0151 tippet:<\/span><\/p>\n<p><span style=\"font-weight: 400;\">N\u00e9zz\u00fck meg az id\u0151j\u00e1r\u00e1s el\u0151rejelz\u00e9st: Budapest okt\u00f3beri id\u0151j\u00e1r\u00e1sa kisz\u00e1m\u00edthatatlan lehet, ez\u00e9rt mindenk\u00e9pp n\u00e9zz\u00fck meg az el\u0151rejelz\u00e9st, \u00e9s \u00f6lt\u00f6zk\u00f6dj\u00fcnk r\u00e9tegesen, hogy k\u00e9nyelmesen \u00e9rezhess\u00fck magunkat.<\/span><\/p>\n<p><span style=\"font-weight: 400;\">Tervezz\u00fcnk el\u0151re: Kutassuk fel az \u00f6sv\u00e9nyeket, \u00e9s k\u00e9sz\u00fclj\u00fcnk fel ennek megfelel\u0151en. Egyes utak megfelel\u0151 t\u00farafelszerel\u00e9st ig\u00e9nyelhetnek, ez\u00e9rt gondoskodjunk megfelel\u0151 l\u00e1bbelir\u0151l \u00e9s felszerel\u00e9sr\u0151l.<\/span><\/p>\n<p><span style=\"font-weight: 400;\">Tisztelj\u00fck a term\u00e9szetet: Mik\u00f6zben \u00e9lvezz\u00fck az \u0151sz sz\u00e9ps\u00e9g\u00e9t, ne felejts\u00fck el tisztelni a k\u00f6rnyezetet. Ker\u00fclj\u00fck a szemetel\u00e9st, \u00e9s maradjunk a kijel\u00f6lt \u00f6sv\u00e9nyeken a term\u00e9szeti t\u00e1j meg\u0151rz\u00e9se \u00e9rdek\u00e9ben.<\/span><\/p>\n<p><span style=\"font-weight: 400;\">Az id\u0151z\u00edt\u00e9s kulcsfontoss\u00e1g\u00fa: Ha szeretn\u00e9nk a t\u00f6meget elker\u00fclni, c\u00e9lszer\u0171 lehet h\u00e9tk\u00f6znap, vagy a reggeli \u00f3r\u00e1kban ell\u00e1togatni ezen helyek valamelyik\u00e9re, \u00edgy teljesen elmer\u00fclhet\u00fcnk a szezon nyugalm\u00e1ban.<\/span><\/p>\n<p><img decoding=\"async\" class=\"alignnone size-full wp-image-2147\" src=\"https:\/\/www.todobudapest.com\/wp-content\/uploads\/2023\/10\/funzine.jpg\" alt=\"\" width=\"880\" height=\"578\" srcset=\"https:\/\/www.todobudapest.com\/wp-content\/uploads\/2023\/10\/funzine.jpg 880w, https:\/\/www.todobudapest.com\/wp-content\/uploads\/2023\/10\/funzine-300x197.jpg 300w, https:\/\/www.todobudapest.com\/wp-content\/uploads\/2023\/10\/funzine-768x504.jpg 768w, https:\/\/www.todobudapest.com\/wp-content\/uploads\/2023\/10\/funzine-600x394.jpg 600w\" sizes=\"(max-width: 880px) 100vw, 880px\" \/><\/p>\n<p><span style=\"font-weight: 400;\">source: funzine<\/span><\/p>\n<p><span style=\"font-weight: 400;\">Okt\u00f3ber elb\u0171v\u00f6l\u0151 id\u0151szak a budapesti dombok \u00e9s a k\u00f6zelben fekv\u0151 hegyek felfedez\u00e9s\u00e9re, ahol a term\u00e9szet szerelmesei az \u0151sz l\u00e9legzetel\u00e1ll\u00edt\u00f3 sz\u00e9ps\u00e9g\u00e9ben gy\u00f6ny\u00f6rk\u00f6dhetnek. A Gell\u00e9rt-hegy, a Normafa, a Margitsziget, a H\u00e1rmashat\u00e1r-hegy \u00e9s a R\u00f3ka-hegy egyar\u00e1nt egyedi \u00e9s mag\u00e1val ragad\u00f3 \u00e9lm\u00e9nyt ny\u00fajt a t\u00far\u00e1z\u00f3knak \u00e9s a csal\u00e1doknak. \u00cdgy, ahogy a levelek v\u00e1ltoznak \u00e9s a leveg\u0151 ropog\u00f3ss\u00e1 v\u00e1lik, kapjuk fel t\u00farabakancsunkat, \u00e9s v\u00e1gjunk bele egy felejthetetlen kalandba Budapest fest\u0151i dombjai k\u00f6z\u00f6tt, ahol a term\u00e9szet vibr\u00e1l\u00f3 \u0151szi palett\u00e1ja v\u00e1rja felfedez\u00e9s\u00e9t.<\/span><\/p>\n","protected":false},"excerpt":{"rendered":"<p>Ahogy a szeptemberi meleg id\u0151j\u00e1r\u00e1s fokozatosan al\u00e1bbhagy \u00e9s Budapest vibr\u00e1l\u00f3 z\u00f6ldje v\u00f6r\u00f6s, s\u00e1rga \u00e9s narancs mozaikk\u00e1 kezd \u00e1talakulni, okt\u00f3ber az egyik legszebb \u00e9vszak bek\u00f6sz\u00f6nt\u00e9t hirdeti a magyar f\u0151v\u00e1rosban. Az \u0151sz Budapesten egy igaz\u00e1n var\u00e1zslatos id\u0151szak, amikor a v\u00e1rosk\u00e9p karakteress\u00e9g\u00e9t a f\u00f6ldes t\u00f3nusok \u00e9s az \u0151szi sz\u00ednek hat\u00e1rozz\u00e1k meg, a term\u00e9szet szerelmesei pedig a v\u00e1rost k\u00f6r\u00fclvev\u0151 [&hellip;]<\/p>\n","protected":false},"author":1,"featured_media":2146,"comment_status":"closed","ping_status":"closed","sticky":false,"template":"","format":"standard","meta":{"footnotes":""},"categories":[16],"tags":[],"class_list":["post-2160","post","type-post","status-publish","format-standard","has-post-thumbnail","hentry","category-uncategorized-hu"],"acf":[],"yoast_head":"<!-- This site is optimized with the Yoast SEO plugin v20.3 - https:\/\/yoast.com\/wordpress\/plugins\/seo\/ -->\n<title>\u0150szi kir\u00e1ndul\u00e1s - To Do Budapest<\/title>\n<meta name=\"robots\" content=\"index, follow, max-snippet:-1, max-image-preview:large, max-video-preview:-1\" \/>\n<link rel=\"canonical\" href=\"https:\/\/www.todobudapest.com\/hu\/oszi-kirandulas\/\" \/>\n<meta property=\"og:locale\" content=\"hu_HU\" \/>\n<meta property=\"og:type\" content=\"article\" \/>\n<meta property=\"og:title\" content=\"\u0150szi kir\u00e1ndul\u00e1s - To Do Budapest\" \/>\n<meta property=\"og:description\" content=\"Ahogy a szeptemberi meleg id\u0151j\u00e1r\u00e1s fokozatosan al\u00e1bbhagy \u00e9s Budapest vibr\u00e1l\u00f3 z\u00f6ldje v\u00f6r\u00f6s, s\u00e1rga \u00e9s narancs mozaikk\u00e1 kezd \u00e1talakulni, okt\u00f3ber az egyik legszebb \u00e9vszak bek\u00f6sz\u00f6nt\u00e9t hirdeti a magyar f\u0151v\u00e1rosban. Az \u0151sz Budapesten egy igaz\u00e1n var\u00e1zslatos id\u0151szak, amikor a v\u00e1rosk\u00e9p karakteress\u00e9g\u00e9t a f\u00f6ldes t\u00f3nusok \u00e9s az \u0151szi sz\u00ednek hat\u00e1rozz\u00e1k meg, a term\u00e9szet szerelmesei pedig a v\u00e1rost k\u00f6r\u00fclvev\u0151 [&hellip;]\" \/>\n<meta property=\"og:url\" content=\"https:\/\/www.todobudapest.com\/hu\/oszi-kirandulas\/\" \/>\n<meta property=\"og:site_name\" content=\"To Do Budapest\" \/>\n<meta property=\"article:published_time\" content=\"2023-10-07T13:53:34+00:00\" \/>\n<meta property=\"article:modified_time\" content=\"2023-10-07T13:56:24+00:00\" \/>\n<meta property=\"og:image\" content=\"https:\/\/www.todobudapest.com\/wp-content\/uploads\/2023\/10\/budapest-images.webp\" \/>\n\t<meta property=\"og:image:width\" content=\"1400\" \/>\n\t<meta property=\"og:image:height\" content=\"933\" \/>\n\t<meta property=\"og:image:type\" content=\"image\/webp\" \/>\n<meta name=\"author\" content=\"todoadmin\" \/>\n<meta name=\"twitter:card\" content=\"summary_large_image\" \/>\n<meta name=\"twitter:label1\" content=\"Szerz\u0151:\" \/>\n\t<meta name=\"twitter:data1\" content=\"todoadmin\" \/>\n\t<meta name=\"twitter:label2\" content=\"Becs\u00fclt olvas\u00e1si id\u0151\" \/>\n\t<meta name=\"twitter:data2\" content=\"4 perc\" \/>\n<script type=\"application\/ld+json\" class=\"yoast-schema-graph\">{\"@context\":\"https:\/\/schema.org\",\"@graph\":[{\"@type\":\"WebPage\",\"@id\":\"https:\/\/www.todobudapest.com\/hu\/oszi-kirandulas\/\",\"url\":\"https:\/\/www.todobudapest.com\/hu\/oszi-kirandulas\/\",\"name\":\"\u0150szi kir\u00e1ndul\u00e1s - To Do Budapest\",\"isPartOf\":{\"@id\":\"https:\/\/www.todobudapest.com\/#website\"},\"datePublished\":\"2023-10-07T13:53:34+00:00\",\"dateModified\":\"2023-10-07T13:56:24+00:00\",\"author\":{\"@id\":\"https:\/\/www.todobudapest.com\/#\/schema\/person\/de4e8287b713a319b6f46d729747d3eb\"},\"breadcrumb\":{\"@id\":\"https:\/\/www.todobudapest.com\/hu\/oszi-kirandulas\/#breadcrumb\"},\"inLanguage\":\"hu\",\"potentialAction\":[{\"@type\":\"ReadAction\",\"target\":[\"https:\/\/www.todobudapest.com\/hu\/oszi-kirandulas\/\"]}]},{\"@type\":\"BreadcrumbList\",\"@id\":\"https:\/\/www.todobudapest.com\/hu\/oszi-kirandulas\/#breadcrumb\",\"itemListElement\":[{\"@type\":\"ListItem\",\"position\":1,\"name\":\"Home\",\"item\":\"https:\/\/www.todobudapest.com\/hu\/\"},{\"@type\":\"ListItem\",\"position\":2,\"name\":\"\u0150szi kir\u00e1ndul\u00e1s\"}]},{\"@type\":\"WebSite\",\"@id\":\"https:\/\/www.todobudapest.com\/#website\",\"url\":\"https:\/\/www.todobudapest.com\/\",\"name\":\"To Do Budapest\",\"description\":\"\",\"potentialAction\":[{\"@type\":\"SearchAction\",\"target\":{\"@type\":\"EntryPoint\",\"urlTemplate\":\"https:\/\/www.todobudapest.com\/?s={search_term_string}\"},\"query-input\":\"required name=search_term_string\"}],\"inLanguage\":\"hu\"},{\"@type\":\"Person\",\"@id\":\"https:\/\/www.todobudapest.com\/#\/schema\/person\/de4e8287b713a319b6f46d729747d3eb\",\"name\":\"todoadmin\",\"image\":{\"@type\":\"ImageObject\",\"inLanguage\":\"hu\",\"@id\":\"https:\/\/www.todobudapest.com\/#\/schema\/person\/image\/\",\"url\":\"https:\/\/secure.gravatar.com\/avatar\/c7b35cdf2ecbcae38ae3cea42de138be68173a0ac75ca4799c2374ddcf1af4da?s=96&d=mm&r=g\",\"contentUrl\":\"https:\/\/secure.gravatar.com\/avatar\/c7b35cdf2ecbcae38ae3cea42de138be68173a0ac75ca4799c2374ddcf1af4da?s=96&d=mm&r=g\",\"caption\":\"todoadmin\"},\"sameAs\":[\"http:\/\/local.todobudapest.com\"],\"url\":\"https:\/\/www.todobudapest.com\/hu\/author\/todoadmin\/\"}]}<\/script>\n<!-- \/ Yoast SEO plugin. -->","yoast_head_json":{"title":"\u0150szi kir\u00e1ndul\u00e1s - To Do Budapest","robots":{"index":"index","follow":"follow","max-snippet":"max-snippet:-1","max-image-preview":"max-image-preview:large","max-video-preview":"max-video-preview:-1"},"canonical":"https:\/\/www.todobudapest.com\/hu\/oszi-kirandulas\/","og_locale":"hu_HU","og_type":"article","og_title":"\u0150szi kir\u00e1ndul\u00e1s - To Do Budapest","og_description":"Ahogy a szeptemberi meleg id\u0151j\u00e1r\u00e1s fokozatosan al\u00e1bbhagy \u00e9s Budapest vibr\u00e1l\u00f3 z\u00f6ldje v\u00f6r\u00f6s, s\u00e1rga \u00e9s narancs mozaikk\u00e1 kezd \u00e1talakulni, okt\u00f3ber az egyik legszebb \u00e9vszak bek\u00f6sz\u00f6nt\u00e9t hirdeti a magyar f\u0151v\u00e1rosban. Az \u0151sz Budapesten egy igaz\u00e1n var\u00e1zslatos id\u0151szak, amikor a v\u00e1rosk\u00e9p karakteress\u00e9g\u00e9t a f\u00f6ldes t\u00f3nusok \u00e9s az \u0151szi sz\u00ednek hat\u00e1rozz\u00e1k meg, a term\u00e9szet szerelmesei pedig a v\u00e1rost k\u00f6r\u00fclvev\u0151 [&hellip;]","og_url":"https:\/\/www.todobudapest.com\/hu\/oszi-kirandulas\/","og_site_name":"To Do Budapest","article_published_time":"2023-10-07T13:53:34+00:00","article_modified_time":"2023-10-07T13:56:24+00:00","og_image":[{"width":1400,"height":933,"url":"https:\/\/www.todobudapest.com\/wp-content\/uploads\/2023\/10\/budapest-images.webp","type":"image\/webp"}],"author":"todoadmin","twitter_card":"summary_large_image","twitter_misc":{"Szerz\u0151:":"todoadmin","Becs\u00fclt olvas\u00e1si id\u0151":"4 perc"},"schema":{"@context":"https:\/\/schema.org","@graph":[{"@type":"WebPage","@id":"https:\/\/www.todobudapest.com\/hu\/oszi-kirandulas\/","url":"https:\/\/www.todobudapest.com\/hu\/oszi-kirandulas\/","name":"\u0150szi kir\u00e1ndul\u00e1s - To Do Budapest","isPartOf":{"@id":"https:\/\/www.todobudapest.com\/#website"},"datePublished":"2023-10-07T13:53:34+00:00","dateModified":"2023-10-07T13:56:24+00:00","author":{"@id":"https:\/\/www.todobudapest.com\/#\/schema\/person\/de4e8287b713a319b6f46d729747d3eb"},"breadcrumb":{"@id":"https:\/\/www.todobudapest.com\/hu\/oszi-kirandulas\/#breadcrumb"},"inLanguage":"hu","potentialAction":[{"@type":"ReadAction","target":["https:\/\/www.todobudapest.com\/hu\/oszi-kirandulas\/"]}]},{"@type":"BreadcrumbList","@id":"https:\/\/www.todobudapest.com\/hu\/oszi-kirandulas\/#breadcrumb","itemListElement":[{"@type":"ListItem","position":1,"name":"Home","item":"https:\/\/www.todobudapest.com\/hu\/"},{"@type":"ListItem","position":2,"name":"\u0150szi kir\u00e1ndul\u00e1s"}]},{"@type":"WebSite","@id":"https:\/\/www.todobudapest.com\/#website","url":"https:\/\/www.todobudapest.com\/","name":"To Do Budapest","description":"","potentialAction":[{"@type":"SearchAction","target":{"@type":"EntryPoint","urlTemplate":"https:\/\/www.todobudapest.com\/?s={search_term_string}"},"query-input":"required name=search_term_string"}],"inLanguage":"hu"},{"@type":"Person","@id":"https:\/\/www.todobudapest.com\/#\/schema\/person\/de4e8287b713a319b6f46d729747d3eb","name":"todoadmin","image":{"@type":"ImageObject","inLanguage":"hu","@id":"https:\/\/www.todobudapest.com\/#\/schema\/person\/image\/","url":"https:\/\/secure.gravatar.com\/avatar\/c7b35cdf2ecbcae38ae3cea42de138be68173a0ac75ca4799c2374ddcf1af4da?s=96&d=mm&r=g","contentUrl":"https:\/\/secure.gravatar.com\/avatar\/c7b35cdf2ecbcae38ae3cea42de138be68173a0ac75ca4799c2374ddcf1af4da?s=96&d=mm&r=g","caption":"todoadmin"},"sameAs":["http:\/\/local.todobudapest.com"],"url":"https:\/\/www.todobudapest.com\/hu\/author\/todoadmin\/"}]}},"_links":{"self":[{"href":"https:\/\/www.todobudapest.com\/hu\/wp-json\/wp\/v2\/posts\/2160","targetHints":{"allow":["GET"]}}],"collection":[{"href":"https:\/\/www.todobudapest.com\/hu\/wp-json\/wp\/v2\/posts"}],"about":[{"href":"https:\/\/www.todobudapest.com\/hu\/wp-json\/wp\/v2\/types\/post"}],"author":[{"embeddable":true,"href":"https:\/\/www.todobudapest.com\/hu\/wp-json\/wp\/v2\/users\/1"}],"replies":[{"embeddable":true,"href":"https:\/\/www.todobudapest.com\/hu\/wp-json\/wp\/v2\/comments?post=2160"}],"version-history":[{"count":2,"href":"https:\/\/www.todobudapest.com\/hu\/wp-json\/wp\/v2\/posts\/2160\/revisions"}],"predecessor-version":[{"id":2162,"href":"https:\/\/www.todobudapest.com\/hu\/wp-json\/wp\/v2\/posts\/2160\/revisions\/2162"}],"wp:featuredmedia":[{"embeddable":true,"href":"https:\/\/www.todobudapest.com\/hu\/wp-json\/wp\/v2\/media\/2146"}],"wp:attachment":[{"href":"https:\/\/www.todobudapest.com\/hu\/wp-json\/wp\/v2\/media?parent=2160"}],"wp:term":[{"taxonomy":"category","embeddable":true,"href":"https:\/\/www.todobudapest.com\/hu\/wp-json\/wp\/v2\/categories?post=2160"},{"taxonomy":"post_tag","embeddable":true,"href":"https:\/\/www.todobudapest.com\/hu\/wp-json\/wp\/v2\/tags?post=2160"}],"curies":[{"name":"wp","href":"https:\/\/api.w.org\/{rel}","templated":true}]}}