{"id":2049,"date":"2023-08-25T15:49:52","date_gmt":"2023-08-25T13:49:52","guid":{"rendered":"https:\/\/www.todobudapest.com\/the-chain-bridge\/"},"modified":"2023-09-05T13:53:28","modified_gmt":"2023-09-05T11:53:28","slug":"szechenyi-lanchid","status":"publish","type":"post","link":"https:\/\/www.todobudapest.com\/hu\/szechenyi-lanchid\/","title":{"rendered":"Sz\u00e9chenyi L\u00e1nch\u00edd"},"content":{"rendered":"<p><b>Sz\u00e9chenyi L\u00e1nch\u00edd \u2013 a t\u00f6rt\u00e9nelmi nagys\u00e1g \u00e9s a modern renesz\u00e1nsz szimb\u00f3luma<\/b><\/p>\n<p><span style=\"font-weight: 400;\">A leny\u0171g\u00f6z\u0151 budapesti panor\u00e1ma k\u00f6zepette megb\u00fav\u00f3 L\u00e1nch\u00edd a v\u00e1ros gazdag t\u00f6rt\u00e9nelm\u00e9nek, \u00e9p\u00edt\u00e9szeti k\u00fcl\u00f6nlegess\u00e9g\u00e9nek \u00e9s ellen\u00e1ll\u00f3 k\u00e9pess\u00e9g\u00e9nek ikonikus bizony\u00edt\u00e9ka. Ez a t\u00f6rt\u00e9nelmi h\u00edd, hivatalos nev\u00e9n Sz\u00e9chenyi L\u00e1nch\u00edd, l\u00e9tfontoss\u00e1g\u00fa kapocsk\u00e9nt szolg\u00e1l a v\u00e1ros k\u00e9t fele, Buda \u00e9s Pest k\u00f6z\u00f6tt, a Dun\u00e1t \u00e1tszelve. Eredete, \u00e9p\u00edt\u00e9szeti csod\u00e1ja \u00e9s a k\u00f6zelm\u00falt fel\u00faj\u00edt\u00e1si munk\u00e1i egy leny\u0171g\u00f6z\u0151 narrat\u00edv\u00e1t sz\u0151nek, amely mag\u00e1ba foglalja Budapest m\u00faltj\u00e1nak, jelen\u00e9nek \u00e9s j\u00f6v\u0151j\u00e9nek l\u00e9nyeg\u00e9t.<\/span><\/p>\n<p><img decoding=\"async\" class=\"alignnone size-large wp-image-2046\" src=\"https:\/\/www.todobudapest.com\/wp-content\/uploads\/2023\/08\/visit-hungary-1024x683.jpg\" alt=\"\" width=\"1024\" height=\"683\" srcset=\"https:\/\/www.todobudapest.com\/wp-content\/uploads\/2023\/08\/visit-hungary-1024x683.jpg 1024w, https:\/\/www.todobudapest.com\/wp-content\/uploads\/2023\/08\/visit-hungary-300x200.jpg 300w, https:\/\/www.todobudapest.com\/wp-content\/uploads\/2023\/08\/visit-hungary-768x512.jpg 768w, https:\/\/www.todobudapest.com\/wp-content\/uploads\/2023\/08\/visit-hungary-600x400.jpg 600w, https:\/\/www.todobudapest.com\/wp-content\/uploads\/2023\/08\/visit-hungary.jpg 1080w\" sizes=\"(max-width: 1024px) 100vw, 1024px\" \/><\/p>\n<p><span style=\"font-weight: 400;\">source\u2013 Visit Hungary<\/span><\/p>\n<p><b>Eredete \u00e9s t\u00f6rt\u00e9nelmi jelent\u0151s\u00e9ge<\/b><\/p>\n<p><span style=\"font-weight: 400;\">A L\u00e1nch\u00edd t\u00f6rt\u00e9nete a 19. sz\u00e1zad elej\u00e9re ny\u00falik vissza, amikor egyre nyilv\u00e1nval\u00f3bb\u00e1 v\u00e1lt a dombos Buda \u00e9s a s\u00edk Pest k\u00f6z\u00f6tti megb\u00edzhat\u00f3 \u00e9s hat\u00e9kony kapcsolat sz\u00fcks\u00e9gess\u00e9ge. A Duna akkoriban jelent\u0151s akad\u00e1lyt jelentett, g\u00e1tat szabva a v\u00e1ros n\u00f6veked\u00e9s\u00e9nek \u00e9s fejl\u0151d\u00e9s\u00e9nek. A L\u00e1nch\u00edd meg\u00e9p\u00edt\u00e9se egy l\u00e1tom\u00e1sos t\u00f6rekv\u00e9s volt, amelynek c\u00e9lja ennek a fizikai szakad\u00e9knak az \u00e1thidal\u00e1sa \u00e9s a v\u00e1ros k\u00e9t k\u00fcl\u00f6n\u00e1ll\u00f3 r\u00e9sz\u00e9nek egyes\u00edt\u00e9se volt.<\/span><\/p>\n<p><span style=\"font-weight: 400;\">A William Tierney Clark brit m\u00e9rn\u00f6k \u00e1ltal tervezett \u00e9s a sk\u00f3t Adam Clark m\u00e9rn\u00f6k \u00e1ltal Sz\u00e9chenyi Istv\u00e1nnal k\u00f6z\u00f6sen \u00e9p\u00edtett L\u00e1nch\u00edd \u00e9p\u00edt\u00e9se 1840-ben kezd\u0151d\u00f6tt \u00e9s 1849-ben fejez\u0151d\u00f6tt be. Egyed\u00fcl\u00e1ll\u00f3 felf\u00fcggeszt\u00e9si konstrukci\u00f3ja, amelyet a h\u00eddfed\u00e9lzetet tart\u00f3 vasl\u00e1ncok jellemeztek, csod\u00e1latos volt m\u00e9rn\u00f6ki innov\u00e1ci\u00f3 annak idej\u00e9n. A h\u00edd bej\u00e1ratait \u0151rz\u0151, Marschalk\u00f3 J\u00e1nos \u00e1ltal faragott oroszl\u00e1nok a v\u00e1ros jelk\u00e9pes \u0151reiv\u00e9 v\u00e1ltak, az er\u0151t \u00e9s a v\u00e9delmet k\u00e9pviselve.<\/span><\/p>\n<p><span style=\"font-weight: 400;\">A L\u00e1nch\u00edd jelent\u0151s\u00e9ge meghaladta funkcion\u00e1lis rendeltet\u00e9s\u00e9t. Nemcsak k\u00f6zleked\u00e9si eszk\u00f6z volt, hanem a nemzeti identit\u00e1s, az egys\u00e9g \u00e9s a halad\u00e1s megrend\u00edt\u0151 megtestes\u00edt\u0151je a magyars\u00e1g sz\u00e1m\u00e1ra. A h\u00edd a moderniz\u00e1ci\u00f3 vil\u00e1g\u00edt\u00f3torny\u00e1v\u00e1 v\u00e1lt, szimboliz\u00e1lva az orsz\u00e1g azon t\u00f6rekv\u00e9seit, hogy el\u0151rel\u00e9pjenek \u00e9s maguk m\u00f6g\u00f6tt hagyj\u00e1k a m\u00falt korl\u00e1tait.<\/span><\/p>\n<p><img decoding=\"async\" class=\"alignnone size-large wp-image-2040\" src=\"https:\/\/www.todobudapest.com\/wp-content\/uploads\/2023\/08\/player.hu_-1024x662.jpg\" alt=\"\" width=\"1024\" height=\"662\" srcset=\"https:\/\/www.todobudapest.com\/wp-content\/uploads\/2023\/08\/player.hu_-1024x662.jpg 1024w, https:\/\/www.todobudapest.com\/wp-content\/uploads\/2023\/08\/player.hu_-300x194.jpg 300w, https:\/\/www.todobudapest.com\/wp-content\/uploads\/2023\/08\/player.hu_-768x496.jpg 768w, https:\/\/www.todobudapest.com\/wp-content\/uploads\/2023\/08\/player.hu_-1536x992.jpg 1536w, https:\/\/www.todobudapest.com\/wp-content\/uploads\/2023\/08\/player.hu_-600x388.jpg 600w, https:\/\/www.todobudapest.com\/wp-content\/uploads\/2023\/08\/player.hu_.jpg 2000w\" sizes=\"(max-width: 1024px) 100vw, 1024px\" \/><\/p>\n<p><span style=\"font-weight: 400;\">source\u2013 player.hu<\/span><\/p>\n<p><b>\u00c9p\u00edt\u00e9szeti k\u00fcl\u00f6nlegess\u00e9g<\/b><\/p>\n<p><span style=\"font-weight: 400;\">A L\u00e1nch\u00edd \u00e9p\u00edt\u00e9szeti sz\u00e9ps\u00e9ge az eszt\u00e9tika \u00e9s a m\u00e9rn\u00f6ki ragyog\u00e1s f\u00fazi\u00f3ja. F\u00fcggesztett szerkezete, amelyet r\u00e9szletgazdag d\u00edsz\u00edt\u00e9sek \u00e9s fens\u00e9ges szobrok d\u00edsz\u00edtenek, megragadja a 19. sz\u00e1zad romantikus szellem\u00e9t. A h\u00edd f\u0151 feszt\u00e1vja kecsesen ny\u00falik \u00e1t a Dun\u00e1n, \u00e9s l\u00e9legzetel\u00e1ll\u00edt\u00f3 kil\u00e1t\u00e1st ny\u00fajt Budapest l\u00e1tk\u00e9p\u00e9re, bele\u00e9rtve a Budai V\u00e1rra \u00e9s a Parlament \u00e9p\u00fclet\u00e9re is.<\/span><\/p>\n<p><span style=\"font-weight: 400;\">A h\u00edd vasl\u00e1ncai, amelyek a maga idej\u00e9ben forradalmi jellemz\u0151k voltak, a h\u00edd erej\u00e9t \u00e9s stabilit\u00e1s\u00e1t bizony\u00edtott\u00e1k. A hatalmas bolt\u00edvek \u00e9s d\u00edsz\u00edt\u0151elemek az \u00e9p\u00edtkez\u00e9s kor\u00e1ban uralkod\u00f3 neoklasszikus \u00e9s neorenesz\u00e1nsz hat\u00e1sokat t\u00fckr\u00f6zt\u00e9k. A forma \u00e9s a funkci\u00f3 h\u00e1zass\u00e1ga a L\u00e1nch\u00edd kialak\u00edt\u00e1s\u00e1ban mind az eszt\u00e9tikai sz\u00e9ps\u00e9g, mind a szerkezeti integrit\u00e1s fontoss\u00e1g\u00e1t hangs\u00falyozta.<\/span><\/p>\n<p><img decoding=\"async\" class=\"alignnone size-large wp-image-2036\" src=\"https:\/\/www.todobudapest.com\/wp-content\/uploads\/2023\/08\/BORITO-tourcounsel-1024x640.jpg\" alt=\"\" width=\"1024\" height=\"640\" srcset=\"https:\/\/www.todobudapest.com\/wp-content\/uploads\/2023\/08\/BORITO-tourcounsel-1024x640.jpg 1024w, https:\/\/www.todobudapest.com\/wp-content\/uploads\/2023\/08\/BORITO-tourcounsel-300x188.jpg 300w, https:\/\/www.todobudapest.com\/wp-content\/uploads\/2023\/08\/BORITO-tourcounsel-768x480.jpg 768w, https:\/\/www.todobudapest.com\/wp-content\/uploads\/2023\/08\/BORITO-tourcounsel-1536x960.jpg 1536w, https:\/\/www.todobudapest.com\/wp-content\/uploads\/2023\/08\/BORITO-tourcounsel-600x375.jpg 600w, https:\/\/www.todobudapest.com\/wp-content\/uploads\/2023\/08\/BORITO-tourcounsel.jpg 1728w\" sizes=\"(max-width: 1024px) 100vw, 1024px\" \/><\/p>\n<p><span style=\"font-weight: 400;\">source- tourcounsel<\/span><\/p>\n<p><b>Fel\u00faj\u00edt\u00e1s \u00e9s modern renesz\u00e1nsz<\/b><\/p>\n<p><span style=\"font-weight: 400;\">Ahogy teltek-m\u00faltak az \u00e9vek, a L\u00e1nch\u00edd a t\u00f6rt\u00e9nelem ap\u00e1ly\u00e1r\u00f3l tan\u00faskodik. A h\u00e1bor\u00fak, forradalmak \u00e9s az id\u0151 m\u00fal\u00e1sa sor\u00e1n szil\u00e1rdan kitartott, \u00e9s mindig \u00fajj\u00e1\u00e9p\u00edtett\u00e9k, amikor megs\u00e9r\u00fclt, de a 21. sz\u00e1zadra a kop\u00e1s megviselte szerkezeti integrit\u00e1s\u00e1t. A magyar korm\u00e1ny felismerte, hogy ezt a t\u00f6rt\u00e9nelmi gy\u00f6ngyszemet meg kell \u0151rizni a j\u00f6v\u0151 gener\u00e1ci\u00f3i sz\u00e1m\u00e1ra, \u00e9s ambici\u00f3zus fel\u00faj\u00edt\u00e1si projektbe kezdett.<\/span><\/p>\n<p><img decoding=\"async\" class=\"alignnone size-large wp-image-2038\" src=\"https:\/\/www.todobudapest.com\/wp-content\/uploads\/2023\/08\/funiq-1024x674.jpg\" alt=\"\" width=\"1024\" height=\"674\" srcset=\"https:\/\/www.todobudapest.com\/wp-content\/uploads\/2023\/08\/funiq-1024x674.jpg 1024w, https:\/\/www.todobudapest.com\/wp-content\/uploads\/2023\/08\/funiq-300x198.jpg 300w, https:\/\/www.todobudapest.com\/wp-content\/uploads\/2023\/08\/funiq-768x506.jpg 768w, https:\/\/www.todobudapest.com\/wp-content\/uploads\/2023\/08\/funiq-1536x1012.jpg 1536w, https:\/\/www.todobudapest.com\/wp-content\/uploads\/2023\/08\/funiq-600x395.jpg 600w, https:\/\/www.todobudapest.com\/wp-content\/uploads\/2023\/08\/funiq.jpg 1640w\" sizes=\"(max-width: 1024px) 100vw, 1024px\" \/><\/p>\n<p><span style=\"font-weight: 400;\">source- funiq<\/span><\/p>\n<p><span style=\"font-weight: 400;\">A L\u00e1nch\u00edd k\u00f6zelm\u00faltbeli fel\u00faj\u00edt\u00e1sa egy apr\u00f3l\u00e9kos folyamat volt, melynek c\u00e9lja a modern m\u00e9rn\u00f6ki technik\u00e1k be\u00e9p\u00edt\u00e9se mellett a hiteless\u00e9g meg\u0151rz\u00e9se volt. A projekt sor\u00e1n a h\u00edd egyes r\u00e9szeit gondosan lebontott\u00e1k, kicser\u00e9lt\u00e9k a korrod\u00e1lt elemeket \u00e9s meger\u0151s\u00edtett\u00e9k a teljes szerkezet\u00e9t. A restaur\u00e1tor csapat elk\u00f6telezetts\u00e9ge a h\u00edd eredeti terv\u00e9nek meg\u0151rz\u00e9se mellett nyilv\u00e1nval\u00f3 volt a bonyolult r\u00e9szletek \u00fajraalkot\u00e1s\u00e1ra ir\u00e1nyul\u00f3 er\u0151fesz\u00edt\u00e9seikben, biztos\u00edtva, hogy az oroszl\u00e1nok \u00e9s a d\u00edsz\u00edt\u0151elemek meg\u0151rizz\u00e9k t\u00f6rt\u00e9nelmi jelent\u0151s\u00e9g\u00fcket.<\/span><\/p>\n<p><img decoding=\"async\" class=\"alignnone size-full wp-image-2044\" src=\"https:\/\/www.todobudapest.com\/wp-content\/uploads\/2023\/08\/portfolio1.jpg\" alt=\"\" width=\"744\" height=\"414\" srcset=\"https:\/\/www.todobudapest.com\/wp-content\/uploads\/2023\/08\/portfolio1.jpg 744w, https:\/\/www.todobudapest.com\/wp-content\/uploads\/2023\/08\/portfolio1-300x167.jpg 300w, https:\/\/www.todobudapest.com\/wp-content\/uploads\/2023\/08\/portfolio1-600x334.jpg 600w\" sizes=\"(max-width: 744px) 100vw, 744px\" \/><\/p>\n<p><span style=\"font-weight: 400;\">source- portfolio<\/span><\/p>\n<p><span style=\"font-weight: 400;\">A fel\u00faj\u00edt\u00e1s nem csup\u00e1n a fizikai szerkezet helyre\u00e1ll\u00edt\u00e1s\u00e1t jelentette, hanem a h\u00edd v\u00e1ros \u00e9let\u00e9ben bet\u00f6lt\u00f6tt szerep\u00e9nek felfriss\u00edt\u00e9s\u00e9t. A h\u00edd \u00fajb\u00f3li megnyit\u00e1s\u00e1val ism\u00e9t a helyiek \u00e9s a turist\u00e1k f\u00f3kuszpontj\u00e1v\u00e1 v\u00e1lt, ahol s\u00e9t\u00e1lhatnak, megcsod\u00e1lhatj\u00e1k a kil\u00e1t\u00e1st, \u00e9s \u00e9rt\u00e9kelhetik a h\u00edd id\u0151tlen sz\u00e9ps\u00e9g\u00e9t. A hidat jelenleg j\u00e1rm\u0171vek nem haszn\u00e1lhatj\u00e1k, csak helyi t\u00f6megk\u00f6zleked\u00e9s j\u00e1rm\u0171vei, taxik \u00e9s ker\u00e9kp\u00e1rosok.<\/span><\/p>\n<p><img decoding=\"async\" class=\"alignnone size-large wp-image-2042\" src=\"https:\/\/www.todobudapest.com\/wp-content\/uploads\/2023\/08\/portfolio-1024x683.jpg\" alt=\"\" width=\"1024\" height=\"683\" srcset=\"https:\/\/www.todobudapest.com\/wp-content\/uploads\/2023\/08\/portfolio-1024x683.jpg 1024w, https:\/\/www.todobudapest.com\/wp-content\/uploads\/2023\/08\/portfolio-300x200.jpg 300w, https:\/\/www.todobudapest.com\/wp-content\/uploads\/2023\/08\/portfolio-768x512.jpg 768w, https:\/\/www.todobudapest.com\/wp-content\/uploads\/2023\/08\/portfolio-600x400.jpg 600w, https:\/\/www.todobudapest.com\/wp-content\/uploads\/2023\/08\/portfolio.jpg 1200w\" sizes=\"(max-width: 1024px) 100vw, 1024px\" \/><\/p>\n<p><span style=\"font-weight: 400;\">source- portfolio<\/span><\/p>\n<p><span style=\"font-weight: 400;\">A budapesti L\u00e1nch\u00edd t\u00f6bb mint puszta \u00e9p\u00edt\u00e9szeti csoda; egy olyan v\u00e1ros szellem\u00e9t testes\u00edti meg, amely ki\u00e1llta a kih\u00edv\u00e1sokat, \u00e9s minden alkalommal er\u0151sebb\u00e9 v\u00e1lt. Eredete, mint az \u00f6sszekapcsolhat\u00f3s\u00e1g v\u00edzi\u00f3ja, az id\u0151vel dacol\u00f3 \u00e9p\u00edt\u00e9szeti pomp\u00e1ja \u00e9s a k\u00f6zelm\u00faltbeli fel\u00faj\u00edt\u00e1s, amely \u00faj \u00e9letet lehelt az elhaszn\u00e1l\u00f3dott von\u00e1saiba, egy olyan narrat\u00edv\u00e1t alkot, amely Budapest t\u00f6rt\u00e9nelmi nagys\u00e1g\u00e1r\u00f3l \u00e9s modern renesz\u00e1nsz\u00e1r\u00f3l sz\u00f3l. Ahogy a l\u00e1togat\u00f3k \u00e9s a lak\u00f3k egyar\u00e1nt \u00e1thaladnak ezen az ikonikus h\u00eddon, \u00e9l\u0151 t\u00f6rt\u00e9nelm\u00e9nek r\u00e9sz\u00e9v\u00e9 v\u00e1lnak, \u00f6sszekapcsol\u00f3dnak a m\u00falttal \u00e9s \u00e1t\u00f6lelve a j\u00f6v\u0151t.<\/span><\/p>\n<p><img decoding=\"async\" class=\"alignnone size-full wp-image-2034\" src=\"https:\/\/www.todobudapest.com\/wp-content\/uploads\/2023\/08\/bkk.jpg\" alt=\"\" width=\"950\" height=\"594\" srcset=\"https:\/\/www.todobudapest.com\/wp-content\/uploads\/2023\/08\/bkk.jpg 950w, https:\/\/www.todobudapest.com\/wp-content\/uploads\/2023\/08\/bkk-300x188.jpg 300w, https:\/\/www.todobudapest.com\/wp-content\/uploads\/2023\/08\/bkk-768x480.jpg 768w, https:\/\/www.todobudapest.com\/wp-content\/uploads\/2023\/08\/bkk-600x375.jpg 600w\" sizes=\"(max-width: 950px) 100vw, 950px\" \/><\/p>\n<p><span style=\"font-weight: 400;\">source- BKK<\/span><\/p>\n","protected":false},"excerpt":{"rendered":"<p>Sz\u00e9chenyi L\u00e1nch\u00edd \u2013 a t\u00f6rt\u00e9nelmi nagys\u00e1g \u00e9s a modern renesz\u00e1nsz szimb\u00f3luma A leny\u0171g\u00f6z\u0151 budapesti panor\u00e1ma k\u00f6zepette megb\u00fav\u00f3 L\u00e1nch\u00edd a v\u00e1ros gazdag t\u00f6rt\u00e9nelm\u00e9nek, \u00e9p\u00edt\u00e9szeti k\u00fcl\u00f6nlegess\u00e9g\u00e9nek \u00e9s ellen\u00e1ll\u00f3 k\u00e9pess\u00e9g\u00e9nek ikonikus bizony\u00edt\u00e9ka. Ez a t\u00f6rt\u00e9nelmi h\u00edd, hivatalos nev\u00e9n Sz\u00e9chenyi L\u00e1nch\u00edd, l\u00e9tfontoss\u00e1g\u00fa kapocsk\u00e9nt szolg\u00e1l a v\u00e1ros k\u00e9t fele, Buda \u00e9s Pest k\u00f6z\u00f6tt, a Dun\u00e1t \u00e1tszelve. Eredete, \u00e9p\u00edt\u00e9szeti csod\u00e1ja \u00e9s [&hellip;]<\/p>\n","protected":false},"author":1,"featured_media":2037,"comment_status":"closed","ping_status":"closed","sticky":false,"template":"","format":"standard","meta":{"footnotes":""},"categories":[16],"tags":[],"class_list":["post-2049","post","type-post","status-publish","format-standard","has-post-thumbnail","hentry","category-uncategorized-hu"],"acf":[],"yoast_head":"<!-- This site is optimized with the Yoast SEO plugin v20.3 - https:\/\/yoast.com\/wordpress\/plugins\/seo\/ -->\n<title>Sz\u00e9chenyi L\u00e1nch\u00edd - To Do Budapest<\/title>\n<meta name=\"robots\" content=\"index, follow, max-snippet:-1, max-image-preview:large, max-video-preview:-1\" \/>\n<link rel=\"canonical\" href=\"https:\/\/www.todobudapest.com\/hu\/szechenyi-lanchid\/\" \/>\n<meta property=\"og:locale\" content=\"hu_HU\" \/>\n<meta property=\"og:type\" content=\"article\" \/>\n<meta property=\"og:title\" content=\"Sz\u00e9chenyi L\u00e1nch\u00edd - To Do Budapest\" \/>\n<meta property=\"og:description\" content=\"Sz\u00e9chenyi L\u00e1nch\u00edd \u2013 a t\u00f6rt\u00e9nelmi nagys\u00e1g \u00e9s a modern renesz\u00e1nsz szimb\u00f3luma A leny\u0171g\u00f6z\u0151 budapesti panor\u00e1ma k\u00f6zepette megb\u00fav\u00f3 L\u00e1nch\u00edd a v\u00e1ros gazdag t\u00f6rt\u00e9nelm\u00e9nek, \u00e9p\u00edt\u00e9szeti k\u00fcl\u00f6nlegess\u00e9g\u00e9nek \u00e9s ellen\u00e1ll\u00f3 k\u00e9pess\u00e9g\u00e9nek ikonikus bizony\u00edt\u00e9ka. Ez a t\u00f6rt\u00e9nelmi h\u00edd, hivatalos nev\u00e9n Sz\u00e9chenyi L\u00e1nch\u00edd, l\u00e9tfontoss\u00e1g\u00fa kapocsk\u00e9nt szolg\u00e1l a v\u00e1ros k\u00e9t fele, Buda \u00e9s Pest k\u00f6z\u00f6tt, a Dun\u00e1t \u00e1tszelve. Eredete, \u00e9p\u00edt\u00e9szeti csod\u00e1ja \u00e9s [&hellip;]\" \/>\n<meta property=\"og:url\" content=\"https:\/\/www.todobudapest.com\/hu\/szechenyi-lanchid\/\" \/>\n<meta property=\"og:site_name\" content=\"To Do Budapest\" \/>\n<meta property=\"article:published_time\" content=\"2023-08-25T13:49:52+00:00\" \/>\n<meta property=\"article:modified_time\" content=\"2023-09-05T11:53:28+00:00\" \/>\n<meta property=\"og:image\" content=\"https:\/\/www.todobudapest.com\/wp-content\/uploads\/2023\/08\/BORITO-tourcounsel.jpg\" \/>\n\t<meta property=\"og:image:width\" content=\"1728\" \/>\n\t<meta property=\"og:image:height\" content=\"1080\" \/>\n\t<meta property=\"og:image:type\" content=\"image\/jpeg\" \/>\n<meta name=\"author\" content=\"todoadmin\" \/>\n<meta name=\"twitter:card\" content=\"summary_large_image\" \/>\n<meta name=\"twitter:label1\" content=\"Szerz\u0151:\" \/>\n\t<meta name=\"twitter:data1\" content=\"todoadmin\" \/>\n\t<meta name=\"twitter:label2\" content=\"Becs\u00fclt olvas\u00e1si id\u0151\" \/>\n\t<meta name=\"twitter:data2\" content=\"5 perc\" \/>\n<script type=\"application\/ld+json\" class=\"yoast-schema-graph\">{\"@context\":\"https:\/\/schema.org\",\"@graph\":[{\"@type\":\"WebPage\",\"@id\":\"https:\/\/www.todobudapest.com\/hu\/szechenyi-lanchid\/\",\"url\":\"https:\/\/www.todobudapest.com\/hu\/szechenyi-lanchid\/\",\"name\":\"Sz\u00e9chenyi L\u00e1nch\u00edd - To Do Budapest\",\"isPartOf\":{\"@id\":\"https:\/\/www.todobudapest.com\/#website\"},\"datePublished\":\"2023-08-25T13:49:52+00:00\",\"dateModified\":\"2023-09-05T11:53:28+00:00\",\"author\":{\"@id\":\"https:\/\/www.todobudapest.com\/#\/schema\/person\/de4e8287b713a319b6f46d729747d3eb\"},\"breadcrumb\":{\"@id\":\"https:\/\/www.todobudapest.com\/hu\/szechenyi-lanchid\/#breadcrumb\"},\"inLanguage\":\"hu\",\"potentialAction\":[{\"@type\":\"ReadAction\",\"target\":[\"https:\/\/www.todobudapest.com\/hu\/szechenyi-lanchid\/\"]}]},{\"@type\":\"BreadcrumbList\",\"@id\":\"https:\/\/www.todobudapest.com\/hu\/szechenyi-lanchid\/#breadcrumb\",\"itemListElement\":[{\"@type\":\"ListItem\",\"position\":1,\"name\":\"Home\",\"item\":\"https:\/\/www.todobudapest.com\/hu\/\"},{\"@type\":\"ListItem\",\"position\":2,\"name\":\"Sz\u00e9chenyi L\u00e1nch\u00edd\"}]},{\"@type\":\"WebSite\",\"@id\":\"https:\/\/www.todobudapest.com\/#website\",\"url\":\"https:\/\/www.todobudapest.com\/\",\"name\":\"To Do Budapest\",\"description\":\"\",\"potentialAction\":[{\"@type\":\"SearchAction\",\"target\":{\"@type\":\"EntryPoint\",\"urlTemplate\":\"https:\/\/www.todobudapest.com\/?s={search_term_string}\"},\"query-input\":\"required name=search_term_string\"}],\"inLanguage\":\"hu\"},{\"@type\":\"Person\",\"@id\":\"https:\/\/www.todobudapest.com\/#\/schema\/person\/de4e8287b713a319b6f46d729747d3eb\",\"name\":\"todoadmin\",\"image\":{\"@type\":\"ImageObject\",\"inLanguage\":\"hu\",\"@id\":\"https:\/\/www.todobudapest.com\/#\/schema\/person\/image\/\",\"url\":\"https:\/\/secure.gravatar.com\/avatar\/c7b35cdf2ecbcae38ae3cea42de138be68173a0ac75ca4799c2374ddcf1af4da?s=96&d=mm&r=g\",\"contentUrl\":\"https:\/\/secure.gravatar.com\/avatar\/c7b35cdf2ecbcae38ae3cea42de138be68173a0ac75ca4799c2374ddcf1af4da?s=96&d=mm&r=g\",\"caption\":\"todoadmin\"},\"sameAs\":[\"http:\/\/local.todobudapest.com\"],\"url\":\"https:\/\/www.todobudapest.com\/hu\/author\/todoadmin\/\"}]}<\/script>\n<!-- \/ Yoast SEO plugin. -->","yoast_head_json":{"title":"Sz\u00e9chenyi L\u00e1nch\u00edd - To Do Budapest","robots":{"index":"index","follow":"follow","max-snippet":"max-snippet:-1","max-image-preview":"max-image-preview:large","max-video-preview":"max-video-preview:-1"},"canonical":"https:\/\/www.todobudapest.com\/hu\/szechenyi-lanchid\/","og_locale":"hu_HU","og_type":"article","og_title":"Sz\u00e9chenyi L\u00e1nch\u00edd - To Do Budapest","og_description":"Sz\u00e9chenyi L\u00e1nch\u00edd \u2013 a t\u00f6rt\u00e9nelmi nagys\u00e1g \u00e9s a modern renesz\u00e1nsz szimb\u00f3luma A leny\u0171g\u00f6z\u0151 budapesti panor\u00e1ma k\u00f6zepette megb\u00fav\u00f3 L\u00e1nch\u00edd a v\u00e1ros gazdag t\u00f6rt\u00e9nelm\u00e9nek, \u00e9p\u00edt\u00e9szeti k\u00fcl\u00f6nlegess\u00e9g\u00e9nek \u00e9s ellen\u00e1ll\u00f3 k\u00e9pess\u00e9g\u00e9nek ikonikus bizony\u00edt\u00e9ka. Ez a t\u00f6rt\u00e9nelmi h\u00edd, hivatalos nev\u00e9n Sz\u00e9chenyi L\u00e1nch\u00edd, l\u00e9tfontoss\u00e1g\u00fa kapocsk\u00e9nt szolg\u00e1l a v\u00e1ros k\u00e9t fele, Buda \u00e9s Pest k\u00f6z\u00f6tt, a Dun\u00e1t \u00e1tszelve. Eredete, \u00e9p\u00edt\u00e9szeti csod\u00e1ja \u00e9s [&hellip;]","og_url":"https:\/\/www.todobudapest.com\/hu\/szechenyi-lanchid\/","og_site_name":"To Do Budapest","article_published_time":"2023-08-25T13:49:52+00:00","article_modified_time":"2023-09-05T11:53:28+00:00","og_image":[{"width":1728,"height":1080,"url":"https:\/\/www.todobudapest.com\/wp-content\/uploads\/2023\/08\/BORITO-tourcounsel.jpg","type":"image\/jpeg"}],"author":"todoadmin","twitter_card":"summary_large_image","twitter_misc":{"Szerz\u0151:":"todoadmin","Becs\u00fclt olvas\u00e1si id\u0151":"5 perc"},"schema":{"@context":"https:\/\/schema.org","@graph":[{"@type":"WebPage","@id":"https:\/\/www.todobudapest.com\/hu\/szechenyi-lanchid\/","url":"https:\/\/www.todobudapest.com\/hu\/szechenyi-lanchid\/","name":"Sz\u00e9chenyi L\u00e1nch\u00edd - To Do Budapest","isPartOf":{"@id":"https:\/\/www.todobudapest.com\/#website"},"datePublished":"2023-08-25T13:49:52+00:00","dateModified":"2023-09-05T11:53:28+00:00","author":{"@id":"https:\/\/www.todobudapest.com\/#\/schema\/person\/de4e8287b713a319b6f46d729747d3eb"},"breadcrumb":{"@id":"https:\/\/www.todobudapest.com\/hu\/szechenyi-lanchid\/#breadcrumb"},"inLanguage":"hu","potentialAction":[{"@type":"ReadAction","target":["https:\/\/www.todobudapest.com\/hu\/szechenyi-lanchid\/"]}]},{"@type":"BreadcrumbList","@id":"https:\/\/www.todobudapest.com\/hu\/szechenyi-lanchid\/#breadcrumb","itemListElement":[{"@type":"ListItem","position":1,"name":"Home","item":"https:\/\/www.todobudapest.com\/hu\/"},{"@type":"ListItem","position":2,"name":"Sz\u00e9chenyi L\u00e1nch\u00edd"}]},{"@type":"WebSite","@id":"https:\/\/www.todobudapest.com\/#website","url":"https:\/\/www.todobudapest.com\/","name":"To Do Budapest","description":"","potentialAction":[{"@type":"SearchAction","target":{"@type":"EntryPoint","urlTemplate":"https:\/\/www.todobudapest.com\/?s={search_term_string}"},"query-input":"required name=search_term_string"}],"inLanguage":"hu"},{"@type":"Person","@id":"https:\/\/www.todobudapest.com\/#\/schema\/person\/de4e8287b713a319b6f46d729747d3eb","name":"todoadmin","image":{"@type":"ImageObject","inLanguage":"hu","@id":"https:\/\/www.todobudapest.com\/#\/schema\/person\/image\/","url":"https:\/\/secure.gravatar.com\/avatar\/c7b35cdf2ecbcae38ae3cea42de138be68173a0ac75ca4799c2374ddcf1af4da?s=96&d=mm&r=g","contentUrl":"https:\/\/secure.gravatar.com\/avatar\/c7b35cdf2ecbcae38ae3cea42de138be68173a0ac75ca4799c2374ddcf1af4da?s=96&d=mm&r=g","caption":"todoadmin"},"sameAs":["http:\/\/local.todobudapest.com"],"url":"https:\/\/www.todobudapest.com\/hu\/author\/todoadmin\/"}]}},"_links":{"self":[{"href":"https:\/\/www.todobudapest.com\/hu\/wp-json\/wp\/v2\/posts\/2049","targetHints":{"allow":["GET"]}}],"collection":[{"href":"https:\/\/www.todobudapest.com\/hu\/wp-json\/wp\/v2\/posts"}],"about":[{"href":"https:\/\/www.todobudapest.com\/hu\/wp-json\/wp\/v2\/types\/post"}],"author":[{"embeddable":true,"href":"https:\/\/www.todobudapest.com\/hu\/wp-json\/wp\/v2\/users\/1"}],"replies":[{"embeddable":true,"href":"https:\/\/www.todobudapest.com\/hu\/wp-json\/wp\/v2\/comments?post=2049"}],"version-history":[{"count":2,"href":"https:\/\/www.todobudapest.com\/hu\/wp-json\/wp\/v2\/posts\/2049\/revisions"}],"predecessor-version":[{"id":2051,"href":"https:\/\/www.todobudapest.com\/hu\/wp-json\/wp\/v2\/posts\/2049\/revisions\/2051"}],"wp:featuredmedia":[{"embeddable":true,"href":"https:\/\/www.todobudapest.com\/hu\/wp-json\/wp\/v2\/media\/2037"}],"wp:attachment":[{"href":"https:\/\/www.todobudapest.com\/hu\/wp-json\/wp\/v2\/media?parent=2049"}],"wp:term":[{"taxonomy":"category","embeddable":true,"href":"https:\/\/www.todobudapest.com\/hu\/wp-json\/wp\/v2\/categories?post=2049"},{"taxonomy":"post_tag","embeddable":true,"href":"https:\/\/www.todobudapest.com\/hu\/wp-json\/wp\/v2\/tags?post=2049"}],"curies":[{"name":"wp","href":"https:\/\/api.w.org\/{rel}","templated":true}]}}