{"id":1994,"date":"2023-07-17T19:48:10","date_gmt":"2023-07-17T17:48:10","guid":{"rendered":"https:\/\/www.todobudapest.com\/exploring-the-majestic-hungarian-parliament-building-budapests-architectural-gem\/"},"modified":"2023-09-05T13:53:31","modified_gmt":"2023-09-05T11:53:31","slug":"orszaghaz-epuletenek-felfedezese","status":"publish","type":"post","link":"https:\/\/www.todobudapest.com\/hu\/orszaghaz-epuletenek-felfedezese\/","title":{"rendered":"Az Orsz\u00e1gh\u00e1z \u00e9p\u00fclet\u00e9nek felfedez\u00e9se: Budapest \u00e9p\u00edt\u00e9szeti gy\u00f6ngyszeme, a Parlament"},"content":{"rendered":"<p><span style=\"font-weight: 400;\">Budapest utc\u00e1it j\u00e1rva minden sarkon \u00e9p\u00edt\u00e9szeti pompa v\u00e1r r\u00e1nk. Az egyik ilyen remekm\u0171, amely a vil\u00e1g minden t\u00e1j\u00e1r\u00f3l \u00e9rkez\u0151 l\u00e1togat\u00f3kat megbabon\u00e1zza, a Parlament \u00e9p\u00fclete. Az Orsz\u00e1gh\u00e1z sz\u00e1mos \u00e9p\u00edt\u00e9szeti csod\u00e1ja k\u00f6z\u00f6tt a nemzeti b\u00fcszkes\u00e9g szimb\u00f3lumak\u00e9nt \u00e9s Magyarorsz\u00e1g nagys\u00e1g\u00e1nak megtestes\u00edt\u0151jek\u00e9nt \u00e1ll. Csatlakozz hozz\u00e1nk, mik\u00f6zben elm\u00e9ly\u00fcl\u00fcnk ennek az ikonikus nevezetess\u00e9gnek a lebilincsel\u0151 t\u00f6rt\u00e9nelm\u00e9ben, csod\u00e1latos diz\u00e1jnj\u00e1ban \u00e9s figyelemre m\u00e9lt\u00f3 jellemz\u0151iben, \u00edgy bepillant\u00e1st ny\u00fajtva Budapest gazdag kultur\u00e1lis \u00f6r\u00f6ks\u00e9g\u00e9be.<\/span><\/p>\n<p><img decoding=\"async\" class=\"alignnone size-large wp-image-1991\" src=\"https:\/\/www.todobudapest.com\/wp-content\/uploads\/2023\/07\/ulysess-travel-1024x768.jpg\" alt=\"\" width=\"1024\" height=\"768\" srcset=\"https:\/\/www.todobudapest.com\/wp-content\/uploads\/2023\/07\/ulysess-travel-1024x768.jpg 1024w, https:\/\/www.todobudapest.com\/wp-content\/uploads\/2023\/07\/ulysess-travel-300x225.jpg 300w, https:\/\/www.todobudapest.com\/wp-content\/uploads\/2023\/07\/ulysess-travel-768x576.jpg 768w, https:\/\/www.todobudapest.com\/wp-content\/uploads\/2023\/07\/ulysess-travel-600x450.jpg 600w, https:\/\/www.todobudapest.com\/wp-content\/uploads\/2023\/07\/ulysess-travel.jpg 1497w\" sizes=\"(max-width: 1024px) 100vw, 1024px\" \/><\/p>\n<p><span style=\"font-weight: 400;\">source \u2013 Ulysess Travel<\/span><\/p>\n<p><span style=\"font-weight: 400;\">Az \u00e9p\u00fclet t\u00f6rt\u00e9nete<\/span><\/p>\n<p><span style=\"font-weight: 400;\">A Duna-parton elhelyezked\u0151 Parlament \u00e9p\u00fclete Magyarorsz\u00e1g gazdag t\u00f6rt\u00e9nelm\u00e9nek \u00e9s nemzeti b\u00fcszkes\u00e9g\u00e9nek a bizony\u00edt\u00e9ka. Az 1885 \u00e9s 1904 k\u00f6z\u00f6tt \u00e9p\u00fclt Magyar Parlament \u00e9p\u00fclete Magyarorsz\u00e1g m\u00faltj\u00e1nak figyelemre m\u00e9lt\u00f3 bizony\u00edt\u00e9ka. A k\u00f6ztiszteletben \u00e1ll\u00f3 Steindl Imre magyar \u00e9p\u00edt\u00e9sz tervei alapj\u00e1n az Orsz\u00e1ggy\u0171l\u00e9snek k\u00e9sz\u00fclt, az orsz\u00e1g szuverenit\u00e1s\u00e1t \u00e9s demokratikus eszm\u00e9it k\u00e9pviseli. Az \u00e9p\u00fclet \u00e9p\u00edt\u00e9se egybeesett Magyarorsz\u00e1g millenniumi \u00fcnneps\u00e9geivel, tov\u00e1bb er\u0151s\u00edtve szimbolikus jelent\u0151s\u00e9g\u00e9t. Az \u00e9p\u00fclet az \u00e9p\u00edt\u00e9szeti st\u00edlusok z\u00f6kken\u0151mentes kever\u00e9k\u00e9t mutatja be, els\u0151sorban a neog\u00f3tikus st\u00edlust, renesz\u00e1nsz \u00e9s barokk hat\u00e1sokkal.<\/span><\/p>\n<p><img decoding=\"async\" class=\"alignnone size-large wp-image-1987\" src=\"https:\/\/www.todobudapest.com\/wp-content\/uploads\/2023\/07\/franks-travelbox-1024x683.jpg\" alt=\"\" width=\"1024\" height=\"683\" srcset=\"https:\/\/www.todobudapest.com\/wp-content\/uploads\/2023\/07\/franks-travelbox-1024x683.jpg 1024w, https:\/\/www.todobudapest.com\/wp-content\/uploads\/2023\/07\/franks-travelbox-300x200.jpg 300w, https:\/\/www.todobudapest.com\/wp-content\/uploads\/2023\/07\/franks-travelbox-768x512.jpg 768w, https:\/\/www.todobudapest.com\/wp-content\/uploads\/2023\/07\/franks-travelbox-600x400.jpg 600w, https:\/\/www.todobudapest.com\/wp-content\/uploads\/2023\/07\/franks-travelbox.jpg 1200w\" sizes=\"(max-width: 1024px) 100vw, 1024px\" \/><\/p>\n<p><span style=\"font-weight: 400;\">source \u2013 Franks Travelbox<\/span><\/p>\n<p>&nbsp;<\/p>\n<p><span style=\"font-weight: 400;\">\u00c9p\u00edt\u00e9szeti karakteress\u00e9ge\u00a0<\/span><\/p>\n<p><span style=\"font-weight: 400;\">A Parlament \u00e9p\u00fclete leny\u0171g\u00f6z\u0151 homlokzattal b\u00fcszk\u00e9lkedhet, amelyet d\u00edszes r\u00e9szletek \u00e9s r\u00e9szletesen kidolgozott szobrok d\u00edsz\u00edtenek. A 96 m\u00e9teres magass\u00e1gban tornyosul\u00f3 szimmetrikus kialak\u00edt\u00e1sa \u00e9s fens\u00e9ges k\u00f6zponti kupola uralja a v\u00e1ros l\u00e1tk\u00e9p\u00e9t. A k\u00fcls\u0151 sz\u00e1mtalan tornyot, bolt\u00edvet \u00e9s v\u00edzk\u00f6p\u0151t tartalmaz, amelyek vizu\u00e1lisan leny\u0171g\u00f6z\u0151 panor\u00e1m\u00e1t hoznak l\u00e9tre. Az \u00e9p\u00fclet t\u00f6bb mint 40 milli\u00f3 cser\u00e9ppel \u00e9p\u00edtett v\u00f6r\u00f6s cser\u00e9ptet\u0151je az \u00e9p\u00fclet elragad\u00f3 var\u00e1zs\u00e1t m\u00e9g magasabb szintre emeli. L\u00e9legzetel\u00e1ll\u00edt\u00f3 homlokzata sz\u00e1mos tornyot, bolt\u00edvet \u00e9s d\u00edsz\u00edt\u0151 dekor\u00e1ci\u00f3t tartalmaz, amelyeket a r\u00e9szletekre val\u00f3 odafigyel\u00e9ssel k\u00e9sz\u00edtettek.<\/span><\/p>\n<p><img decoding=\"async\" class=\"alignnone size-full wp-image-1985\" src=\"https:\/\/www.todobudapest.com\/wp-content\/uploads\/2023\/07\/dynamic-tours.jpg\" alt=\"\" width=\"1024\" height=\"683\" srcset=\"https:\/\/www.todobudapest.com\/wp-content\/uploads\/2023\/07\/dynamic-tours.jpg 1024w, https:\/\/www.todobudapest.com\/wp-content\/uploads\/2023\/07\/dynamic-tours-300x200.jpg 300w, https:\/\/www.todobudapest.com\/wp-content\/uploads\/2023\/07\/dynamic-tours-768x512.jpg 768w, https:\/\/www.todobudapest.com\/wp-content\/uploads\/2023\/07\/dynamic-tours-600x400.jpg 600w\" sizes=\"(max-width: 1024px) 100vw, 1024px\" \/><\/p>\n<p><span style=\"font-weight: 400;\">Source \u2013 Dynamic Tours<\/span><\/p>\n<p><span style=\"font-weight: 400;\">L\u00e1tnival\u00f3k a Parlamentben<\/span><\/p>\n<p><span style=\"font-weight: 400;\">Ha bemer\u00e9szked\u00fcnk a Parlament \u00e9p\u00fclet\u00e9be, a p\u00e1ratlan gazdags\u00e1g \u00e9s \u00e9p\u00edt\u00e9szeti mesterek vil\u00e1ga t\u00e1rul el\u00e9nk. A bels\u0151 teret pazar anyagok d\u00edsz\u00edtik, k\u00f6zt\u00fck m\u00e1rv\u00e1nyoszlopok, aranyozott r\u00e9szletek, hatalmas l\u00e9pcs\u0151k \u00e9s ig\u00e9nyes csill\u00e1rok. Minden l\u00e1togat\u00e1s f\u00e9nypontja a Magyar Szent Korona, az orsz\u00e1g szuverenit\u00e1s\u00e1nak elengedhetetlen szimb\u00f3luma, amelyet a k\u00f6zponti kupol\u00e1ban \u0151riznek. A parlamenti kamar\u00e1k \u00e9s termek r\u00e9szletes kivitelez\u00e9se \u00e9s bonyolult kialak\u00edt\u00e1sa \u00e1mulatba ejti a l\u00e1togat\u00f3kat.<\/span><\/p>\n<p><img decoding=\"async\" class=\"alignnone size-full wp-image-1983\" src=\"https:\/\/www.todobudapest.com\/wp-content\/uploads\/2023\/07\/chekoutsam.jpg\" alt=\"\" width=\"860\" height=\"650\" srcset=\"https:\/\/www.todobudapest.com\/wp-content\/uploads\/2023\/07\/chekoutsam.jpg 860w, https:\/\/www.todobudapest.com\/wp-content\/uploads\/2023\/07\/chekoutsam-300x227.jpg 300w, https:\/\/www.todobudapest.com\/wp-content\/uploads\/2023\/07\/chekoutsam-768x580.jpg 768w, https:\/\/www.todobudapest.com\/wp-content\/uploads\/2023\/07\/chekoutsam-600x453.jpg 600w\" sizes=\"(max-width: 860px) 100vw, 860px\" \/><\/p>\n<p><span style=\"font-weight: 400;\">source \u2013 Check out Sam<\/span><\/p>\n<p><span style=\"font-weight: 400;\">Vezetett t\u00far\u00e1k<\/span><\/p>\n<p><span style=\"font-weight: 400;\">Hogy teljes m\u00e9rt\u00e9kben \u00e9rt\u00e9kelje a Parlament \u00e9p\u00fclet\u00e9t, indulj el egy vezetett t\u00far\u00e1ra, amely felt\u00e1rja t\u00f6rt\u00e9nelmi jelent\u0151s\u00e9g\u00e9t \u00e9s \u00e9p\u00edt\u00e9szeti pomp\u00e1j\u00e1t. A hozz\u00e1\u00e9rt\u0151 \u00fatmutat\u00f3k leny\u0171g\u00f6z\u0151 betekint\u00e9st ny\u00fajtanak az \u00e9p\u00fclet m\u00faltj\u00e1ba \u00e9s a magyar politik\u00e1ban bet\u00f6lt\u00f6tt szerep\u00e9be. Fedezze fel a k\u00e9pvisel\u0151h\u00e1zi \u00fcl\u00e9stermet, ahol fontos vit\u00e1k zajlanak, \u00e9s gy\u00f6ny\u00f6rk\u00f6dj\u00f6n a Kupolacsarnok fens\u00e9ges sz\u00e9ps\u00e9g\u00e9ben. Emellett a L\u00e1togat\u00f3k\u00f6zpont ki\u00e1ll\u00edt\u00e1sokat \u00e9s multim\u00e9di\u00e1s el\u0151ad\u00e1sokat is k\u00edn\u00e1l, amelyek elm\u00e9ly\u00edtik a magyar t\u00f6rt\u00e9nelem \u00e9s a demokr\u00e1cia meg\u00e9rt\u00e9s\u00e9t.<\/span><\/p>\n<p><span style=\"font-weight: 400;\">Egy m\u00e1sik egyed\u00fcl\u00e1ll\u00f3 m\u00f3dja annak, hogy megcsod\u00e1lhassuk ezt az \u00e9p\u00fcletet, ha haj\u00f3ra pattanunk, \u00e9s \u00e9lvezz\u00fck a fest\u0151i kil\u00e1t\u00e1st a Dun\u00e1r\u00f3l. Budapesten sz\u00e1mos k\u00fcl\u00f6nf\u00e9le haj\u00f3t\u00fara k\u00f6z\u00fcl v\u00e1laszthatunk, de egy dolog mindig garant\u00e1lt lesz: a magyar f\u0151v\u00e1ros leny\u0171g\u00f6z\u0151 panor\u00e1m\u00e1ja. <\/span><b><a href=\"https:\/\/www.todobudapest.com\/todo-category\/river-cruise-tours\/\">Vedd meg a jegyed itt<\/a> \u00e9s \u00e9lvezd Budapestet a Duna fel\u0151l!<\/b><\/p>\n<p><img decoding=\"async\" class=\"alignnone size-large wp-image-1989\" src=\"https:\/\/www.todobudapest.com\/wp-content\/uploads\/2023\/07\/klook-1024x538.jpg\" alt=\"\" width=\"1024\" height=\"538\" srcset=\"https:\/\/www.todobudapest.com\/wp-content\/uploads\/2023\/07\/klook-1024x538.jpg 1024w, https:\/\/www.todobudapest.com\/wp-content\/uploads\/2023\/07\/klook-300x158.jpg 300w, https:\/\/www.todobudapest.com\/wp-content\/uploads\/2023\/07\/klook-768x403.jpg 768w, https:\/\/www.todobudapest.com\/wp-content\/uploads\/2023\/07\/klook-600x315.jpg 600w, https:\/\/www.todobudapest.com\/wp-content\/uploads\/2023\/07\/klook.jpg 1200w\" sizes=\"(max-width: 1024px) 100vw, 1024px\" \/><\/p>\n<p><span style=\"font-weight: 400;\">Source \u2013 klook<\/span><\/p>\n<p><span style=\"font-weight: 400;\">Az Orsz\u00e1gh\u00e1z k\u00f6rny\u00e9ke<\/span><\/p>\n<p><span style=\"font-weight: 400;\">A Parlament \u00e9p\u00fclete strat\u00e9giai helyen tal\u00e1lhat\u00f3, l\u00e9legzetel\u00e1ll\u00edt\u00f3 kil\u00e1t\u00e1st ny\u00fajt Budapest fest\u0151i t\u00e1jaira. T\u00e9gy egy kellemes s\u00e9t\u00e1t a Duna-parti s\u00e9t\u00e1nyon, \u00e9s k\u00e9sz\u00edts k\u00e9peslap \u00e9rt\u00e9k\u0171 fot\u00f3kat az \u00e9p\u00fclet megvil\u00e1g\u00edtott homlokzat\u00e1r\u00f3l, amely a foly\u00f3ban t\u00fckr\u00f6z\u0151dik. A k\u00f6zelben tal\u00e1lhat\u00f3 a var\u00e1zslatos Cip\u0151k a Duna-parton eml\u00e9km\u0171, amely a m\u00e1sodik vil\u00e1gh\u00e1bor\u00fa \u00e1ldozatai el\u0151tt tiszteleg.<\/span><\/p>\n<p><span style=\"font-weight: 400;\">A Kossuth Lajos t\u00e9ren tal\u00e1lhat\u00f3 a Parlament \u00e9p\u00fclete, melyet szint\u00e9n leny\u0171g\u00f6z\u0151 \u00e9p\u00fcletek vesznek k\u00f6r\u00fcl. A Parlament k\u00f6r\u00fcli t\u00e1gas t\u00e9r t\u00f6k\u00e9letes a v\u00e1rosra ny\u00edl\u00f3 leny\u0171g\u00f6z\u0151 kil\u00e1t\u00e1s \u00e9lvezet\u00e9hez!<\/span><\/p>\n<p><img decoding=\"async\" class=\"alignnone size-full wp-image-1981\" src=\"https:\/\/www.todobudapest.com\/wp-content\/uploads\/2023\/07\/BUDNEWS.jpg\" alt=\"\" width=\"914\" height=\"514\" srcset=\"https:\/\/www.todobudapest.com\/wp-content\/uploads\/2023\/07\/BUDNEWS.jpg 914w, https:\/\/www.todobudapest.com\/wp-content\/uploads\/2023\/07\/BUDNEWS-300x169.jpg 300w, https:\/\/www.todobudapest.com\/wp-content\/uploads\/2023\/07\/BUDNEWS-768x432.jpg 768w, https:\/\/www.todobudapest.com\/wp-content\/uploads\/2023\/07\/BUDNEWS-600x337.jpg 600w\" sizes=\"(max-width: 914px) 100vw, 914px\" \/><\/p>\n<p><span style=\"font-weight: 400;\">Source &#8211; BudNews<\/span><\/p>\n<p><span style=\"font-weight: 400;\">Budapesti l\u00e1togat\u00e1sunk elengedhetetlen r\u00e9sze a Parlament \u00e9p\u00fclet\u00e9nek felfedez\u00e9se, mely egy leny\u0171g\u00f6z\u0151 \u00e9p\u00edt\u00e9szeti remekm\u0171, amely mag\u00e1ba foglalja Magyarorsz\u00e1g szellem\u00e9t. Mer\u00fclj el gazdag t\u00f6rt\u00e9nelm\u00e9ben \u00e9s gy\u00f6ny\u00f6rk\u00f6dj a falai k\u00f6z\u00f6tt v\u00e1rakoz\u00f3 nagyszer\u0171s\u00e9gben. K\u00e9sz\u00fclj fel arra, hogy elvar\u00e1zsol ennek az ikonikus nevezetess\u00e9gnek a rendk\u00edv\u00fcli sz\u00e9ps\u00e9ge.<\/span><\/p>\n","protected":false},"excerpt":{"rendered":"<p>Budapest utc\u00e1it j\u00e1rva minden sarkon \u00e9p\u00edt\u00e9szeti pompa v\u00e1r r\u00e1nk. Az egyik ilyen remekm\u0171, amely a vil\u00e1g minden t\u00e1j\u00e1r\u00f3l \u00e9rkez\u0151 l\u00e1togat\u00f3kat megbabon\u00e1zza, a Parlament \u00e9p\u00fclete. Az Orsz\u00e1gh\u00e1z sz\u00e1mos \u00e9p\u00edt\u00e9szeti csod\u00e1ja k\u00f6z\u00f6tt a nemzeti b\u00fcszkes\u00e9g szimb\u00f3lumak\u00e9nt \u00e9s Magyarorsz\u00e1g nagys\u00e1g\u00e1nak megtestes\u00edt\u0151jek\u00e9nt \u00e1ll. Csatlakozz hozz\u00e1nk, mik\u00f6zben elm\u00e9ly\u00fcl\u00fcnk ennek az ikonikus nevezetess\u00e9gnek a lebilincsel\u0151 t\u00f6rt\u00e9nelm\u00e9ben, csod\u00e1latos diz\u00e1jnj\u00e1ban \u00e9s figyelemre m\u00e9lt\u00f3 [&hellip;]<\/p>\n","protected":false},"author":1,"featured_media":1988,"comment_status":"closed","ping_status":"closed","sticky":false,"template":"","format":"standard","meta":{"footnotes":""},"categories":[16],"tags":[],"class_list":["post-1994","post","type-post","status-publish","format-standard","has-post-thumbnail","hentry","category-uncategorized-hu"],"acf":[],"yoast_head":"<!-- This site is optimized with the Yoast SEO plugin v20.3 - https:\/\/yoast.com\/wordpress\/plugins\/seo\/ -->\n<title>Az Orsz\u00e1gh\u00e1z \u00e9p\u00fclet\u00e9nek felfedez\u00e9se: Budapest \u00e9p\u00edt\u00e9szeti gy\u00f6ngyszeme, a Parlament - To Do Budapest<\/title>\n<meta name=\"robots\" content=\"index, follow, max-snippet:-1, max-image-preview:large, max-video-preview:-1\" \/>\n<link rel=\"canonical\" href=\"https:\/\/www.todobudapest.com\/hu\/orszaghaz-epuletenek-felfedezese\/\" \/>\n<meta property=\"og:locale\" content=\"hu_HU\" \/>\n<meta property=\"og:type\" content=\"article\" \/>\n<meta property=\"og:title\" content=\"Az Orsz\u00e1gh\u00e1z \u00e9p\u00fclet\u00e9nek felfedez\u00e9se: Budapest \u00e9p\u00edt\u00e9szeti gy\u00f6ngyszeme, a Parlament - To Do Budapest\" \/>\n<meta property=\"og:description\" content=\"Budapest utc\u00e1it j\u00e1rva minden sarkon \u00e9p\u00edt\u00e9szeti pompa v\u00e1r r\u00e1nk. Az egyik ilyen remekm\u0171, amely a vil\u00e1g minden t\u00e1j\u00e1r\u00f3l \u00e9rkez\u0151 l\u00e1togat\u00f3kat megbabon\u00e1zza, a Parlament \u00e9p\u00fclete. Az Orsz\u00e1gh\u00e1z sz\u00e1mos \u00e9p\u00edt\u00e9szeti csod\u00e1ja k\u00f6z\u00f6tt a nemzeti b\u00fcszkes\u00e9g szimb\u00f3lumak\u00e9nt \u00e9s Magyarorsz\u00e1g nagys\u00e1g\u00e1nak megtestes\u00edt\u0151jek\u00e9nt \u00e1ll. Csatlakozz hozz\u00e1nk, mik\u00f6zben elm\u00e9ly\u00fcl\u00fcnk ennek az ikonikus nevezetess\u00e9gnek a lebilincsel\u0151 t\u00f6rt\u00e9nelm\u00e9ben, csod\u00e1latos diz\u00e1jnj\u00e1ban \u00e9s figyelemre m\u00e9lt\u00f3 [&hellip;]\" \/>\n<meta property=\"og:url\" content=\"https:\/\/www.todobudapest.com\/hu\/orszaghaz-epuletenek-felfedezese\/\" \/>\n<meta property=\"og:site_name\" content=\"To Do Budapest\" \/>\n<meta property=\"article:published_time\" content=\"2023-07-17T17:48:10+00:00\" \/>\n<meta property=\"article:modified_time\" content=\"2023-09-05T11:53:31+00:00\" \/>\n<meta property=\"og:image\" content=\"https:\/\/www.todobudapest.com\/wp-content\/uploads\/2023\/07\/franks-travelbox.jpg\" \/>\n\t<meta property=\"og:image:width\" content=\"1200\" \/>\n\t<meta property=\"og:image:height\" content=\"800\" \/>\n\t<meta property=\"og:image:type\" content=\"image\/jpeg\" \/>\n<meta name=\"author\" content=\"todoadmin\" \/>\n<meta name=\"twitter:card\" content=\"summary_large_image\" \/>\n<meta name=\"twitter:label1\" content=\"Szerz\u0151:\" \/>\n\t<meta name=\"twitter:data1\" content=\"todoadmin\" \/>\n\t<meta name=\"twitter:label2\" content=\"Becs\u00fclt olvas\u00e1si id\u0151\" \/>\n\t<meta name=\"twitter:data2\" content=\"4 perc\" \/>\n<script type=\"application\/ld+json\" class=\"yoast-schema-graph\">{\"@context\":\"https:\/\/schema.org\",\"@graph\":[{\"@type\":\"WebPage\",\"@id\":\"https:\/\/www.todobudapest.com\/hu\/orszaghaz-epuletenek-felfedezese\/\",\"url\":\"https:\/\/www.todobudapest.com\/hu\/orszaghaz-epuletenek-felfedezese\/\",\"name\":\"Az Orsz\u00e1gh\u00e1z \u00e9p\u00fclet\u00e9nek felfedez\u00e9se: Budapest \u00e9p\u00edt\u00e9szeti gy\u00f6ngyszeme, a Parlament - To Do Budapest\",\"isPartOf\":{\"@id\":\"https:\/\/www.todobudapest.com\/#website\"},\"datePublished\":\"2023-07-17T17:48:10+00:00\",\"dateModified\":\"2023-09-05T11:53:31+00:00\",\"author\":{\"@id\":\"https:\/\/www.todobudapest.com\/#\/schema\/person\/de4e8287b713a319b6f46d729747d3eb\"},\"breadcrumb\":{\"@id\":\"https:\/\/www.todobudapest.com\/hu\/orszaghaz-epuletenek-felfedezese\/#breadcrumb\"},\"inLanguage\":\"hu\",\"potentialAction\":[{\"@type\":\"ReadAction\",\"target\":[\"https:\/\/www.todobudapest.com\/hu\/orszaghaz-epuletenek-felfedezese\/\"]}]},{\"@type\":\"BreadcrumbList\",\"@id\":\"https:\/\/www.todobudapest.com\/hu\/orszaghaz-epuletenek-felfedezese\/#breadcrumb\",\"itemListElement\":[{\"@type\":\"ListItem\",\"position\":1,\"name\":\"Home\",\"item\":\"https:\/\/www.todobudapest.com\/hu\/\"},{\"@type\":\"ListItem\",\"position\":2,\"name\":\"Az Orsz\u00e1gh\u00e1z \u00e9p\u00fclet\u00e9nek felfedez\u00e9se: Budapest \u00e9p\u00edt\u00e9szeti gy\u00f6ngyszeme, a Parlament\"}]},{\"@type\":\"WebSite\",\"@id\":\"https:\/\/www.todobudapest.com\/#website\",\"url\":\"https:\/\/www.todobudapest.com\/\",\"name\":\"To Do Budapest\",\"description\":\"\",\"potentialAction\":[{\"@type\":\"SearchAction\",\"target\":{\"@type\":\"EntryPoint\",\"urlTemplate\":\"https:\/\/www.todobudapest.com\/?s={search_term_string}\"},\"query-input\":\"required name=search_term_string\"}],\"inLanguage\":\"hu\"},{\"@type\":\"Person\",\"@id\":\"https:\/\/www.todobudapest.com\/#\/schema\/person\/de4e8287b713a319b6f46d729747d3eb\",\"name\":\"todoadmin\",\"image\":{\"@type\":\"ImageObject\",\"inLanguage\":\"hu\",\"@id\":\"https:\/\/www.todobudapest.com\/#\/schema\/person\/image\/\",\"url\":\"https:\/\/secure.gravatar.com\/avatar\/c7b35cdf2ecbcae38ae3cea42de138be68173a0ac75ca4799c2374ddcf1af4da?s=96&d=mm&r=g\",\"contentUrl\":\"https:\/\/secure.gravatar.com\/avatar\/c7b35cdf2ecbcae38ae3cea42de138be68173a0ac75ca4799c2374ddcf1af4da?s=96&d=mm&r=g\",\"caption\":\"todoadmin\"},\"sameAs\":[\"http:\/\/local.todobudapest.com\"],\"url\":\"https:\/\/www.todobudapest.com\/hu\/author\/todoadmin\/\"}]}<\/script>\n<!-- \/ Yoast SEO plugin. -->","yoast_head_json":{"title":"Az Orsz\u00e1gh\u00e1z \u00e9p\u00fclet\u00e9nek felfedez\u00e9se: Budapest \u00e9p\u00edt\u00e9szeti gy\u00f6ngyszeme, a Parlament - To Do Budapest","robots":{"index":"index","follow":"follow","max-snippet":"max-snippet:-1","max-image-preview":"max-image-preview:large","max-video-preview":"max-video-preview:-1"},"canonical":"https:\/\/www.todobudapest.com\/hu\/orszaghaz-epuletenek-felfedezese\/","og_locale":"hu_HU","og_type":"article","og_title":"Az Orsz\u00e1gh\u00e1z \u00e9p\u00fclet\u00e9nek felfedez\u00e9se: Budapest \u00e9p\u00edt\u00e9szeti gy\u00f6ngyszeme, a Parlament - To Do Budapest","og_description":"Budapest utc\u00e1it j\u00e1rva minden sarkon \u00e9p\u00edt\u00e9szeti pompa v\u00e1r r\u00e1nk. Az egyik ilyen remekm\u0171, amely a vil\u00e1g minden t\u00e1j\u00e1r\u00f3l \u00e9rkez\u0151 l\u00e1togat\u00f3kat megbabon\u00e1zza, a Parlament \u00e9p\u00fclete. Az Orsz\u00e1gh\u00e1z sz\u00e1mos \u00e9p\u00edt\u00e9szeti csod\u00e1ja k\u00f6z\u00f6tt a nemzeti b\u00fcszkes\u00e9g szimb\u00f3lumak\u00e9nt \u00e9s Magyarorsz\u00e1g nagys\u00e1g\u00e1nak megtestes\u00edt\u0151jek\u00e9nt \u00e1ll. Csatlakozz hozz\u00e1nk, mik\u00f6zben elm\u00e9ly\u00fcl\u00fcnk ennek az ikonikus nevezetess\u00e9gnek a lebilincsel\u0151 t\u00f6rt\u00e9nelm\u00e9ben, csod\u00e1latos diz\u00e1jnj\u00e1ban \u00e9s figyelemre m\u00e9lt\u00f3 [&hellip;]","og_url":"https:\/\/www.todobudapest.com\/hu\/orszaghaz-epuletenek-felfedezese\/","og_site_name":"To Do Budapest","article_published_time":"2023-07-17T17:48:10+00:00","article_modified_time":"2023-09-05T11:53:31+00:00","og_image":[{"width":1200,"height":800,"url":"https:\/\/www.todobudapest.com\/wp-content\/uploads\/2023\/07\/franks-travelbox.jpg","type":"image\/jpeg"}],"author":"todoadmin","twitter_card":"summary_large_image","twitter_misc":{"Szerz\u0151:":"todoadmin","Becs\u00fclt olvas\u00e1si id\u0151":"4 perc"},"schema":{"@context":"https:\/\/schema.org","@graph":[{"@type":"WebPage","@id":"https:\/\/www.todobudapest.com\/hu\/orszaghaz-epuletenek-felfedezese\/","url":"https:\/\/www.todobudapest.com\/hu\/orszaghaz-epuletenek-felfedezese\/","name":"Az Orsz\u00e1gh\u00e1z \u00e9p\u00fclet\u00e9nek felfedez\u00e9se: Budapest \u00e9p\u00edt\u00e9szeti gy\u00f6ngyszeme, a Parlament - To Do Budapest","isPartOf":{"@id":"https:\/\/www.todobudapest.com\/#website"},"datePublished":"2023-07-17T17:48:10+00:00","dateModified":"2023-09-05T11:53:31+00:00","author":{"@id":"https:\/\/www.todobudapest.com\/#\/schema\/person\/de4e8287b713a319b6f46d729747d3eb"},"breadcrumb":{"@id":"https:\/\/www.todobudapest.com\/hu\/orszaghaz-epuletenek-felfedezese\/#breadcrumb"},"inLanguage":"hu","potentialAction":[{"@type":"ReadAction","target":["https:\/\/www.todobudapest.com\/hu\/orszaghaz-epuletenek-felfedezese\/"]}]},{"@type":"BreadcrumbList","@id":"https:\/\/www.todobudapest.com\/hu\/orszaghaz-epuletenek-felfedezese\/#breadcrumb","itemListElement":[{"@type":"ListItem","position":1,"name":"Home","item":"https:\/\/www.todobudapest.com\/hu\/"},{"@type":"ListItem","position":2,"name":"Az Orsz\u00e1gh\u00e1z \u00e9p\u00fclet\u00e9nek felfedez\u00e9se: Budapest \u00e9p\u00edt\u00e9szeti gy\u00f6ngyszeme, a Parlament"}]},{"@type":"WebSite","@id":"https:\/\/www.todobudapest.com\/#website","url":"https:\/\/www.todobudapest.com\/","name":"To Do Budapest","description":"","potentialAction":[{"@type":"SearchAction","target":{"@type":"EntryPoint","urlTemplate":"https:\/\/www.todobudapest.com\/?s={search_term_string}"},"query-input":"required name=search_term_string"}],"inLanguage":"hu"},{"@type":"Person","@id":"https:\/\/www.todobudapest.com\/#\/schema\/person\/de4e8287b713a319b6f46d729747d3eb","name":"todoadmin","image":{"@type":"ImageObject","inLanguage":"hu","@id":"https:\/\/www.todobudapest.com\/#\/schema\/person\/image\/","url":"https:\/\/secure.gravatar.com\/avatar\/c7b35cdf2ecbcae38ae3cea42de138be68173a0ac75ca4799c2374ddcf1af4da?s=96&d=mm&r=g","contentUrl":"https:\/\/secure.gravatar.com\/avatar\/c7b35cdf2ecbcae38ae3cea42de138be68173a0ac75ca4799c2374ddcf1af4da?s=96&d=mm&r=g","caption":"todoadmin"},"sameAs":["http:\/\/local.todobudapest.com"],"url":"https:\/\/www.todobudapest.com\/hu\/author\/todoadmin\/"}]}},"_links":{"self":[{"href":"https:\/\/www.todobudapest.com\/hu\/wp-json\/wp\/v2\/posts\/1994","targetHints":{"allow":["GET"]}}],"collection":[{"href":"https:\/\/www.todobudapest.com\/hu\/wp-json\/wp\/v2\/posts"}],"about":[{"href":"https:\/\/www.todobudapest.com\/hu\/wp-json\/wp\/v2\/types\/post"}],"author":[{"embeddable":true,"href":"https:\/\/www.todobudapest.com\/hu\/wp-json\/wp\/v2\/users\/1"}],"replies":[{"embeddable":true,"href":"https:\/\/www.todobudapest.com\/hu\/wp-json\/wp\/v2\/comments?post=1994"}],"version-history":[{"count":2,"href":"https:\/\/www.todobudapest.com\/hu\/wp-json\/wp\/v2\/posts\/1994\/revisions"}],"predecessor-version":[{"id":1996,"href":"https:\/\/www.todobudapest.com\/hu\/wp-json\/wp\/v2\/posts\/1994\/revisions\/1996"}],"wp:featuredmedia":[{"embeddable":true,"href":"https:\/\/www.todobudapest.com\/hu\/wp-json\/wp\/v2\/media\/1988"}],"wp:attachment":[{"href":"https:\/\/www.todobudapest.com\/hu\/wp-json\/wp\/v2\/media?parent=1994"}],"wp:term":[{"taxonomy":"category","embeddable":true,"href":"https:\/\/www.todobudapest.com\/hu\/wp-json\/wp\/v2\/categories?post=1994"},{"taxonomy":"post_tag","embeddable":true,"href":"https:\/\/www.todobudapest.com\/hu\/wp-json\/wp\/v2\/tags?post=1994"}],"curies":[{"name":"wp","href":"https:\/\/api.w.org\/{rel}","templated":true}]}}