{"id":1954,"date":"2023-06-28T14:58:46","date_gmt":"2023-06-28T12:58:46","guid":{"rendered":"https:\/\/www.todobudapest.com\/st-stephens-basilica-a-majestic-gem-in-the-heart-of-budapest\/"},"modified":"2023-09-05T13:53:33","modified_gmt":"2023-09-05T11:53:33","slug":"szent-istvan-bazilika","status":"publish","type":"post","link":"https:\/\/www.todobudapest.com\/hu\/szent-istvan-bazilika\/","title":{"rendered":"Szent Istv\u00e1n Bazilika: Egy fens\u00e9ges gy\u00f6ngyszem Budapest sz\u00edv\u00e9ben"},"content":{"rendered":"<p><span style=\"font-weight: 400;\">Budapest ny\u00fczsg\u0151 k\u00f6zpontj\u00e1ban tal\u00e1lhat\u00f3 a Szent Istv\u00e1n-bazilika, amely figyelemre m\u00e9lt\u00f3 \u00e9p\u00edt\u00e9szeti remekm\u0171. A Magyarorsz\u00e1g els\u0151 kir\u00e1ly\u00e1r\u00f3l, Szent Istv\u00e1nr\u00f3l elnevezett bazilika nemcsak vall\u00e1si szent\u00e9ly, hanem a v\u00e1ros gazdag t\u00f6rt\u00e9nelm\u00e9nek \u00e9s kultur\u00e1lis \u00f6r\u00f6ks\u00e9g\u00e9nek ikonikus szimb\u00f3luma is. A Szent Istv\u00e1n-bazilika b\u00e1mulatos sz\u00e9ps\u00e9g\u00e9vel, nagyszer\u0171s\u00e9g\u00e9vel \u00e9s spiritu\u00e1lis jelent\u0151s\u00e9g\u00e9vel a turist\u00e1k \u00e9s a helyiek k\u00f6telez\u0151 \u00fati c\u00e9lj\u00e1v\u00e1 v\u00e1lt. Ebben a cikkben elm\u00e9ly\u00fcl\u00fcnk ennek a csod\u00e1latos \u00e9p\u00fcletnek a leny\u0171g\u00f6z\u0151 t\u00f6rt\u00e9net\u00e9ben, \u00e9p\u00edt\u00e9szeti csod\u00e1iban \u00e9s m\u0171v\u00e9szeti kincseiben.<\/span><\/p>\n<p><img decoding=\"async\" class=\"alignnone size-large wp-image-1945\" src=\"https:\/\/www.todobudapest.com\/wp-content\/uploads\/2023\/06\/20201108_122242-1024x768.jpg\" alt=\"\" width=\"1024\" height=\"768\" srcset=\"https:\/\/www.todobudapest.com\/wp-content\/uploads\/2023\/06\/20201108_122242-1024x768.jpg 1024w, https:\/\/www.todobudapest.com\/wp-content\/uploads\/2023\/06\/20201108_122242-300x225.jpg 300w, https:\/\/www.todobudapest.com\/wp-content\/uploads\/2023\/06\/20201108_122242-768x576.jpg 768w, https:\/\/www.todobudapest.com\/wp-content\/uploads\/2023\/06\/20201108_122242-1536x1152.jpg 1536w, https:\/\/www.todobudapest.com\/wp-content\/uploads\/2023\/06\/20201108_122242-2048x1536.jpg 2048w, https:\/\/www.todobudapest.com\/wp-content\/uploads\/2023\/06\/20201108_122242-600x450.jpg 600w\" sizes=\"(max-width: 1024px) 100vw, 1024px\" \/><\/p>\n<p>Source: <span style=\"font-weight: 400;\">Norbert Lepsik<\/span><\/p>\n<p>&nbsp;<\/p>\n<p><span style=\"font-weight: 400;\">T\u00f6rt\u00e9nelmi jelent\u0151s\u00e9ge<\/span><\/p>\n<p><span style=\"font-weight: 400;\">A Szent Istv\u00e1n-bazilika 1851 \u00e9s 1905 k\u00f6z\u00f6tt \u00e9p\u00fclt, \u00edgy Budapest egyik legjelent\u0151sebb vall\u00e1si \u00e9p\u00fclete. \u00c9p\u00edt\u00e9s\u00e9t Hild J\u00f3zsef \u00e9p\u00edt\u00e9sz ir\u00e1ny\u00edtotta, majd Ybl Mikl\u00f3s fejezte be. A bazilika els\u0151dleges c\u00e9lja Magyarorsz\u00e1g els\u0151 kereszt\u00e9ny kir\u00e1ly\u00e1nak, Szent Istv\u00e1nnak a tisztelete volt, \u00e9s az \u0151 szent jobbj\u00e1nak, a Szent Jobbnak ad otthont.<\/span><span style=\"font-weight: 400;\"><\/p>\n<p><\/span><\/p>\n<p><span style=\"font-weight: 400;\">\u00c9p\u00edt\u00e9szeti karakteress\u00e9ge<\/span><\/p>\n<p><span style=\"font-weight: 400;\">A bazilika \u00e9p\u00edt\u00e9szeti st\u00edlusa a neoklasszikus \u00e9s a renesz\u00e1nsz elemek harmonikus kever\u00e9ke, amely remek egyens\u00falyt mutat a grandi\u00f3zuss\u00e1g \u00e9s az elegancia k\u00f6z\u00f6tt. Fens\u00e9ges, 96 m\u00e9teres magas kupol\u00e1ja uralja Budapest l\u00e1tk\u00e9p\u00e9t, \u00e9s l\u00e9legzetel\u00e1ll\u00edt\u00f3 panor\u00e1m\u00e1t ny\u00fajt a v\u00e1rosra. A homlokzatot r\u00e9szletgazdag szobrok, d\u00edszes domborm\u0171vek \u00e9s fens\u00e9ges oszlopok d\u00edsz\u00edtik, amelyek arra invit\u00e1lj\u00e1k a l\u00e1togat\u00f3kat, hogy miel\u0151tt bel\u00e9pn\u00e9nek, csod\u00e1lj\u00e1k meg sz\u00e9ps\u00e9g\u00e9t.<\/span><\/p>\n<p><span style=\"font-weight: 400;\">Tudtad? A Szent Istv\u00e1n-bazilika \u00e9s a Parlament \u00e9p\u00fclete egyar\u00e1nt 96 m\u00e9ter magas, a vall\u00e1s \u00e9s a politika egyens\u00faly\u00e1t k\u00e9pviseli. Ezek voltak a v\u00e1ros legmagasabb \u00e9p\u00fcletei, am\u00edg a MOL Campus meg nem \u00e9p\u00fclt.<\/span><\/p>\n<p><img decoding=\"async\" class=\"alignnone size-large wp-image-1951\" src=\"https:\/\/www.todobudapest.com\/wp-content\/uploads\/2023\/06\/IMG_2676-1024x683.jpg\" alt=\"\" width=\"1024\" height=\"683\" srcset=\"https:\/\/www.todobudapest.com\/wp-content\/uploads\/2023\/06\/IMG_2676-1024x683.jpg 1024w, https:\/\/www.todobudapest.com\/wp-content\/uploads\/2023\/06\/IMG_2676-300x200.jpg 300w, https:\/\/www.todobudapest.com\/wp-content\/uploads\/2023\/06\/IMG_2676-768x512.jpg 768w, https:\/\/www.todobudapest.com\/wp-content\/uploads\/2023\/06\/IMG_2676-1536x1024.jpg 1536w, https:\/\/www.todobudapest.com\/wp-content\/uploads\/2023\/06\/IMG_2676-2048x1365.jpg 2048w, https:\/\/www.todobudapest.com\/wp-content\/uploads\/2023\/06\/IMG_2676-600x400.jpg 600w\" sizes=\"(max-width: 1024px) 100vw, 1024px\" \/><\/p>\n<p>Source: <span style=\"font-weight: 400;\">Norbert Lepsik<\/span><\/p>\n<p><span style=\"font-weight: 400;\">A Szent Istv\u00e1n-bazilik\u00e1ba bel\u00e9pve leny\u0171g\u00f6z\u0151 bels\u0151 t\u00e9r fogadja a l\u00e1togat\u00f3kat, amely z\u00f6kken\u0151mentesen \u00f6tv\u00f6zi a m\u0171v\u00e9szi ragyog\u00e1st \u00e9s a vall\u00e1sos odaad\u00e1st. A templomhaj\u00f3 pomp\u00e1ja magasra tornyosul\u00f3 korinthoszi oszlopokkal \u00e9s r\u00e9szletesen kialak\u00edtott bolt\u00edves mennyezettel \u00e1mulatba ejti a n\u00e9z\u0151ket. Az aranyozott d\u00edszekkel \u00e9s kidolgozott szobrokkal d\u00edsz\u00edtett f\u0151olt\u00e1r a vall\u00e1si szertart\u00e1sok gy\u00fajt\u00f3pontjak\u00e9nt szolg\u00e1l. A bazilika belseje sz\u00e1mos felbecs\u00fclhetetlen \u00e9rt\u00e9k\u0171 vall\u00e1si m\u0171t\u00e1rgynak ad otthont, bele\u00e9rtve a Szent Jobbot, amely egy speci\u00e1lisan kialak\u00edtott ereklyetart\u00f3ban van ki\u00e1ll\u00edtva.<\/span><\/p>\n<p>&nbsp;<\/p>\n<p><img decoding=\"async\" class=\"alignnone size-large wp-image-1949\" src=\"https:\/\/www.todobudapest.com\/wp-content\/uploads\/2023\/06\/20211216_084428-768x1024.jpg\" alt=\"\" width=\"768\" height=\"1024\" srcset=\"https:\/\/www.todobudapest.com\/wp-content\/uploads\/2023\/06\/20211216_084428-768x1024.jpg 768w, https:\/\/www.todobudapest.com\/wp-content\/uploads\/2023\/06\/20211216_084428-225x300.jpg 225w, https:\/\/www.todobudapest.com\/wp-content\/uploads\/2023\/06\/20211216_084428-1152x1536.jpg 1152w, https:\/\/www.todobudapest.com\/wp-content\/uploads\/2023\/06\/20211216_084428-1536x2048.jpg 1536w, https:\/\/www.todobudapest.com\/wp-content\/uploads\/2023\/06\/20211216_084428-600x800.jpg 600w, https:\/\/www.todobudapest.com\/wp-content\/uploads\/2023\/06\/20211216_084428-scaled.jpg 1920w\" sizes=\"(max-width: 768px) 100vw, 768px\" \/><\/p>\n<p>Source: <span style=\"font-weight: 400;\">Norbert Lepsik<\/span><\/p>\n<p>&nbsp;<\/p>\n<p><span style=\"font-weight: 400;\">Zenei \u00f6r\u00f6ks\u00e9g<\/span><\/p>\n<p><span style=\"font-weight: 400;\">A Szent Istv\u00e1n-bazilika \u00e9l\u00e9nk zenei kult\u00far\u00e1j\u00e1r\u00f3l h\u00edres. A bazilika rendszeres orgonakoncerteknek ad otthont, mely esem\u00e9nyek alatt a 79 regiszteres, Magyarorsz\u00e1g egyik legszebb orgon\u00e1ja csend\u00fcl fel. Ezek a koncertek var\u00e1zslatos \u00e9lm\u00e9nyt ny\u00fajtanak, lehet\u0151v\u00e9 t\u00e9ve a l\u00e1togat\u00f3k sz\u00e1m\u00e1ra, hogy \u00e9rt\u00e9kelj\u00e9k az akusztik\u00e1t, \u00e9s elmer\u00fcljenek a klasszikus zene pomp\u00e1j\u00e1ban a bazilika szakr\u00e1lis hangulat\u00e1n bel\u00fcl.<\/span><\/p>\n<p>&nbsp;<\/p>\n<p><span style=\"font-weight: 400;\">Panor\u00e1m\u00e1s kil\u00e1t\u00e1s<\/span><\/p>\n<p><span style=\"font-weight: 400;\">Aki l\u00e9legzetel\u00e1ll\u00edt\u00f3 budapesti panor\u00e1m\u00e1ra v\u00e1gyik, annak k\u00f6telez\u0151 felkeresnie a Szent Istv\u00e1n-bazilik\u00e1t. A lifttel megk\u00f6zel\u00edthet\u0151 (kor\u00e1bban 364 l\u00e9pcs\u0151fokon kereszt\u00fcl megk\u00f6zel\u00edthet\u0151) kil\u00e1t\u00f3r\u00f3l panor\u00e1m\u00e1s kil\u00e1t\u00e1s ny\u00edlik a v\u00e1ros ikonikus nevezetess\u00e9geire. A kupola kil\u00e1t\u00f3j\u00e1r\u00f3l a l\u00e1togat\u00f3k megcsod\u00e1lhatj\u00e1k a Dun\u00e1t, az Orsz\u00e1gh\u00e1zat, a Budai V\u00e1rat \u00e9s a Budapest l\u00e1tk\u00e9p\u00e9t \u00e9kes\u00edt\u0151 \u00e9p\u00edt\u00e9szeti csod\u00e1kat.<\/span><\/p>\n<p><img decoding=\"async\" class=\"alignnone size-large wp-image-1947\" src=\"https:\/\/www.todobudapest.com\/wp-content\/uploads\/2023\/06\/20211121_154237-1024x640.jpg\" alt=\"\" width=\"1024\" height=\"640\" srcset=\"https:\/\/www.todobudapest.com\/wp-content\/uploads\/2023\/06\/20211121_154237-1024x640.jpg 1024w, https:\/\/www.todobudapest.com\/wp-content\/uploads\/2023\/06\/20211121_154237-300x188.jpg 300w, https:\/\/www.todobudapest.com\/wp-content\/uploads\/2023\/06\/20211121_154237-768x480.jpg 768w, https:\/\/www.todobudapest.com\/wp-content\/uploads\/2023\/06\/20211121_154237-1536x960.jpg 1536w, https:\/\/www.todobudapest.com\/wp-content\/uploads\/2023\/06\/20211121_154237-2048x1280.jpg 2048w, https:\/\/www.todobudapest.com\/wp-content\/uploads\/2023\/06\/20211121_154237-600x375.jpg 600w\" sizes=\"(max-width: 1024px) 100vw, 1024px\" \/><\/p>\n<p>Source: <span style=\"font-weight: 400;\">Norbert Lepsik<\/span><\/p>\n<p>&nbsp;<\/p>\n<p><span style=\"font-weight: 400;\">Kultur\u00e1lis rendezv\u00e9nyek \u00e9s fesztiv\u00e1lok<\/span><\/p>\n<p><span style=\"font-weight: 400;\">A Szent Istv\u00e1n-bazilika k\u00f6zponti szerepet t\u00f6lt be Budapest kultur\u00e1lis \u00e9s vall\u00e1si napt\u00e1r\u00e1ban, eg\u00e9sz \u00e9vben ad otthont k\u00fcl\u00f6nf\u00e9le rendezv\u00e9nyeknek, fesztiv\u00e1loknak. Az egyik legjelent\u0151sebb \u00fcnneps\u00e9g a magyar \u00e1llamalap\u00edt\u00e1sra eml\u00e9kezve augusztus 20-\u00e1n tartott Szent Istv\u00e1n-napi szentmise. A bazilika csod\u00e1latos h\u00e1tterek\u00e9nt is szolg\u00e1l klasszikus zenei koncerteknek, kar\u00e1csonyi v\u00e1s\u00e1roknak \u00e9s m\u00e1s kultur\u00e1lis \u00fcnneps\u00e9geknek, amelyek a vil\u00e1g minden t\u00e1j\u00e1r\u00f3l vonzz\u00e1k a l\u00e1togat\u00f3kat.<\/span><\/p>\n<p><img decoding=\"async\" class=\"alignnone size-large wp-image-1943\" src=\"https:\/\/www.todobudapest.com\/wp-content\/uploads\/2023\/06\/20200402_202932-1024x768.jpg\" alt=\"\" width=\"1024\" height=\"768\" srcset=\"https:\/\/www.todobudapest.com\/wp-content\/uploads\/2023\/06\/20200402_202932-1024x768.jpg 1024w, https:\/\/www.todobudapest.com\/wp-content\/uploads\/2023\/06\/20200402_202932-300x225.jpg 300w, https:\/\/www.todobudapest.com\/wp-content\/uploads\/2023\/06\/20200402_202932-768x576.jpg 768w, https:\/\/www.todobudapest.com\/wp-content\/uploads\/2023\/06\/20200402_202932-1536x1152.jpg 1536w, https:\/\/www.todobudapest.com\/wp-content\/uploads\/2023\/06\/20200402_202932-2048x1536.jpg 2048w, https:\/\/www.todobudapest.com\/wp-content\/uploads\/2023\/06\/20200402_202932-600x450.jpg 600w\" sizes=\"(max-width: 1024px) 100vw, 1024px\" \/><\/p>\n<p>Source: <span style=\"font-weight: 400;\">Norbert Lepsik<\/span><\/p>\n<p><span style=\"font-weight: 400;\">A Szent Istv\u00e1n-bazilika \u00e9p\u00edt\u00e9szeti gy\u00f6ngyszemk\u00e9nt \u00e9s szellemi mened\u00e9kk\u00e9nt \u00e1ll, pomp\u00e1j\u00e1val, t\u00f6rt\u00e9nelmi jelent\u0151s\u00e9g\u00e9vel \u00e9s kultur\u00e1lis lend\u00fclet\u00e9vel mag\u00e1val ragadja a l\u00e1togat\u00f3kat. Leny\u0171g\u00f6z\u0151 bels\u0151 ter\u00e9vel, leny\u0171g\u00f6z\u0151 kupol\u00e1j\u00e1val \u00e9s panor\u00e1m\u00e1s kil\u00e1t\u00e1saival felejthetetlen \u00e9lm\u00e9nyt k\u00edn\u00e1l azoknak, akik bemer\u00e9szkednek. Legyen \u00d6n a t\u00f6rt\u00e9nelem szerelmese, a m\u0171v\u00e9szet szerelmese vagy csak \u00e9ppen a v\u00e1rosban s\u00e9t\u00e1l\u00f3, hosszan elmereng\u0151 lakos, nem hagyhatja ki Budapest legn\u00e9pszer\u0171bb l\u00e1tnival\u00f3j\u00e1t!<\/span><\/p>\n","protected":false},"excerpt":{"rendered":"<p>Budapest ny\u00fczsg\u0151 k\u00f6zpontj\u00e1ban tal\u00e1lhat\u00f3 a Szent Istv\u00e1n-bazilika, amely figyelemre m\u00e9lt\u00f3 \u00e9p\u00edt\u00e9szeti remekm\u0171. A Magyarorsz\u00e1g els\u0151 kir\u00e1ly\u00e1r\u00f3l, Szent Istv\u00e1nr\u00f3l elnevezett bazilika nemcsak vall\u00e1si szent\u00e9ly, hanem a v\u00e1ros gazdag t\u00f6rt\u00e9nelm\u00e9nek \u00e9s kultur\u00e1lis \u00f6r\u00f6ks\u00e9g\u00e9nek ikonikus szimb\u00f3luma is. A Szent Istv\u00e1n-bazilika b\u00e1mulatos sz\u00e9ps\u00e9g\u00e9vel, nagyszer\u0171s\u00e9g\u00e9vel \u00e9s spiritu\u00e1lis jelent\u0151s\u00e9g\u00e9vel a turist\u00e1k \u00e9s a helyiek k\u00f6telez\u0151 \u00fati c\u00e9lj\u00e1v\u00e1 v\u00e1lt. Ebben a cikkben [&hellip;]<\/p>\n","protected":false},"author":1,"featured_media":1952,"comment_status":"closed","ping_status":"closed","sticky":false,"template":"","format":"standard","meta":{"footnotes":""},"categories":[16],"tags":[],"class_list":["post-1954","post","type-post","status-publish","format-standard","has-post-thumbnail","hentry","category-uncategorized-hu"],"acf":[],"yoast_head":"<!-- This site is optimized with the Yoast SEO plugin v20.3 - https:\/\/yoast.com\/wordpress\/plugins\/seo\/ -->\n<title>Szent Istv\u00e1n Bazilika: Egy fens\u00e9ges gy\u00f6ngyszem Budapest sz\u00edv\u00e9ben - To Do Budapest<\/title>\n<meta name=\"robots\" content=\"index, follow, max-snippet:-1, max-image-preview:large, max-video-preview:-1\" \/>\n<link rel=\"canonical\" href=\"https:\/\/www.todobudapest.com\/hu\/szent-istvan-bazilika\/\" \/>\n<meta property=\"og:locale\" content=\"hu_HU\" \/>\n<meta property=\"og:type\" content=\"article\" \/>\n<meta property=\"og:title\" content=\"Szent Istv\u00e1n Bazilika: Egy fens\u00e9ges gy\u00f6ngyszem Budapest sz\u00edv\u00e9ben - To Do Budapest\" \/>\n<meta property=\"og:description\" content=\"Budapest ny\u00fczsg\u0151 k\u00f6zpontj\u00e1ban tal\u00e1lhat\u00f3 a Szent Istv\u00e1n-bazilika, amely figyelemre m\u00e9lt\u00f3 \u00e9p\u00edt\u00e9szeti remekm\u0171. A Magyarorsz\u00e1g els\u0151 kir\u00e1ly\u00e1r\u00f3l, Szent Istv\u00e1nr\u00f3l elnevezett bazilika nemcsak vall\u00e1si szent\u00e9ly, hanem a v\u00e1ros gazdag t\u00f6rt\u00e9nelm\u00e9nek \u00e9s kultur\u00e1lis \u00f6r\u00f6ks\u00e9g\u00e9nek ikonikus szimb\u00f3luma is. A Szent Istv\u00e1n-bazilika b\u00e1mulatos sz\u00e9ps\u00e9g\u00e9vel, nagyszer\u0171s\u00e9g\u00e9vel \u00e9s spiritu\u00e1lis jelent\u0151s\u00e9g\u00e9vel a turist\u00e1k \u00e9s a helyiek k\u00f6telez\u0151 \u00fati c\u00e9lj\u00e1v\u00e1 v\u00e1lt. Ebben a cikkben [&hellip;]\" \/>\n<meta property=\"og:url\" content=\"https:\/\/www.todobudapest.com\/hu\/szent-istvan-bazilika\/\" \/>\n<meta property=\"og:site_name\" content=\"To Do Budapest\" \/>\n<meta property=\"article:published_time\" content=\"2023-06-28T12:58:46+00:00\" \/>\n<meta property=\"article:modified_time\" content=\"2023-09-05T11:53:33+00:00\" \/>\n<meta property=\"og:image\" content=\"https:\/\/www.todobudapest.com\/wp-content\/uploads\/2023\/06\/IMG_2676-scaled.jpg\" \/>\n\t<meta property=\"og:image:width\" content=\"2560\" \/>\n\t<meta property=\"og:image:height\" content=\"1707\" \/>\n\t<meta property=\"og:image:type\" content=\"image\/jpeg\" \/>\n<meta name=\"author\" content=\"todoadmin\" \/>\n<meta name=\"twitter:card\" content=\"summary_large_image\" \/>\n<meta name=\"twitter:label1\" content=\"Szerz\u0151:\" \/>\n\t<meta name=\"twitter:data1\" content=\"todoadmin\" \/>\n\t<meta name=\"twitter:label2\" content=\"Becs\u00fclt olvas\u00e1si id\u0151\" \/>\n\t<meta name=\"twitter:data2\" content=\"4 perc\" \/>\n<script type=\"application\/ld+json\" class=\"yoast-schema-graph\">{\"@context\":\"https:\/\/schema.org\",\"@graph\":[{\"@type\":\"WebPage\",\"@id\":\"https:\/\/www.todobudapest.com\/hu\/szent-istvan-bazilika\/\",\"url\":\"https:\/\/www.todobudapest.com\/hu\/szent-istvan-bazilika\/\",\"name\":\"Szent Istv\u00e1n Bazilika: Egy fens\u00e9ges gy\u00f6ngyszem Budapest sz\u00edv\u00e9ben - To Do Budapest\",\"isPartOf\":{\"@id\":\"https:\/\/www.todobudapest.com\/#website\"},\"datePublished\":\"2023-06-28T12:58:46+00:00\",\"dateModified\":\"2023-09-05T11:53:33+00:00\",\"author\":{\"@id\":\"https:\/\/www.todobudapest.com\/#\/schema\/person\/de4e8287b713a319b6f46d729747d3eb\"},\"breadcrumb\":{\"@id\":\"https:\/\/www.todobudapest.com\/hu\/szent-istvan-bazilika\/#breadcrumb\"},\"inLanguage\":\"hu\",\"potentialAction\":[{\"@type\":\"ReadAction\",\"target\":[\"https:\/\/www.todobudapest.com\/hu\/szent-istvan-bazilika\/\"]}]},{\"@type\":\"BreadcrumbList\",\"@id\":\"https:\/\/www.todobudapest.com\/hu\/szent-istvan-bazilika\/#breadcrumb\",\"itemListElement\":[{\"@type\":\"ListItem\",\"position\":1,\"name\":\"Home\",\"item\":\"https:\/\/www.todobudapest.com\/hu\/\"},{\"@type\":\"ListItem\",\"position\":2,\"name\":\"Szent Istv\u00e1n Bazilika: Egy fens\u00e9ges gy\u00f6ngyszem Budapest sz\u00edv\u00e9ben\"}]},{\"@type\":\"WebSite\",\"@id\":\"https:\/\/www.todobudapest.com\/#website\",\"url\":\"https:\/\/www.todobudapest.com\/\",\"name\":\"To Do Budapest\",\"description\":\"\",\"potentialAction\":[{\"@type\":\"SearchAction\",\"target\":{\"@type\":\"EntryPoint\",\"urlTemplate\":\"https:\/\/www.todobudapest.com\/?s={search_term_string}\"},\"query-input\":\"required name=search_term_string\"}],\"inLanguage\":\"hu\"},{\"@type\":\"Person\",\"@id\":\"https:\/\/www.todobudapest.com\/#\/schema\/person\/de4e8287b713a319b6f46d729747d3eb\",\"name\":\"todoadmin\",\"image\":{\"@type\":\"ImageObject\",\"inLanguage\":\"hu\",\"@id\":\"https:\/\/www.todobudapest.com\/#\/schema\/person\/image\/\",\"url\":\"https:\/\/secure.gravatar.com\/avatar\/c7b35cdf2ecbcae38ae3cea42de138be68173a0ac75ca4799c2374ddcf1af4da?s=96&d=mm&r=g\",\"contentUrl\":\"https:\/\/secure.gravatar.com\/avatar\/c7b35cdf2ecbcae38ae3cea42de138be68173a0ac75ca4799c2374ddcf1af4da?s=96&d=mm&r=g\",\"caption\":\"todoadmin\"},\"sameAs\":[\"http:\/\/local.todobudapest.com\"],\"url\":\"https:\/\/www.todobudapest.com\/hu\/author\/todoadmin\/\"}]}<\/script>\n<!-- \/ Yoast SEO plugin. -->","yoast_head_json":{"title":"Szent Istv\u00e1n Bazilika: Egy fens\u00e9ges gy\u00f6ngyszem Budapest sz\u00edv\u00e9ben - To Do Budapest","robots":{"index":"index","follow":"follow","max-snippet":"max-snippet:-1","max-image-preview":"max-image-preview:large","max-video-preview":"max-video-preview:-1"},"canonical":"https:\/\/www.todobudapest.com\/hu\/szent-istvan-bazilika\/","og_locale":"hu_HU","og_type":"article","og_title":"Szent Istv\u00e1n Bazilika: Egy fens\u00e9ges gy\u00f6ngyszem Budapest sz\u00edv\u00e9ben - To Do Budapest","og_description":"Budapest ny\u00fczsg\u0151 k\u00f6zpontj\u00e1ban tal\u00e1lhat\u00f3 a Szent Istv\u00e1n-bazilika, amely figyelemre m\u00e9lt\u00f3 \u00e9p\u00edt\u00e9szeti remekm\u0171. A Magyarorsz\u00e1g els\u0151 kir\u00e1ly\u00e1r\u00f3l, Szent Istv\u00e1nr\u00f3l elnevezett bazilika nemcsak vall\u00e1si szent\u00e9ly, hanem a v\u00e1ros gazdag t\u00f6rt\u00e9nelm\u00e9nek \u00e9s kultur\u00e1lis \u00f6r\u00f6ks\u00e9g\u00e9nek ikonikus szimb\u00f3luma is. A Szent Istv\u00e1n-bazilika b\u00e1mulatos sz\u00e9ps\u00e9g\u00e9vel, nagyszer\u0171s\u00e9g\u00e9vel \u00e9s spiritu\u00e1lis jelent\u0151s\u00e9g\u00e9vel a turist\u00e1k \u00e9s a helyiek k\u00f6telez\u0151 \u00fati c\u00e9lj\u00e1v\u00e1 v\u00e1lt. Ebben a cikkben [&hellip;]","og_url":"https:\/\/www.todobudapest.com\/hu\/szent-istvan-bazilika\/","og_site_name":"To Do Budapest","article_published_time":"2023-06-28T12:58:46+00:00","article_modified_time":"2023-09-05T11:53:33+00:00","og_image":[{"width":2560,"height":1707,"url":"https:\/\/www.todobudapest.com\/wp-content\/uploads\/2023\/06\/IMG_2676-scaled.jpg","type":"image\/jpeg"}],"author":"todoadmin","twitter_card":"summary_large_image","twitter_misc":{"Szerz\u0151:":"todoadmin","Becs\u00fclt olvas\u00e1si id\u0151":"4 perc"},"schema":{"@context":"https:\/\/schema.org","@graph":[{"@type":"WebPage","@id":"https:\/\/www.todobudapest.com\/hu\/szent-istvan-bazilika\/","url":"https:\/\/www.todobudapest.com\/hu\/szent-istvan-bazilika\/","name":"Szent Istv\u00e1n Bazilika: Egy fens\u00e9ges gy\u00f6ngyszem Budapest sz\u00edv\u00e9ben - To Do Budapest","isPartOf":{"@id":"https:\/\/www.todobudapest.com\/#website"},"datePublished":"2023-06-28T12:58:46+00:00","dateModified":"2023-09-05T11:53:33+00:00","author":{"@id":"https:\/\/www.todobudapest.com\/#\/schema\/person\/de4e8287b713a319b6f46d729747d3eb"},"breadcrumb":{"@id":"https:\/\/www.todobudapest.com\/hu\/szent-istvan-bazilika\/#breadcrumb"},"inLanguage":"hu","potentialAction":[{"@type":"ReadAction","target":["https:\/\/www.todobudapest.com\/hu\/szent-istvan-bazilika\/"]}]},{"@type":"BreadcrumbList","@id":"https:\/\/www.todobudapest.com\/hu\/szent-istvan-bazilika\/#breadcrumb","itemListElement":[{"@type":"ListItem","position":1,"name":"Home","item":"https:\/\/www.todobudapest.com\/hu\/"},{"@type":"ListItem","position":2,"name":"Szent Istv\u00e1n Bazilika: Egy fens\u00e9ges gy\u00f6ngyszem Budapest sz\u00edv\u00e9ben"}]},{"@type":"WebSite","@id":"https:\/\/www.todobudapest.com\/#website","url":"https:\/\/www.todobudapest.com\/","name":"To Do Budapest","description":"","potentialAction":[{"@type":"SearchAction","target":{"@type":"EntryPoint","urlTemplate":"https:\/\/www.todobudapest.com\/?s={search_term_string}"},"query-input":"required name=search_term_string"}],"inLanguage":"hu"},{"@type":"Person","@id":"https:\/\/www.todobudapest.com\/#\/schema\/person\/de4e8287b713a319b6f46d729747d3eb","name":"todoadmin","image":{"@type":"ImageObject","inLanguage":"hu","@id":"https:\/\/www.todobudapest.com\/#\/schema\/person\/image\/","url":"https:\/\/secure.gravatar.com\/avatar\/c7b35cdf2ecbcae38ae3cea42de138be68173a0ac75ca4799c2374ddcf1af4da?s=96&d=mm&r=g","contentUrl":"https:\/\/secure.gravatar.com\/avatar\/c7b35cdf2ecbcae38ae3cea42de138be68173a0ac75ca4799c2374ddcf1af4da?s=96&d=mm&r=g","caption":"todoadmin"},"sameAs":["http:\/\/local.todobudapest.com"],"url":"https:\/\/www.todobudapest.com\/hu\/author\/todoadmin\/"}]}},"_links":{"self":[{"href":"https:\/\/www.todobudapest.com\/hu\/wp-json\/wp\/v2\/posts\/1954","targetHints":{"allow":["GET"]}}],"collection":[{"href":"https:\/\/www.todobudapest.com\/hu\/wp-json\/wp\/v2\/posts"}],"about":[{"href":"https:\/\/www.todobudapest.com\/hu\/wp-json\/wp\/v2\/types\/post"}],"author":[{"embeddable":true,"href":"https:\/\/www.todobudapest.com\/hu\/wp-json\/wp\/v2\/users\/1"}],"replies":[{"embeddable":true,"href":"https:\/\/www.todobudapest.com\/hu\/wp-json\/wp\/v2\/comments?post=1954"}],"version-history":[{"count":2,"href":"https:\/\/www.todobudapest.com\/hu\/wp-json\/wp\/v2\/posts\/1954\/revisions"}],"predecessor-version":[{"id":1956,"href":"https:\/\/www.todobudapest.com\/hu\/wp-json\/wp\/v2\/posts\/1954\/revisions\/1956"}],"wp:featuredmedia":[{"embeddable":true,"href":"https:\/\/www.todobudapest.com\/hu\/wp-json\/wp\/v2\/media\/1952"}],"wp:attachment":[{"href":"https:\/\/www.todobudapest.com\/hu\/wp-json\/wp\/v2\/media?parent=1954"}],"wp:term":[{"taxonomy":"category","embeddable":true,"href":"https:\/\/www.todobudapest.com\/hu\/wp-json\/wp\/v2\/categories?post=1954"},{"taxonomy":"post_tag","embeddable":true,"href":"https:\/\/www.todobudapest.com\/hu\/wp-json\/wp\/v2\/tags?post=1954"}],"curies":[{"name":"wp","href":"https:\/\/api.w.org\/{rel}","templated":true}]}}