{"id":1831,"date":"2023-05-29T20:34:07","date_gmt":"2023-05-29T18:34:07","guid":{"rendered":"https:\/\/www.todobudapest.com\/best-summer-programs-in-budapest\/"},"modified":"2023-09-05T13:53:36","modified_gmt":"2023-09-05T11:53:36","slug":"budapest-nyari-programok","status":"publish","type":"post","link":"https:\/\/www.todobudapest.com\/hu\/budapest-nyari-programok\/","title":{"rendered":"Budapesti ny\u00e1ri programok"},"content":{"rendered":"<p><span style=\"font-weight: 400;\">Budapesti ny\u00e1ri programok<\/span><\/p>\n<p><span style=\"font-weight: 400;\">Sokan, k\u00f6zt\u00fck mi is alig v\u00e1rtuk a ny\u00e1r \u00e9rkez\u00e9s\u00e9t, hiszen ilyenkor pezsd\u00fcl fel a v\u00e1ros igaz\u00e1n: a nappalok egyre hosszabbak, az id\u0151j\u00e1r\u00e1s egyre melegebb \u00e9s az eg\u00e9sz v\u00e1rost sokkal sz\u00ednesebb\u00e9 var\u00e1zsolja a megannyi z\u00f6ldfel\u00fclet. Ilyenkorra m\u00e1r az \u00f6sszes terasz kinyit \u00e9s a szabadt\u00e9ri programok sz\u00e1ma is megn\u0151, rengeteg \u00e9lm\u00e9nyt ny\u00fajtva sz\u00e1munkra.\u00a0\u00a0<\/span><\/p>\n<p><span style=\"font-weight: 400;\">Budapest a ny\u00e1ri szezonban is sz\u00e1mtalan programot tartogat sz\u00e1munkra. Ha szeretn\u00e9d a legt\u00f6bbet kihozni a budapesti l\u00e1togat\u00e1sodb\u00f3l, mer\u00edts \u00f6tleteket cikk\u00fcnkb\u0151l \u2013 \u00edgy igaz\u00e1n feledhetlen \u00e9lm\u00e9nyben lesz r\u00e9szed.\u00a0\u00a0<\/span><\/p>\n<p>&nbsp;<\/p>\n<p><span style=\"font-weight: 400;\">A szabadt\u00e9ri b\u00e1rok t\u00f6mkelege v\u00e1r R\u00e1d<\/span><\/p>\n<p><span style=\"font-weight: 400;\">A hossz\u00fa ny\u00e1ri napokon mi sem eshet jobban, mint megpihenni egy b\u00e1r fedett terasz\u00e1n \u00e9s \u00e9lvezni a v\u00e1ros leny\u0171g\u00f6z\u0151 l\u00e9gk\u00f6r\u00e9t egy h\u0171s\u00edt\u0151 ital p\u00e1ros\u00edt\u00e1s\u00e1val. B\u00e1rmerre is j\u00e1runk a v\u00e1rosban, sz\u00e1mtalan vend\u00e9gl\u00e1t\u00f3 egys\u00e9g terasz\u00e1n lepihenhet\u00fcnk \u2013 legyen sz\u00f3 egy kellemes vacsor\u00e1r\u00f3l, vagy csak egy hideg s\u00f6rr\u0151l. <\/span><span style=\"font-weight: 400;\"><br \/>\n<\/span><span style=\"font-weight: 400;\">Ha igaz\u00e1n k\u00fcl\u00f6nleges hangulat\u00fa helyre v\u00e1gyn\u00e1l, ahol pazar kil\u00e1t\u00e1sban lehet r\u00e9szed, egy\u00e9rtelm\u0171en a Duna-parti helyeket javasoljuk sz\u00e1modra. Egyik kedvenc\u00fcnk a <\/span><a href=\"https:\/\/www.balnaterasz.hu\">B\u00e1lna Terasz<\/a><span style=\"font-weight: 400;\">, mely el\u00e9g k\u00f6zel helyezkedik el a v\u00e1ros k\u00f6zponti r\u00e9sz\u00e9hez, m\u00e9gis messze van ahhoz, hogy a forgalmas belv\u00e1rosi utc\u00e1k zaja hallhat\u00f3 legyen. Az innen l\u00e1that\u00f3 panor\u00e1m\u00e1r\u00f3l pedig az al\u00e1bbi fot\u00f3 tan\u00faskodhat. <\/span><\/p>\n<p><img decoding=\"async\" class=\"alignnone size-large wp-image-1812\" src=\"https:\/\/www.todobudapest.com\/wp-content\/uploads\/2023\/05\/balna-1024x683.jpg\" alt=\"\" width=\"1024\" height=\"683\" srcset=\"https:\/\/www.todobudapest.com\/wp-content\/uploads\/2023\/05\/balna-1024x683.jpg 1024w, https:\/\/www.todobudapest.com\/wp-content\/uploads\/2023\/05\/balna-300x200.jpg 300w, https:\/\/www.todobudapest.com\/wp-content\/uploads\/2023\/05\/balna-768x512.jpg 768w, https:\/\/www.todobudapest.com\/wp-content\/uploads\/2023\/05\/balna-1536x1024.jpg 1536w, https:\/\/www.todobudapest.com\/wp-content\/uploads\/2023\/05\/balna-600x400.jpg 600w, https:\/\/www.todobudapest.com\/wp-content\/uploads\/2023\/05\/balna.jpg 1872w\" sizes=\"(max-width: 1024px) 100vw, 1024px\" \/><\/p>\n<p><span style=\"font-weight: 400;\">Source: B\u00e1lna Terasz<\/span><\/p>\n<p><span style=\"font-weight: 400;\">Strandok, f\u00fcrd\u0151k\u00a0<\/span><\/p>\n<p><span style=\"font-weight: 400;\">Az igaz\u00e1n forr\u00f3 napokon a legt\u00f6bben csak egy v\u00edzpart mellett h\u0171s\u00f6ln\u00e9nk, err\u0151l viszont akkor sem kell lemondanunk, ha Budapesten tart\u00f3zkodunk. Igaz, hogy itt nincs lehet\u0151s\u00e9g\u00fcnk a homokos tengerpartr\u00f3l \u00e9lvezni a t\u00fcrkizk\u00e9k tengerv\u00edz l\u00e1tv\u00e1ny\u00e1t, ellenben a v\u00e1ros megannyi ter\u00fclet\u00e9n f\u00fcrd\u0151zhet\u00fcnk a szabadban. Hab\u00e1r a term\u00e1lf\u00fcrd\u0151k ny\u00fajtotta szolg\u00e1ltat\u00e1sokat a t\u00e9li id\u0151szakban tudjuk a legink\u00e1bb \u00e9rt\u00e9kelni, \u00e9rdemes lehet ny\u00e1ron is ell\u00e1togatni valamelyikbe, hiszen sz\u00e1mos gy\u00f3gyf\u00fcrd\u0151 k\u00fcls\u0151, szabadt\u00e9ri medenc\u00e9kkel is rendelkezik. Budapest legjobb term\u00e1lf\u00fcrd\u0151it <\/span><a href=\"https:\/\/www.todobudapest.com\/todo-category\/spa-relax\">itt tekinthetitek meg<\/a><b>.<\/b><\/p>\n<p><img decoding=\"async\" class=\"alignnone size-large wp-image-1824\" src=\"https:\/\/www.todobudapest.com\/wp-content\/uploads\/2023\/05\/szechenyi-thermal-spa-baths-budapest_Jan15-1024x768.jpg\" alt=\"\" width=\"1024\" height=\"768\" srcset=\"https:\/\/www.todobudapest.com\/wp-content\/uploads\/2023\/05\/szechenyi-thermal-spa-baths-budapest_Jan15-1024x768.jpg 1024w, https:\/\/www.todobudapest.com\/wp-content\/uploads\/2023\/05\/szechenyi-thermal-spa-baths-budapest_Jan15-300x225.jpg 300w, https:\/\/www.todobudapest.com\/wp-content\/uploads\/2023\/05\/szechenyi-thermal-spa-baths-budapest_Jan15-768x576.jpg 768w, https:\/\/www.todobudapest.com\/wp-content\/uploads\/2023\/05\/szechenyi-thermal-spa-baths-budapest_Jan15-600x450.jpg 600w, https:\/\/www.todobudapest.com\/wp-content\/uploads\/2023\/05\/szechenyi-thermal-spa-baths-budapest_Jan15.jpg 1200w\" sizes=\"(max-width: 1024px) 100vw, 1024px\" \/><\/p>\n<p><span style=\"font-weight: 400;\">Source: Budapest New Year<\/span><\/p>\n<p><span style=\"font-weight: 400;\">A v\u00e1ros bels\u0151 ker\u00fcleteit elhagyva a Duna partja is kellemes \u00e9lm\u00e9nyt ny\u00fajthat sz\u00e1munkra, a legn\u00e9pszer\u0171bb helyek k\u00f6z\u00e9 a Kopaszi-g\u00e1t \u00e9s a R\u00f3mai-part tartozik. <\/span><span style=\"font-weight: 400;\"><br \/>\n<\/span><span style=\"font-weight: 400;\">Ha viszont fontosabb sz\u00e1munkra a strand feeling akkor a Palatinus Gy\u00f3gy-, Strand- \u00e9s Hull\u00e1mf\u00fcrd\u0151t, a Pask\u00e1l strandf\u00fcrd\u0151t \u00e9s a Lupa Beach-t tudjuk aj\u00e1nlani. <\/span><\/p>\n<p><img decoding=\"async\" class=\"alignnone size-full wp-image-1820\" src=\"https:\/\/www.todobudapest.com\/wp-content\/uploads\/2023\/05\/lupa-to-official.jpg\" alt=\"\" width=\"960\" height=\"719\" srcset=\"https:\/\/www.todobudapest.com\/wp-content\/uploads\/2023\/05\/lupa-to-official.jpg 960w, https:\/\/www.todobudapest.com\/wp-content\/uploads\/2023\/05\/lupa-to-official-300x225.jpg 300w, https:\/\/www.todobudapest.com\/wp-content\/uploads\/2023\/05\/lupa-to-official-768x575.jpg 768w, https:\/\/www.todobudapest.com\/wp-content\/uploads\/2023\/05\/lupa-to-official-600x449.jpg 600w\" sizes=\"(max-width: 960px) 100vw, 960px\" \/><\/p>\n<p><span style=\"font-weight: 400;\">Source: Daily News Hungary <\/span><\/p>\n<p><span style=\"font-weight: 400;\">Budapesti panor\u00e1ma a leny\u00fagv\u00f3 nap sz\u00edneiben \u2013 budapesti haj\u00f3s t\u00far\u00e1k<\/span><\/p>\n<p><span style=\"font-weight: 400;\">Mondanunk sem kell, hogy az egyik legn\u00e9pszer\u0171bb program k\u00f6z\u00e9 a v\u00e1rosn\u00e9z\u0151 haj\u00f3z\u00e1s tartozik. A v\u00e1rosba l\u00e1togat\u00f3k sz\u00e1mtalan tematik\u00e1j\u00fa t\u00fara k\u00f6z\u00fcl v\u00e1laszthatnak, egy dolog viszont mindegyik esetben garant\u00e1lt: Budapest l\u00e1tv\u00e1nyoss\u00e1gait a Duna v\u00edz\u00e9r\u0151l csod\u00e1lva igaz\u00e1n beleszerethet\u00fcnk a v\u00e1rosba. A legt\u00f6bb t\u00fara d\u00e9lut\u00e1n indul \u00edgy a lemen\u0151 nap \u00e1ltal aranys\u00e1rg\u00e1ra befestett \u00e9gbolt alatt \u00e9lvezhetj\u00fck Budapest sz\u00e9ps\u00e9g\u00e9t. Bizonyos t\u00far\u00e1k eg\u00e9szen estig tartanak, vagy \u00e9pp naplemente ut\u00e1n kezd\u0151dnek, \u00edgy akik szeretn\u00e9k a v\u00e1ros f\u00e9nyeit megcsod\u00e1lni, arra is van lehet\u0151s\u00e9g. <\/span><span style=\"font-weight: 400;\"><br \/>\n<\/span><a href=\"https:\/\/www.todobudapest.com\/todo-category\/river-cruise-tours\">Budapesti haj\u00f3s t\u00far\u00e1inkat itt tekintheted meg \u2013 biztosan fogsz tal\u00e1lni sz\u00e1modra kedvez\u0151 opci\u00f3t k\u00f6z\u00fcl\u00fck.<\/a><\/p>\n<p><img decoding=\"async\" class=\"alignnone size-full wp-image-1814\" src=\"https:\/\/www.todobudapest.com\/wp-content\/uploads\/2023\/05\/beb2d773-99cd-4141-8498-b2f3d5c5135b-18979-budapest-budapest-new-year-s-eve-party-cruise-01.jpg\" alt=\"\" width=\"768\" height=\"480\" srcset=\"https:\/\/www.todobudapest.com\/wp-content\/uploads\/2023\/05\/beb2d773-99cd-4141-8498-b2f3d5c5135b-18979-budapest-budapest-new-year-s-eve-party-cruise-01.jpg 768w, https:\/\/www.todobudapest.com\/wp-content\/uploads\/2023\/05\/beb2d773-99cd-4141-8498-b2f3d5c5135b-18979-budapest-budapest-new-year-s-eve-party-cruise-01-300x188.jpg 300w, https:\/\/www.todobudapest.com\/wp-content\/uploads\/2023\/05\/beb2d773-99cd-4141-8498-b2f3d5c5135b-18979-budapest-budapest-new-year-s-eve-party-cruise-01-600x375.jpg 600w\" sizes=\"(max-width: 768px) 100vw, 768px\" \/><\/p>\n<p><span style=\"font-weight: 400;\">Source: Evendo<\/span><\/p>\n<p><span style=\"font-weight: 400;\">Margit-sziget \u2013 ha kiszakadn\u00e1l a v\u00e1rosi rohang\u00e1l\u00e1sb\u00f3l, de nem menn\u00e9l messze<\/span><\/p>\n<p><span style=\"font-weight: 400;\">A Margit-sziget adotts\u00e1gai a ny\u00e1ri id\u0151szakban \u00e9rezhet\u0151k a legink\u00e1bb. A hatalmas z\u00f6ldfel\u00fcletet minden ir\u00e1nyb\u00f3l a Duna veszi k\u00f6rbe, \u00edgy biztosan tal\u00e1lhatunk \u00e1rny\u00e9kos vagy \u00e9pp naps\u00fct\u00e9ssel teli partszakaszt. A szigeten t\u00f6lt\u00f6tt id\u0151t sz\u00e1mos tev\u00e9kenys\u00e9ggel tehetj\u00fck m\u00e9g sz\u00ednesebb\u00e9. A helyiek k\u00f6r\u00e9ben a sziget k\u00fcls\u0151 r\u00e9sz\u00e9n tal\u00e1lhat\u00f3 fut\u00f3p\u00e1lya igencsak n\u00e9pszer\u0171, a csal\u00e1doknak pedig t\u00f6bb j\u00e1tsz\u00f3t\u00e9r is rendelkez\u00e9sre \u00e1ll. Mindemellett lehet bring\u00f3t is b\u00e9relni (mely a bringa \u00e9s a hint\u00f3 sz\u00f3 \u00f6tv\u00f6z\u00e9s\u00e9b\u0151l ered), illetve megcsod\u00e1lni a sziget l\u00e1tv\u00e1nyoss\u00e1gait: a Margitszigeti Vadasparkot, a Ferences kolostor romjait, a R\u00f3zsakertet vagy a Margitszigeti V\u00edztornyot. <\/span><span style=\"font-weight: 400;\"><br \/>\n<\/span><span style=\"font-weight: 400;\">A sziget kihagyhatatlan programja pedig a Margitszigeti Zen\u00e9l\u0151 Sz\u00f6k\u0151k\u00fat, melyn\u00e9l \u00f3r\u00e1nk\u00e9nt p\u00e1r h\u00edres dal hallgathat\u00f3 meg, melyhez a sz\u00f6k\u0151k\u00fat v\u00edzj\u00e1t\u00e9ka p\u00e1rosul. A sz\u00f6k\u0151k\u00fathoz \u00e9rdemes este ell\u00e1togatni, hiszen ilyenkor a sz\u00f6k\u0151k\u00fat v\u00edzj\u00e1t\u00e9k\u00e1t k\u00fcl\u00f6nb\u00f6z\u0151 f\u00e9nyj\u00e1t\u00e9kok is k\u00eds\u00e9rik. <\/span><\/p>\n<p><img decoding=\"async\" class=\"alignnone size-large wp-image-1822\" src=\"https:\/\/www.todobudapest.com\/wp-content\/uploads\/2023\/05\/margit-sziget-zenelo-szokokut-csodalatosbudapest-csodalatosmagyarorszag-1024x576.jpg\" alt=\"\" width=\"1024\" height=\"576\" srcset=\"https:\/\/www.todobudapest.com\/wp-content\/uploads\/2023\/05\/margit-sziget-zenelo-szokokut-csodalatosbudapest-csodalatosmagyarorszag-1024x576.jpg 1024w, https:\/\/www.todobudapest.com\/wp-content\/uploads\/2023\/05\/margit-sziget-zenelo-szokokut-csodalatosbudapest-csodalatosmagyarorszag-300x169.jpg 300w, https:\/\/www.todobudapest.com\/wp-content\/uploads\/2023\/05\/margit-sziget-zenelo-szokokut-csodalatosbudapest-csodalatosmagyarorszag-768x432.jpg 768w, https:\/\/www.todobudapest.com\/wp-content\/uploads\/2023\/05\/margit-sziget-zenelo-szokokut-csodalatosbudapest-csodalatosmagyarorszag-600x338.jpg 600w, https:\/\/www.todobudapest.com\/wp-content\/uploads\/2023\/05\/margit-sziget-zenelo-szokokut-csodalatosbudapest-csodalatosmagyarorszag.jpg 1400w\" sizes=\"(max-width: 1024px) 100vw, 1024px\" \/><\/p>\n<p><span style=\"font-weight: 400;\">Source: Csod\u00e1latos Budapest<\/span><\/p>\n<p><span style=\"font-weight: 400;\">Ha kicsit t\u00e1volabbra v\u00e1gyn\u00e1nk \u2013 napi t\u00far\u00e1k\u00a0<\/span><\/p>\n<p><span style=\"font-weight: 400;\">Ha szeretn\u00e9nk a v\u00e1rost\u00f3l messzebb menni, a leggyakrabban a Balaton mer\u00fcl fel els\u0151dleges opci\u00f3k\u00e9nt \u2013 teljesen \u00e9rthet\u0151 m\u00f3don. A Balaton a K\u00f6z\u00e9p-Eur\u00f3pai t\u00e9rs\u00e9g legnagyobb \u00e9desv\u00edzi tava, mely t\u00e9rs\u00e9g fest\u0151i t\u00e1jk\u00e9pe mellett sz\u00e1mos m\u0171v\u00e9szeti, gasztron\u00f3miai \u00e9s turisztikai c\u00e9lpont is felfedezhet\u0151. Ha Te is szeretn\u00e9l ell\u00e1togatni a \u201emagyar tengernek\u201d is bec\u00e9zett t\u00f3hoz, <\/span><a href=\"https:\/\/www.todobudapest.com\/products\/lake-balaton-tour\">ez a napi t\u00far\u00e1nk Neked lett kital\u00e1lva<\/a><span style=\"font-weight: 400;\">.<\/span><\/p>\n<p><img decoding=\"async\" class=\"alignnone size-large wp-image-1828\" src=\"https:\/\/www.todobudapest.com\/wp-content\/uploads\/2023\/05\/tihany-bences-apatsag-1024x538.jpg\" alt=\"\" width=\"1024\" height=\"538\" srcset=\"https:\/\/www.todobudapest.com\/wp-content\/uploads\/2023\/05\/tihany-bences-apatsag-1024x538.jpg 1024w, https:\/\/www.todobudapest.com\/wp-content\/uploads\/2023\/05\/tihany-bences-apatsag-300x158.jpg 300w, https:\/\/www.todobudapest.com\/wp-content\/uploads\/2023\/05\/tihany-bences-apatsag-768x403.jpg 768w, https:\/\/www.todobudapest.com\/wp-content\/uploads\/2023\/05\/tihany-bences-apatsag-600x315.jpg 600w, https:\/\/www.todobudapest.com\/wp-content\/uploads\/2023\/05\/tihany-bences-apatsag.jpg 1200w\" sizes=\"(max-width: 1024px) 100vw, 1024px\" \/><\/p>\n<p><span style=\"font-weight: 400;\">Source: Club Tihany<\/span><\/p>\n<p><span style=\"font-weight: 400;\">Ha egy kis nyugalomra v\u00e1gyn\u00e1l, de nem szeretn\u00e9l \u00f3r\u00e1kat utazni, akkor <\/span><a href=\"https:\/\/www.todobudapest.com\/products\/szentendre-tour\">Szentendr\u00e9t tudjuk aj\u00e1nlan<\/a>i<span style=\"font-weight: 400;\">, ahol biztosan ki tudsz kapcsol\u00f3dni. Szentendre nevezetess\u00e9geir\u0151l, l\u00e1tnival\u00f3ir\u00f3l \u00e9s a v\u00e1ros k\u00edn\u00e1lt programokr\u00f3l <\/span><a href=\"https:\/\/www.todobudapest.com\/discover-the-beauties-of-szentendre-daytrip-from-budapest\">ebben a cikk\u00fcnkben t\u00e9rt\u00fcnk ki r\u00e9szletesen<\/a>.<\/p>\n<p><span style=\"font-weight: 400;\"> <img decoding=\"async\" class=\"alignnone size-full wp-image-1826\" src=\"https:\/\/www.todobudapest.com\/wp-content\/uploads\/2023\/05\/szentendre-2-6.webp\" alt=\"\" width=\"1000\" height=\"750\" srcset=\"https:\/\/www.todobudapest.com\/wp-content\/uploads\/2023\/05\/szentendre-2-6.webp 1000w, https:\/\/www.todobudapest.com\/wp-content\/uploads\/2023\/05\/szentendre-2-6-300x225.webp 300w, https:\/\/www.todobudapest.com\/wp-content\/uploads\/2023\/05\/szentendre-2-6-768x576.webp 768w, https:\/\/www.todobudapest.com\/wp-content\/uploads\/2023\/05\/szentendre-2-6-600x450.webp 600w\" sizes=\"(max-width: 1000px) 100vw, 1000px\" \/><\/span><\/p>\n<p><span style=\"font-weight: 400;\">Source: Trekhunt<\/span><\/p>\n<p>&nbsp;<\/p>\n<p><span style=\"font-weight: 400;\">Zen\u00e9s szabadt\u00e9ri programok \u2013 koncertek, el\u0151ad\u00e1sok, fesztiv\u00e1lok<\/span><\/p>\n<p><span style=\"font-weight: 400;\">Szinte egy\u00e9rtelm\u0171 lehet sokunknak az al\u00e1bbi k\u00e9plet: Budapest + fesztiv\u00e1l = SZIGET <\/span><span style=\"font-weight: 400;\"><br \/>\n<\/span><span style=\"font-weight: 400;\">A Sziget Fesztiv\u00e1l el\u0151sz\u00f6r 1993-ban nyitotta meg kapuit, akkor m\u00e9g csak egy eg\u00e9szen kis k\u00f6z\u00f6ns\u00e9g sz\u00e1m\u00e1ra, azonban az az\u00f3ta eltelt \u00e9vtizedek sor\u00e1n az \u00e9rdekl\u0151d\u00f6k sz\u00e1ma jelent\u0151sen megn\u0151tt, az elm\u00falt \u00e9vekben pedig m\u00e1r Eur\u00f3pa egyik legnagyobb zenei fesztiv\u00e1ljai k\u00f6z\u00e9 tartozik. A 2023-as \u00e9vben olyan el\u0151ad\u00f3k is fell\u00e9pnek itt, mint p\u00e9ld\u00e1lul David Guetta, Billie Eilish, Imagine Dragons, Lorde \u00e9s Macklemore<\/span><\/p>\n<p><span style=\"font-weight: 400;\">Ezen k\u00edv\u00fcl a ny\u00e1ri h\u00f3napokban sz\u00e1mtalan zen\u00e9s esem\u00e9ny ker\u00fcl megrendez\u00e9sre a v\u00e1ros megannyi szabadt\u00e9ri helysz\u00edn\u00e9n. Az aktu\u00e1lis programokr\u00f3l \u00e9rdemes el\u0151re t\u00e1j\u00e9koz\u00f3dni \u00e9s amennyiben sz\u00fcks\u00e9ges, jegyeket foglalni. <\/span><\/p>\n<p><img decoding=\"async\" class=\"alignnone size-full wp-image-1818\" src=\"https:\/\/www.todobudapest.com\/wp-content\/uploads\/2023\/05\/budapest_sziget_festival.webp\" alt=\"\" width=\"768\" height=\"432\" srcset=\"https:\/\/www.todobudapest.com\/wp-content\/uploads\/2023\/05\/budapest_sziget_festival.webp 768w, https:\/\/www.todobudapest.com\/wp-content\/uploads\/2023\/05\/budapest_sziget_festival-300x169.webp 300w, https:\/\/www.todobudapest.com\/wp-content\/uploads\/2023\/05\/budapest_sziget_festival-600x338.webp 600w\" sizes=\"(max-width: 768px) 100vw, 768px\" \/><\/p>\n<p><span style=\"font-weight: 400;\">Source: Global Journey<\/span><\/p>\n<p><span style=\"font-weight: 400;\">Ha k\u00e9nyelmesen ind\u00edtan\u00e1nk a napot \u2013 brunchol\u00e1s Budapesten\u00a0<\/span><\/p>\n<p><span style=\"font-weight: 400;\">A kiad\u00f3s reggeliz\u00e9s kult\u00far\u00e1ja egyre nagyobb n\u00e9pszer\u0171s\u00e9gnek \u00f6rvend Budapesten is, az \u00e9vek eltelt\u00e9vel pedig egyre t\u00f6bb olyan \u00e9tteremmel tal\u00e1lkozhatunk, melynek k\u00f6z\u00e9ppontj\u00e1ban az eg\u00e9sznapos reggelik \u00e1llnak. Ha szeretn\u00e9d az ig\u00e9nyeidnek legmegfelel\u0151bb helyet megtal\u00e1lni, javasoljuk a <\/span><a href=\"https:\/\/www.brunchbudapest.com\">Brunch Budapest<\/a><span style=\"font-weight: 400;\">\u00a0oldal\u00e1t, ahol szem\u00e9lyreszabott filterek seg\u00edts\u00e9g\u00e9vel tal\u00e1lhatod meg a k\u00f6vetkez\u0151 reggeliz\u0151helyedet. <\/span><\/p>\n<p><img decoding=\"async\" class=\"alignnone size-large wp-image-1816\" src=\"https:\/\/www.todobudapest.com\/wp-content\/uploads\/2023\/05\/brunch_fooldal_kep_opt-1024x810.jpg\" alt=\"\" width=\"1024\" height=\"810\" srcset=\"https:\/\/www.todobudapest.com\/wp-content\/uploads\/2023\/05\/brunch_fooldal_kep_opt-1024x810.jpg 1024w, https:\/\/www.todobudapest.com\/wp-content\/uploads\/2023\/05\/brunch_fooldal_kep_opt-300x237.jpg 300w, https:\/\/www.todobudapest.com\/wp-content\/uploads\/2023\/05\/brunch_fooldal_kep_opt-768x608.jpg 768w, https:\/\/www.todobudapest.com\/wp-content\/uploads\/2023\/05\/brunch_fooldal_kep_opt-1536x1215.jpg 1536w, https:\/\/www.todobudapest.com\/wp-content\/uploads\/2023\/05\/brunch_fooldal_kep_opt-600x475.jpg 600w, https:\/\/www.todobudapest.com\/wp-content\/uploads\/2023\/05\/brunch_fooldal_kep_opt.jpg 1800w\" sizes=\"(max-width: 1024px) 100vw, 1024px\" \/><\/p>\n<p><span style=\"font-weight: 400;\">Source: Brunch Budapest<\/span><\/p>\n","protected":false},"excerpt":{"rendered":"<p>Budapesti ny\u00e1ri programok Sokan, k\u00f6zt\u00fck mi is alig v\u00e1rtuk a ny\u00e1r \u00e9rkez\u00e9s\u00e9t, hiszen ilyenkor pezsd\u00fcl fel a v\u00e1ros igaz\u00e1n: a nappalok egyre hosszabbak, az id\u0151j\u00e1r\u00e1s egyre melegebb \u00e9s az eg\u00e9sz v\u00e1rost sokkal sz\u00ednesebb\u00e9 var\u00e1zsolja a megannyi z\u00f6ldfel\u00fclet. Ilyenkorra m\u00e1r az \u00f6sszes terasz kinyit \u00e9s a szabadt\u00e9ri programok sz\u00e1ma is megn\u0151, rengeteg \u00e9lm\u00e9nyt ny\u00fajtva sz\u00e1munkra.\u00a0\u00a0 Budapest [&hellip;]<\/p>\n","protected":false},"author":1,"featured_media":1823,"comment_status":"closed","ping_status":"closed","sticky":false,"template":"","format":"standard","meta":{"footnotes":""},"categories":[16],"tags":[],"class_list":["post-1831","post","type-post","status-publish","format-standard","has-post-thumbnail","hentry","category-uncategorized-hu"],"acf":[],"yoast_head":"<!-- This site is optimized with the Yoast SEO plugin v20.3 - https:\/\/yoast.com\/wordpress\/plugins\/seo\/ -->\n<title>Budapesti ny\u00e1ri programok - To Do Budapest<\/title>\n<meta name=\"robots\" content=\"index, follow, max-snippet:-1, max-image-preview:large, max-video-preview:-1\" \/>\n<link rel=\"canonical\" href=\"https:\/\/www.todobudapest.com\/hu\/budapest-nyari-programok\/\" \/>\n<meta property=\"og:locale\" content=\"hu_HU\" \/>\n<meta property=\"og:type\" content=\"article\" \/>\n<meta property=\"og:title\" content=\"Budapesti ny\u00e1ri programok - To Do Budapest\" \/>\n<meta property=\"og:description\" content=\"Budapesti ny\u00e1ri programok Sokan, k\u00f6zt\u00fck mi is alig v\u00e1rtuk a ny\u00e1r \u00e9rkez\u00e9s\u00e9t, hiszen ilyenkor pezsd\u00fcl fel a v\u00e1ros igaz\u00e1n: a nappalok egyre hosszabbak, az id\u0151j\u00e1r\u00e1s egyre melegebb \u00e9s az eg\u00e9sz v\u00e1rost sokkal sz\u00ednesebb\u00e9 var\u00e1zsolja a megannyi z\u00f6ldfel\u00fclet. Ilyenkorra m\u00e1r az \u00f6sszes terasz kinyit \u00e9s a szabadt\u00e9ri programok sz\u00e1ma is megn\u0151, rengeteg \u00e9lm\u00e9nyt ny\u00fajtva sz\u00e1munkra.\u00a0\u00a0 Budapest [&hellip;]\" \/>\n<meta property=\"og:url\" content=\"https:\/\/www.todobudapest.com\/hu\/budapest-nyari-programok\/\" \/>\n<meta property=\"og:site_name\" content=\"To Do Budapest\" \/>\n<meta property=\"article:published_time\" content=\"2023-05-29T18:34:07+00:00\" \/>\n<meta property=\"article:modified_time\" content=\"2023-09-05T11:53:36+00:00\" \/>\n<meta property=\"og:image\" content=\"https:\/\/www.todobudapest.com\/wp-content\/uploads\/2023\/05\/margit-sziget-zenelo-szokokut-csodalatosbudapest-csodalatosmagyarorszag.jpg\" \/>\n\t<meta property=\"og:image:width\" content=\"1400\" \/>\n\t<meta property=\"og:image:height\" content=\"788\" \/>\n\t<meta property=\"og:image:type\" content=\"image\/jpeg\" \/>\n<meta name=\"author\" content=\"todoadmin\" \/>\n<meta name=\"twitter:card\" content=\"summary_large_image\" \/>\n<meta name=\"twitter:label1\" content=\"Szerz\u0151:\" \/>\n\t<meta name=\"twitter:data1\" content=\"todoadmin\" \/>\n\t<meta name=\"twitter:label2\" content=\"Becs\u00fclt olvas\u00e1si id\u0151\" \/>\n\t<meta name=\"twitter:data2\" content=\"6 perc\" \/>\n<script type=\"application\/ld+json\" class=\"yoast-schema-graph\">{\"@context\":\"https:\/\/schema.org\",\"@graph\":[{\"@type\":\"WebPage\",\"@id\":\"https:\/\/www.todobudapest.com\/hu\/budapest-nyari-programok\/\",\"url\":\"https:\/\/www.todobudapest.com\/hu\/budapest-nyari-programok\/\",\"name\":\"Budapesti ny\u00e1ri programok - To Do Budapest\",\"isPartOf\":{\"@id\":\"https:\/\/www.todobudapest.com\/#website\"},\"datePublished\":\"2023-05-29T18:34:07+00:00\",\"dateModified\":\"2023-09-05T11:53:36+00:00\",\"author\":{\"@id\":\"https:\/\/www.todobudapest.com\/#\/schema\/person\/de4e8287b713a319b6f46d729747d3eb\"},\"breadcrumb\":{\"@id\":\"https:\/\/www.todobudapest.com\/hu\/budapest-nyari-programok\/#breadcrumb\"},\"inLanguage\":\"hu\",\"potentialAction\":[{\"@type\":\"ReadAction\",\"target\":[\"https:\/\/www.todobudapest.com\/hu\/budapest-nyari-programok\/\"]}]},{\"@type\":\"BreadcrumbList\",\"@id\":\"https:\/\/www.todobudapest.com\/hu\/budapest-nyari-programok\/#breadcrumb\",\"itemListElement\":[{\"@type\":\"ListItem\",\"position\":1,\"name\":\"Home\",\"item\":\"https:\/\/www.todobudapest.com\/hu\/\"},{\"@type\":\"ListItem\",\"position\":2,\"name\":\"Budapesti ny\u00e1ri programok\"}]},{\"@type\":\"WebSite\",\"@id\":\"https:\/\/www.todobudapest.com\/#website\",\"url\":\"https:\/\/www.todobudapest.com\/\",\"name\":\"To Do Budapest\",\"description\":\"\",\"potentialAction\":[{\"@type\":\"SearchAction\",\"target\":{\"@type\":\"EntryPoint\",\"urlTemplate\":\"https:\/\/www.todobudapest.com\/?s={search_term_string}\"},\"query-input\":\"required name=search_term_string\"}],\"inLanguage\":\"hu\"},{\"@type\":\"Person\",\"@id\":\"https:\/\/www.todobudapest.com\/#\/schema\/person\/de4e8287b713a319b6f46d729747d3eb\",\"name\":\"todoadmin\",\"image\":{\"@type\":\"ImageObject\",\"inLanguage\":\"hu\",\"@id\":\"https:\/\/www.todobudapest.com\/#\/schema\/person\/image\/\",\"url\":\"https:\/\/secure.gravatar.com\/avatar\/c7b35cdf2ecbcae38ae3cea42de138be68173a0ac75ca4799c2374ddcf1af4da?s=96&d=mm&r=g\",\"contentUrl\":\"https:\/\/secure.gravatar.com\/avatar\/c7b35cdf2ecbcae38ae3cea42de138be68173a0ac75ca4799c2374ddcf1af4da?s=96&d=mm&r=g\",\"caption\":\"todoadmin\"},\"sameAs\":[\"http:\/\/local.todobudapest.com\"],\"url\":\"https:\/\/www.todobudapest.com\/hu\/author\/todoadmin\/\"}]}<\/script>\n<!-- \/ Yoast SEO plugin. -->","yoast_head_json":{"title":"Budapesti ny\u00e1ri programok - To Do Budapest","robots":{"index":"index","follow":"follow","max-snippet":"max-snippet:-1","max-image-preview":"max-image-preview:large","max-video-preview":"max-video-preview:-1"},"canonical":"https:\/\/www.todobudapest.com\/hu\/budapest-nyari-programok\/","og_locale":"hu_HU","og_type":"article","og_title":"Budapesti ny\u00e1ri programok - To Do Budapest","og_description":"Budapesti ny\u00e1ri programok Sokan, k\u00f6zt\u00fck mi is alig v\u00e1rtuk a ny\u00e1r \u00e9rkez\u00e9s\u00e9t, hiszen ilyenkor pezsd\u00fcl fel a v\u00e1ros igaz\u00e1n: a nappalok egyre hosszabbak, az id\u0151j\u00e1r\u00e1s egyre melegebb \u00e9s az eg\u00e9sz v\u00e1rost sokkal sz\u00ednesebb\u00e9 var\u00e1zsolja a megannyi z\u00f6ldfel\u00fclet. Ilyenkorra m\u00e1r az \u00f6sszes terasz kinyit \u00e9s a szabadt\u00e9ri programok sz\u00e1ma is megn\u0151, rengeteg \u00e9lm\u00e9nyt ny\u00fajtva sz\u00e1munkra.\u00a0\u00a0 Budapest [&hellip;]","og_url":"https:\/\/www.todobudapest.com\/hu\/budapest-nyari-programok\/","og_site_name":"To Do Budapest","article_published_time":"2023-05-29T18:34:07+00:00","article_modified_time":"2023-09-05T11:53:36+00:00","og_image":[{"width":1400,"height":788,"url":"https:\/\/www.todobudapest.com\/wp-content\/uploads\/2023\/05\/margit-sziget-zenelo-szokokut-csodalatosbudapest-csodalatosmagyarorszag.jpg","type":"image\/jpeg"}],"author":"todoadmin","twitter_card":"summary_large_image","twitter_misc":{"Szerz\u0151:":"todoadmin","Becs\u00fclt olvas\u00e1si id\u0151":"6 perc"},"schema":{"@context":"https:\/\/schema.org","@graph":[{"@type":"WebPage","@id":"https:\/\/www.todobudapest.com\/hu\/budapest-nyari-programok\/","url":"https:\/\/www.todobudapest.com\/hu\/budapest-nyari-programok\/","name":"Budapesti ny\u00e1ri programok - To Do Budapest","isPartOf":{"@id":"https:\/\/www.todobudapest.com\/#website"},"datePublished":"2023-05-29T18:34:07+00:00","dateModified":"2023-09-05T11:53:36+00:00","author":{"@id":"https:\/\/www.todobudapest.com\/#\/schema\/person\/de4e8287b713a319b6f46d729747d3eb"},"breadcrumb":{"@id":"https:\/\/www.todobudapest.com\/hu\/budapest-nyari-programok\/#breadcrumb"},"inLanguage":"hu","potentialAction":[{"@type":"ReadAction","target":["https:\/\/www.todobudapest.com\/hu\/budapest-nyari-programok\/"]}]},{"@type":"BreadcrumbList","@id":"https:\/\/www.todobudapest.com\/hu\/budapest-nyari-programok\/#breadcrumb","itemListElement":[{"@type":"ListItem","position":1,"name":"Home","item":"https:\/\/www.todobudapest.com\/hu\/"},{"@type":"ListItem","position":2,"name":"Budapesti ny\u00e1ri programok"}]},{"@type":"WebSite","@id":"https:\/\/www.todobudapest.com\/#website","url":"https:\/\/www.todobudapest.com\/","name":"To Do Budapest","description":"","potentialAction":[{"@type":"SearchAction","target":{"@type":"EntryPoint","urlTemplate":"https:\/\/www.todobudapest.com\/?s={search_term_string}"},"query-input":"required name=search_term_string"}],"inLanguage":"hu"},{"@type":"Person","@id":"https:\/\/www.todobudapest.com\/#\/schema\/person\/de4e8287b713a319b6f46d729747d3eb","name":"todoadmin","image":{"@type":"ImageObject","inLanguage":"hu","@id":"https:\/\/www.todobudapest.com\/#\/schema\/person\/image\/","url":"https:\/\/secure.gravatar.com\/avatar\/c7b35cdf2ecbcae38ae3cea42de138be68173a0ac75ca4799c2374ddcf1af4da?s=96&d=mm&r=g","contentUrl":"https:\/\/secure.gravatar.com\/avatar\/c7b35cdf2ecbcae38ae3cea42de138be68173a0ac75ca4799c2374ddcf1af4da?s=96&d=mm&r=g","caption":"todoadmin"},"sameAs":["http:\/\/local.todobudapest.com"],"url":"https:\/\/www.todobudapest.com\/hu\/author\/todoadmin\/"}]}},"_links":{"self":[{"href":"https:\/\/www.todobudapest.com\/hu\/wp-json\/wp\/v2\/posts\/1831","targetHints":{"allow":["GET"]}}],"collection":[{"href":"https:\/\/www.todobudapest.com\/hu\/wp-json\/wp\/v2\/posts"}],"about":[{"href":"https:\/\/www.todobudapest.com\/hu\/wp-json\/wp\/v2\/types\/post"}],"author":[{"embeddable":true,"href":"https:\/\/www.todobudapest.com\/hu\/wp-json\/wp\/v2\/users\/1"}],"replies":[{"embeddable":true,"href":"https:\/\/www.todobudapest.com\/hu\/wp-json\/wp\/v2\/comments?post=1831"}],"version-history":[{"count":2,"href":"https:\/\/www.todobudapest.com\/hu\/wp-json\/wp\/v2\/posts\/1831\/revisions"}],"predecessor-version":[{"id":1833,"href":"https:\/\/www.todobudapest.com\/hu\/wp-json\/wp\/v2\/posts\/1831\/revisions\/1833"}],"wp:featuredmedia":[{"embeddable":true,"href":"https:\/\/www.todobudapest.com\/hu\/wp-json\/wp\/v2\/media\/1823"}],"wp:attachment":[{"href":"https:\/\/www.todobudapest.com\/hu\/wp-json\/wp\/v2\/media?parent=1831"}],"wp:term":[{"taxonomy":"category","embeddable":true,"href":"https:\/\/www.todobudapest.com\/hu\/wp-json\/wp\/v2\/categories?post=1831"},{"taxonomy":"post_tag","embeddable":true,"href":"https:\/\/www.todobudapest.com\/hu\/wp-json\/wp\/v2\/tags?post=1831"}],"curies":[{"name":"wp","href":"https:\/\/api.w.org\/{rel}","templated":true}]}}