{"id":1800,"date":"2023-05-22T20:18:36","date_gmt":"2023-05-22T18:18:36","guid":{"rendered":"https:\/\/www.todobudapest.com\/discover-budapests-miniature-sculptures\/"},"modified":"2023-09-05T13:53:37","modified_gmt":"2023-09-05T11:53:37","slug":"kolodko-mihaly-szobrai","status":"publish","type":"post","link":"https:\/\/www.todobudapest.com\/hu\/kolodko-mihaly-szobrai\/","title":{"rendered":"Kolodko Mih\u00e1ly budapesti szobrai"},"content":{"rendered":"<p><span style=\"font-weight: 400;\">Aki Budapest utc\u00e1it szemf\u00fclesen j\u00e1rja,az elm\u00falt \u00e9vekben felfigyelhetett p\u00e1r miniszoborra is, melyek forgalmasabb vagy h\u00edresebb k\u00f6zter\u00fcleteken ker\u00fcltek kihelyez\u00e9sre. Ezen szobrok m\u00f6g\u00f6tt Kolodko Mih\u00e1ly szem\u00e9lye \u00e1ll, akinek jelenleg \u2013 2023 m\u00e1jus\u00e1ban \u2013 30 alkot\u00e1sa tekinthet\u0151 meg a v\u00e1ros k\u00fcl\u00f6nb\u00f6z\u0151 pontjain, azonban ez a sz\u00e1m sz\u00e9p lassan, de folyamatosan emelkedik. <\/span><\/p>\n<p><img decoding=\"async\" class=\"alignnone size-full wp-image-1793\" src=\"https:\/\/www.todobudapest.com\/wp-content\/uploads\/2023\/05\/Checkered-Eared-Rabbit-kolodko-mini-statue.jpg\" alt=\"\" width=\"800\" height=\"533\" srcset=\"https:\/\/www.todobudapest.com\/wp-content\/uploads\/2023\/05\/Checkered-Eared-Rabbit-kolodko-mini-statue.jpg 800w, https:\/\/www.todobudapest.com\/wp-content\/uploads\/2023\/05\/Checkered-Eared-Rabbit-kolodko-mini-statue-300x200.jpg 300w, https:\/\/www.todobudapest.com\/wp-content\/uploads\/2023\/05\/Checkered-Eared-Rabbit-kolodko-mini-statue-768x512.jpg 768w, https:\/\/www.todobudapest.com\/wp-content\/uploads\/2023\/05\/Checkered-Eared-Rabbit-kolodko-mini-statue-600x400.jpg 600w\" sizes=\"(max-width: 800px) 100vw, 800px\" \/><\/p>\n<p><span style=\"font-weight: 400;\">source: budapestflow<\/span><\/p>\n<p><span style=\"font-weight: 400;\">Kolodko Mih\u00e1ly Ukrajn\u00e1ban sz\u00fcletett, itt is v\u00e9gezte tanulm\u00e1nyait a Lembergi M\u0171v\u00e9szeti Akad\u00e9mi\u00e1n, Lvivben. Tanulm\u00e1nyait befejezve eleinte nagym\u00e9ret\u0171 szobrokat alkotott, azonban Magyarorsz\u00e1gon m\u00e1r a miniszobrair\u00f3l lett h\u00edres. A tervez\u0151asztaln\u00e1l kre\u00e1lt, gondosan megform\u00e1lt makettek m\u00e9reteit megtartva el\u0151sz\u00f6r Budapest \u00e9s V\u00e1c utc\u00e1it kezdte d\u00edsz\u00edteni, m\u00e1ra azonban m\u00e1r sok m\u00e1s hazai telep\u00fcl\u00e9sen is tal\u00e1lkozhatunk alkot\u00e1saival. <\/span><span style=\"font-weight: 400;\"><br \/>\n<\/span><span style=\"font-weight: 400;\">Hab\u00e1r ezek a szobrok igaz\u00e1n kis m\u00e9ret\u0171ek, a m\u00f6g\u00f6tt\u00fck rejl\u0151 gondolatok \u00e9s v\u00e9lem\u00e9nyek kor\u00e1ntsem mondhat\u00f3ak miniat\u0171rnek. Alkot\u00e1sai f\u0151leg az adott orsz\u00e1g jellegzetess\u00e9geit \u00e9s m\u0171v\u00e9szeti m\u00faltj\u00e1t mutattja be, de Kolodko att\u00f3l sem ijed meg, ha er\u0151teljes v\u00e9lem\u00e9nyt kell egy ilyen miniszoborba foglalni.\u00a0 <\/span><\/p>\n<p><img decoding=\"async\" class=\"alignnone size-full wp-image-1795\" src=\"https:\/\/www.todobudapest.com\/wp-content\/uploads\/2023\/05\/kocka_shutterstock-1024x681-1.webp\" alt=\"\" width=\"1024\" height=\"681\" srcset=\"https:\/\/www.todobudapest.com\/wp-content\/uploads\/2023\/05\/kocka_shutterstock-1024x681-1.webp 1024w, https:\/\/www.todobudapest.com\/wp-content\/uploads\/2023\/05\/kocka_shutterstock-1024x681-1-300x200.webp 300w, https:\/\/www.todobudapest.com\/wp-content\/uploads\/2023\/05\/kocka_shutterstock-1024x681-1-768x511.webp 768w, https:\/\/www.todobudapest.com\/wp-content\/uploads\/2023\/05\/kocka_shutterstock-1024x681-1-600x399.webp 600w\" sizes=\"(max-width: 1024px) 100vw, 1024px\" \/><\/p>\n<p><span style=\"font-weight: 400;\">source: szallas.hu<\/span><\/p>\n<p><span style=\"font-weight: 400;\">Kolodko miniszobrai az eg\u00e9sz v\u00e1rosban fellelhet\u0151ek, \u00edgy t\u00f6k\u00e9letes program lehet ezen szobrok megl\u00e1togat\u00e1sa, melyhez Budapest l\u00e1tnival\u00f3it is egyszer\u0171en p\u00e1ros\u00edthatjuk. A v\u00e1ros budai oldal\u00e1n a legt\u00f6bb szobor a Duna ment\u00e9n tal\u00e1lhat\u00f3 meg. Ezek az alkot\u00e1sok h\u00edres mesefigur\u00e1kat jelen\u00edtenek meg, azonban olyan szobrokat is tal\u00e1lhatunk itt, mint p\u00e9ld\u00e1ul Rubik Ern\u0151 vil\u00e1gh\u00edres logikai j\u00e1t\u00e9k\u00e1t, a Rubik-kock\u00e1t vagy a Batthy\u00e1ny t\u00e9r k\u00f6zel\u00e9ben ki\u00e1ll\u00edtott \u201eszomor\u00fa tank\u201d c\u00edmet visel\u0151 szobrot, mely az 1956-os forradalomnak \u00e1ll\u00edt eml\u00e9ket. A Margit-h\u00eddhoz \u00e9rve pedig egy Trabant szoborral is tal\u00e1lkozhatunk, mely szint\u00e9n a budai rakparton ker\u00fclt elhelyez\u00e9sre. A szobor k\u00fcl\u00f6nlegess\u00e9ge, hogy a t\u00f6bbi f\u00e9mszoborral ellent\u00e9tben a szobr\u00e1sz ezen alkot\u00e1sa m\u00e9szk\u0151b\u0151l k\u00e9sz\u00fclt. <\/span><\/p>\n<p><img decoding=\"async\" class=\"alignnone size-large wp-image-1797\" src=\"https:\/\/www.todobudapest.com\/wp-content\/uploads\/2023\/05\/Kolodko_Felhuzhato_Trabant_miniszobor_2-1024x768.jpg\" alt=\"\" width=\"1024\" height=\"768\" srcset=\"https:\/\/www.todobudapest.com\/wp-content\/uploads\/2023\/05\/Kolodko_Felhuzhato_Trabant_miniszobor_2-1024x768.jpg 1024w, https:\/\/www.todobudapest.com\/wp-content\/uploads\/2023\/05\/Kolodko_Felhuzhato_Trabant_miniszobor_2-300x225.jpg 300w, https:\/\/www.todobudapest.com\/wp-content\/uploads\/2023\/05\/Kolodko_Felhuzhato_Trabant_miniszobor_2-768x576.jpg 768w, https:\/\/www.todobudapest.com\/wp-content\/uploads\/2023\/05\/Kolodko_Felhuzhato_Trabant_miniszobor_2-1536x1152.jpg 1536w, https:\/\/www.todobudapest.com\/wp-content\/uploads\/2023\/05\/Kolodko_Felhuzhato_Trabant_miniszobor_2-600x450.jpg 600w, https:\/\/www.todobudapest.com\/wp-content\/uploads\/2023\/05\/Kolodko_Felhuzhato_Trabant_miniszobor_2.jpg 2000w\" sizes=\"(max-width: 1024px) 100vw, 1024px\" \/><\/p>\n<p><span style=\"font-weight: 400;\">source: olyanjo.hu<\/span><\/p>\n<p><span style=\"font-weight: 400;\">M\u00edg a budai oldalon jelenleg 9 miniszobor \u00e9kes\u00edti a v\u00e1ros utc\u00e1it, addig Pesten 21 alkot\u00e1st tekinthet\u00fcnk meg, melyek egym\u00e1st\u00f3l j\u00f3val nagyobb t\u00e1vols\u00e1gra tal\u00e1lhat\u00f3ak meg: van olyan szobor, mely a Szabads\u00e1g-h\u00eddon foglal helyet \u00e9s van olyan is, amely a rep\u00fcl\u0151t\u00e9ren tekinthet\u0151 meg. <\/span><\/p>\n<p><img decoding=\"async\" class=\"alignnone size-large wp-image-1789\" src=\"https:\/\/www.todobudapest.com\/wp-content\/uploads\/2023\/05\/77176-1024x693.jpg\" alt=\"\" width=\"1024\" height=\"693\" srcset=\"https:\/\/www.todobudapest.com\/wp-content\/uploads\/2023\/05\/77176-1024x693.jpg 1024w, https:\/\/www.todobudapest.com\/wp-content\/uploads\/2023\/05\/77176-300x203.jpg 300w, https:\/\/www.todobudapest.com\/wp-content\/uploads\/2023\/05\/77176-768x519.jpg 768w, https:\/\/www.todobudapest.com\/wp-content\/uploads\/2023\/05\/77176-1536x1039.jpg 1536w, https:\/\/www.todobudapest.com\/wp-content\/uploads\/2023\/05\/77176-600x406.jpg 600w, https:\/\/www.todobudapest.com\/wp-content\/uploads\/2023\/05\/77176.jpg 1616w\" sizes=\"(max-width: 1024px) 100vw, 1024px\" \/><\/p>\n<p><span style=\"font-weight: 400;\">source: szallas.hu<\/span><\/p>\n<p>&nbsp;<\/p>\n","protected":false},"excerpt":{"rendered":"<p>Aki Budapest utc\u00e1it szemf\u00fclesen j\u00e1rja,az elm\u00falt \u00e9vekben felfigyelhetett p\u00e1r miniszoborra is, melyek forgalmasabb vagy h\u00edresebb k\u00f6zter\u00fcleteken ker\u00fcltek kihelyez\u00e9sre. Ezen szobrok m\u00f6g\u00f6tt Kolodko Mih\u00e1ly szem\u00e9lye \u00e1ll, akinek jelenleg \u2013 2023 m\u00e1jus\u00e1ban \u2013 30 alkot\u00e1sa tekinthet\u0151 meg a v\u00e1ros k\u00fcl\u00f6nb\u00f6z\u0151 pontjain, azonban ez a sz\u00e1m sz\u00e9p lassan, de folyamatosan emelkedik. source: budapestflow Kolodko Mih\u00e1ly Ukrajn\u00e1ban sz\u00fcletett, itt [&hellip;]<\/p>\n","protected":false},"author":1,"featured_media":1794,"comment_status":"closed","ping_status":"closed","sticky":false,"template":"","format":"standard","meta":{"footnotes":""},"categories":[16],"tags":[],"class_list":["post-1800","post","type-post","status-publish","format-standard","has-post-thumbnail","hentry","category-uncategorized-hu"],"acf":[],"yoast_head":"<!-- This site is optimized with the Yoast SEO plugin v20.3 - https:\/\/yoast.com\/wordpress\/plugins\/seo\/ -->\n<title>Kolodko Mih\u00e1ly budapesti szobrai - To Do Budapest<\/title>\n<meta name=\"robots\" content=\"index, follow, max-snippet:-1, max-image-preview:large, max-video-preview:-1\" \/>\n<link rel=\"canonical\" href=\"https:\/\/www.todobudapest.com\/hu\/kolodko-mihaly-szobrai\/\" \/>\n<meta property=\"og:locale\" content=\"hu_HU\" \/>\n<meta property=\"og:type\" content=\"article\" \/>\n<meta property=\"og:title\" content=\"Kolodko Mih\u00e1ly budapesti szobrai - To Do Budapest\" \/>\n<meta property=\"og:description\" content=\"Aki Budapest utc\u00e1it szemf\u00fclesen j\u00e1rja,az elm\u00falt \u00e9vekben felfigyelhetett p\u00e1r miniszoborra is, melyek forgalmasabb vagy h\u00edresebb k\u00f6zter\u00fcleteken ker\u00fcltek kihelyez\u00e9sre. Ezen szobrok m\u00f6g\u00f6tt Kolodko Mih\u00e1ly szem\u00e9lye \u00e1ll, akinek jelenleg \u2013 2023 m\u00e1jus\u00e1ban \u2013 30 alkot\u00e1sa tekinthet\u0151 meg a v\u00e1ros k\u00fcl\u00f6nb\u00f6z\u0151 pontjain, azonban ez a sz\u00e1m sz\u00e9p lassan, de folyamatosan emelkedik. source: budapestflow Kolodko Mih\u00e1ly Ukrajn\u00e1ban sz\u00fcletett, itt [&hellip;]\" \/>\n<meta property=\"og:url\" content=\"https:\/\/www.todobudapest.com\/hu\/kolodko-mihaly-szobrai\/\" \/>\n<meta property=\"og:site_name\" content=\"To Do Budapest\" \/>\n<meta property=\"article:published_time\" content=\"2023-05-22T18:18:36+00:00\" \/>\n<meta property=\"article:modified_time\" content=\"2023-09-05T11:53:37+00:00\" \/>\n<meta property=\"og:image\" content=\"https:\/\/www.todobudapest.com\/wp-content\/uploads\/2023\/05\/Checkered-Eared-Rabbit-kolodko-mini-statue.jpg\" \/>\n\t<meta property=\"og:image:width\" content=\"800\" \/>\n\t<meta property=\"og:image:height\" content=\"533\" \/>\n\t<meta property=\"og:image:type\" content=\"image\/jpeg\" \/>\n<meta name=\"author\" content=\"todoadmin\" \/>\n<meta name=\"twitter:card\" content=\"summary_large_image\" \/>\n<meta name=\"twitter:label1\" content=\"Szerz\u0151:\" \/>\n\t<meta name=\"twitter:data1\" content=\"todoadmin\" \/>\n\t<meta name=\"twitter:label2\" content=\"Becs\u00fclt olvas\u00e1si id\u0151\" \/>\n\t<meta name=\"twitter:data2\" content=\"3 perc\" \/>\n<script type=\"application\/ld+json\" class=\"yoast-schema-graph\">{\"@context\":\"https:\/\/schema.org\",\"@graph\":[{\"@type\":\"WebPage\",\"@id\":\"https:\/\/www.todobudapest.com\/hu\/kolodko-mihaly-szobrai\/\",\"url\":\"https:\/\/www.todobudapest.com\/hu\/kolodko-mihaly-szobrai\/\",\"name\":\"Kolodko Mih\u00e1ly budapesti szobrai - To Do Budapest\",\"isPartOf\":{\"@id\":\"https:\/\/www.todobudapest.com\/#website\"},\"datePublished\":\"2023-05-22T18:18:36+00:00\",\"dateModified\":\"2023-09-05T11:53:37+00:00\",\"author\":{\"@id\":\"https:\/\/www.todobudapest.com\/#\/schema\/person\/de4e8287b713a319b6f46d729747d3eb\"},\"breadcrumb\":{\"@id\":\"https:\/\/www.todobudapest.com\/hu\/kolodko-mihaly-szobrai\/#breadcrumb\"},\"inLanguage\":\"hu\",\"potentialAction\":[{\"@type\":\"ReadAction\",\"target\":[\"https:\/\/www.todobudapest.com\/hu\/kolodko-mihaly-szobrai\/\"]}]},{\"@type\":\"BreadcrumbList\",\"@id\":\"https:\/\/www.todobudapest.com\/hu\/kolodko-mihaly-szobrai\/#breadcrumb\",\"itemListElement\":[{\"@type\":\"ListItem\",\"position\":1,\"name\":\"Home\",\"item\":\"https:\/\/www.todobudapest.com\/hu\/\"},{\"@type\":\"ListItem\",\"position\":2,\"name\":\"Kolodko Mih\u00e1ly budapesti szobrai\"}]},{\"@type\":\"WebSite\",\"@id\":\"https:\/\/www.todobudapest.com\/#website\",\"url\":\"https:\/\/www.todobudapest.com\/\",\"name\":\"To Do Budapest\",\"description\":\"\",\"potentialAction\":[{\"@type\":\"SearchAction\",\"target\":{\"@type\":\"EntryPoint\",\"urlTemplate\":\"https:\/\/www.todobudapest.com\/?s={search_term_string}\"},\"query-input\":\"required name=search_term_string\"}],\"inLanguage\":\"hu\"},{\"@type\":\"Person\",\"@id\":\"https:\/\/www.todobudapest.com\/#\/schema\/person\/de4e8287b713a319b6f46d729747d3eb\",\"name\":\"todoadmin\",\"image\":{\"@type\":\"ImageObject\",\"inLanguage\":\"hu\",\"@id\":\"https:\/\/www.todobudapest.com\/#\/schema\/person\/image\/\",\"url\":\"https:\/\/secure.gravatar.com\/avatar\/c7b35cdf2ecbcae38ae3cea42de138be68173a0ac75ca4799c2374ddcf1af4da?s=96&d=mm&r=g\",\"contentUrl\":\"https:\/\/secure.gravatar.com\/avatar\/c7b35cdf2ecbcae38ae3cea42de138be68173a0ac75ca4799c2374ddcf1af4da?s=96&d=mm&r=g\",\"caption\":\"todoadmin\"},\"sameAs\":[\"http:\/\/local.todobudapest.com\"],\"url\":\"https:\/\/www.todobudapest.com\/hu\/author\/todoadmin\/\"}]}<\/script>\n<!-- \/ Yoast SEO plugin. -->","yoast_head_json":{"title":"Kolodko Mih\u00e1ly budapesti szobrai - To Do Budapest","robots":{"index":"index","follow":"follow","max-snippet":"max-snippet:-1","max-image-preview":"max-image-preview:large","max-video-preview":"max-video-preview:-1"},"canonical":"https:\/\/www.todobudapest.com\/hu\/kolodko-mihaly-szobrai\/","og_locale":"hu_HU","og_type":"article","og_title":"Kolodko Mih\u00e1ly budapesti szobrai - To Do Budapest","og_description":"Aki Budapest utc\u00e1it szemf\u00fclesen j\u00e1rja,az elm\u00falt \u00e9vekben felfigyelhetett p\u00e1r miniszoborra is, melyek forgalmasabb vagy h\u00edresebb k\u00f6zter\u00fcleteken ker\u00fcltek kihelyez\u00e9sre. Ezen szobrok m\u00f6g\u00f6tt Kolodko Mih\u00e1ly szem\u00e9lye \u00e1ll, akinek jelenleg \u2013 2023 m\u00e1jus\u00e1ban \u2013 30 alkot\u00e1sa tekinthet\u0151 meg a v\u00e1ros k\u00fcl\u00f6nb\u00f6z\u0151 pontjain, azonban ez a sz\u00e1m sz\u00e9p lassan, de folyamatosan emelkedik. source: budapestflow Kolodko Mih\u00e1ly Ukrajn\u00e1ban sz\u00fcletett, itt [&hellip;]","og_url":"https:\/\/www.todobudapest.com\/hu\/kolodko-mihaly-szobrai\/","og_site_name":"To Do Budapest","article_published_time":"2023-05-22T18:18:36+00:00","article_modified_time":"2023-09-05T11:53:37+00:00","og_image":[{"width":800,"height":533,"url":"https:\/\/www.todobudapest.com\/wp-content\/uploads\/2023\/05\/Checkered-Eared-Rabbit-kolodko-mini-statue.jpg","type":"image\/jpeg"}],"author":"todoadmin","twitter_card":"summary_large_image","twitter_misc":{"Szerz\u0151:":"todoadmin","Becs\u00fclt olvas\u00e1si id\u0151":"3 perc"},"schema":{"@context":"https:\/\/schema.org","@graph":[{"@type":"WebPage","@id":"https:\/\/www.todobudapest.com\/hu\/kolodko-mihaly-szobrai\/","url":"https:\/\/www.todobudapest.com\/hu\/kolodko-mihaly-szobrai\/","name":"Kolodko Mih\u00e1ly budapesti szobrai - To Do Budapest","isPartOf":{"@id":"https:\/\/www.todobudapest.com\/#website"},"datePublished":"2023-05-22T18:18:36+00:00","dateModified":"2023-09-05T11:53:37+00:00","author":{"@id":"https:\/\/www.todobudapest.com\/#\/schema\/person\/de4e8287b713a319b6f46d729747d3eb"},"breadcrumb":{"@id":"https:\/\/www.todobudapest.com\/hu\/kolodko-mihaly-szobrai\/#breadcrumb"},"inLanguage":"hu","potentialAction":[{"@type":"ReadAction","target":["https:\/\/www.todobudapest.com\/hu\/kolodko-mihaly-szobrai\/"]}]},{"@type":"BreadcrumbList","@id":"https:\/\/www.todobudapest.com\/hu\/kolodko-mihaly-szobrai\/#breadcrumb","itemListElement":[{"@type":"ListItem","position":1,"name":"Home","item":"https:\/\/www.todobudapest.com\/hu\/"},{"@type":"ListItem","position":2,"name":"Kolodko Mih\u00e1ly budapesti szobrai"}]},{"@type":"WebSite","@id":"https:\/\/www.todobudapest.com\/#website","url":"https:\/\/www.todobudapest.com\/","name":"To Do Budapest","description":"","potentialAction":[{"@type":"SearchAction","target":{"@type":"EntryPoint","urlTemplate":"https:\/\/www.todobudapest.com\/?s={search_term_string}"},"query-input":"required name=search_term_string"}],"inLanguage":"hu"},{"@type":"Person","@id":"https:\/\/www.todobudapest.com\/#\/schema\/person\/de4e8287b713a319b6f46d729747d3eb","name":"todoadmin","image":{"@type":"ImageObject","inLanguage":"hu","@id":"https:\/\/www.todobudapest.com\/#\/schema\/person\/image\/","url":"https:\/\/secure.gravatar.com\/avatar\/c7b35cdf2ecbcae38ae3cea42de138be68173a0ac75ca4799c2374ddcf1af4da?s=96&d=mm&r=g","contentUrl":"https:\/\/secure.gravatar.com\/avatar\/c7b35cdf2ecbcae38ae3cea42de138be68173a0ac75ca4799c2374ddcf1af4da?s=96&d=mm&r=g","caption":"todoadmin"},"sameAs":["http:\/\/local.todobudapest.com"],"url":"https:\/\/www.todobudapest.com\/hu\/author\/todoadmin\/"}]}},"_links":{"self":[{"href":"https:\/\/www.todobudapest.com\/hu\/wp-json\/wp\/v2\/posts\/1800","targetHints":{"allow":["GET"]}}],"collection":[{"href":"https:\/\/www.todobudapest.com\/hu\/wp-json\/wp\/v2\/posts"}],"about":[{"href":"https:\/\/www.todobudapest.com\/hu\/wp-json\/wp\/v2\/types\/post"}],"author":[{"embeddable":true,"href":"https:\/\/www.todobudapest.com\/hu\/wp-json\/wp\/v2\/users\/1"}],"replies":[{"embeddable":true,"href":"https:\/\/www.todobudapest.com\/hu\/wp-json\/wp\/v2\/comments?post=1800"}],"version-history":[{"count":3,"href":"https:\/\/www.todobudapest.com\/hu\/wp-json\/wp\/v2\/posts\/1800\/revisions"}],"predecessor-version":[{"id":1803,"href":"https:\/\/www.todobudapest.com\/hu\/wp-json\/wp\/v2\/posts\/1800\/revisions\/1803"}],"wp:featuredmedia":[{"embeddable":true,"href":"https:\/\/www.todobudapest.com\/hu\/wp-json\/wp\/v2\/media\/1794"}],"wp:attachment":[{"href":"https:\/\/www.todobudapest.com\/hu\/wp-json\/wp\/v2\/media?parent=1800"}],"wp:term":[{"taxonomy":"category","embeddable":true,"href":"https:\/\/www.todobudapest.com\/hu\/wp-json\/wp\/v2\/categories?post=1800"},{"taxonomy":"post_tag","embeddable":true,"href":"https:\/\/www.todobudapest.com\/hu\/wp-json\/wp\/v2\/tags?post=1800"}],"curies":[{"name":"wp","href":"https:\/\/api.w.org\/{rel}","templated":true}]}}