{"id":1740,"date":"2023-04-20T10:03:52","date_gmt":"2023-04-20T08:03:52","guid":{"rendered":"https:\/\/www.todobudapest.com\/discover-the-beauties-of-szentendre-daytrip-from-budapest\/"},"modified":"2023-09-05T13:53:40","modified_gmt":"2023-09-05T11:53:40","slug":"egynapos-tura-szentendren","status":"publish","type":"post","link":"https:\/\/www.todobudapest.com\/hu\/egynapos-tura-szentendren\/","title":{"rendered":"Egynapos t\u00fara Szentendr\u00e9n"},"content":{"rendered":"<p><span style=\"font-weight: 400;\">Ha szeretn\u00e9l kiszakadni a Budapesti nagyv\u00e1rosi \u00e9letb\u0151l, a fest\u0151k v\u00e1rosak\u00e9nt elh\u00edres\u00fclt Szentendre t\u00f6k\u00e9letes opci\u00f3 lehet egy r\u00f6vid, egynapos t\u00far\u00e1ra. <\/span><span style=\"font-weight: 400;\"><br \/>\n<\/span><span style=\"font-weight: 400;\"><br \/>\n<\/span><span style=\"font-weight: 400;\">Szentendre Budapest agglomer\u00e1ci\u00f3j\u00e1nak a r\u00e9sze, \u00edgy egyszer\u0171en \u00e9s gyorsan el tudunk jutni ide. A v\u00e1ros t\u00f6rt\u00e9nete eg\u00e9szen az \u0151skorig ny\u00falik vissza, azonban a k\u00f6z\u00e9pkor \u00e9s \u00fajkor nyomai a mai napig felfedezhet\u0151ek.\u00a0 A Duna partj\u00e1n fekv\u0151 telep\u00fcl\u00e9s hangulatos macskak\u00f6ves utc\u00e1ival , sz\u00ednes \u00e9p\u00fcleteivel \u00e9s m\u0171v\u00e9szeti \u00e9rt\u00e9keivel ide\u00e1lis napi program lehet b\u00e1rki sz\u00e1m\u00e1ra.\u00a0<\/span><\/p>\n<p><img decoding=\"async\" class=\"alignnone size-large wp-image-1731\" src=\"https:\/\/www.todobudapest.com\/wp-content\/uploads\/2023\/04\/Szentendre-1024x576.jpg\" alt=\"\" width=\"1024\" height=\"576\" srcset=\"https:\/\/www.todobudapest.com\/wp-content\/uploads\/2023\/04\/Szentendre-1024x576.jpg 1024w, https:\/\/www.todobudapest.com\/wp-content\/uploads\/2023\/04\/Szentendre-600x338.jpg 600w, https:\/\/www.todobudapest.com\/wp-content\/uploads\/2023\/04\/Szentendre-300x169.jpg 300w, https:\/\/www.todobudapest.com\/wp-content\/uploads\/2023\/04\/Szentendre-768x432.jpg 768w, https:\/\/www.todobudapest.com\/wp-content\/uploads\/2023\/04\/Szentendre-1536x865.jpg 1536w, https:\/\/www.todobudapest.com\/wp-content\/uploads\/2023\/04\/Szentendre-2048x1153.jpg 2048w\" sizes=\"(max-width: 1024px) 100vw, 1024px\" \/><\/p>\n<p><span style=\"font-weight: 400;\">source: planteofhotels<\/span><\/p>\n<p>&nbsp;<\/p>\n<p><span style=\"font-weight: 400;\">Szentendre l\u00e1tv\u00e1nyoss\u00e1gai\u00a0<\/span><\/p>\n<p><span style=\"font-weight: 400;\">Szentendre amennyire kis m\u00e9ret\u0171, annyi rejtett csoda v\u00e1rja az ide l\u00e1togat\u00f3kat. A Duna parti s\u00e9t\u00e1nyon egym\u00e1s mellett sorakoz\u00f3 k\u00e1v\u00e9z\u00f3k \u00e9s \u00e9ttermek kellemes hangulata mag\u00e1\u00e9rt besz\u00e9l. A Visegr\u00e1di hegys\u00e9g l\u00e1b\u00e1n\u00e1l fekv\u0151 kis telep\u00fcl\u00e9s term\u00e9szetk\u00f6zels\u00e9ge nyugodt atmoszf\u00e9r\u00e1t eredm\u00e9nyez, mely a v\u00e1ros karakteress\u00e9g\u00e9t is meghat\u00e1rozza. A v\u00e1ros k\u00f6zponti r\u00e9sz\u00e9n tal\u00e1lhat\u00f3 macskak\u00f6ves utc\u00e1k pedig igazi szemet gy\u00f6ny\u00f6rk\u00f6dtet\u0151 l\u00e1tv\u00e1nyt ny\u00fajtanak.<\/span><\/p>\n<p><img decoding=\"async\" class=\"alignnone size-large wp-image-1733\" src=\"https:\/\/www.todobudapest.com\/wp-content\/uploads\/2023\/04\/szentendre-duna-dunkanyar-osz-kirandulas-csodalatosmagyarorszag-1024x575.jpg\" alt=\"\" width=\"1024\" height=\"575\" srcset=\"https:\/\/www.todobudapest.com\/wp-content\/uploads\/2023\/04\/szentendre-duna-dunkanyar-osz-kirandulas-csodalatosmagyarorszag-1024x575.jpg 1024w, https:\/\/www.todobudapest.com\/wp-content\/uploads\/2023\/04\/szentendre-duna-dunkanyar-osz-kirandulas-csodalatosmagyarorszag-600x337.jpg 600w, https:\/\/www.todobudapest.com\/wp-content\/uploads\/2023\/04\/szentendre-duna-dunkanyar-osz-kirandulas-csodalatosmagyarorszag-300x169.jpg 300w, https:\/\/www.todobudapest.com\/wp-content\/uploads\/2023\/04\/szentendre-duna-dunkanyar-osz-kirandulas-csodalatosmagyarorszag-768x432.jpg 768w, https:\/\/www.todobudapest.com\/wp-content\/uploads\/2023\/04\/szentendre-duna-dunkanyar-osz-kirandulas-csodalatosmagyarorszag-1536x863.jpg 1536w, https:\/\/www.todobudapest.com\/wp-content\/uploads\/2023\/04\/szentendre-duna-dunkanyar-osz-kirandulas-csodalatosmagyarorszag.jpg 1600w\" sizes=\"(max-width: 1024px) 100vw, 1024px\" \/><\/p>\n<p><span style=\"font-weight: 400;\">source: csod\u00e1latosmagyarorsz\u00e1g<\/span><\/p>\n<p>&nbsp;<\/p>\n<p><span style=\"font-weight: 400;\">A v\u00e1ros t\u00f6rt\u00e9nete eg\u00e9szen az \u0151skorig ny\u00falik vissza, melynek sz\u00e1mtalan m\u00fazeum \u00e1ll\u00edt eml\u00e9ket. Ezek k\u00f6z\u00fcl tal\u00e1n a legh\u00edresebb a Skanzen, vagyis a Szabadt\u00e9ri N\u00e9prajzi M\u00fazeum. A m\u00fazeum Eur\u00f3p\u00e1ban egyed\u00fcl\u00e1ll\u00f3 m\u00f3don mutatja be a l\u00e1togat\u00f3k sz\u00e1m\u00e1ra azt, hogy hogyan \u00e9ltek itt az emberek a 18. sz\u00e1zadt\u00f3l kezd\u0151d\u0151en eg\u00e9szen a 20. sz\u00e1zadig. A m\u00fazeum 1972-es megalap\u00edt\u00e1s\u00e1nak az idej\u00e9n ez volt Eur\u00f3pa els\u0151 szabadt\u00e9ri n\u00e9prajzi m\u00fazeuma, ahol autentikus m\u00f3don ismerkedhet\u00fcnk meg a k\u00f6zelm\u00falt eml\u00e9keivel.<\/span><\/p>\n<p><img decoding=\"async\" class=\"alignnone size-large wp-image-1737\" src=\"https:\/\/www.todobudapest.com\/wp-content\/uploads\/2023\/04\/szentendrei-skanzen-kisalfold-1024x725.jpg\" alt=\"\" width=\"1024\" height=\"725\" srcset=\"https:\/\/www.todobudapest.com\/wp-content\/uploads\/2023\/04\/szentendrei-skanzen-kisalfold-1024x725.jpg 1024w, https:\/\/www.todobudapest.com\/wp-content\/uploads\/2023\/04\/szentendrei-skanzen-kisalfold-600x425.jpg 600w, https:\/\/www.todobudapest.com\/wp-content\/uploads\/2023\/04\/szentendrei-skanzen-kisalfold-300x213.jpg 300w, https:\/\/www.todobudapest.com\/wp-content\/uploads\/2023\/04\/szentendrei-skanzen-kisalfold-768x544.jpg 768w, https:\/\/www.todobudapest.com\/wp-content\/uploads\/2023\/04\/szentendrei-skanzen-kisalfold.jpg 1200w\" sizes=\"(max-width: 1024px) 100vw, 1024px\" \/><\/p>\n<p><span style=\"font-weight: 400;\">source: tripadvisor<\/span><\/p>\n<p><span style=\"font-weight: 400;\">Ezen k\u00edv\u00fcl olyan m\u00fazeumokba is ell\u00e1togathatunk, mint p\u00e9ld\u00e1ul a Retro Design Center mely f\u0151leg az 1970-es \u00e9s 80-as \u00e9vek vil\u00e1g\u00e1t id\u00e9zi meg, vagy a Szab\u00f3 Marcip\u00e1n Manufakt\u00fara, ahol a f\u0151szerepben \u2013 nev\u00e9b\u0151l ad\u00f3d\u00f3an is \u2013 a marcip\u00e1n \u00e1ll. A manufakt\u00far\u00e1ba ell\u00e1togatva olyan marcip\u00e1n figur\u00e1kat \u00e9s m\u00e1s install\u00e1ci\u00f3kat csod\u00e1lhatunk meg, mint p\u00e9ld\u00e1ul a Parlament \u00e9p\u00fclete, Harry Potter vagy H\u00f3feh\u00e9rke. <\/span><\/p>\n<p><img decoding=\"async\" class=\"alignnone wp-image-1719 size-medium\" src=\"https:\/\/www.todobudapest.com\/wp-content\/uploads\/2023\/04\/5782-1702229524287177-300x199.jpg\" alt=\"\" width=\"300\" height=\"199\" srcset=\"https:\/\/www.todobudapest.com\/wp-content\/uploads\/2023\/04\/5782-1702229524287177-300x199.jpg 300w, https:\/\/www.todobudapest.com\/wp-content\/uploads\/2023\/04\/5782-1702229524287177-600x398.jpg 600w, https:\/\/www.todobudapest.com\/wp-content\/uploads\/2023\/04\/5782-1702229524287177-768x510.jpg 768w, https:\/\/www.todobudapest.com\/wp-content\/uploads\/2023\/04\/5782-1702229524287177.jpg 800w\" sizes=\"(max-width: 300px) 100vw, 300px\" \/> <img decoding=\"async\" class=\"alignnone wp-image-1717 size-medium\" src=\"https:\/\/www.todobudapest.com\/wp-content\/uploads\/2023\/04\/5739-300x169.jpg\" alt=\"\" width=\"300\" height=\"169\" srcset=\"https:\/\/www.todobudapest.com\/wp-content\/uploads\/2023\/04\/5739-300x169.jpg 300w, https:\/\/www.todobudapest.com\/wp-content\/uploads\/2023\/04\/5739-600x338.jpg 600w, https:\/\/www.todobudapest.com\/wp-content\/uploads\/2023\/04\/5739-1024x576.jpg 1024w, https:\/\/www.todobudapest.com\/wp-content\/uploads\/2023\/04\/5739-768x432.jpg 768w, https:\/\/www.todobudapest.com\/wp-content\/uploads\/2023\/04\/5739-1536x864.jpg 1536w, https:\/\/www.todobudapest.com\/wp-content\/uploads\/2023\/04\/5739.jpg 1920w\" sizes=\"(max-width: 300px) 100vw, 300px\" \/><\/p>\n<p><img decoding=\"async\" class=\"alignnone wp-image-1729 size-medium\" src=\"https:\/\/www.todobudapest.com\/wp-content\/uploads\/2023\/04\/Marzipanmuseum_Szentendre-300x199.jpg\" alt=\"\" width=\"300\" height=\"199\" srcset=\"https:\/\/www.todobudapest.com\/wp-content\/uploads\/2023\/04\/Marzipanmuseum_Szentendre-300x199.jpg 300w, https:\/\/www.todobudapest.com\/wp-content\/uploads\/2023\/04\/Marzipanmuseum_Szentendre-600x398.jpg 600w, https:\/\/www.todobudapest.com\/wp-content\/uploads\/2023\/04\/Marzipanmuseum_Szentendre-1024x680.jpg 1024w, https:\/\/www.todobudapest.com\/wp-content\/uploads\/2023\/04\/Marzipanmuseum_Szentendre-768x510.jpg 768w, https:\/\/www.todobudapest.com\/wp-content\/uploads\/2023\/04\/Marzipanmuseum_Szentendre-1536x1020.jpg 1536w, https:\/\/www.todobudapest.com\/wp-content\/uploads\/2023\/04\/Marzipanmuseum_Szentendre.jpg 2048w\" sizes=\"(max-width: 300px) 100vw, 300px\" \/> <img decoding=\"async\" class=\"alignnone size-medium wp-image-1727\" src=\"https:\/\/www.todobudapest.com\/wp-content\/uploads\/2023\/04\/marcipan-muzeum-szentendre-300x213.jpg\" alt=\"\" width=\"300\" height=\"213\" srcset=\"https:\/\/www.todobudapest.com\/wp-content\/uploads\/2023\/04\/marcipan-muzeum-szentendre-300x213.jpg 300w, https:\/\/www.todobudapest.com\/wp-content\/uploads\/2023\/04\/marcipan-muzeum-szentendre-600x425.jpg 600w, https:\/\/www.todobudapest.com\/wp-content\/uploads\/2023\/04\/marcipan-muzeum-szentendre-1024x726.jpg 1024w, https:\/\/www.todobudapest.com\/wp-content\/uploads\/2023\/04\/marcipan-muzeum-szentendre-768x545.jpg 768w, https:\/\/www.todobudapest.com\/wp-content\/uploads\/2023\/04\/marcipan-muzeum-szentendre.jpg 1100w\" sizes=\"(max-width: 300px) 100vw, 300px\" \/><\/p>\n<p><span style=\"font-weight: 400;\">source: szentendrel\u00e1tnival\u00f3k.hu<\/span><\/p>\n<p><span style=\"font-weight: 400;\">Szentendre \u00d3v\u00e1rosa sz\u00e1mtalan l\u00e1tnival\u00f3val, \u00e9tteremmel, k\u00e1v\u00e9z\u00f3val \u00e9s boltokkal v\u00e1rja a l\u00e1togat\u00f3kat. A v\u00e1rosnak nagy szerepe volt a k\u00f6z\u00e9pkor folyam\u00e1n, ugyanis ekkor sz\u00e1mos kereskedelmi \u00fatvonal futott v\u00e9gig a telep\u00fcl\u00e9sen, mely hozz\u00e1j\u00e1rult Szentendre fejl\u0151d\u00e9s\u00e9hez is. Az \u00f3v\u00e1rosi r\u00e9szben megtal\u00e1lhat\u00f3 \u00e9p\u00fcletek legt\u00f6bbje a gondos rekonstrukci\u00f3knak h\u00e1la a mai napig eredeti form\u00e1ban tekinthet\u0151ek meg. <\/span><\/p>\n<p><img decoding=\"async\" class=\"alignnone wp-image-1721 size-large\" src=\"https:\/\/www.todobudapest.com\/wp-content\/uploads\/2023\/04\/308673-scaled-1-1024x768.jpg\" alt=\"\" width=\"1024\" height=\"768\" srcset=\"https:\/\/www.todobudapest.com\/wp-content\/uploads\/2023\/04\/308673-scaled-1-1024x768.jpg 1024w, https:\/\/www.todobudapest.com\/wp-content\/uploads\/2023\/04\/308673-scaled-1-600x450.jpg 600w, https:\/\/www.todobudapest.com\/wp-content\/uploads\/2023\/04\/308673-scaled-1-300x225.jpg 300w, https:\/\/www.todobudapest.com\/wp-content\/uploads\/2023\/04\/308673-scaled-1-768x576.jpg 768w, https:\/\/www.todobudapest.com\/wp-content\/uploads\/2023\/04\/308673-scaled-1-1536x1152.jpg 1536w, https:\/\/www.todobudapest.com\/wp-content\/uploads\/2023\/04\/308673-scaled-1-2048x1536.jpg 2048w\" sizes=\"(max-width: 1024px) 100vw, 1024px\" \/><\/p>\n<p><span style=\"font-weight: 400;\">source: National Geographic<\/span><\/p>\n<p><span style=\"font-weight: 400;\">A v\u00e1ros f\u0151tere k\u00f6r\u00fcl barokk \u00e9s rokok\u00f3 \u00e9p\u00fcletekkel tal\u00e1lkozhatunk, emellett pedig a v\u00e1ros t\u00f6bb templomj\u00e1t is itt tal\u00e1lhatjuk meg. A F\u0151 t\u00e9rt\u0151l elindulva pedig hangulatos sz\u0171k utc\u00e1kon s\u00e9t\u00e1lva vehetj\u00fck szem\u00fcgyre a v\u00e1ros t\u00f6bb nevezetess\u00e9g\u00e9t is, mint p\u00e9ld\u00e1ul a Blagove\u0161tenska templomot, Szentendrei Keresztel\u0151 Szent J\u00e1nos-pl\u00e9b\u00e1niatemplomot, vagy a Szabads\u00e1g t\u00e9ri graffiti falat. .<\/span><\/p>\n<div id=\"attachment_1725\" style=\"width: 1034px\" class=\"wp-caption alignnone\"><img decoding=\"async\" aria-describedby=\"caption-attachment-1725\" class=\"wp-image-1725 size-large\" src=\"https:\/\/www.todobudapest.com\/wp-content\/uploads\/2023\/04\/KIEMELT-2-1024x683.jpg\" alt=\"\" width=\"1024\" height=\"683\" srcset=\"https:\/\/www.todobudapest.com\/wp-content\/uploads\/2023\/04\/KIEMELT-2-1024x683.jpg 1024w, https:\/\/www.todobudapest.com\/wp-content\/uploads\/2023\/04\/KIEMELT-2-600x400.jpg 600w, https:\/\/www.todobudapest.com\/wp-content\/uploads\/2023\/04\/KIEMELT-2-300x200.jpg 300w, https:\/\/www.todobudapest.com\/wp-content\/uploads\/2023\/04\/KIEMELT-2-768x512.jpg 768w, https:\/\/www.todobudapest.com\/wp-content\/uploads\/2023\/04\/KIEMELT-2-1536x1024.jpg 1536w, https:\/\/www.todobudapest.com\/wp-content\/uploads\/2023\/04\/KIEMELT-2-2048x1365.jpg 2048w\" sizes=\"(max-width: 1024px) 100vw, 1024px\" \/><p id=\"caption-attachment-1725\" class=\"wp-caption-text\"><span style=\"font-weight: 400;\">source: funzine<\/span><\/p><\/div>\n<p><span style=\"font-weight: 400;\">P\u00e1r percre az \u00f3v\u00e1rost\u00f3l csordog\u00e1l a B\u00fckk\u00f6s-patak, melynek partj\u00e1n s\u00e9t\u00e1lva el\u00e9rhet\u00fcnk a Dunapartra is, ahonnan gy\u00f6ny\u00f6rk\u00f6dhet\u00fcnk a fest\u0151i t\u00e1j sz\u00e9ps\u00e9g\u00e9ben. A term\u00e9szet k\u00f6zels\u00e9ge, a madarak csicserg\u00e9se \u00e9s a Duna foly\u00e1sa igaz\u00e1n megnyugtat\u00f3 hangulatot eredm\u00e9nyez<\/span><\/p>\n<p><span style=\"font-weight: 400;\">Szentendre partj\u00e1n, a Duna korz\u00f3n felfedezhetj\u00fck a v\u00e1ros legt\u00f6bb \u00e9tterm\u00e9t \u00e9s vend\u00e9gl\u00e1t\u00f3 egys\u00e9g\u00e9t, ahol sz\u00e1mtalan tradicion\u00e1lis \u00e9tel k\u00f6z\u00fcl v\u00e1laszthatunk, mindezt megkoron\u00e1zva a csod\u00e1s Duna parti kil\u00e1t\u00e1ssal. K\u00fcl\u00f6nb\u00f6z\u0151 bisztr\u00f3k, b\u00fcf\u00e9k \u00e9s \u00e9ttermek sokas\u00e1ga k\u00edn\u00e1l tradicion\u00e1lis magyar \u00e9teleket, a l\u00e1ngost\u00f3l elkezdve igaz\u00e1n kiad\u00f3s f\u0151t\u00e9teleken \u00e1t olyan \u00edzletes desszertekig, mint p\u00e9ld\u00e1ul a k\u00fcrt\u00f6skal\u00e1cs.<\/span><\/p>\n<p><img decoding=\"async\" class=\"alignnone wp-image-1723 size-full\" src=\"https:\/\/www.todobudapest.com\/wp-content\/uploads\/2023\/04\/DSC_0624-590x393-1.jpg\" alt=\"\" width=\"590\" height=\"393\" srcset=\"https:\/\/www.todobudapest.com\/wp-content\/uploads\/2023\/04\/DSC_0624-590x393-1.jpg 590w, https:\/\/www.todobudapest.com\/wp-content\/uploads\/2023\/04\/DSC_0624-590x393-1-300x200.jpg 300w\" sizes=\"(max-width: 590px) 100vw, 590px\" \/><\/p>\n<p><span style=\"font-weight: 400;\">source: ir\u00e1nyszentendre<\/span><\/p>\n<p><span style=\"font-weight: 400;\">Ha Ti is szeretn\u00e9tek ell\u00e1togatni Szentendr\u00e9re \u00e9s szeretn\u00e9tek egy pillant\u00e1st vetni a magyar vid\u00e9k mindennapjaiba, javasoljuk <a href=\"https:\/\/www.todobudapest.com\/products\/szentendre-tour\/\">napi t\u00far\u00e1inkat<\/a>, melynek keretein bel\u00fcl lehet\u0151s\u00e9getek lesz felfedezni e cs\u00f6ppnyi v\u00e1ros l\u00e1tnival\u00f3it.<\/span><\/p>\n<p><img decoding=\"async\" class=\"alignnone size-large wp-image-1735\" src=\"https:\/\/www.todobudapest.com\/wp-content\/uploads\/2023\/04\/szentendre-hd-1024x705.jpg\" alt=\"\" width=\"1024\" height=\"705\" srcset=\"https:\/\/www.todobudapest.com\/wp-content\/uploads\/2023\/04\/szentendre-hd-1024x705.jpg 1024w, https:\/\/www.todobudapest.com\/wp-content\/uploads\/2023\/04\/szentendre-hd-600x413.jpg 600w, https:\/\/www.todobudapest.com\/wp-content\/uploads\/2023\/04\/szentendre-hd-300x206.jpg 300w, https:\/\/www.todobudapest.com\/wp-content\/uploads\/2023\/04\/szentendre-hd-768x528.jpg 768w, https:\/\/www.todobudapest.com\/wp-content\/uploads\/2023\/04\/szentendre-hd-1536x1057.jpg 1536w, https:\/\/www.todobudapest.com\/wp-content\/uploads\/2023\/04\/szentendre-hd.jpg 1600w\" sizes=\"(max-width: 1024px) 100vw, 1024px\" \/><\/p>\n<p><span style=\"font-weight: 400;\">source: budapest.org<\/span><\/p>\n","protected":false},"excerpt":{"rendered":"<p>Ha szeretn\u00e9l kiszakadni a Budapesti nagyv\u00e1rosi \u00e9letb\u0151l, a fest\u0151k v\u00e1rosak\u00e9nt elh\u00edres\u00fclt Szentendre t\u00f6k\u00e9letes opci\u00f3 lehet egy r\u00f6vid, egynapos t\u00far\u00e1ra. Szentendre Budapest agglomer\u00e1ci\u00f3j\u00e1nak a r\u00e9sze, \u00edgy egyszer\u0171en \u00e9s gyorsan el tudunk jutni ide. A v\u00e1ros t\u00f6rt\u00e9nete eg\u00e9szen az \u0151skorig ny\u00falik vissza, azonban a k\u00f6z\u00e9pkor \u00e9s \u00fajkor nyomai a mai napig felfedezhet\u0151ek.\u00a0 A Duna partj\u00e1n fekv\u0151 telep\u00fcl\u00e9s [&hellip;]<\/p>\n","protected":false},"author":1,"featured_media":1724,"comment_status":"closed","ping_status":"closed","sticky":false,"template":"","format":"standard","meta":{"footnotes":""},"categories":[16],"tags":[],"class_list":["post-1740","post","type-post","status-publish","format-standard","has-post-thumbnail","hentry","category-uncategorized-hu"],"acf":[],"yoast_head":"<!-- This site is optimized with the Yoast SEO plugin v20.3 - https:\/\/yoast.com\/wordpress\/plugins\/seo\/ -->\n<title>Egynapos t\u00fara Szentendr\u00e9n - To Do Budapest<\/title>\n<meta name=\"robots\" content=\"index, follow, max-snippet:-1, max-image-preview:large, max-video-preview:-1\" \/>\n<link rel=\"canonical\" href=\"https:\/\/www.todobudapest.com\/hu\/egynapos-tura-szentendren\/\" \/>\n<meta property=\"og:locale\" content=\"hu_HU\" \/>\n<meta property=\"og:type\" content=\"article\" \/>\n<meta property=\"og:title\" content=\"Egynapos t\u00fara Szentendr\u00e9n - To Do Budapest\" \/>\n<meta property=\"og:description\" content=\"Ha szeretn\u00e9l kiszakadni a Budapesti nagyv\u00e1rosi \u00e9letb\u0151l, a fest\u0151k v\u00e1rosak\u00e9nt elh\u00edres\u00fclt Szentendre t\u00f6k\u00e9letes opci\u00f3 lehet egy r\u00f6vid, egynapos t\u00far\u00e1ra. Szentendre Budapest agglomer\u00e1ci\u00f3j\u00e1nak a r\u00e9sze, \u00edgy egyszer\u0171en \u00e9s gyorsan el tudunk jutni ide. A v\u00e1ros t\u00f6rt\u00e9nete eg\u00e9szen az \u0151skorig ny\u00falik vissza, azonban a k\u00f6z\u00e9pkor \u00e9s \u00fajkor nyomai a mai napig felfedezhet\u0151ek.\u00a0 A Duna partj\u00e1n fekv\u0151 telep\u00fcl\u00e9s [&hellip;]\" \/>\n<meta property=\"og:url\" content=\"https:\/\/www.todobudapest.com\/hu\/egynapos-tura-szentendren\/\" \/>\n<meta property=\"og:site_name\" content=\"To Do Budapest\" \/>\n<meta property=\"article:published_time\" content=\"2023-04-20T08:03:52+00:00\" \/>\n<meta property=\"article:modified_time\" content=\"2023-09-05T11:53:40+00:00\" \/>\n<meta property=\"og:image\" content=\"https:\/\/www.todobudapest.com\/wp-content\/uploads\/2023\/04\/DSC_0624-590x393-1.jpg\" \/>\n\t<meta property=\"og:image:width\" content=\"590\" \/>\n\t<meta property=\"og:image:height\" content=\"393\" \/>\n\t<meta property=\"og:image:type\" content=\"image\/jpeg\" \/>\n<meta name=\"author\" content=\"todoadmin\" \/>\n<meta name=\"twitter:card\" content=\"summary_large_image\" \/>\n<meta name=\"twitter:label1\" content=\"Szerz\u0151:\" \/>\n\t<meta name=\"twitter:data1\" content=\"todoadmin\" \/>\n\t<meta name=\"twitter:label2\" content=\"Becs\u00fclt olvas\u00e1si id\u0151\" \/>\n\t<meta name=\"twitter:data2\" content=\"5 perc\" \/>\n<script type=\"application\/ld+json\" class=\"yoast-schema-graph\">{\"@context\":\"https:\/\/schema.org\",\"@graph\":[{\"@type\":\"WebPage\",\"@id\":\"https:\/\/www.todobudapest.com\/hu\/egynapos-tura-szentendren\/\",\"url\":\"https:\/\/www.todobudapest.com\/hu\/egynapos-tura-szentendren\/\",\"name\":\"Egynapos t\u00fara Szentendr\u00e9n - To Do Budapest\",\"isPartOf\":{\"@id\":\"https:\/\/www.todobudapest.com\/#website\"},\"datePublished\":\"2023-04-20T08:03:52+00:00\",\"dateModified\":\"2023-09-05T11:53:40+00:00\",\"author\":{\"@id\":\"https:\/\/www.todobudapest.com\/#\/schema\/person\/de4e8287b713a319b6f46d729747d3eb\"},\"breadcrumb\":{\"@id\":\"https:\/\/www.todobudapest.com\/hu\/egynapos-tura-szentendren\/#breadcrumb\"},\"inLanguage\":\"hu\",\"potentialAction\":[{\"@type\":\"ReadAction\",\"target\":[\"https:\/\/www.todobudapest.com\/hu\/egynapos-tura-szentendren\/\"]}]},{\"@type\":\"BreadcrumbList\",\"@id\":\"https:\/\/www.todobudapest.com\/hu\/egynapos-tura-szentendren\/#breadcrumb\",\"itemListElement\":[{\"@type\":\"ListItem\",\"position\":1,\"name\":\"Home\",\"item\":\"https:\/\/www.todobudapest.com\/hu\/\"},{\"@type\":\"ListItem\",\"position\":2,\"name\":\"Egynapos t\u00fara Szentendr\u00e9n\"}]},{\"@type\":\"WebSite\",\"@id\":\"https:\/\/www.todobudapest.com\/#website\",\"url\":\"https:\/\/www.todobudapest.com\/\",\"name\":\"To Do Budapest\",\"description\":\"\",\"potentialAction\":[{\"@type\":\"SearchAction\",\"target\":{\"@type\":\"EntryPoint\",\"urlTemplate\":\"https:\/\/www.todobudapest.com\/?s={search_term_string}\"},\"query-input\":\"required name=search_term_string\"}],\"inLanguage\":\"hu\"},{\"@type\":\"Person\",\"@id\":\"https:\/\/www.todobudapest.com\/#\/schema\/person\/de4e8287b713a319b6f46d729747d3eb\",\"name\":\"todoadmin\",\"image\":{\"@type\":\"ImageObject\",\"inLanguage\":\"hu\",\"@id\":\"https:\/\/www.todobudapest.com\/#\/schema\/person\/image\/\",\"url\":\"https:\/\/secure.gravatar.com\/avatar\/c7b35cdf2ecbcae38ae3cea42de138be68173a0ac75ca4799c2374ddcf1af4da?s=96&d=mm&r=g\",\"contentUrl\":\"https:\/\/secure.gravatar.com\/avatar\/c7b35cdf2ecbcae38ae3cea42de138be68173a0ac75ca4799c2374ddcf1af4da?s=96&d=mm&r=g\",\"caption\":\"todoadmin\"},\"sameAs\":[\"http:\/\/local.todobudapest.com\"],\"url\":\"https:\/\/www.todobudapest.com\/hu\/author\/todoadmin\/\"}]}<\/script>\n<!-- \/ Yoast SEO plugin. -->","yoast_head_json":{"title":"Egynapos t\u00fara Szentendr\u00e9n - To Do Budapest","robots":{"index":"index","follow":"follow","max-snippet":"max-snippet:-1","max-image-preview":"max-image-preview:large","max-video-preview":"max-video-preview:-1"},"canonical":"https:\/\/www.todobudapest.com\/hu\/egynapos-tura-szentendren\/","og_locale":"hu_HU","og_type":"article","og_title":"Egynapos t\u00fara Szentendr\u00e9n - To Do Budapest","og_description":"Ha szeretn\u00e9l kiszakadni a Budapesti nagyv\u00e1rosi \u00e9letb\u0151l, a fest\u0151k v\u00e1rosak\u00e9nt elh\u00edres\u00fclt Szentendre t\u00f6k\u00e9letes opci\u00f3 lehet egy r\u00f6vid, egynapos t\u00far\u00e1ra. Szentendre Budapest agglomer\u00e1ci\u00f3j\u00e1nak a r\u00e9sze, \u00edgy egyszer\u0171en \u00e9s gyorsan el tudunk jutni ide. A v\u00e1ros t\u00f6rt\u00e9nete eg\u00e9szen az \u0151skorig ny\u00falik vissza, azonban a k\u00f6z\u00e9pkor \u00e9s \u00fajkor nyomai a mai napig felfedezhet\u0151ek.\u00a0 A Duna partj\u00e1n fekv\u0151 telep\u00fcl\u00e9s [&hellip;]","og_url":"https:\/\/www.todobudapest.com\/hu\/egynapos-tura-szentendren\/","og_site_name":"To Do Budapest","article_published_time":"2023-04-20T08:03:52+00:00","article_modified_time":"2023-09-05T11:53:40+00:00","og_image":[{"width":590,"height":393,"url":"https:\/\/www.todobudapest.com\/wp-content\/uploads\/2023\/04\/DSC_0624-590x393-1.jpg","type":"image\/jpeg"}],"author":"todoadmin","twitter_card":"summary_large_image","twitter_misc":{"Szerz\u0151:":"todoadmin","Becs\u00fclt olvas\u00e1si id\u0151":"5 perc"},"schema":{"@context":"https:\/\/schema.org","@graph":[{"@type":"WebPage","@id":"https:\/\/www.todobudapest.com\/hu\/egynapos-tura-szentendren\/","url":"https:\/\/www.todobudapest.com\/hu\/egynapos-tura-szentendren\/","name":"Egynapos t\u00fara Szentendr\u00e9n - To Do Budapest","isPartOf":{"@id":"https:\/\/www.todobudapest.com\/#website"},"datePublished":"2023-04-20T08:03:52+00:00","dateModified":"2023-09-05T11:53:40+00:00","author":{"@id":"https:\/\/www.todobudapest.com\/#\/schema\/person\/de4e8287b713a319b6f46d729747d3eb"},"breadcrumb":{"@id":"https:\/\/www.todobudapest.com\/hu\/egynapos-tura-szentendren\/#breadcrumb"},"inLanguage":"hu","potentialAction":[{"@type":"ReadAction","target":["https:\/\/www.todobudapest.com\/hu\/egynapos-tura-szentendren\/"]}]},{"@type":"BreadcrumbList","@id":"https:\/\/www.todobudapest.com\/hu\/egynapos-tura-szentendren\/#breadcrumb","itemListElement":[{"@type":"ListItem","position":1,"name":"Home","item":"https:\/\/www.todobudapest.com\/hu\/"},{"@type":"ListItem","position":2,"name":"Egynapos t\u00fara Szentendr\u00e9n"}]},{"@type":"WebSite","@id":"https:\/\/www.todobudapest.com\/#website","url":"https:\/\/www.todobudapest.com\/","name":"To Do Budapest","description":"","potentialAction":[{"@type":"SearchAction","target":{"@type":"EntryPoint","urlTemplate":"https:\/\/www.todobudapest.com\/?s={search_term_string}"},"query-input":"required name=search_term_string"}],"inLanguage":"hu"},{"@type":"Person","@id":"https:\/\/www.todobudapest.com\/#\/schema\/person\/de4e8287b713a319b6f46d729747d3eb","name":"todoadmin","image":{"@type":"ImageObject","inLanguage":"hu","@id":"https:\/\/www.todobudapest.com\/#\/schema\/person\/image\/","url":"https:\/\/secure.gravatar.com\/avatar\/c7b35cdf2ecbcae38ae3cea42de138be68173a0ac75ca4799c2374ddcf1af4da?s=96&d=mm&r=g","contentUrl":"https:\/\/secure.gravatar.com\/avatar\/c7b35cdf2ecbcae38ae3cea42de138be68173a0ac75ca4799c2374ddcf1af4da?s=96&d=mm&r=g","caption":"todoadmin"},"sameAs":["http:\/\/local.todobudapest.com"],"url":"https:\/\/www.todobudapest.com\/hu\/author\/todoadmin\/"}]}},"_links":{"self":[{"href":"https:\/\/www.todobudapest.com\/hu\/wp-json\/wp\/v2\/posts\/1740","targetHints":{"allow":["GET"]}}],"collection":[{"href":"https:\/\/www.todobudapest.com\/hu\/wp-json\/wp\/v2\/posts"}],"about":[{"href":"https:\/\/www.todobudapest.com\/hu\/wp-json\/wp\/v2\/types\/post"}],"author":[{"embeddable":true,"href":"https:\/\/www.todobudapest.com\/hu\/wp-json\/wp\/v2\/users\/1"}],"replies":[{"embeddable":true,"href":"https:\/\/www.todobudapest.com\/hu\/wp-json\/wp\/v2\/comments?post=1740"}],"version-history":[{"count":2,"href":"https:\/\/www.todobudapest.com\/hu\/wp-json\/wp\/v2\/posts\/1740\/revisions"}],"predecessor-version":[{"id":1742,"href":"https:\/\/www.todobudapest.com\/hu\/wp-json\/wp\/v2\/posts\/1740\/revisions\/1742"}],"wp:featuredmedia":[{"embeddable":true,"href":"https:\/\/www.todobudapest.com\/hu\/wp-json\/wp\/v2\/media\/1724"}],"wp:attachment":[{"href":"https:\/\/www.todobudapest.com\/hu\/wp-json\/wp\/v2\/media?parent=1740"}],"wp:term":[{"taxonomy":"category","embeddable":true,"href":"https:\/\/www.todobudapest.com\/hu\/wp-json\/wp\/v2\/categories?post=1740"},{"taxonomy":"post_tag","embeddable":true,"href":"https:\/\/www.todobudapest.com\/hu\/wp-json\/wp\/v2\/tags?post=1740"}],"curies":[{"name":"wp","href":"https:\/\/api.w.org\/{rel}","templated":true}]}}