{"id":1512,"date":"2023-03-02T18:13:00","date_gmt":"2023-03-02T17:13:00","guid":{"rendered":"https:\/\/www.todobudapest.com\/what-to-do-in-budapest-in-spring\/"},"modified":"2023-09-05T13:53:48","modified_gmt":"2023-09-05T11:53:48","slug":"tavaszi-tevekenysegek-budapesten","status":"publish","type":"post","link":"https:\/\/www.todobudapest.com\/hu\/tavaszi-tevekenysegek-budapesten\/","title":{"rendered":"Tavaszi tev\u00e9kenys\u00e9gek Budapesten"},"content":{"rendered":"<p><span style=\"font-weight: 400;\">Tavaszi tev\u00e9kenys\u00e9gek Budapesten<\/span><\/p>\n<p><span style=\"font-weight: 400;\">A tavasz bek\u00f6sz\u00f6nt\u00e9vel Budapest ism\u00e9telten egy gy\u00f6ny\u00f6r\u0171 arc\u00e1t mutatja meg nek\u00fcnk: ez az az id\u0151, amikor a f\u00e1k vir\u00e1gozni kezdenek, majd sz\u00e9p lassan z\u00f6ldbe borulnak. A k\u00e1v\u00e9z\u00f3k \u00e9s b\u00e1rok \u00fajra megnyitj\u00e1k teraszukat, ahol \u00e9lvezhetj\u00fck a melegebb id\u0151j\u00e1r\u00e1st \u00e9s a tavaszi napsugarakat. A tavasz r\u00f6viden \u00f6sszefoglalva t\u00f6k\u00e9letes \u00e9vszak a budapesti szabadt\u00e9ri tev\u00e9kenys\u00e9gek \u00e9s l\u00e1tnival\u00f3k felfedez\u00e9s\u00e9re. M\u00e9g nincs t\u00fal meleg, \u00e9s hab\u00e1r a tavaszi h\u00f3napokban m\u00e9g es\u0151s napok el\u0151fordulhatnak, a kedvez\u0151 id\u0151j\u00e1r\u00e1s hat\u00e1s\u00e1ra a helyiek is t\u00f6bb id\u0151t t\u00f6ltenek Budapest k\u00fcl\u00f6nb\u00f6z\u0151 pontjain<\/span><\/p>\n<p><span style=\"font-weight: 400;\">Ha Budapestre l\u00e1togatn\u00e1l tavasszal, vagy csak szeretn\u00e9l inspir\u00e1l\u00f3dni, cikk\u00fcnk t\u00f6k\u00e9letes \u00f6tleteket \u00e9s tev\u00e9kenys\u00e9geket tartalmazhat sz\u00e1modra. Ezek a legjobb tavaszi tev\u00e9kenys\u00e9gek Budapesten!\u00a0<\/span><\/p>\n<p>&nbsp;<\/p>\n<p><span style=\"font-weight: 400;\">R\u00f3mai-part<\/span><\/p>\n<p><span style=\"font-weight: 400;\">Buda \u00e9szaki r\u00e9sz\u00e9n ter\u00fcl el a R\u00f3mai-part, a helyiek \u00e1ltal nemr\u00e9g felkapott, k\u00f6zkedvelt szabadstrandja. A v\u00edzpart a v\u00e1roshoz k\u00f6zel, m\u00e9gis t\u00e1vol tal\u00e1lhat\u00f3 meg: egyszer\u0171 eljutni ide, \u00edgy k\u00f6nnyed\u00e9n magunk m\u00f6g\u00f6tt hagyhatjuk a v\u00e1ros zaj\u00e1t \u00e9s a Duna partj\u00e1n kapcsol\u00f3dhatunk ki. A partszakasz t\u00f6megk\u00f6zleked\u00e9ssel, biciklivel, vagy haj\u00f3val is megk\u00f6zel\u00edthet\u0151, a nyugtat\u00f3 kil\u00e1t\u00e1s mellett pedig sz\u00e1mos vend\u00e9gl\u00e1t\u00f3hely is megtal\u00e1lhat\u00f3 itt, \u00edgy ak\u00e1r egy eg\u00e9sz napot is el lehet egyszer\u0171en itt t\u00f6lteni.\u00a0<\/span><\/p>\n<p><img decoding=\"async\" class=\"alignnone size-large wp-image-1505\" src=\"https:\/\/www.todobudapest.com\/wp-content\/uploads\/2023\/03\/20220626_102315-768x1024.jpg\" alt=\"\" width=\"768\" height=\"1024\" \/><\/p>\n<p><span style=\"font-weight: 400;\">Gell\u00e9rt-hegy<\/span><\/p>\n<p><span style=\"font-weight: 400;\">A Gell\u00e9rt-hegy a f\u0151v\u00e1ros k\u00f6zponti r\u00e9sz\u00e9hez k\u00f6zel megtal\u00e1lhat\u00f3 term\u00e9szeti l\u00e1tnival\u00f3, ahonnan Budapest gy\u00f6ny\u00f6r\u0171 panor\u00e1m\u00e1ja t\u00e1rulhat el\u00e9nk. A tavasz k\u00f6zeledt\u00e9vel a sz\u00fcrk\u00e9s \u00f6sv\u00e9nyek \u00e9s s\u00e9t\u00e1l\u00f3utc\u00e1k ism\u00e9t z\u00f6ldbe borulnak, a hegy pedig megtelik \u00e9lettel. J\u00e1tsz\u00f3terek, nyitott terek \u00e9s \u00e9p\u00edtett l\u00e1tnival\u00f3k is fellelhet\u0151ek a Gell\u00e9rt-hegyen, mint p\u00e9ld\u00e1ul a Citadella, az Erzs\u00e9bet h\u00edddal szemben megtal\u00e1lhat\u00f3 Szent Gell\u00e9rt szobor, a Filoz\u00f3fusok kertje, Szent Istv\u00e1n Kir\u00e1ly szobra, vagy \u00e9ppen a Magyarok Nagyasszonya Sziklatemploma. <\/span><span style=\"font-weight: 400;\"><br \/>\n<\/span><span style=\"font-weight: 400;\">A felsorolt l\u00e1tnival\u00f3kon k\u00edv\u00fcl azonban a tavaszi szezon legn\u00e9pszer\u0171bb helye egy\u00e9rtelm\u0171en a mag\u00e1nyosan \u00e1ll\u00f3 mandulafa, mely a Gell\u00e9rt-hegyi kereszt mellett ter\u00fcl el. A vir\u00e1gz\u00f3 mandulafa \u00e9s a Szabads\u00e1g h\u00edd egy\u00fcttes l\u00e1tv\u00e1nya val\u00f3ban k\u00e1pr\u00e1zatos!\u00a0<\/span><\/p>\n<p><img decoding=\"async\" class=\"alignnone size-large wp-image-1517\" src=\"https:\/\/www.todobudapest.com\/wp-content\/uploads\/2023\/03\/IMG_2454-2_sm-1024x683.jpg\" alt=\"\" width=\"1024\" height=\"683\" srcset=\"https:\/\/www.todobudapest.com\/wp-content\/uploads\/2023\/03\/IMG_2454-2_sm-1024x683.jpg 1024w, https:\/\/www.todobudapest.com\/wp-content\/uploads\/2023\/03\/IMG_2454-2_sm-600x400.jpg 600w, https:\/\/www.todobudapest.com\/wp-content\/uploads\/2023\/03\/IMG_2454-2_sm-300x200.jpg 300w, https:\/\/www.todobudapest.com\/wp-content\/uploads\/2023\/03\/IMG_2454-2_sm-768x512.jpg 768w, https:\/\/www.todobudapest.com\/wp-content\/uploads\/2023\/03\/IMG_2454-2_sm.jpg 1200w\" sizes=\"(max-width: 1024px) 100vw, 1024px\" \/><\/p>\n<p>&nbsp;<\/p>\n<p><span style=\"font-weight: 400;\">Duna part<\/span><span style=\"font-weight: 400;\"><br \/>\n<\/span><span style=\"font-weight: 400;\"><br \/>\n<\/span><span style=\"font-weight: 400;\">A Duna part b\u00e1rmely szakasza kellemes kikapcsol\u00f3d\u00e1si lehet\u0151s\u00e9get biztos\u00edthat sz\u00e1munkra, legyen budai vagy pesti oldalr\u00f3l, \u00e9szakon vagy d\u00e9len. A teljes partszakaszok k\u00f6z\u00fcl azonban mi a Kopaszi g\u00e1t ter\u00fclet\u00e9t, valamint az Id. Antall J\u00f3zsef rakpartot aj\u00e1nlan\u00e1nk. <\/span><\/p>\n<p><img decoding=\"async\" class=\"alignnone size-large wp-image-1501\" src=\"https:\/\/www.todobudapest.com\/wp-content\/uploads\/2023\/03\/20200601_184937-768x1024.jpg\" alt=\"\" width=\"768\" height=\"1024\" srcset=\"https:\/\/www.todobudapest.com\/wp-content\/uploads\/2023\/03\/20200601_184937-768x1024.jpg 768w, https:\/\/www.todobudapest.com\/wp-content\/uploads\/2023\/03\/20200601_184937-600x800.jpg 600w, https:\/\/www.todobudapest.com\/wp-content\/uploads\/2023\/03\/20200601_184937-225x300.jpg 225w, https:\/\/www.todobudapest.com\/wp-content\/uploads\/2023\/03\/20200601_184937-1152x1536.jpg 1152w, https:\/\/www.todobudapest.com\/wp-content\/uploads\/2023\/03\/20200601_184937-1536x2048.jpg 1536w, https:\/\/www.todobudapest.com\/wp-content\/uploads\/2023\/03\/20200601_184937-scaled.jpg 1920w\" sizes=\"(max-width: 768px) 100vw, 768px\" \/><\/p>\n<p><span style=\"font-weight: 400;\">T\u00f3th \u00c1rp\u00e1d s\u00e9t\u00e1ny<\/span><\/p>\n<p><span style=\"font-weight: 400;\">A budai v\u00e1rnegyed megannyi l\u00e1tnival\u00f3ja mellett a T\u00f3th \u00c1rp\u00e1d s\u00e9t\u00e1ny tavasszal ny\u00fajt igaz\u00e1n k\u00fcl\u00f6nleges kil\u00e1t\u00e1st sz\u00e1munkra. A s\u00e9t\u00e1ny mellett sorakoz\u00f3 f\u00e1k mindegyike gy\u00f6ny\u00f6r\u0171 babar\u00f3zsasz\u00edn vir\u00e1gokkal \u00e1rasztja el az utc\u00e1t, melyet kihagyni nem \u00e9rdemes!\u00a0<\/span><\/p>\n<p><img decoding=\"async\" class=\"alignnone size-large wp-image-1510\" src=\"https:\/\/www.todobudapest.com\/wp-content\/uploads\/2023\/03\/IMG_7866-2-819x1024.jpg\" alt=\"\" width=\"819\" height=\"1024\" srcset=\"https:\/\/www.todobudapest.com\/wp-content\/uploads\/2023\/03\/IMG_7866-2-819x1024.jpg 819w, https:\/\/www.todobudapest.com\/wp-content\/uploads\/2023\/03\/IMG_7866-2-600x750.jpg 600w, https:\/\/www.todobudapest.com\/wp-content\/uploads\/2023\/03\/IMG_7866-2-240x300.jpg 240w, https:\/\/www.todobudapest.com\/wp-content\/uploads\/2023\/03\/IMG_7866-2-768x960.jpg 768w, https:\/\/www.todobudapest.com\/wp-content\/uploads\/2023\/03\/IMG_7866-2-1229x1536.jpg 1229w, https:\/\/www.todobudapest.com\/wp-content\/uploads\/2023\/03\/IMG_7866-2-1638x2048.jpg 1638w, https:\/\/www.todobudapest.com\/wp-content\/uploads\/2023\/03\/IMG_7866-2-scaled.jpg 2048w\" sizes=\"(max-width: 819px) 100vw, 819px\" \/><\/p>\n<p>&nbsp;<\/p>\n<p><a href=\"https:\/\/www.todobudapest.com\/hu\/todo-category\/hajos-varosnezes\/\"><span style=\"font-weight: 400;\">Dunai haj\u00f3k\u00e1z\u00e1s<\/span><\/a><\/p>\n<p><span style=\"font-weight: 400;\">A j\u00f3 id\u0151nek k\u00f6sz\u00f6nhet\u0151en a dunai haj\u00f3s v\u00e1rosn\u00e9z\u00e9s \u00e9lm\u00e9nye is \u00faj szintre emelhet\u0151: a haj\u00f3kon tal\u00e1lhat\u00f3 teraszoknak, \u00e9s nyitott tereknek h\u00e1la gondtalanul \u00e9lvezhetj\u00fck Budapest gy\u00f6ny\u00f6r\u0171 \u00e9p\u00edt\u00e9szet\u00e9t, hidait \u00e9s \u00e9p\u00fcleteit. Haj\u00f3s programjaink mindegyike garant\u00e1ltan feledhetetlen \u00e9lm\u00e9nnyel gazdag\u00edthat minden \u00e9rdekl\u0151d\u0151t.\u00a0\u00a0<\/span><\/p>\n<p><img decoding=\"async\" class=\"alignnone size-large wp-image-1507\" src=\"https:\/\/www.todobudapest.com\/wp-content\/uploads\/2023\/03\/20220721_200828-1024x768.jpg\" alt=\"\" width=\"1024\" height=\"768\" srcset=\"https:\/\/www.todobudapest.com\/wp-content\/uploads\/2023\/03\/20220721_200828-1024x768.jpg 1024w, https:\/\/www.todobudapest.com\/wp-content\/uploads\/2023\/03\/20220721_200828-600x450.jpg 600w, https:\/\/www.todobudapest.com\/wp-content\/uploads\/2023\/03\/20220721_200828-300x225.jpg 300w, https:\/\/www.todobudapest.com\/wp-content\/uploads\/2023\/03\/20220721_200828-768x576.jpg 768w, https:\/\/www.todobudapest.com\/wp-content\/uploads\/2023\/03\/20220721_200828-1536x1152.jpg 1536w, https:\/\/www.todobudapest.com\/wp-content\/uploads\/2023\/03\/20220721_200828-2048x1536.jpg 2048w\" sizes=\"(max-width: 1024px) 100vw, 1024px\" \/><\/p>\n<p><span style=\"font-weight: 400;\">Napi t\u00far\u00e1k\u00a0<\/span><\/p>\n<p><span style=\"font-weight: 400;\">Haj\u00f3s programjaink mellett b\u00e1tran aj\u00e1nljuk napi t\u00far\u00e1inkat is, melyek t\u00f6k\u00e9letes v\u00e1laszt\u00e1sok lehetnek a tavaszi id\u0151 kihaszn\u00e1l\u00e1s\u00e1ra. \u00c1lland\u00f3 programjaink egyike a Szentendr\u00e9re vezet\u0151 napi t\u00fara, ezen k\u00edv\u00fcl azonban sz\u00e1mos m\u00e1s aj\u00e1nlatot is megtal\u00e1lhatnak az oldalunkon.<\/span><\/p>\n<p>&nbsp;<\/p>\n<p><span style=\"font-weight: 400;\">Margit-sziget<\/span><\/p>\n<p><span style=\"font-weight: 400;\">A lista v\u00e9g\u00e9re egy szint\u00e9n n\u00e9pszer\u0171 helyet tartogattunk, a Margit-szigetet. A Margit-sziget felfedez\u00e9s\u00e9t \u00e9vszakt\u00f3l f\u00fcggetlen\u00fcl is aj\u00e1nljuk, azonban tavasszal igaz\u00e1n ki lehet haszn\u00e1lni a hely k\u00fcl\u00f6nleges adotts\u00e1gait. A s\u0171r\u0171n elhelyezked\u0151 f\u00e1knak k\u00f6sz\u00f6nhet\u0151en t\u00f6k\u00e9letes k\u00f6r\u00fclm\u00e9nyek k\u00f6z\u00f6tt lehet ak\u00e1r egy kis piknikez\u00e9st is leszervezni, ezen k\u00edv\u00fcl a sziget ter\u00fclet\u00e9n sz\u00e1mos lehet\u0151s\u00e9g van az akt\u00edv kikapcsol\u00f3d\u00e1s szerelmeseinek is.\u00a0\u00a0<\/span><\/p>\n<p><img decoding=\"async\" class=\"alignnone size-large wp-image-1503\" src=\"https:\/\/www.todobudapest.com\/wp-content\/uploads\/2023\/03\/20220509_210719-1024x768.jpg\" alt=\"\" width=\"1024\" height=\"768\" srcset=\"https:\/\/www.todobudapest.com\/wp-content\/uploads\/2023\/03\/20220509_210719-1024x768.jpg 1024w, https:\/\/www.todobudapest.com\/wp-content\/uploads\/2023\/03\/20220509_210719-600x450.jpg 600w, https:\/\/www.todobudapest.com\/wp-content\/uploads\/2023\/03\/20220509_210719-300x225.jpg 300w, https:\/\/www.todobudapest.com\/wp-content\/uploads\/2023\/03\/20220509_210719-768x576.jpg 768w, https:\/\/www.todobudapest.com\/wp-content\/uploads\/2023\/03\/20220509_210719-1536x1152.jpg 1536w, https:\/\/www.todobudapest.com\/wp-content\/uploads\/2023\/03\/20220509_210719-2048x1536.jpg 2048w\" sizes=\"(max-width: 1024px) 100vw, 1024px\" \/><\/p>\n<p><span style=\"font-weight: 400;\">Rem\u00e9lj\u00fck, hogy aj\u00e1nl\u00e1sainkkal tudtunk seg\u00edteni, \u00edgy a budapesti l\u00e1togat\u00e1s val\u00f3ban felejthetetlen \u00e9lm\u00e9ny lehet mindenki sz\u00e1m\u00e1ra. <\/span><\/p>\n<p><span style=\"font-weight: 400;\">Photos: Lepsik Norbert (@norbertlepsik)<\/span><\/p>\n","protected":false},"excerpt":{"rendered":"<p>Tavaszi tev\u00e9kenys\u00e9gek Budapesten A tavasz bek\u00f6sz\u00f6nt\u00e9vel Budapest ism\u00e9telten egy gy\u00f6ny\u00f6r\u0171 arc\u00e1t mutatja meg nek\u00fcnk: ez az az id\u0151, amikor a f\u00e1k vir\u00e1gozni kezdenek, majd sz\u00e9p lassan z\u00f6ldbe borulnak. A k\u00e1v\u00e9z\u00f3k \u00e9s b\u00e1rok \u00fajra megnyitj\u00e1k teraszukat, ahol \u00e9lvezhetj\u00fck a melegebb id\u0151j\u00e1r\u00e1st \u00e9s a tavaszi napsugarakat. A tavasz r\u00f6viden \u00f6sszefoglalva t\u00f6k\u00e9letes \u00e9vszak a budapesti szabadt\u00e9ri tev\u00e9kenys\u00e9gek \u00e9s [&hellip;]<\/p>\n","protected":false},"author":1,"featured_media":1502,"comment_status":"closed","ping_status":"closed","sticky":false,"template":"","format":"standard","meta":{"footnotes":""},"categories":[16],"tags":[],"class_list":["post-1512","post","type-post","status-publish","format-standard","has-post-thumbnail","hentry","category-uncategorized-hu"],"acf":[],"yoast_head":"<!-- This site is optimized with the Yoast SEO plugin v20.3 - https:\/\/yoast.com\/wordpress\/plugins\/seo\/ -->\n<title>Tavaszi tev\u00e9kenys\u00e9gek Budapesten - To Do Budapest<\/title>\n<meta name=\"robots\" content=\"index, follow, max-snippet:-1, max-image-preview:large, max-video-preview:-1\" \/>\n<link rel=\"canonical\" href=\"https:\/\/www.todobudapest.com\/hu\/tavaszi-tevekenysegek-budapesten\/\" \/>\n<meta property=\"og:locale\" content=\"hu_HU\" \/>\n<meta property=\"og:type\" content=\"article\" \/>\n<meta property=\"og:title\" content=\"Tavaszi tev\u00e9kenys\u00e9gek Budapesten - To Do Budapest\" \/>\n<meta property=\"og:description\" content=\"Tavaszi tev\u00e9kenys\u00e9gek Budapesten A tavasz bek\u00f6sz\u00f6nt\u00e9vel Budapest ism\u00e9telten egy gy\u00f6ny\u00f6r\u0171 arc\u00e1t mutatja meg nek\u00fcnk: ez az az id\u0151, amikor a f\u00e1k vir\u00e1gozni kezdenek, majd sz\u00e9p lassan z\u00f6ldbe borulnak. A k\u00e1v\u00e9z\u00f3k \u00e9s b\u00e1rok \u00fajra megnyitj\u00e1k teraszukat, ahol \u00e9lvezhetj\u00fck a melegebb id\u0151j\u00e1r\u00e1st \u00e9s a tavaszi napsugarakat. A tavasz r\u00f6viden \u00f6sszefoglalva t\u00f6k\u00e9letes \u00e9vszak a budapesti szabadt\u00e9ri tev\u00e9kenys\u00e9gek \u00e9s [&hellip;]\" \/>\n<meta property=\"og:url\" content=\"https:\/\/www.todobudapest.com\/hu\/tavaszi-tevekenysegek-budapesten\/\" \/>\n<meta property=\"og:site_name\" content=\"To Do Budapest\" \/>\n<meta property=\"article:published_time\" content=\"2023-03-02T17:13:00+00:00\" \/>\n<meta property=\"article:modified_time\" content=\"2023-09-05T11:53:48+00:00\" \/>\n<meta property=\"og:image\" content=\"https:\/\/www.todobudapest.com\/wp-content\/uploads\/2023\/03\/20200601_184937-scaled.jpg\" \/>\n\t<meta property=\"og:image:width\" content=\"1920\" \/>\n\t<meta property=\"og:image:height\" content=\"2560\" \/>\n\t<meta property=\"og:image:type\" content=\"image\/jpeg\" \/>\n<meta name=\"author\" content=\"todoadmin\" \/>\n<meta name=\"twitter:card\" content=\"summary_large_image\" \/>\n<meta name=\"twitter:label1\" content=\"Szerz\u0151:\" \/>\n\t<meta name=\"twitter:data1\" content=\"todoadmin\" \/>\n\t<meta name=\"twitter:label2\" content=\"Becs\u00fclt olvas\u00e1si id\u0151\" \/>\n\t<meta name=\"twitter:data2\" content=\"4 perc\" \/>\n<script type=\"application\/ld+json\" class=\"yoast-schema-graph\">{\"@context\":\"https:\/\/schema.org\",\"@graph\":[{\"@type\":\"WebPage\",\"@id\":\"https:\/\/www.todobudapest.com\/hu\/tavaszi-tevekenysegek-budapesten\/\",\"url\":\"https:\/\/www.todobudapest.com\/hu\/tavaszi-tevekenysegek-budapesten\/\",\"name\":\"Tavaszi tev\u00e9kenys\u00e9gek Budapesten - To Do Budapest\",\"isPartOf\":{\"@id\":\"https:\/\/www.todobudapest.com\/#website\"},\"datePublished\":\"2023-03-02T17:13:00+00:00\",\"dateModified\":\"2023-09-05T11:53:48+00:00\",\"author\":{\"@id\":\"https:\/\/www.todobudapest.com\/#\/schema\/person\/de4e8287b713a319b6f46d729747d3eb\"},\"breadcrumb\":{\"@id\":\"https:\/\/www.todobudapest.com\/hu\/tavaszi-tevekenysegek-budapesten\/#breadcrumb\"},\"inLanguage\":\"hu\",\"potentialAction\":[{\"@type\":\"ReadAction\",\"target\":[\"https:\/\/www.todobudapest.com\/hu\/tavaszi-tevekenysegek-budapesten\/\"]}]},{\"@type\":\"BreadcrumbList\",\"@id\":\"https:\/\/www.todobudapest.com\/hu\/tavaszi-tevekenysegek-budapesten\/#breadcrumb\",\"itemListElement\":[{\"@type\":\"ListItem\",\"position\":1,\"name\":\"Home\",\"item\":\"https:\/\/www.todobudapest.com\/hu\/\"},{\"@type\":\"ListItem\",\"position\":2,\"name\":\"Tavaszi tev\u00e9kenys\u00e9gek Budapesten\"}]},{\"@type\":\"WebSite\",\"@id\":\"https:\/\/www.todobudapest.com\/#website\",\"url\":\"https:\/\/www.todobudapest.com\/\",\"name\":\"To Do Budapest\",\"description\":\"\",\"potentialAction\":[{\"@type\":\"SearchAction\",\"target\":{\"@type\":\"EntryPoint\",\"urlTemplate\":\"https:\/\/www.todobudapest.com\/?s={search_term_string}\"},\"query-input\":\"required name=search_term_string\"}],\"inLanguage\":\"hu\"},{\"@type\":\"Person\",\"@id\":\"https:\/\/www.todobudapest.com\/#\/schema\/person\/de4e8287b713a319b6f46d729747d3eb\",\"name\":\"todoadmin\",\"image\":{\"@type\":\"ImageObject\",\"inLanguage\":\"hu\",\"@id\":\"https:\/\/www.todobudapest.com\/#\/schema\/person\/image\/\",\"url\":\"https:\/\/secure.gravatar.com\/avatar\/c7b35cdf2ecbcae38ae3cea42de138be68173a0ac75ca4799c2374ddcf1af4da?s=96&d=mm&r=g\",\"contentUrl\":\"https:\/\/secure.gravatar.com\/avatar\/c7b35cdf2ecbcae38ae3cea42de138be68173a0ac75ca4799c2374ddcf1af4da?s=96&d=mm&r=g\",\"caption\":\"todoadmin\"},\"sameAs\":[\"http:\/\/local.todobudapest.com\"],\"url\":\"https:\/\/www.todobudapest.com\/hu\/author\/todoadmin\/\"}]}<\/script>\n<!-- \/ Yoast SEO plugin. -->","yoast_head_json":{"title":"Tavaszi tev\u00e9kenys\u00e9gek Budapesten - To Do Budapest","robots":{"index":"index","follow":"follow","max-snippet":"max-snippet:-1","max-image-preview":"max-image-preview:large","max-video-preview":"max-video-preview:-1"},"canonical":"https:\/\/www.todobudapest.com\/hu\/tavaszi-tevekenysegek-budapesten\/","og_locale":"hu_HU","og_type":"article","og_title":"Tavaszi tev\u00e9kenys\u00e9gek Budapesten - To Do Budapest","og_description":"Tavaszi tev\u00e9kenys\u00e9gek Budapesten A tavasz bek\u00f6sz\u00f6nt\u00e9vel Budapest ism\u00e9telten egy gy\u00f6ny\u00f6r\u0171 arc\u00e1t mutatja meg nek\u00fcnk: ez az az id\u0151, amikor a f\u00e1k vir\u00e1gozni kezdenek, majd sz\u00e9p lassan z\u00f6ldbe borulnak. A k\u00e1v\u00e9z\u00f3k \u00e9s b\u00e1rok \u00fajra megnyitj\u00e1k teraszukat, ahol \u00e9lvezhetj\u00fck a melegebb id\u0151j\u00e1r\u00e1st \u00e9s a tavaszi napsugarakat. A tavasz r\u00f6viden \u00f6sszefoglalva t\u00f6k\u00e9letes \u00e9vszak a budapesti szabadt\u00e9ri tev\u00e9kenys\u00e9gek \u00e9s [&hellip;]","og_url":"https:\/\/www.todobudapest.com\/hu\/tavaszi-tevekenysegek-budapesten\/","og_site_name":"To Do Budapest","article_published_time":"2023-03-02T17:13:00+00:00","article_modified_time":"2023-09-05T11:53:48+00:00","og_image":[{"width":1920,"height":2560,"url":"https:\/\/www.todobudapest.com\/wp-content\/uploads\/2023\/03\/20200601_184937-scaled.jpg","type":"image\/jpeg"}],"author":"todoadmin","twitter_card":"summary_large_image","twitter_misc":{"Szerz\u0151:":"todoadmin","Becs\u00fclt olvas\u00e1si id\u0151":"4 perc"},"schema":{"@context":"https:\/\/schema.org","@graph":[{"@type":"WebPage","@id":"https:\/\/www.todobudapest.com\/hu\/tavaszi-tevekenysegek-budapesten\/","url":"https:\/\/www.todobudapest.com\/hu\/tavaszi-tevekenysegek-budapesten\/","name":"Tavaszi tev\u00e9kenys\u00e9gek Budapesten - To Do Budapest","isPartOf":{"@id":"https:\/\/www.todobudapest.com\/#website"},"datePublished":"2023-03-02T17:13:00+00:00","dateModified":"2023-09-05T11:53:48+00:00","author":{"@id":"https:\/\/www.todobudapest.com\/#\/schema\/person\/de4e8287b713a319b6f46d729747d3eb"},"breadcrumb":{"@id":"https:\/\/www.todobudapest.com\/hu\/tavaszi-tevekenysegek-budapesten\/#breadcrumb"},"inLanguage":"hu","potentialAction":[{"@type":"ReadAction","target":["https:\/\/www.todobudapest.com\/hu\/tavaszi-tevekenysegek-budapesten\/"]}]},{"@type":"BreadcrumbList","@id":"https:\/\/www.todobudapest.com\/hu\/tavaszi-tevekenysegek-budapesten\/#breadcrumb","itemListElement":[{"@type":"ListItem","position":1,"name":"Home","item":"https:\/\/www.todobudapest.com\/hu\/"},{"@type":"ListItem","position":2,"name":"Tavaszi tev\u00e9kenys\u00e9gek Budapesten"}]},{"@type":"WebSite","@id":"https:\/\/www.todobudapest.com\/#website","url":"https:\/\/www.todobudapest.com\/","name":"To Do Budapest","description":"","potentialAction":[{"@type":"SearchAction","target":{"@type":"EntryPoint","urlTemplate":"https:\/\/www.todobudapest.com\/?s={search_term_string}"},"query-input":"required name=search_term_string"}],"inLanguage":"hu"},{"@type":"Person","@id":"https:\/\/www.todobudapest.com\/#\/schema\/person\/de4e8287b713a319b6f46d729747d3eb","name":"todoadmin","image":{"@type":"ImageObject","inLanguage":"hu","@id":"https:\/\/www.todobudapest.com\/#\/schema\/person\/image\/","url":"https:\/\/secure.gravatar.com\/avatar\/c7b35cdf2ecbcae38ae3cea42de138be68173a0ac75ca4799c2374ddcf1af4da?s=96&d=mm&r=g","contentUrl":"https:\/\/secure.gravatar.com\/avatar\/c7b35cdf2ecbcae38ae3cea42de138be68173a0ac75ca4799c2374ddcf1af4da?s=96&d=mm&r=g","caption":"todoadmin"},"sameAs":["http:\/\/local.todobudapest.com"],"url":"https:\/\/www.todobudapest.com\/hu\/author\/todoadmin\/"}]}},"_links":{"self":[{"href":"https:\/\/www.todobudapest.com\/hu\/wp-json\/wp\/v2\/posts\/1512","targetHints":{"allow":["GET"]}}],"collection":[{"href":"https:\/\/www.todobudapest.com\/hu\/wp-json\/wp\/v2\/posts"}],"about":[{"href":"https:\/\/www.todobudapest.com\/hu\/wp-json\/wp\/v2\/types\/post"}],"author":[{"embeddable":true,"href":"https:\/\/www.todobudapest.com\/hu\/wp-json\/wp\/v2\/users\/1"}],"replies":[{"embeddable":true,"href":"https:\/\/www.todobudapest.com\/hu\/wp-json\/wp\/v2\/comments?post=1512"}],"version-history":[{"count":3,"href":"https:\/\/www.todobudapest.com\/hu\/wp-json\/wp\/v2\/posts\/1512\/revisions"}],"predecessor-version":[{"id":1519,"href":"https:\/\/www.todobudapest.com\/hu\/wp-json\/wp\/v2\/posts\/1512\/revisions\/1519"}],"wp:featuredmedia":[{"embeddable":true,"href":"https:\/\/www.todobudapest.com\/hu\/wp-json\/wp\/v2\/media\/1502"}],"wp:attachment":[{"href":"https:\/\/www.todobudapest.com\/hu\/wp-json\/wp\/v2\/media?parent=1512"}],"wp:term":[{"taxonomy":"category","embeddable":true,"href":"https:\/\/www.todobudapest.com\/hu\/wp-json\/wp\/v2\/categories?post=1512"},{"taxonomy":"post_tag","embeddable":true,"href":"https:\/\/www.todobudapest.com\/hu\/wp-json\/wp\/v2\/tags?post=1512"}],"curies":[{"name":"wp","href":"https:\/\/api.w.org\/{rel}","templated":true}]}}