{"id":1491,"date":"2023-02-19T16:19:43","date_gmt":"2023-02-19T15:19:43","guid":{"rendered":"https:\/\/www.todobudapest.com\/extraordinary-sightseeing-tours-to-discover-budapest\/"},"modified":"2023-09-05T13:53:49","modified_gmt":"2023-09-05T11:53:49","slug":"nem-mindennapi-varosnezes-budapest-felfedezesehez","status":"publish","type":"post","link":"https:\/\/www.todobudapest.com\/hu\/nem-mindennapi-varosnezes-budapest-felfedezesehez\/","title":{"rendered":"Nem mindennapi v\u00e1rosn\u00e9z\u00e9s Budapest felfedez\u00e9s\u00e9hez"},"content":{"rendered":"<p><span style=\"font-weight: 400;\">Nem mindennapi v\u00e1rosn\u00e9z\u00e9s Budapest felfedez\u00e9s\u00e9hez<\/span><\/p>\n<p>&nbsp;<\/p>\n<p><span style=\"font-weight: 400;\">Budapest sz\u00e9ps\u00e9g\u00e9t \u00e9s k\u00fcl\u00f6nlegess\u00e9g\u00e9t nem kell bemutatnunk. A Duna k\u00e9t oldal\u00e1n fekv\u0151 f\u0151v\u00e1rosunk megannyi Vil\u00e1g\u00f6r\u00f6ks\u00e9gi helysz\u00ednt, \u00e9p\u00edtett nevezetess\u00e9get \u00e9s term\u00e9szeti l\u00e1tnival\u00f3t rejt mag\u00e1ban, melyet a helyi lakosok mellett turist\u00e1k milli\u00f3i keresnek fel \u00e9vente. <\/span><span style=\"font-weight: 400;\"><br \/>\n<\/span><span style=\"font-weight: 400;\">A v\u00e1rosba l\u00e1togat\u00f3k t\u00f6bbs\u00e9ge csak a legh\u00edresebb pontokat keresi fel, mik\u00f6zben a rejtett csod\u00e1kat gyakran elker\u00fclik. Egy idegenvezet\u0151 \u00e1ltal tartott t\u00fara szint\u00e9n csak a legfontosabb helysz\u00edneket mutatja be. <\/span><span style=\"font-weight: 400;\"><br \/>\n<\/span><span style=\"font-weight: 400;\"><br \/>\n<\/span><span style=\"font-weight: 400;\">Ha Te is szeretn\u00e9d Budapestet k\u00fcl\u00f6nleges m\u00f3don felfedezni, \u00e9rdemes cikk\u00fcnkb\u0151l ihletet mer\u00edteni, mutatunk n\u00e9h\u00e1ny nem mindennapi v\u00e1rosn\u00e9z\u00e9si lehet\u0151s\u00e9get, l\u00e1tnival\u00f3kat Budapesten!\u00a0<\/span><\/p>\n<p>&nbsp;<\/p>\n<p><span style=\"font-weight: 400;\">V\u00e1rosn\u00e9z\u0151 busz a Dun\u00e1n<\/span><\/p>\n<p><span style=\"font-weight: 400;\">K\u00fcl\u00f6nleges v\u00e1rosn\u00e9z\u0151 programban lehet r\u00e9sze annak, aki egy k\u00e9t\u00e9lt\u0171 busszal fedezi fel Budapestet. A busz \u00fatvonala a v\u00e1ros legszebb utc\u00e1it j\u00e1rja k\u00f6rbe, majd egy kis kit\u00e9r\u0151vel a Duna viz\u00e9re kanyarodik r\u00e1 a j\u00e1rm\u0171. Kialak\u00edt\u00e1s\u00e1nak k\u00f6sz\u00f6nhet\u0151en az utasoknak nincs sz\u00fcks\u00e9g\u00fck \u00e1tsz\u00e1llni m\u00e1s j\u00e1rm\u0171re, \u00edgy a v\u00e1rosn\u00e9z\u0151 busz k\u00e9nyelm\u00e9b\u0151l \u00e9lvezhetik Budapest csod\u00e1it egyenesen a Dun\u00e1r\u00f3l.\u00a0<\/span><\/p>\n<p><span style=\"font-weight: 400;\"> <img decoding=\"async\" class=\"alignnone size-full wp-image-1484\" src=\"https:\/\/www.todobudapest.com\/wp-content\/uploads\/2023\/02\/caption.jpg\" alt=\"\" width=\"720\" height=\"480\" srcset=\"https:\/\/www.todobudapest.com\/wp-content\/uploads\/2023\/02\/caption.jpg 720w, https:\/\/www.todobudapest.com\/wp-content\/uploads\/2023\/02\/caption-600x400.jpg 600w, https:\/\/www.todobudapest.com\/wp-content\/uploads\/2023\/02\/caption-300x200.jpg 300w\" sizes=\"(max-width: 720px) 100vw, 720px\" \/><\/span><\/p>\n<p><span style=\"font-weight: 400;\">credit &#8211; RiverRide Facebook<\/span><\/p>\n<p>&nbsp;<\/p>\n<p><span style=\"font-weight: 400;\">MOL Bubi\u00a0<\/span><\/p>\n<p><span style=\"font-weight: 400;\">Egy bicikli b\u00e9rl\u00e9se sose volt annyira egyszer\u0171 mint most \u2013 a MOL Bubi rendszer\u00e9nek k\u00f6sz\u00f6nhet\u0151en ugyanis egy t\u00f6megk\u00f6zleked\u00e9si jegy \u00e1r\u00e1b\u00f3l juthatunk biciklihez a v\u00e1ros t\u00f6bb tucatnyi pontj\u00e1n. Budapest biciklis infrastrukt\u00far\u00e1ja minden \u00e9vben folyamatosan fejl\u0151dik, ezzel is b\u00edztatva a helyi lakosokat, valamint a v\u00e1rosba l\u00e1togat\u00f3kat a biciklik haszn\u00e1lat\u00e1ra. Az interakt\u00edv t\u00e9rk\u00e9p seg\u00edts\u00e9g\u00e9vel folyamatosan ellen\u0151rizhetj\u00fck az el\u00e9rhet\u0151 biciklik mennyis\u00e9g\u00e9t, valamint \u00fatvonaltervez\u00e9sre is lehet\u0151s\u00e9g\u00fcnk van az applik\u00e1ci\u00f3t haszn\u00e1lva. <\/span><span style=\"font-weight: 400;\"><br \/>\n<\/span><span style=\"font-weight: 400;\">Sz\u00e1munkra az egyik kedvenc \u00fatvonal a Szabads\u00e1g h\u00edd budai oldal\u00e1n kezd\u0151dik, mely eg\u00e9szen a Margit h\u00edd budai h\u00eddf\u0151j\u00e9ig tart. A Duna mellett fut\u00f3 vonalon Budapest gy\u00f6ny\u00f6r\u0171 panor\u00e1m\u00e1j\u00e1t csod\u00e1lhatjuk meg, \u00e9s t\u00f6bb helyen is van lehet\u0151s\u00e9g biztons\u00e1gosan leparkolni \u00e9s \u00e9lvezni a kil\u00e1t\u00e1st.\u00a0<\/span><span style=\"font-weight: 400;\"><br \/>\n<\/span><\/p>\n<p><img decoding=\"async\" class=\"alignnone size-large wp-image-1480\" src=\"https:\/\/www.todobudapest.com\/wp-content\/uploads\/2023\/02\/271134846_2512617925557283_5995389446432450267_n-1024x576.jpg\" alt=\"\" width=\"1024\" height=\"576\" srcset=\"https:\/\/www.todobudapest.com\/wp-content\/uploads\/2023\/02\/271134846_2512617925557283_5995389446432450267_n-1024x576.jpg 1024w, https:\/\/www.todobudapest.com\/wp-content\/uploads\/2023\/02\/271134846_2512617925557283_5995389446432450267_n-600x338.jpg 600w, https:\/\/www.todobudapest.com\/wp-content\/uploads\/2023\/02\/271134846_2512617925557283_5995389446432450267_n-300x169.jpg 300w, https:\/\/www.todobudapest.com\/wp-content\/uploads\/2023\/02\/271134846_2512617925557283_5995389446432450267_n-768x432.jpg 768w, https:\/\/www.todobudapest.com\/wp-content\/uploads\/2023\/02\/271134846_2512617925557283_5995389446432450267_n-1536x864.jpg 1536w, https:\/\/www.todobudapest.com\/wp-content\/uploads\/2023\/02\/271134846_2512617925557283_5995389446432450267_n.jpg 2048w\" sizes=\"(max-width: 1024px) 100vw, 1024px\" \/><\/p>\n<p><span style=\"font-weight: 400;\">credit \u2013 MOL Bubi k\u00f6zbringa-szolg\u00e1ltat\u00e1s \u2013 Facebook\u00a0<\/span><\/p>\n<p>&nbsp;<\/p>\n<p><a href=\"https:\/\/www.todobudapest.com\/hu\/todo-category\/hajos-varosnezes\/\"><span style=\"font-weight: 400;\">Haj\u00f3s v\u00e1rosn\u00e9z\u00e9s Budapesten<\/span><\/a><\/p>\n<p><span style=\"font-weight: 400;\">Egy budapesti l\u00e1togat\u00e1s kihagyhatatlan r\u00e9sze a haj\u00f3s v\u00e1rosn\u00e9z\u00e9s. Ez az a program amelyet a legink\u00e1bb tudunk javasolni, hiszen p\u00e1ratlan \u00e9lm\u00e9nyt k\u00edn\u00e1l egy ilyen t\u00fara. A Duna viz\u00e9ben visszacsillan\u00f3 napsugarak, a kellemes szell\u0151 \u00e9s Budapest panor\u00e1m\u00e1ja lehengerl\u0151 l\u00e1tv\u00e1nyt k\u00edn\u00e1l sz\u00e1munkra. El\u00e9rhet\u0151 programjaink k\u00f6z\u00f6tt folyamatosan k\u00edn\u00e1lunk sz\u00e1mos k\u00fcl\u00f6nb\u00f6z\u0151 opci\u00f3t is ilyen v\u00e1rosn\u00e9z\u0151 t\u00far\u00e1kra, melyet fel\u00fclet\u00fcnk\u00f6n p\u00e1r kattint\u00e1s ut\u00e1n le is lehet foglalni. Csatlakozzatok hozz\u00e1nk, \u00e9s fedezz\u00e9tek fel Budapestet egy k\u00fcl\u00f6nleges perspekt\u00edv\u00e1b\u00f3l \u2013 egyenesen a v\u00e1rost \u00e1tszel\u0151 Duna foly\u00f3r\u00f3l!\u00a0<\/span><\/p>\n<p><span style=\"font-weight: 400;\"> <img decoding=\"async\" class=\"alignnone size-full wp-image-1488\" src=\"https:\/\/www.todobudapest.com\/wp-content\/uploads\/2023\/02\/IMG_2945_sm.jpg\" alt=\"\" width=\"1000\" height=\"667\" srcset=\"https:\/\/www.todobudapest.com\/wp-content\/uploads\/2023\/02\/IMG_2945_sm.jpg 1000w, https:\/\/www.todobudapest.com\/wp-content\/uploads\/2023\/02\/IMG_2945_sm-600x400.jpg 600w, https:\/\/www.todobudapest.com\/wp-content\/uploads\/2023\/02\/IMG_2945_sm-300x200.jpg 300w, https:\/\/www.todobudapest.com\/wp-content\/uploads\/2023\/02\/IMG_2945_sm-768x512.jpg 768w\" sizes=\"(max-width: 1000px) 100vw, 1000px\" \/><\/span><\/p>\n<p><span style=\"font-weight: 400;\">credit &#8211; Norbert Lepsik<\/span><\/p>\n<p>&nbsp;<\/p>\n<p><span style=\"font-weight: 400;\">S\u00e9tarep\u00fcl\u00e9s Budapest felett<\/span><\/p>\n<p><span style=\"font-weight: 400;\">Budapest minden szemsz\u00f6gb\u0151l elk\u00e9peszt\u0151 \u2013 legyen ez a f\u00f6ldr\u0151l, v\u00edzr\u0151l vagy ak\u00e1r leveg\u0151b\u0151l! Ha mindig is k\u00edv\u00e1ncsi volt\u00e1l arra, hogy vajon hogyan n\u00e9z ki a v\u00e1ros mad\u00e1rt\u00e1vlatb\u00f3l, akkor \u00e9rdemes lefoglalni egy s\u00e9tarep\u00fcl\u00e9st. A fest\u0151i t\u00e1j garant\u00e1lt \u00e9lm\u00e9nyt biztos\u00edt, ahonnan Budapest l\u00e1tnival\u00f3i mind l\u00e1that\u00f3. <\/span><\/p>\n<p><img decoding=\"async\" class=\"alignnone size-large wp-image-1478\" src=\"https:\/\/www.todobudapest.com\/wp-content\/uploads\/2023\/02\/20201025_212425-1024x512.jpg\" alt=\"\" width=\"1024\" height=\"512\" srcset=\"https:\/\/www.todobudapest.com\/wp-content\/uploads\/2023\/02\/20201025_212425-1024x512.jpg 1024w, https:\/\/www.todobudapest.com\/wp-content\/uploads\/2023\/02\/20201025_212425-600x300.jpg 600w, https:\/\/www.todobudapest.com\/wp-content\/uploads\/2023\/02\/20201025_212425-300x150.jpg 300w, https:\/\/www.todobudapest.com\/wp-content\/uploads\/2023\/02\/20201025_212425-768x384.jpg 768w, https:\/\/www.todobudapest.com\/wp-content\/uploads\/2023\/02\/20201025_212425.jpg 1400w\" sizes=\"(max-width: 1024px) 100vw, 1024px\" \/><\/p>\n<p><span style=\"font-weight: 400;\">credit &#8211; setarepules.eu<\/span><\/p>\n<p>&nbsp;<\/p>\n<p><span style=\"font-weight: 400;\">P\u00e1l-v\u00f6lgyi-barlang\u00a0<\/span><\/p>\n<p><span style=\"font-weight: 400;\">Ha a f\u00f6ldszint felett megtal\u00e1lhat\u00f3 l\u00e1tnival\u00f3kat m\u00e1r bej\u00e1rt\u00e1tok, a programlehet\u0151s\u00e9gek t\u00e1rh\u00e1za ez esetben sem apad ki. K\u00fcl\u00f6nleges l\u00e1tnival\u00f3 Budapesten a P\u00e1l-v\u00f6lgyi-barlang, mely Budapest k\u00f6zigazgat\u00e1si ter\u00fclete alatt fekszik, azonban a barlangrendszer a Duna-Ipoly Nemzeti Park r\u00e9sz\u00e9t k\u00e9pzi. A barlangot 1904-ben fedezt\u00e9k fel, az eltelt \u00e9vek alatt pedig r\u00e9szletesen t\u00e9rk\u00e9pez\u00e9s t\u00f6rt\u00e9nt a barlang rendszer\u00e9r\u0151l. Ennek k\u00f6sz\u00f6nhet\u0151en manaps\u00e1g m\u00e1r lehet\u0151s\u00e9g\u00fcnk van egy k\u00f6zel 500 m\u00e9teres t\u00fara\u00fatvonalon bej\u00e1rni \u00e9s megismerni ezt a k\u00fcl\u00f6nleges term\u00e9szeti l\u00e1tnival\u00f3t. <\/span><\/p>\n<p><img decoding=\"async\" class=\"alignnone size-full wp-image-1482\" src=\"https:\/\/www.todobudapest.com\/wp-content\/uploads\/2023\/02\/bps_pal_volgyi_barlang.jpg\" alt=\"\" width=\"800\" height=\"600\" srcset=\"https:\/\/www.todobudapest.com\/wp-content\/uploads\/2023\/02\/bps_pal_volgyi_barlang.jpg 800w, https:\/\/www.todobudapest.com\/wp-content\/uploads\/2023\/02\/bps_pal_volgyi_barlang-600x450.jpg 600w, https:\/\/www.todobudapest.com\/wp-content\/uploads\/2023\/02\/bps_pal_volgyi_barlang-300x225.jpg 300w, https:\/\/www.todobudapest.com\/wp-content\/uploads\/2023\/02\/bps_pal_volgyi_barlang-768x576.jpg 768w\" sizes=\"(max-width: 800px) 100vw, 800px\" \/><\/p>\n<p><span style=\"font-weight: 400;\">credit &#8211; t\u00farabot.hu<\/span><\/p>\n<p>&nbsp;<\/p>\n<p><span style=\"font-weight: 400;\">\u00c9jszakai l\u00e1tnival\u00f3k Budapesten<\/span><\/p>\n<p><span style=\"font-weight: 400;\">A magyar f\u0151v\u00e1ros a naplemente ut\u00e1n gy\u00f6ny\u00f6rk\u00f6dtet\u0151 l\u00e1tv\u00e1nyt ny\u00fajt sz\u00e1munkra. A kivil\u00e1g\u00edtott, r\u00e9szletgazdag \u00e9p\u00fcletek \u00e9s hangulatos utc\u00e1k a v\u00e1rost teljesen m\u00e1s m\u00f3don mutatj\u00e1k be. Az esti v\u00e1rosn\u00e9z\u00e9sre szervezett m\u00f3don is lehet\u0151s\u00e9g van \u2013 lehet ez gyalogos t\u00fara, buszos t\u00far\u00e1k, vagy <a href=\"https:\/\/www.todobudapest.com\/hu\/todo-category\/hajos-varosnezes\/\">esti haj\u00f3z\u00e1s<\/a>. <\/span><\/p>\n<p><img decoding=\"async\" class=\"alignnone size-large wp-image-1486\" src=\"https:\/\/www.todobudapest.com\/wp-content\/uploads\/2023\/02\/IMG_3533-2-1024x685.jpg\" alt=\"\" width=\"1024\" height=\"685\" srcset=\"https:\/\/www.todobudapest.com\/wp-content\/uploads\/2023\/02\/IMG_3533-2-1024x685.jpg 1024w, https:\/\/www.todobudapest.com\/wp-content\/uploads\/2023\/02\/IMG_3533-2-600x401.jpg 600w, https:\/\/www.todobudapest.com\/wp-content\/uploads\/2023\/02\/IMG_3533-2-300x201.jpg 300w, https:\/\/www.todobudapest.com\/wp-content\/uploads\/2023\/02\/IMG_3533-2-768x514.jpg 768w, https:\/\/www.todobudapest.com\/wp-content\/uploads\/2023\/02\/IMG_3533-2-1536x1028.jpg 1536w, https:\/\/www.todobudapest.com\/wp-content\/uploads\/2023\/02\/IMG_3533-2-2048x1370.jpg 2048w\" sizes=\"(max-width: 1024px) 100vw, 1024px\" \/><\/p>\n","protected":false},"excerpt":{"rendered":"<p>Nem mindennapi v\u00e1rosn\u00e9z\u00e9s Budapest felfedez\u00e9s\u00e9hez &nbsp; Budapest sz\u00e9ps\u00e9g\u00e9t \u00e9s k\u00fcl\u00f6nlegess\u00e9g\u00e9t nem kell bemutatnunk. A Duna k\u00e9t oldal\u00e1n fekv\u0151 f\u0151v\u00e1rosunk megannyi Vil\u00e1g\u00f6r\u00f6ks\u00e9gi helysz\u00ednt, \u00e9p\u00edtett nevezetess\u00e9get \u00e9s term\u00e9szeti l\u00e1tnival\u00f3t rejt mag\u00e1ban, melyet a helyi lakosok mellett turist\u00e1k milli\u00f3i keresnek fel \u00e9vente. A v\u00e1rosba l\u00e1togat\u00f3k t\u00f6bbs\u00e9ge csak a legh\u00edresebb pontokat keresi fel, mik\u00f6zben a rejtett csod\u00e1kat gyakran elker\u00fclik. [&hellip;]<\/p>\n","protected":false},"author":1,"featured_media":1489,"comment_status":"closed","ping_status":"closed","sticky":false,"template":"","format":"standard","meta":{"footnotes":""},"categories":[16],"tags":[],"class_list":["post-1491","post","type-post","status-publish","format-standard","has-post-thumbnail","hentry","category-uncategorized-hu"],"acf":[],"yoast_head":"<!-- This site is optimized with the Yoast SEO plugin v20.3 - https:\/\/yoast.com\/wordpress\/plugins\/seo\/ -->\n<title>Nem mindennapi v\u00e1rosn\u00e9z\u00e9s Budapest felfedez\u00e9s\u00e9hez - To Do Budapest<\/title>\n<meta name=\"robots\" content=\"index, follow, max-snippet:-1, max-image-preview:large, max-video-preview:-1\" \/>\n<link rel=\"canonical\" href=\"https:\/\/www.todobudapest.com\/hu\/nem-mindennapi-varosnezes-budapest-felfedezesehez\/\" \/>\n<meta property=\"og:locale\" content=\"hu_HU\" \/>\n<meta property=\"og:type\" content=\"article\" \/>\n<meta property=\"og:title\" content=\"Nem mindennapi v\u00e1rosn\u00e9z\u00e9s Budapest felfedez\u00e9s\u00e9hez - To Do Budapest\" \/>\n<meta property=\"og:description\" content=\"Nem mindennapi v\u00e1rosn\u00e9z\u00e9s Budapest felfedez\u00e9s\u00e9hez &nbsp; Budapest sz\u00e9ps\u00e9g\u00e9t \u00e9s k\u00fcl\u00f6nlegess\u00e9g\u00e9t nem kell bemutatnunk. A Duna k\u00e9t oldal\u00e1n fekv\u0151 f\u0151v\u00e1rosunk megannyi Vil\u00e1g\u00f6r\u00f6ks\u00e9gi helysz\u00ednt, \u00e9p\u00edtett nevezetess\u00e9get \u00e9s term\u00e9szeti l\u00e1tnival\u00f3t rejt mag\u00e1ban, melyet a helyi lakosok mellett turist\u00e1k milli\u00f3i keresnek fel \u00e9vente. A v\u00e1rosba l\u00e1togat\u00f3k t\u00f6bbs\u00e9ge csak a legh\u00edresebb pontokat keresi fel, mik\u00f6zben a rejtett csod\u00e1kat gyakran elker\u00fclik. [&hellip;]\" \/>\n<meta property=\"og:url\" content=\"https:\/\/www.todobudapest.com\/hu\/nem-mindennapi-varosnezes-budapest-felfedezesehez\/\" \/>\n<meta property=\"og:site_name\" content=\"To Do Budapest\" \/>\n<meta property=\"article:published_time\" content=\"2023-02-19T15:19:43+00:00\" \/>\n<meta property=\"article:modified_time\" content=\"2023-09-05T11:53:49+00:00\" \/>\n<meta property=\"og:image\" content=\"https:\/\/www.todobudapest.com\/wp-content\/uploads\/2023\/02\/IMG_2945_sm.jpg\" \/>\n\t<meta property=\"og:image:width\" content=\"1000\" \/>\n\t<meta property=\"og:image:height\" content=\"667\" \/>\n\t<meta property=\"og:image:type\" content=\"image\/jpeg\" \/>\n<meta name=\"author\" content=\"todoadmin\" \/>\n<meta name=\"twitter:card\" content=\"summary_large_image\" \/>\n<meta name=\"twitter:label1\" content=\"Szerz\u0151:\" \/>\n\t<meta name=\"twitter:data1\" content=\"todoadmin\" \/>\n\t<meta name=\"twitter:label2\" content=\"Becs\u00fclt olvas\u00e1si id\u0151\" \/>\n\t<meta name=\"twitter:data2\" content=\"4 perc\" \/>\n<script type=\"application\/ld+json\" class=\"yoast-schema-graph\">{\"@context\":\"https:\/\/schema.org\",\"@graph\":[{\"@type\":\"WebPage\",\"@id\":\"https:\/\/www.todobudapest.com\/hu\/nem-mindennapi-varosnezes-budapest-felfedezesehez\/\",\"url\":\"https:\/\/www.todobudapest.com\/hu\/nem-mindennapi-varosnezes-budapest-felfedezesehez\/\",\"name\":\"Nem mindennapi v\u00e1rosn\u00e9z\u00e9s Budapest felfedez\u00e9s\u00e9hez - To Do Budapest\",\"isPartOf\":{\"@id\":\"https:\/\/www.todobudapest.com\/#website\"},\"datePublished\":\"2023-02-19T15:19:43+00:00\",\"dateModified\":\"2023-09-05T11:53:49+00:00\",\"author\":{\"@id\":\"https:\/\/www.todobudapest.com\/#\/schema\/person\/de4e8287b713a319b6f46d729747d3eb\"},\"breadcrumb\":{\"@id\":\"https:\/\/www.todobudapest.com\/hu\/nem-mindennapi-varosnezes-budapest-felfedezesehez\/#breadcrumb\"},\"inLanguage\":\"hu\",\"potentialAction\":[{\"@type\":\"ReadAction\",\"target\":[\"https:\/\/www.todobudapest.com\/hu\/nem-mindennapi-varosnezes-budapest-felfedezesehez\/\"]}]},{\"@type\":\"BreadcrumbList\",\"@id\":\"https:\/\/www.todobudapest.com\/hu\/nem-mindennapi-varosnezes-budapest-felfedezesehez\/#breadcrumb\",\"itemListElement\":[{\"@type\":\"ListItem\",\"position\":1,\"name\":\"Home\",\"item\":\"https:\/\/www.todobudapest.com\/hu\/\"},{\"@type\":\"ListItem\",\"position\":2,\"name\":\"Nem mindennapi v\u00e1rosn\u00e9z\u00e9s Budapest felfedez\u00e9s\u00e9hez\"}]},{\"@type\":\"WebSite\",\"@id\":\"https:\/\/www.todobudapest.com\/#website\",\"url\":\"https:\/\/www.todobudapest.com\/\",\"name\":\"To Do Budapest\",\"description\":\"\",\"potentialAction\":[{\"@type\":\"SearchAction\",\"target\":{\"@type\":\"EntryPoint\",\"urlTemplate\":\"https:\/\/www.todobudapest.com\/?s={search_term_string}\"},\"query-input\":\"required name=search_term_string\"}],\"inLanguage\":\"hu\"},{\"@type\":\"Person\",\"@id\":\"https:\/\/www.todobudapest.com\/#\/schema\/person\/de4e8287b713a319b6f46d729747d3eb\",\"name\":\"todoadmin\",\"image\":{\"@type\":\"ImageObject\",\"inLanguage\":\"hu\",\"@id\":\"https:\/\/www.todobudapest.com\/#\/schema\/person\/image\/\",\"url\":\"https:\/\/secure.gravatar.com\/avatar\/c7b35cdf2ecbcae38ae3cea42de138be68173a0ac75ca4799c2374ddcf1af4da?s=96&d=mm&r=g\",\"contentUrl\":\"https:\/\/secure.gravatar.com\/avatar\/c7b35cdf2ecbcae38ae3cea42de138be68173a0ac75ca4799c2374ddcf1af4da?s=96&d=mm&r=g\",\"caption\":\"todoadmin\"},\"sameAs\":[\"http:\/\/local.todobudapest.com\"],\"url\":\"https:\/\/www.todobudapest.com\/hu\/author\/todoadmin\/\"}]}<\/script>\n<!-- \/ Yoast SEO plugin. -->","yoast_head_json":{"title":"Nem mindennapi v\u00e1rosn\u00e9z\u00e9s Budapest felfedez\u00e9s\u00e9hez - To Do Budapest","robots":{"index":"index","follow":"follow","max-snippet":"max-snippet:-1","max-image-preview":"max-image-preview:large","max-video-preview":"max-video-preview:-1"},"canonical":"https:\/\/www.todobudapest.com\/hu\/nem-mindennapi-varosnezes-budapest-felfedezesehez\/","og_locale":"hu_HU","og_type":"article","og_title":"Nem mindennapi v\u00e1rosn\u00e9z\u00e9s Budapest felfedez\u00e9s\u00e9hez - To Do Budapest","og_description":"Nem mindennapi v\u00e1rosn\u00e9z\u00e9s Budapest felfedez\u00e9s\u00e9hez &nbsp; Budapest sz\u00e9ps\u00e9g\u00e9t \u00e9s k\u00fcl\u00f6nlegess\u00e9g\u00e9t nem kell bemutatnunk. A Duna k\u00e9t oldal\u00e1n fekv\u0151 f\u0151v\u00e1rosunk megannyi Vil\u00e1g\u00f6r\u00f6ks\u00e9gi helysz\u00ednt, \u00e9p\u00edtett nevezetess\u00e9get \u00e9s term\u00e9szeti l\u00e1tnival\u00f3t rejt mag\u00e1ban, melyet a helyi lakosok mellett turist\u00e1k milli\u00f3i keresnek fel \u00e9vente. A v\u00e1rosba l\u00e1togat\u00f3k t\u00f6bbs\u00e9ge csak a legh\u00edresebb pontokat keresi fel, mik\u00f6zben a rejtett csod\u00e1kat gyakran elker\u00fclik. [&hellip;]","og_url":"https:\/\/www.todobudapest.com\/hu\/nem-mindennapi-varosnezes-budapest-felfedezesehez\/","og_site_name":"To Do Budapest","article_published_time":"2023-02-19T15:19:43+00:00","article_modified_time":"2023-09-05T11:53:49+00:00","og_image":[{"width":1000,"height":667,"url":"https:\/\/www.todobudapest.com\/wp-content\/uploads\/2023\/02\/IMG_2945_sm.jpg","type":"image\/jpeg"}],"author":"todoadmin","twitter_card":"summary_large_image","twitter_misc":{"Szerz\u0151:":"todoadmin","Becs\u00fclt olvas\u00e1si id\u0151":"4 perc"},"schema":{"@context":"https:\/\/schema.org","@graph":[{"@type":"WebPage","@id":"https:\/\/www.todobudapest.com\/hu\/nem-mindennapi-varosnezes-budapest-felfedezesehez\/","url":"https:\/\/www.todobudapest.com\/hu\/nem-mindennapi-varosnezes-budapest-felfedezesehez\/","name":"Nem mindennapi v\u00e1rosn\u00e9z\u00e9s Budapest felfedez\u00e9s\u00e9hez - To Do Budapest","isPartOf":{"@id":"https:\/\/www.todobudapest.com\/#website"},"datePublished":"2023-02-19T15:19:43+00:00","dateModified":"2023-09-05T11:53:49+00:00","author":{"@id":"https:\/\/www.todobudapest.com\/#\/schema\/person\/de4e8287b713a319b6f46d729747d3eb"},"breadcrumb":{"@id":"https:\/\/www.todobudapest.com\/hu\/nem-mindennapi-varosnezes-budapest-felfedezesehez\/#breadcrumb"},"inLanguage":"hu","potentialAction":[{"@type":"ReadAction","target":["https:\/\/www.todobudapest.com\/hu\/nem-mindennapi-varosnezes-budapest-felfedezesehez\/"]}]},{"@type":"BreadcrumbList","@id":"https:\/\/www.todobudapest.com\/hu\/nem-mindennapi-varosnezes-budapest-felfedezesehez\/#breadcrumb","itemListElement":[{"@type":"ListItem","position":1,"name":"Home","item":"https:\/\/www.todobudapest.com\/hu\/"},{"@type":"ListItem","position":2,"name":"Nem mindennapi v\u00e1rosn\u00e9z\u00e9s Budapest felfedez\u00e9s\u00e9hez"}]},{"@type":"WebSite","@id":"https:\/\/www.todobudapest.com\/#website","url":"https:\/\/www.todobudapest.com\/","name":"To Do Budapest","description":"","potentialAction":[{"@type":"SearchAction","target":{"@type":"EntryPoint","urlTemplate":"https:\/\/www.todobudapest.com\/?s={search_term_string}"},"query-input":"required name=search_term_string"}],"inLanguage":"hu"},{"@type":"Person","@id":"https:\/\/www.todobudapest.com\/#\/schema\/person\/de4e8287b713a319b6f46d729747d3eb","name":"todoadmin","image":{"@type":"ImageObject","inLanguage":"hu","@id":"https:\/\/www.todobudapest.com\/#\/schema\/person\/image\/","url":"https:\/\/secure.gravatar.com\/avatar\/c7b35cdf2ecbcae38ae3cea42de138be68173a0ac75ca4799c2374ddcf1af4da?s=96&d=mm&r=g","contentUrl":"https:\/\/secure.gravatar.com\/avatar\/c7b35cdf2ecbcae38ae3cea42de138be68173a0ac75ca4799c2374ddcf1af4da?s=96&d=mm&r=g","caption":"todoadmin"},"sameAs":["http:\/\/local.todobudapest.com"],"url":"https:\/\/www.todobudapest.com\/hu\/author\/todoadmin\/"}]}},"_links":{"self":[{"href":"https:\/\/www.todobudapest.com\/hu\/wp-json\/wp\/v2\/posts\/1491","targetHints":{"allow":["GET"]}}],"collection":[{"href":"https:\/\/www.todobudapest.com\/hu\/wp-json\/wp\/v2\/posts"}],"about":[{"href":"https:\/\/www.todobudapest.com\/hu\/wp-json\/wp\/v2\/types\/post"}],"author":[{"embeddable":true,"href":"https:\/\/www.todobudapest.com\/hu\/wp-json\/wp\/v2\/users\/1"}],"replies":[{"embeddable":true,"href":"https:\/\/www.todobudapest.com\/hu\/wp-json\/wp\/v2\/comments?post=1491"}],"version-history":[{"count":2,"href":"https:\/\/www.todobudapest.com\/hu\/wp-json\/wp\/v2\/posts\/1491\/revisions"}],"predecessor-version":[{"id":1493,"href":"https:\/\/www.todobudapest.com\/hu\/wp-json\/wp\/v2\/posts\/1491\/revisions\/1493"}],"wp:featuredmedia":[{"embeddable":true,"href":"https:\/\/www.todobudapest.com\/hu\/wp-json\/wp\/v2\/media\/1489"}],"wp:attachment":[{"href":"https:\/\/www.todobudapest.com\/hu\/wp-json\/wp\/v2\/media?parent=1491"}],"wp:term":[{"taxonomy":"category","embeddable":true,"href":"https:\/\/www.todobudapest.com\/hu\/wp-json\/wp\/v2\/categories?post=1491"},{"taxonomy":"post_tag","embeddable":true,"href":"https:\/\/www.todobudapest.com\/hu\/wp-json\/wp\/v2\/tags?post=1491"}],"curies":[{"name":"wp","href":"https:\/\/api.w.org\/{rel}","templated":true}]}}