{"id":1462,"date":"2023-02-10T14:34:52","date_gmt":"2023-02-10T13:34:52","guid":{"rendered":"https:\/\/www.todobudapest.com\/budapest-restaurants\/"},"modified":"2023-09-05T13:53:51","modified_gmt":"2023-09-05T11:53:51","slug":"budapesti-ettermek","status":"publish","type":"post","link":"https:\/\/www.todobudapest.com\/hu\/budapesti-ettermek\/","title":{"rendered":"Budapesti \u00e9ttermek"},"content":{"rendered":"<p><span style=\"font-weight: 400;\">Ezek az \u00e9ttermek Budapesten biztosan nem okoznak csal\u00f3d\u00e1st!<\/span><\/p>\n<p>&nbsp;<\/p>\n<p><span style=\"font-weight: 400;\">A budapesti \u00e9ttermek sz\u00e9les v\u00e1laszt\u00e9k\u00e1ba k\u00f6nnyen elveszhet\u00fcnk, f\u0151leg ha m\u00e9g nem rendelkez\u00fcnk kedvenc, bev\u00e1lt t\u00f6rzshelyekkel. A magyaros \u00edzekt\u0151l kezdve szinte b\u00e1rmelyik orsz\u00e1g gasztron\u00f3mi\u00e1j\u00e1t kipr\u00f3b\u00e1lhatjuk a f\u0151v\u00e1rosban, \u00edgy igaz\u00e1n k\u00fcl\u00f6nleges \u00e9ttermekkel is tal\u00e1lkozhatunk Budapesten.\u00a0<\/span><\/p>\n<p>&nbsp;<\/p>\n<p><span style=\"font-weight: 400;\">Cikk\u00fcnkben a legjobb budapesti \u00e9ttermek list\u00e1j\u00e1t szeretn\u00e9nk bemutatni, szem\u00e9lyes v\u00e9lem\u00e9ny\u00fcnkre hagyatkozva. A magyar gasztron\u00f3mia legjobbjai mellett olyan egyedi \u00e9ttermekkel is tal\u00e1lkozhattok itt, melyek felejthetetlen \u00e9lm\u00e9nyt garant\u00e1lhatnak sz\u00e1motokra. B\u00e1tran szemezgessetek a felsorolt helyekb\u0151l, Budapest legjobb \u00e9ttermei k\u00f6z\u00fcl.\u00a0<\/span><\/p>\n<p>&nbsp;<\/p>\n<p><span style=\"font-weight: 400;\">Twentysix<\/span><\/p>\n<p><span style=\"font-weight: 400;\">A Twentysix-hez l\u00e1togatva igaz\u00e1n nyugodt dzsungel hangulatba l\u00e9phet\u00fcnk be a belv\u00e1ros ny\u00fczsg\u0151 utc\u00e1ib\u00f3l. Az urb\u00e1n o\u00e1zis f\u0151 profilja a mediterr\u00e1n konyha k\u00f6r\u00e9 \u00e9p\u00fclt fel, melyb\u0151l k\u00fcl\u00f6n kiemelend\u0151 a veget\u00e1ri\u00e1nus \u00e9s veg\u00e1n \u00e9telek sz\u00e9les v\u00e1laszt\u00e9ka. A nap k\u00fcl\u00f6nb\u00f6z\u0151 szakaszaiban k\u00fcl\u00f6n-k\u00fcl\u00f6n men\u00fckkel v\u00e1r benn\u00fcnket a Twentysix csapata, az \u00edzletes \u00e9teleket pedig egy k\u00fcl\u00f6nleges k\u00f6rnyezetben fogyaszthatjuk el.\u00a0<\/span><\/p>\n<p><img decoding=\"async\" class=\"alignnone size-large wp-image-1447\" src=\"https:\/\/www.todobudapest.com\/wp-content\/uploads\/2023\/02\/26-1024x683.jpg\" alt=\"\" width=\"1024\" height=\"683\" srcset=\"https:\/\/www.todobudapest.com\/wp-content\/uploads\/2023\/02\/26-1024x683.jpg 1024w, https:\/\/www.todobudapest.com\/wp-content\/uploads\/2023\/02\/26-600x400.jpg 600w, https:\/\/www.todobudapest.com\/wp-content\/uploads\/2023\/02\/26-300x200.jpg 300w, https:\/\/www.todobudapest.com\/wp-content\/uploads\/2023\/02\/26-768x512.jpg 768w, https:\/\/www.todobudapest.com\/wp-content\/uploads\/2023\/02\/26-1536x1025.jpg 1536w, https:\/\/www.todobudapest.com\/wp-content\/uploads\/2023\/02\/26.jpg 2048w\" sizes=\"(max-width: 1024px) 100vw, 1024px\" \/><\/p>\n<p><span style=\"font-weight: 400;\">Source: Twentysix- Facebook <\/span><\/p>\n<p>&nbsp;<\/p>\n<p><a href=\"https:\/\/www.balnaterasz.hu\/en\/\"><span style=\"font-weight: 400;\">B\u00e1lna Terasz<\/span><\/a><\/p>\n<p><span style=\"font-weight: 400;\">A lazul\u00f3s napok t\u00f6k\u00e9letes helysz\u00ednek\u00e9nt a Duna partj\u00e1n elter\u00fcl\u0151 B\u00e1lna Terasz szolg\u00e1lhat nek\u00fcnk. Nincs is jobb \u00e9rz\u00e9s, mint egy kellemes d\u00e9lut\u00e1nt elt\u00f6lteni ismer\u0151seinkkel, kedvenc kokt\u00e9ljainkat iszogatva, mik\u00f6zben a budapesti panor\u00e1ma r\u00e9szleteiben gy\u00f6ny\u00f6rk\u00f6dhet\u00fcnk. A\u00a0 mag\u00e1val ragad\u00f3 t\u00e1j mellett a havonta meg\u00fajul\u00f3 men\u00fc miatt is gyakran l\u00e1togatunk el ide. <\/span><\/p>\n<p><img decoding=\"async\" class=\"alignnone wp-image-1451 size-medium\" src=\"https:\/\/www.todobudapest.com\/wp-content\/uploads\/2023\/02\/balna1-240x300.jpg\" alt=\"\" width=\"240\" height=\"300\" srcset=\"https:\/\/www.todobudapest.com\/wp-content\/uploads\/2023\/02\/balna1-240x300.jpg 240w, https:\/\/www.todobudapest.com\/wp-content\/uploads\/2023\/02\/balna1-600x750.jpg 600w, https:\/\/www.todobudapest.com\/wp-content\/uploads\/2023\/02\/balna1-819x1024.jpg 819w, https:\/\/www.todobudapest.com\/wp-content\/uploads\/2023\/02\/balna1-768x960.jpg 768w, https:\/\/www.todobudapest.com\/wp-content\/uploads\/2023\/02\/balna1.jpg 1080w\" sizes=\"(max-width: 240px) 100vw, 240px\" \/> <img decoding=\"async\" class=\"alignnone wp-image-1453 size-medium\" src=\"https:\/\/www.todobudapest.com\/wp-content\/uploads\/2023\/02\/balna2-240x300.jpg\" alt=\"\" width=\"240\" height=\"300\" srcset=\"https:\/\/www.todobudapest.com\/wp-content\/uploads\/2023\/02\/balna2-240x300.jpg 240w, https:\/\/www.todobudapest.com\/wp-content\/uploads\/2023\/02\/balna2-600x750.jpg 600w, https:\/\/www.todobudapest.com\/wp-content\/uploads\/2023\/02\/balna2-820x1024.jpg 820w, https:\/\/www.todobudapest.com\/wp-content\/uploads\/2023\/02\/balna2-768x959.jpg 768w, https:\/\/www.todobudapest.com\/wp-content\/uploads\/2023\/02\/balna2-1229x1536.jpg 1229w, https:\/\/www.todobudapest.com\/wp-content\/uploads\/2023\/02\/balna2.jpg 1440w\" sizes=\"(max-width: 240px) 100vw, 240px\" \/><\/p>\n<p>&nbsp;<\/p>\n<p><span style=\"font-weight: 400;\">Source: B\u00e1lna Terasz \u2013 Facebook<\/span><\/p>\n<p>&nbsp;<\/p>\n<p><span style=\"font-weight: 400;\">K\u00e9t Szerecsen<\/span><\/p>\n<p><span style=\"font-weight: 400;\">A magyaros \u00edzek kedvel\u0151inek a K\u00e9t Szerecsen bisztr\u00f3t tudjuk aj\u00e1nlani, ahol a magyar gasztron\u00f3mia k\u00fcl\u00f6nlegess\u00e9geit \u00e9s \u00f6r\u00f6k klasszikusait k\u00f3stolhatjuk meg. A budapesti \u00e9tterem a magyar konyha f\u0151\u00e9teleit egy p\u00e1rizsi bisztr\u00f3 hangulat\u00e1val vegy\u00edti, nem mindennapi m\u00f3don. Az \u00e1lland\u00f3 t\u00e9telek mellett pedig napi men\u00fckkel is tal\u00e1lkozhatunk. <\/span><\/p>\n<p><img decoding=\"async\" class=\"alignnone size-large wp-image-1455\" src=\"https:\/\/www.todobudapest.com\/wp-content\/uploads\/2023\/02\/ketszerecsen-1024x683.jpg\" alt=\"\" width=\"1024\" height=\"683\" srcset=\"https:\/\/www.todobudapest.com\/wp-content\/uploads\/2023\/02\/ketszerecsen-1024x683.jpg 1024w, https:\/\/www.todobudapest.com\/wp-content\/uploads\/2023\/02\/ketszerecsen-600x400.jpg 600w, https:\/\/www.todobudapest.com\/wp-content\/uploads\/2023\/02\/ketszerecsen-300x200.jpg 300w, https:\/\/www.todobudapest.com\/wp-content\/uploads\/2023\/02\/ketszerecsen-768x512.jpg 768w, https:\/\/www.todobudapest.com\/wp-content\/uploads\/2023\/02\/ketszerecsen-1536x1024.jpg 1536w, https:\/\/www.todobudapest.com\/wp-content\/uploads\/2023\/02\/ketszerecsen.jpg 2048w\" sizes=\"(max-width: 1024px) 100vw, 1024px\" \/><\/p>\n<p><span style=\"font-weight: 400;\">Source: K\u00e9t Szerecsen \u2013 Facebook <\/span><\/p>\n<p>&nbsp;<\/p>\n<p><span style=\"font-weight: 400;\">Aranyb\u00e1stya \u00c9tterem\u00a0<\/span><\/p>\n<p><span style=\"font-weight: 400;\">A budai v\u00e1rnegyedben megtal\u00e1lhat\u00f3 Aranyb\u00e1stya \u00e9tterem eleg\u00e1ns k\u00f6rnyezet\u00e9n\u00e9l m\u00e1r csak az \u00e9tteremb\u0151l l\u00e1that\u00f3 panor\u00e1ma lehet leny\u0171g\u00f6z\u0151bb. Az \u00e9tterem modernit\u00e1sa mellett az elm\u00falt \u00e9vsz\u00e1zadok hagyat\u00e9kaira is kiemelt figyelmet ford\u00edtottak, \u00edgy l\u00e1togat\u00e1sunk sor\u00e1n a hely m\u00faltj\u00e1val is megismerkedhet\u00fcnk. Emellett az \u00e9tlapr\u00f3l olyan k\u00fcl\u00f6nlegess\u00e9geket is kipr\u00f3b\u00e1lhatunk, mint p\u00e9ld\u00e1ul a K\u00e1rp\u00e1t-medence k\u00e9zm\u0171ves sajtjait, aranydurbincs fil\u00e9t vagy konfit\u00e1lt kacsacombo<\/span><\/p>\n<p><img decoding=\"async\" class=\"alignnone size-large wp-image-1449\" src=\"https:\/\/www.todobudapest.com\/wp-content\/uploads\/2023\/02\/aranybastya-1024x683.jpg\" alt=\"\" width=\"1024\" height=\"683\" srcset=\"https:\/\/www.todobudapest.com\/wp-content\/uploads\/2023\/02\/aranybastya-1024x683.jpg 1024w, https:\/\/www.todobudapest.com\/wp-content\/uploads\/2023\/02\/aranybastya-600x400.jpg 600w, https:\/\/www.todobudapest.com\/wp-content\/uploads\/2023\/02\/aranybastya-300x200.jpg 300w, https:\/\/www.todobudapest.com\/wp-content\/uploads\/2023\/02\/aranybastya-768x512.jpg 768w, https:\/\/www.todobudapest.com\/wp-content\/uploads\/2023\/02\/aranybastya-1536x1024.jpg 1536w, https:\/\/www.todobudapest.com\/wp-content\/uploads\/2023\/02\/aranybastya.jpg 2048w\" sizes=\"(max-width: 1024px) 100vw, 1024px\" \/><\/p>\n<p><span style=\"font-weight: 400;\">Source: Aranyb\u00e1stya \u2013 Facebook<\/span><\/p>\n<p>&nbsp;<\/p>\n<p><span style=\"font-weight: 400;\">KIOSK Budapest<\/span><\/p>\n<p><span style=\"font-weight: 400;\">A f\u0151v\u00e1ros egyik ikonikus helye, amelyet b\u00e1rmilyen alkalom eset\u00e9n v\u00e1laszthatunk. Legyen sz\u00f3 egy bar\u00e1ti \u00f6sszej\u00f6vetelr\u0151l, romantikus vacsor\u00e1r\u00f3l, vagy csal\u00e1di \u00fcnneps\u00e9gr\u0151l, a KIOSK csapata minden esem\u00e9ny fogad\u00e1s\u00e1ra k\u00e9szen \u00e1ll! Men\u0151 bisztrofog\u00e1sok, magyaros \u00e9telek, \u00edzletes desszertek mind egy helyen.<\/span><\/p>\n<p><img decoding=\"async\" class=\"alignnone size-large wp-image-1457\" src=\"https:\/\/www.todobudapest.com\/wp-content\/uploads\/2023\/02\/kiosk-819x1024.jpg\" alt=\"\" width=\"819\" height=\"1024\" srcset=\"https:\/\/www.todobudapest.com\/wp-content\/uploads\/2023\/02\/kiosk-819x1024.jpg 819w, https:\/\/www.todobudapest.com\/wp-content\/uploads\/2023\/02\/kiosk-600x750.jpg 600w, https:\/\/www.todobudapest.com\/wp-content\/uploads\/2023\/02\/kiosk-240x300.jpg 240w, https:\/\/www.todobudapest.com\/wp-content\/uploads\/2023\/02\/kiosk-768x961.jpg 768w, https:\/\/www.todobudapest.com\/wp-content\/uploads\/2023\/02\/kiosk-1228x1536.jpg 1228w, https:\/\/www.todobudapest.com\/wp-content\/uploads\/2023\/02\/kiosk.jpg 1440w\" sizes=\"(max-width: 819px) 100vw, 819px\" \/><\/p>\n<p><span style=\"font-weight: 400;\">Forr\u00e1s \u2013 KIOSK &#8211; Facebook<\/span><\/p>\n<p>&nbsp;<\/p>\n<p><span style=\"font-weight: 400;\">Roseinstein Vend\u00e9gl\u0151<\/span><\/p>\n<p><span style=\"font-weight: 400;\">A magyar \u00e9s nemzetk\u00f6zi konyha \u00f6sszefon\u00e1sa nem egy egyszer\u0171 feladat, a Roseinstein csal\u00e1dnak azonban remek\u00fcl bev\u00e1lt ez a recept. A magyar gasztron\u00f3mia tipikus elemeit kellemes m\u00f3don kombin\u00e1lt\u00e1k az olasz \u00e9s mediterr\u00e1n \u00edzvil\u00e1ggal. A vend\u00e9gl\u0151 mellett pedig a saj\u00e1t csemege \u00fczlet\u00fckb\u0151l ak\u00e1r a saj\u00e1t lak\u00e1sunkba is becsemp\u00e9szhetj\u00fck a Roseinstein \u00e9lm\u00e9nyt.<\/span><\/p>\n<p><img decoding=\"async\" class=\"alignnone size-large wp-image-1460\" src=\"https:\/\/www.todobudapest.com\/wp-content\/uploads\/2023\/02\/Roseinstein-1024x683.jpg\" alt=\"\" width=\"1024\" height=\"683\" srcset=\"https:\/\/www.todobudapest.com\/wp-content\/uploads\/2023\/02\/Roseinstein-1024x683.jpg 1024w, https:\/\/www.todobudapest.com\/wp-content\/uploads\/2023\/02\/Roseinstein-600x400.jpg 600w, https:\/\/www.todobudapest.com\/wp-content\/uploads\/2023\/02\/Roseinstein-300x200.jpg 300w, https:\/\/www.todobudapest.com\/wp-content\/uploads\/2023\/02\/Roseinstein-768x512.jpg 768w, https:\/\/www.todobudapest.com\/wp-content\/uploads\/2023\/02\/Roseinstein.jpg 1440w\" sizes=\"(max-width: 1024px) 100vw, 1024px\" \/><\/p>\n<p><span style=\"font-weight: 400;\">Budapest legjobb \u00e9ttermeir\u0151l sz\u00f3l\u00f3 bemutat\u00f3nk mellett javasoljuk a <\/span><a href=\"https:\/\/www.todobudapest.com\/todo-category\/gastronomy\/\"><span style=\"font-weight: 400;\">https:\/\/www.todobudapest.com\/todo-category\/gastronomy\/<\/span><\/a><span style=\"font-weight: 400;\"> oldalunkat is, ahol naprak\u00e9sz aj\u00e1nlatokkal \u00e9s \u00e9lm\u00e9nyekkel tudtok ti is gazdagodni, budapesti l\u00e1togat\u00e1sokat val\u00f3ban \u00e9lm\u00e9nygazdagg\u00e1 var\u00e1zsolni. <\/span><\/p>\n","protected":false},"excerpt":{"rendered":"<p>Ezek az \u00e9ttermek Budapesten biztosan nem okoznak csal\u00f3d\u00e1st! &nbsp; A budapesti \u00e9ttermek sz\u00e9les v\u00e1laszt\u00e9k\u00e1ba k\u00f6nnyen elveszhet\u00fcnk, f\u0151leg ha m\u00e9g nem rendelkez\u00fcnk kedvenc, bev\u00e1lt t\u00f6rzshelyekkel. A magyaros \u00edzekt\u0151l kezdve szinte b\u00e1rmelyik orsz\u00e1g gasztron\u00f3mi\u00e1j\u00e1t kipr\u00f3b\u00e1lhatjuk a f\u0151v\u00e1rosban, \u00edgy igaz\u00e1n k\u00fcl\u00f6nleges \u00e9ttermekkel is tal\u00e1lkozhatunk Budapesten.\u00a0 &nbsp; Cikk\u00fcnkben a legjobb budapesti \u00e9ttermek list\u00e1j\u00e1t szeretn\u00e9nk bemutatni, szem\u00e9lyes v\u00e9lem\u00e9ny\u00fcnkre hagyatkozva. A [&hellip;]<\/p>\n","protected":false},"author":1,"featured_media":1452,"comment_status":"closed","ping_status":"closed","sticky":false,"template":"","format":"standard","meta":{"footnotes":""},"categories":[16],"tags":[],"class_list":["post-1462","post","type-post","status-publish","format-standard","has-post-thumbnail","hentry","category-uncategorized-hu"],"acf":[],"yoast_head":"<!-- This site is optimized with the Yoast SEO plugin v20.3 - https:\/\/yoast.com\/wordpress\/plugins\/seo\/ -->\n<title>Budapesti \u00e9ttermek - To Do Budapest<\/title>\n<meta name=\"robots\" content=\"index, follow, max-snippet:-1, max-image-preview:large, max-video-preview:-1\" \/>\n<link rel=\"canonical\" href=\"https:\/\/www.todobudapest.com\/hu\/budapesti-ettermek\/\" \/>\n<meta property=\"og:locale\" content=\"hu_HU\" \/>\n<meta property=\"og:type\" content=\"article\" \/>\n<meta property=\"og:title\" content=\"Budapesti \u00e9ttermek - To Do Budapest\" \/>\n<meta property=\"og:description\" content=\"Ezek az \u00e9ttermek Budapesten biztosan nem okoznak csal\u00f3d\u00e1st! &nbsp; A budapesti \u00e9ttermek sz\u00e9les v\u00e1laszt\u00e9k\u00e1ba k\u00f6nnyen elveszhet\u00fcnk, f\u0151leg ha m\u00e9g nem rendelkez\u00fcnk kedvenc, bev\u00e1lt t\u00f6rzshelyekkel. A magyaros \u00edzekt\u0151l kezdve szinte b\u00e1rmelyik orsz\u00e1g gasztron\u00f3mi\u00e1j\u00e1t kipr\u00f3b\u00e1lhatjuk a f\u0151v\u00e1rosban, \u00edgy igaz\u00e1n k\u00fcl\u00f6nleges \u00e9ttermekkel is tal\u00e1lkozhatunk Budapesten.\u00a0 &nbsp; Cikk\u00fcnkben a legjobb budapesti \u00e9ttermek list\u00e1j\u00e1t szeretn\u00e9nk bemutatni, szem\u00e9lyes v\u00e9lem\u00e9ny\u00fcnkre hagyatkozva. A [&hellip;]\" \/>\n<meta property=\"og:url\" content=\"https:\/\/www.todobudapest.com\/hu\/budapesti-ettermek\/\" \/>\n<meta property=\"og:site_name\" content=\"To Do Budapest\" \/>\n<meta property=\"article:published_time\" content=\"2023-02-10T13:34:52+00:00\" \/>\n<meta property=\"article:modified_time\" content=\"2023-09-05T11:53:51+00:00\" \/>\n<meta property=\"og:image\" content=\"https:\/\/www.todobudapest.com\/wp-content\/uploads\/2023\/02\/balna1.jpg\" \/>\n\t<meta property=\"og:image:width\" content=\"1080\" \/>\n\t<meta property=\"og:image:height\" content=\"1350\" \/>\n\t<meta property=\"og:image:type\" content=\"image\/jpeg\" \/>\n<meta name=\"author\" content=\"todoadmin\" \/>\n<meta name=\"twitter:card\" content=\"summary_large_image\" \/>\n<meta name=\"twitter:label1\" content=\"Szerz\u0151:\" \/>\n\t<meta name=\"twitter:data1\" content=\"todoadmin\" \/>\n\t<meta name=\"twitter:label2\" content=\"Becs\u00fclt olvas\u00e1si id\u0151\" \/>\n\t<meta name=\"twitter:data2\" content=\"4 perc\" \/>\n<script type=\"application\/ld+json\" class=\"yoast-schema-graph\">{\"@context\":\"https:\/\/schema.org\",\"@graph\":[{\"@type\":\"WebPage\",\"@id\":\"https:\/\/www.todobudapest.com\/hu\/budapesti-ettermek\/\",\"url\":\"https:\/\/www.todobudapest.com\/hu\/budapesti-ettermek\/\",\"name\":\"Budapesti \u00e9ttermek - To Do Budapest\",\"isPartOf\":{\"@id\":\"https:\/\/www.todobudapest.com\/#website\"},\"datePublished\":\"2023-02-10T13:34:52+00:00\",\"dateModified\":\"2023-09-05T11:53:51+00:00\",\"author\":{\"@id\":\"https:\/\/www.todobudapest.com\/#\/schema\/person\/de4e8287b713a319b6f46d729747d3eb\"},\"breadcrumb\":{\"@id\":\"https:\/\/www.todobudapest.com\/hu\/budapesti-ettermek\/#breadcrumb\"},\"inLanguage\":\"hu\",\"potentialAction\":[{\"@type\":\"ReadAction\",\"target\":[\"https:\/\/www.todobudapest.com\/hu\/budapesti-ettermek\/\"]}]},{\"@type\":\"BreadcrumbList\",\"@id\":\"https:\/\/www.todobudapest.com\/hu\/budapesti-ettermek\/#breadcrumb\",\"itemListElement\":[{\"@type\":\"ListItem\",\"position\":1,\"name\":\"Home\",\"item\":\"https:\/\/www.todobudapest.com\/hu\/\"},{\"@type\":\"ListItem\",\"position\":2,\"name\":\"Budapesti \u00e9ttermek\"}]},{\"@type\":\"WebSite\",\"@id\":\"https:\/\/www.todobudapest.com\/#website\",\"url\":\"https:\/\/www.todobudapest.com\/\",\"name\":\"To Do Budapest\",\"description\":\"\",\"potentialAction\":[{\"@type\":\"SearchAction\",\"target\":{\"@type\":\"EntryPoint\",\"urlTemplate\":\"https:\/\/www.todobudapest.com\/?s={search_term_string}\"},\"query-input\":\"required name=search_term_string\"}],\"inLanguage\":\"hu\"},{\"@type\":\"Person\",\"@id\":\"https:\/\/www.todobudapest.com\/#\/schema\/person\/de4e8287b713a319b6f46d729747d3eb\",\"name\":\"todoadmin\",\"image\":{\"@type\":\"ImageObject\",\"inLanguage\":\"hu\",\"@id\":\"https:\/\/www.todobudapest.com\/#\/schema\/person\/image\/\",\"url\":\"https:\/\/secure.gravatar.com\/avatar\/c7b35cdf2ecbcae38ae3cea42de138be68173a0ac75ca4799c2374ddcf1af4da?s=96&d=mm&r=g\",\"contentUrl\":\"https:\/\/secure.gravatar.com\/avatar\/c7b35cdf2ecbcae38ae3cea42de138be68173a0ac75ca4799c2374ddcf1af4da?s=96&d=mm&r=g\",\"caption\":\"todoadmin\"},\"sameAs\":[\"http:\/\/local.todobudapest.com\"],\"url\":\"https:\/\/www.todobudapest.com\/hu\/author\/todoadmin\/\"}]}<\/script>\n<!-- \/ Yoast SEO plugin. -->","yoast_head_json":{"title":"Budapesti \u00e9ttermek - To Do Budapest","robots":{"index":"index","follow":"follow","max-snippet":"max-snippet:-1","max-image-preview":"max-image-preview:large","max-video-preview":"max-video-preview:-1"},"canonical":"https:\/\/www.todobudapest.com\/hu\/budapesti-ettermek\/","og_locale":"hu_HU","og_type":"article","og_title":"Budapesti \u00e9ttermek - To Do Budapest","og_description":"Ezek az \u00e9ttermek Budapesten biztosan nem okoznak csal\u00f3d\u00e1st! &nbsp; A budapesti \u00e9ttermek sz\u00e9les v\u00e1laszt\u00e9k\u00e1ba k\u00f6nnyen elveszhet\u00fcnk, f\u0151leg ha m\u00e9g nem rendelkez\u00fcnk kedvenc, bev\u00e1lt t\u00f6rzshelyekkel. A magyaros \u00edzekt\u0151l kezdve szinte b\u00e1rmelyik orsz\u00e1g gasztron\u00f3mi\u00e1j\u00e1t kipr\u00f3b\u00e1lhatjuk a f\u0151v\u00e1rosban, \u00edgy igaz\u00e1n k\u00fcl\u00f6nleges \u00e9ttermekkel is tal\u00e1lkozhatunk Budapesten.\u00a0 &nbsp; Cikk\u00fcnkben a legjobb budapesti \u00e9ttermek list\u00e1j\u00e1t szeretn\u00e9nk bemutatni, szem\u00e9lyes v\u00e9lem\u00e9ny\u00fcnkre hagyatkozva. A [&hellip;]","og_url":"https:\/\/www.todobudapest.com\/hu\/budapesti-ettermek\/","og_site_name":"To Do Budapest","article_published_time":"2023-02-10T13:34:52+00:00","article_modified_time":"2023-09-05T11:53:51+00:00","og_image":[{"width":1080,"height":1350,"url":"https:\/\/www.todobudapest.com\/wp-content\/uploads\/2023\/02\/balna1.jpg","type":"image\/jpeg"}],"author":"todoadmin","twitter_card":"summary_large_image","twitter_misc":{"Szerz\u0151:":"todoadmin","Becs\u00fclt olvas\u00e1si id\u0151":"4 perc"},"schema":{"@context":"https:\/\/schema.org","@graph":[{"@type":"WebPage","@id":"https:\/\/www.todobudapest.com\/hu\/budapesti-ettermek\/","url":"https:\/\/www.todobudapest.com\/hu\/budapesti-ettermek\/","name":"Budapesti \u00e9ttermek - To Do Budapest","isPartOf":{"@id":"https:\/\/www.todobudapest.com\/#website"},"datePublished":"2023-02-10T13:34:52+00:00","dateModified":"2023-09-05T11:53:51+00:00","author":{"@id":"https:\/\/www.todobudapest.com\/#\/schema\/person\/de4e8287b713a319b6f46d729747d3eb"},"breadcrumb":{"@id":"https:\/\/www.todobudapest.com\/hu\/budapesti-ettermek\/#breadcrumb"},"inLanguage":"hu","potentialAction":[{"@type":"ReadAction","target":["https:\/\/www.todobudapest.com\/hu\/budapesti-ettermek\/"]}]},{"@type":"BreadcrumbList","@id":"https:\/\/www.todobudapest.com\/hu\/budapesti-ettermek\/#breadcrumb","itemListElement":[{"@type":"ListItem","position":1,"name":"Home","item":"https:\/\/www.todobudapest.com\/hu\/"},{"@type":"ListItem","position":2,"name":"Budapesti \u00e9ttermek"}]},{"@type":"WebSite","@id":"https:\/\/www.todobudapest.com\/#website","url":"https:\/\/www.todobudapest.com\/","name":"To Do Budapest","description":"","potentialAction":[{"@type":"SearchAction","target":{"@type":"EntryPoint","urlTemplate":"https:\/\/www.todobudapest.com\/?s={search_term_string}"},"query-input":"required name=search_term_string"}],"inLanguage":"hu"},{"@type":"Person","@id":"https:\/\/www.todobudapest.com\/#\/schema\/person\/de4e8287b713a319b6f46d729747d3eb","name":"todoadmin","image":{"@type":"ImageObject","inLanguage":"hu","@id":"https:\/\/www.todobudapest.com\/#\/schema\/person\/image\/","url":"https:\/\/secure.gravatar.com\/avatar\/c7b35cdf2ecbcae38ae3cea42de138be68173a0ac75ca4799c2374ddcf1af4da?s=96&d=mm&r=g","contentUrl":"https:\/\/secure.gravatar.com\/avatar\/c7b35cdf2ecbcae38ae3cea42de138be68173a0ac75ca4799c2374ddcf1af4da?s=96&d=mm&r=g","caption":"todoadmin"},"sameAs":["http:\/\/local.todobudapest.com"],"url":"https:\/\/www.todobudapest.com\/hu\/author\/todoadmin\/"}]}},"_links":{"self":[{"href":"https:\/\/www.todobudapest.com\/hu\/wp-json\/wp\/v2\/posts\/1462","targetHints":{"allow":["GET"]}}],"collection":[{"href":"https:\/\/www.todobudapest.com\/hu\/wp-json\/wp\/v2\/posts"}],"about":[{"href":"https:\/\/www.todobudapest.com\/hu\/wp-json\/wp\/v2\/types\/post"}],"author":[{"embeddable":true,"href":"https:\/\/www.todobudapest.com\/hu\/wp-json\/wp\/v2\/users\/1"}],"replies":[{"embeddable":true,"href":"https:\/\/www.todobudapest.com\/hu\/wp-json\/wp\/v2\/comments?post=1462"}],"version-history":[{"count":2,"href":"https:\/\/www.todobudapest.com\/hu\/wp-json\/wp\/v2\/posts\/1462\/revisions"}],"predecessor-version":[{"id":1464,"href":"https:\/\/www.todobudapest.com\/hu\/wp-json\/wp\/v2\/posts\/1462\/revisions\/1464"}],"wp:featuredmedia":[{"embeddable":true,"href":"https:\/\/www.todobudapest.com\/hu\/wp-json\/wp\/v2\/media\/1452"}],"wp:attachment":[{"href":"https:\/\/www.todobudapest.com\/hu\/wp-json\/wp\/v2\/media?parent=1462"}],"wp:term":[{"taxonomy":"category","embeddable":true,"href":"https:\/\/www.todobudapest.com\/hu\/wp-json\/wp\/v2\/categories?post=1462"},{"taxonomy":"post_tag","embeddable":true,"href":"https:\/\/www.todobudapest.com\/hu\/wp-json\/wp\/v2\/tags?post=1462"}],"curies":[{"name":"wp","href":"https:\/\/api.w.org\/{rel}","templated":true}]}}